{"id":849,"date":"2026-04-30T04:33:27","date_gmt":"2026-04-30T07:33:27","guid":{"rendered":"https:\/\/ictdf.synergyecosys.io\/?p=849"},"modified":"2026-04-30T04:33:27","modified_gmt":"2026-04-30T07:33:27","slug":"atrasado-em-relacao-ao-mundo-brasil-prepara-plano-de-atualizacao-de-medicos-ja-formados","status":"publish","type":"post","link":"https:\/\/ictdf.synergyecosys.io\/?p=849","title":{"rendered":"Atrasado em Rela\u00e7\u00e3o ao Mundo: Brasil Prepara Plano de Atualiza\u00e7\u00e3o de M\u00e9dicos J\u00e1 Formados"},"content":{"rendered":"<p>Voc\u00ea j\u00e1 parou para pensar por que, apesar de termos tantos m\u00e9dicos no Brasil, o sistema de sa\u00fade ainda enfrenta tantos desafios? Eu analisei recentemente as discuss\u00f5es sobre a forma\u00e7\u00e3o m\u00e9dica por aqui, e o que vi me surpreendeu: estamos um pouco atrasados em compara\u00e7\u00e3o com o resto do mundo. Mas h\u00e1 esperan\u00e7a no horizonte com um plano de atualiza\u00e7\u00e3o para profissionais j\u00e1 formados.<\/p>\n<p>Esse tema ganhou for\u00e7a nos \u00faltimos anos, especialmente com a pandemia destacando lacunas na prepara\u00e7\u00e3o dos m\u00e9dicos. Vamos explorar isso de forma simples, sem jarg\u00f5es complicados, para que voc\u00ea entenda o que est\u00e1 em jogo.<\/p>\n<h2>O Cen\u00e1rio da Forma\u00e7\u00e3o M\u00e9dica no Brasil Hoje<\/h2>\n<p>O Brasil tem mais de 500 escolas de medicina, o maior n\u00famero do mundo. Isso soa impressionante, n\u00e9? Mas a realidade \u00e9 que muitas dessas institui\u00e7\u00f5es cresceram r\u00e1pido demais, sem a infraestrutura ou o foco em qualidade que vemos em pa\u00edses como os Estados Unidos ou na Europa.<\/p>\n<p>Eu percebo que, historicamente, nossa educa\u00e7\u00e3o m\u00e9dica priorizava o conhecimento te\u00f3rico, mas faltava \u00eanfase em pr\u00e1ticas modernas, como o uso de tecnologias digitais ou abordagens baseadas em evid\u00eancias cient\u00edficas atualizadas. O termo <strong>evid\u00eancia-based medicine<\/strong>, por exemplo, significa simplesmente usar os estudos mais recentes para tomar decis\u00f5es no dia a dia do paciente, algo que nem todos os m\u00e9dicos brasileiros recebem treinamento cont\u00ednuo.<\/p>\n<h3>Desafios nas Universidades e Resid\u00eancias<\/h3>\n<p>A resid\u00eancia m\u00e9dica, que \u00e9 como uma &#8216;escola pr\u00e1tica&#8217; p\u00f3s-faculdade para especializa\u00e7\u00e3o, tamb\u00e9m enfrenta sobrecarga. Com tantos alunos, o acompanhamento individual fica comprometido, deixando alguns profissionais menos preparados para cen\u00e1rios complexos.<\/p>\n<h2>Por Que o Brasil Est\u00e1 Atr\u00e1s do Mundo?<\/h2>\n<p>Comparado a na\u00e7\u00f5es desenvolvidas, nosso curr\u00edculo m\u00e9dico \u00e9 mais extenso \u2013 seis anos de gradua\u00e7\u00e3o mais resid\u00eancia \u2013, mas menos integrado com inova\u00e7\u00f5es globais. Pa\u00edses como o Reino Unido adotam programas de aprendizado cont\u00ednuo obrigat\u00f3rio, garantindo que m\u00e9dicos se atualizem regularmente.<\/p>\n<p>Aqui, muitos m\u00e9dicos formados h\u00e1 d\u00e9cadas n\u00e3o t\u00eam acesso f\u00e1cil a treinamentos avan\u00e7ados, o que afeta a qualidade do atendimento. Eu vejo isso como um ciclo: sem atualiza\u00e7\u00e3o, os profissionais ficam para tr\u00e1s, e os pacientes sofrem com tratamentos menos eficazes.<\/p>\n<ul>\n<li>Falta de investimento em pesquisa e tecnologia.<\/li>\n<li>Crescimento desordenado de faculdades privadas.<\/li>\n<li>Desigualdades regionais, com melhores forma\u00e7\u00f5es no Sul e Sudeste.<\/li>\n<\/ul>\n<h2>O Que \u00c9 Esse Novo Plano de Atualiza\u00e7\u00e3o?<\/h2>\n<p>O governo e entidades como o Conselho Federal de Medicina (CFM) est\u00e3o preparando um plano nacional para atualizar m\u00e9dicos j\u00e1 formados. A ideia \u00e9 oferecer cursos obrigat\u00f3rios ou incentivados em \u00e1reas cr\u00edticas, como telemedicina, manejo de epidemias e cuidados prim\u00e1rios.<\/p>\n<p>Esse plano n\u00e3o \u00e9 s\u00f3 teoria; ele visa parcerias com universidades internacionais e plataformas online acess\u00edveis, tornando a atualiza\u00e7\u00e3o vi\u00e1vel mesmo para quem est\u00e1 no interior do pa\u00eds.<\/p>\n<h3>Como Funcionar\u00e1 na Pr\u00e1tica?<\/h3>\n<p>Os m\u00e9dicos ter\u00e3o que acumular cr\u00e9ditos de educa\u00e7\u00e3o continuada, similar ao que acontece em outros pa\u00edses. Por exemplo, um curso de 40 horas sobre novas terapias poderia contar para renova\u00e7\u00e3o da licen\u00e7a profissional.<\/p>\n<h2>Impactos Pr\u00e1ticos para Voc\u00ea e a Sociedade<\/h2>\n<p>Para os pacientes, isso significa m\u00e9dicos mais preparados, reduzindo erros e melhorando diagn\u00f3sticos. Imagine um atendimento mais r\u00e1pido e preciso em postos de sa\u00fade \u2013 algo que pode salvar vidas.<\/p>\n<p>Para os profissionais, \u00e9 uma chance de carreira: atualiza\u00e7\u00f5es abrem portas para especializa\u00e7\u00f5es e melhores sal\u00e1rios. Mas h\u00e1 desafios, como o custo e o tempo, que o plano precisa resolver para n\u00e3o excluir ningu\u00e9m.<\/p>\n<p>Empresas de sa\u00fade e hospitais tamb\u00e9m ganham, com equipes mais qualificadas, o que pode baixar custos com complica\u00e7\u00f5es evit\u00e1veis.<\/p>\n<h2>Tend\u00eancias Futuras e O Que Esperar<\/h2>\n<p>Olhando adiante, esse plano pode inspirar reformas na gradua\u00e7\u00e3o m\u00e9dica, alinhando-nos melhor com padr\u00f5es globais. Recomendo que m\u00e9dicos fiquem atentos \u00e0s chamadas do Minist\u00e9rio da Sa\u00fade e invistam em cursos online gratuitos enquanto isso.<\/p>\n<p>Possibilidades incluem integra\u00e7\u00e3o de IA na medicina, algo que estamos atrasados em adotar. Eu acredito que, com compromisso, o Brasil pode se tornar refer\u00eancia em forma\u00e7\u00e3o m\u00e9dica acess\u00edvel.<\/p>\n<h2>Reflex\u00f5es Finais: Um Passo Importante para o Futuro da Sa\u00fade<\/h2>\n<p>Em resumo, embora estejamos atrasados, o plano de atualiza\u00e7\u00e3o de m\u00e9dicos formados \u00e9 um passo crucial para modernizar nossa sa\u00fade. Vamos torcer para que ele saia do papel logo e beneficie todos. O que voc\u00ea acha? Compartilhe nos coment\u00e1rios sua experi\u00eancia com o sistema de sa\u00fade brasileiro.<\/p>\n","protected":false},"excerpt":{"rendered":"<p>O Brasil est\u00e1 atrasado em rela\u00e7\u00e3o ao mundo na atualiza\u00e7\u00e3o de m\u00e9dicos formados. Saiba como o novo plano pode modernizar a profiss\u00e3o e melhorar o atendimento \u00e0 sa\u00fade. Entenda os motivos e impactos.<\/p>\n","protected":false},"author":1,"featured_media":848,"comment_status":"open","ping_status":"open","sticky":false,"template":"","format":"standard","meta":{"_acf_changed":false,"_eb_attr":"","footnotes":"","_wpscppro_dont_share_socialmedia":false,"_wpscppro_custom_social_share_image":0,"_facebook_share_type":"","_twitter_share_type":"","_linkedin_share_type":"","_pinterest_share_type":"","_linkedin_share_type_page":"","_instagram_share_type":"","_medium_share_type":"","_threads_share_type":"","_google_business_share_type":"","_selected_social_profile":[],"_wpsp_enable_custom_social_template":false,"_wpsp_social_scheduling":{"enabled":false,"datetime":null,"platforms":[],"status":"template_only","dateOption":"today","timeOption":"now","customDays":"","customHours":"","customDate":"","customTime":"","schedulingType":"absolute"},"_wpsp_active_default_template":true},"categories":[3],"tags":[],"class_list":["post-849","post","type-post","status-publish","format-standard","has-post-thumbnail","hentry","category-bem-estar"],"acf":[],"yoast_head":"<!-- This site is optimized with the Yoast SEO plugin v26.9 - https:\/\/yoast.com\/product\/yoast-seo-wordpress\/ -->\n<title>Atrasado em Rela\u00e7\u00e3o ao Mundo: Brasil Prepara Plano de Atualiza\u00e7\u00e3o de M\u00e9dicos J\u00e1 Formados - ICTDF<\/title>\n<meta name=\"robots\" content=\"index, follow, max-snippet:-1, max-image-preview:large, max-video-preview:-1\" \/>\n<link rel=\"canonical\" href=\"https:\/\/ictdf.synergyecosys.io\/?p=849\" \/>\n<meta property=\"og:locale\" content=\"pt_BR\" \/>\n<meta property=\"og:type\" content=\"article\" \/>\n<meta property=\"og:title\" content=\"Atrasado em Rela\u00e7\u00e3o ao Mundo: Brasil Prepara Plano de Atualiza\u00e7\u00e3o de M\u00e9dicos J\u00e1 Formados - ICTDF\" \/>\n<meta property=\"og:description\" content=\"O Brasil est\u00e1 atrasado em rela\u00e7\u00e3o ao mundo na atualiza\u00e7\u00e3o de m\u00e9dicos formados. Saiba como o novo plano pode modernizar a profiss\u00e3o e melhorar o atendimento \u00e0 sa\u00fade. Entenda os motivos e impactos.\" \/>\n<meta property=\"og:url\" content=\"https:\/\/ictdf.synergyecosys.io\/?p=849\" \/>\n<meta property=\"og:site_name\" content=\"ICTDF\" \/>\n<meta property=\"article:published_time\" content=\"2026-04-30T07:33:27+00:00\" \/>\n<meta name=\"author\" content=\"admin\" \/>\n<meta name=\"twitter:card\" content=\"summary_large_image\" \/>\n<meta name=\"twitter:label1\" content=\"Escrito por\" \/>\n\t<meta name=\"twitter:data1\" content=\"admin\" \/>\n\t<meta name=\"twitter:label2\" content=\"Est. tempo de leitura\" \/>\n\t<meta name=\"twitter:data2\" content=\"4 minutos\" \/>\n<script type=\"application\/ld+json\" class=\"yoast-schema-graph\">{\"@context\":\"https:\/\/schema.org\",\"@graph\":[{\"@type\":\"Article\",\"@id\":\"https:\/\/ictdf.synergyecosys.io\/?p=849#article\",\"isPartOf\":{\"@id\":\"https:\/\/ictdf.synergyecosys.io\/?p=849\"},\"author\":{\"name\":\"admin\",\"@id\":\"https:\/\/ictdf.synergyecosys.io\/#\/schema\/person\/0b4488974b7b485188c0c01cb9f95b21\"},\"headline\":\"Atrasado em Rela\u00e7\u00e3o ao Mundo: Brasil Prepara Plano de Atualiza\u00e7\u00e3o de M\u00e9dicos J\u00e1 Formados\",\"datePublished\":\"2026-04-30T07:33:27+00:00\",\"mainEntityOfPage\":{\"@id\":\"https:\/\/ictdf.synergyecosys.io\/?p=849\"},\"wordCount\":806,\"commentCount\":0,\"publisher\":{\"@id\":\"https:\/\/ictdf.synergyecosys.io\/#organization\"},\"image\":{\"@id\":\"https:\/\/ictdf.synergyecosys.io\/?p=849#primaryimage\"},\"thumbnailUrl\":\"https:\/\/ictdf.synergyecosys.io\/wp-content\/uploads\/2026\/04\/imagem-Brasil-Atrasa-Atualizayyo-de-Mydicos-Novo-Plano.png\",\"articleSection\":[\"Bem-estar\"],\"inLanguage\":\"pt-BR\",\"potentialAction\":[{\"@type\":\"CommentAction\",\"name\":\"Comment\",\"target\":[\"https:\/\/ictdf.synergyecosys.io\/?p=849#respond\"]}]},{\"@type\":\"WebPage\",\"@id\":\"https:\/\/ictdf.synergyecosys.io\/?p=849\",\"url\":\"https:\/\/ictdf.synergyecosys.io\/?p=849\",\"name\":\"Atrasado em Rela\u00e7\u00e3o ao Mundo: Brasil Prepara Plano de Atualiza\u00e7\u00e3o de M\u00e9dicos J\u00e1 Formados - ICTDF\",\"isPartOf\":{\"@id\":\"https:\/\/ictdf.synergyecosys.io\/#website\"},\"primaryImageOfPage\":{\"@id\":\"https:\/\/ictdf.synergyecosys.io\/?p=849#primaryimage\"},\"image\":{\"@id\":\"https:\/\/ictdf.synergyecosys.io\/?p=849#primaryimage\"},\"thumbnailUrl\":\"https:\/\/ictdf.synergyecosys.io\/wp-content\/uploads\/2026\/04\/imagem-Brasil-Atrasa-Atualizayyo-de-Mydicos-Novo-Plano.png\",\"datePublished\":\"2026-04-30T07:33:27+00:00\",\"breadcrumb\":{\"@id\":\"https:\/\/ictdf.synergyecosys.io\/?p=849#breadcrumb\"},\"inLanguage\":\"pt-BR\",\"potentialAction\":[{\"@type\":\"ReadAction\",\"target\":[\"https:\/\/ictdf.synergyecosys.io\/?p=849\"]}]},{\"@type\":\"ImageObject\",\"inLanguage\":\"pt-BR\",\"@id\":\"https:\/\/ictdf.synergyecosys.io\/?p=849#primaryimage\",\"url\":\"https:\/\/ictdf.synergyecosys.io\/wp-content\/uploads\/2026\/04\/imagem-Brasil-Atrasa-Atualizayyo-de-Mydicos-Novo-Plano.png\",\"contentUrl\":\"https:\/\/ictdf.synergyecosys.io\/wp-content\/uploads\/2026\/04\/imagem-Brasil-Atrasa-Atualizayyo-de-Mydicos-Novo-Plano.png\",\"width\":1696,\"height\":960},{\"@type\":\"BreadcrumbList\",\"@id\":\"https:\/\/ictdf.synergyecosys.io\/?p=849#breadcrumb\",\"itemListElement\":[{\"@type\":\"ListItem\",\"position\":1,\"name\":\"In\u00edcio\",\"item\":\"https:\/\/ictdf.synergyecosys.io\/\"},{\"@type\":\"ListItem\",\"position\":2,\"name\":\"Atrasado em Rela\u00e7\u00e3o ao Mundo: Brasil Prepara Plano de Atualiza\u00e7\u00e3o de M\u00e9dicos J\u00e1 Formados\"}]},{\"@type\":\"WebSite\",\"@id\":\"https:\/\/ictdf.synergyecosys.io\/#website\",\"url\":\"https:\/\/ictdf.synergyecosys.io\/\",\"name\":\"ICTDF\",\"description\":\"\",\"publisher\":{\"@id\":\"https:\/\/ictdf.synergyecosys.io\/#organization\"},\"potentialAction\":[{\"@type\":\"SearchAction\",\"target\":{\"@type\":\"EntryPoint\",\"urlTemplate\":\"https:\/\/ictdf.synergyecosys.io\/?s={search_term_string}\"},\"query-input\":{\"@type\":\"PropertyValueSpecification\",\"valueRequired\":true,\"valueName\":\"search_term_string\"}}],\"inLanguage\":\"pt-BR\"},{\"@type\":\"Organization\",\"@id\":\"https:\/\/ictdf.synergyecosys.io\/#organization\",\"name\":\"ICTDF\",\"url\":\"https:\/\/ictdf.synergyecosys.io\/\",\"logo\":{\"@type\":\"ImageObject\",\"inLanguage\":\"pt-BR\",\"@id\":\"https:\/\/ictdf.synergyecosys.io\/#\/schema\/logo\/image\/\",\"url\":\"https:\/\/ictdf.synergyecosys.io\/wp-content\/uploads\/2026\/02\/cropped-cropped-ICTDF_logo_transparente.png\",\"contentUrl\":\"https:\/\/ictdf.synergyecosys.io\/wp-content\/uploads\/2026\/02\/cropped-cropped-ICTDF_logo_transparente.png\",\"width\":450,\"height\":141,\"caption\":\"ICTDF\"},\"image\":{\"@id\":\"https:\/\/ictdf.synergyecosys.io\/#\/schema\/logo\/image\/\"}},{\"@type\":\"Person\",\"@id\":\"https:\/\/ictdf.synergyecosys.io\/#\/schema\/person\/0b4488974b7b485188c0c01cb9f95b21\",\"name\":\"admin\",\"image\":{\"@type\":\"ImageObject\",\"inLanguage\":\"pt-BR\",\"@id\":\"https:\/\/ictdf.synergyecosys.io\/#\/schema\/person\/image\/\",\"url\":\"https:\/\/secure.gravatar.com\/avatar\/ee6b87b4bde4f4817334740781bdb6e270748065085879a5aa2018d8006922fa?s=96&d=mm&r=g\",\"contentUrl\":\"https:\/\/secure.gravatar.com\/avatar\/ee6b87b4bde4f4817334740781bdb6e270748065085879a5aa2018d8006922fa?s=96&d=mm&r=g\",\"caption\":\"admin\"},\"sameAs\":[\"https:\/\/ictdf.synergyecosys.io\"],\"url\":\"https:\/\/ictdf.synergyecosys.io\/?author=1\"}]}<\/script>\n<!-- \/ Yoast SEO plugin. -->","yoast_head_json":{"title":"Atrasado em Rela\u00e7\u00e3o ao Mundo: Brasil Prepara Plano de Atualiza\u00e7\u00e3o de M\u00e9dicos J\u00e1 Formados - ICTDF","robots":{"index":"index","follow":"follow","max-snippet":"max-snippet:-1","max-image-preview":"max-image-preview:large","max-video-preview":"max-video-preview:-1"},"canonical":"https:\/\/ictdf.synergyecosys.io\/?p=849","og_locale":"pt_BR","og_type":"article","og_title":"Atrasado em Rela\u00e7\u00e3o ao Mundo: Brasil Prepara Plano de Atualiza\u00e7\u00e3o de M\u00e9dicos J\u00e1 Formados - ICTDF","og_description":"O Brasil est\u00e1 atrasado em rela\u00e7\u00e3o ao mundo na atualiza\u00e7\u00e3o de m\u00e9dicos formados. Saiba como o novo plano pode modernizar a profiss\u00e3o e melhorar o atendimento \u00e0 sa\u00fade. Entenda os motivos e impactos.","og_url":"https:\/\/ictdf.synergyecosys.io\/?p=849","og_site_name":"ICTDF","article_published_time":"2026-04-30T07:33:27+00:00","author":"admin","twitter_card":"summary_large_image","twitter_misc":{"Escrito por":"admin","Est. tempo de leitura":"4 minutos"},"schema":{"@context":"https:\/\/schema.org","@graph":[{"@type":"Article","@id":"https:\/\/ictdf.synergyecosys.io\/?p=849#article","isPartOf":{"@id":"https:\/\/ictdf.synergyecosys.io\/?p=849"},"author":{"name":"admin","@id":"https:\/\/ictdf.synergyecosys.io\/#\/schema\/person\/0b4488974b7b485188c0c01cb9f95b21"},"headline":"Atrasado em Rela\u00e7\u00e3o ao Mundo: Brasil Prepara Plano de Atualiza\u00e7\u00e3o de M\u00e9dicos J\u00e1 Formados","datePublished":"2026-04-30T07:33:27+00:00","mainEntityOfPage":{"@id":"https:\/\/ictdf.synergyecosys.io\/?p=849"},"wordCount":806,"commentCount":0,"publisher":{"@id":"https:\/\/ictdf.synergyecosys.io\/#organization"},"image":{"@id":"https:\/\/ictdf.synergyecosys.io\/?p=849#primaryimage"},"thumbnailUrl":"https:\/\/ictdf.synergyecosys.io\/wp-content\/uploads\/2026\/04\/imagem-Brasil-Atrasa-Atualizayyo-de-Mydicos-Novo-Plano.png","articleSection":["Bem-estar"],"inLanguage":"pt-BR","potentialAction":[{"@type":"CommentAction","name":"Comment","target":["https:\/\/ictdf.synergyecosys.io\/?p=849#respond"]}]},{"@type":"WebPage","@id":"https:\/\/ictdf.synergyecosys.io\/?p=849","url":"https:\/\/ictdf.synergyecosys.io\/?p=849","name":"Atrasado em Rela\u00e7\u00e3o ao Mundo: Brasil Prepara Plano de Atualiza\u00e7\u00e3o de M\u00e9dicos J\u00e1 Formados - ICTDF","isPartOf":{"@id":"https:\/\/ictdf.synergyecosys.io\/#website"},"primaryImageOfPage":{"@id":"https:\/\/ictdf.synergyecosys.io\/?p=849#primaryimage"},"image":{"@id":"https:\/\/ictdf.synergyecosys.io\/?p=849#primaryimage"},"thumbnailUrl":"https:\/\/ictdf.synergyecosys.io\/wp-content\/uploads\/2026\/04\/imagem-Brasil-Atrasa-Atualizayyo-de-Mydicos-Novo-Plano.png","datePublished":"2026-04-30T07:33:27+00:00","breadcrumb":{"@id":"https:\/\/ictdf.synergyecosys.io\/?p=849#breadcrumb"},"inLanguage":"pt-BR","potentialAction":[{"@type":"ReadAction","target":["https:\/\/ictdf.synergyecosys.io\/?p=849"]}]},{"@type":"ImageObject","inLanguage":"pt-BR","@id":"https:\/\/ictdf.synergyecosys.io\/?p=849#primaryimage","url":"https:\/\/ictdf.synergyecosys.io\/wp-content\/uploads\/2026\/04\/imagem-Brasil-Atrasa-Atualizayyo-de-Mydicos-Novo-Plano.png","contentUrl":"https:\/\/ictdf.synergyecosys.io\/wp-content\/uploads\/2026\/04\/imagem-Brasil-Atrasa-Atualizayyo-de-Mydicos-Novo-Plano.png","width":1696,"height":960},{"@type":"BreadcrumbList","@id":"https:\/\/ictdf.synergyecosys.io\/?p=849#breadcrumb","itemListElement":[{"@type":"ListItem","position":1,"name":"In\u00edcio","item":"https:\/\/ictdf.synergyecosys.io\/"},{"@type":"ListItem","position":2,"name":"Atrasado em Rela\u00e7\u00e3o ao Mundo: Brasil Prepara Plano de Atualiza\u00e7\u00e3o de M\u00e9dicos J\u00e1 Formados"}]},{"@type":"WebSite","@id":"https:\/\/ictdf.synergyecosys.io\/#website","url":"https:\/\/ictdf.synergyecosys.io\/","name":"ICTDF","description":"","publisher":{"@id":"https:\/\/ictdf.synergyecosys.io\/#organization"},"potentialAction":[{"@type":"SearchAction","target":{"@type":"EntryPoint","urlTemplate":"https:\/\/ictdf.synergyecosys.io\/?s={search_term_string}"},"query-input":{"@type":"PropertyValueSpecification","valueRequired":true,"valueName":"search_term_string"}}],"inLanguage":"pt-BR"},{"@type":"Organization","@id":"https:\/\/ictdf.synergyecosys.io\/#organization","name":"ICTDF","url":"https:\/\/ictdf.synergyecosys.io\/","logo":{"@type":"ImageObject","inLanguage":"pt-BR","@id":"https:\/\/ictdf.synergyecosys.io\/#\/schema\/logo\/image\/","url":"https:\/\/ictdf.synergyecosys.io\/wp-content\/uploads\/2026\/02\/cropped-cropped-ICTDF_logo_transparente.png","contentUrl":"https:\/\/ictdf.synergyecosys.io\/wp-content\/uploads\/2026\/02\/cropped-cropped-ICTDF_logo_transparente.png","width":450,"height":141,"caption":"ICTDF"},"image":{"@id":"https:\/\/ictdf.synergyecosys.io\/#\/schema\/logo\/image\/"}},{"@type":"Person","@id":"https:\/\/ictdf.synergyecosys.io\/#\/schema\/person\/0b4488974b7b485188c0c01cb9f95b21","name":"admin","image":{"@type":"ImageObject","inLanguage":"pt-BR","@id":"https:\/\/ictdf.synergyecosys.io\/#\/schema\/person\/image\/","url":"https:\/\/secure.gravatar.com\/avatar\/ee6b87b4bde4f4817334740781bdb6e270748065085879a5aa2018d8006922fa?s=96&d=mm&r=g","contentUrl":"https:\/\/secure.gravatar.com\/avatar\/ee6b87b4bde4f4817334740781bdb6e270748065085879a5aa2018d8006922fa?s=96&d=mm&r=g","caption":"admin"},"sameAs":["https:\/\/ictdf.synergyecosys.io"],"url":"https:\/\/ictdf.synergyecosys.io\/?author=1"}]}},"_links":{"self":[{"href":"https:\/\/ictdf.synergyecosys.io\/index.php?rest_route=\/wp\/v2\/posts\/849","targetHints":{"allow":["GET"]}}],"collection":[{"href":"https:\/\/ictdf.synergyecosys.io\/index.php?rest_route=\/wp\/v2\/posts"}],"about":[{"href":"https:\/\/ictdf.synergyecosys.io\/index.php?rest_route=\/wp\/v2\/types\/post"}],"author":[{"embeddable":true,"href":"https:\/\/ictdf.synergyecosys.io\/index.php?rest_route=\/wp\/v2\/users\/1"}],"replies":[{"embeddable":true,"href":"https:\/\/ictdf.synergyecosys.io\/index.php?rest_route=%2Fwp%2Fv2%2Fcomments&post=849"}],"version-history":[{"count":0,"href":"https:\/\/ictdf.synergyecosys.io\/index.php?rest_route=\/wp\/v2\/posts\/849\/revisions"}],"wp:featuredmedia":[{"embeddable":true,"href":"https:\/\/ictdf.synergyecosys.io\/index.php?rest_route=\/wp\/v2\/media\/848"}],"wp:attachment":[{"href":"https:\/\/ictdf.synergyecosys.io\/index.php?rest_route=%2Fwp%2Fv2%2Fmedia&parent=849"}],"wp:term":[{"taxonomy":"category","embeddable":true,"href":"https:\/\/ictdf.synergyecosys.io\/index.php?rest_route=%2Fwp%2Fv2%2Fcategories&post=849"},{"taxonomy":"post_tag","embeddable":true,"href":"https:\/\/ictdf.synergyecosys.io\/index.php?rest_route=%2Fwp%2Fv2%2Ftags&post=849"}],"curies":[{"name":"wp","href":"https:\/\/api.w.org\/{rel}","templated":true}]}}