{"id":843,"date":"2026-04-29T21:33:40","date_gmt":"2026-04-30T00:33:40","guid":{"rendered":"https:\/\/ictdf.synergyecosys.io\/?p=843"},"modified":"2026-04-29T21:33:40","modified_gmt":"2026-04-30T00:33:40","slug":"vacina-dupla-para-adultos-entendendo-a-dt","status":"publish","type":"post","link":"https:\/\/ictdf.synergyecosys.io\/?p=843","title":{"rendered":"Vacina Dupla para Adultos: Entendendo a dT"},"content":{"rendered":"<p>Voc\u00ea j\u00e1 parou para pensar na import\u00e2ncia das vacinas na vida adulta? Muita gente acha que vacina\u00e7\u00e3o \u00e9 coisa de crian\u00e7a, mas na verdade, \u00e9 algo que nos acompanha por toda a vida. Hoje, vamos falar sobre a vacina dT, a dupla contra difteria e t\u00e9tano, especialmente para adultos. Eu analisei as recomenda\u00e7\u00f5es do Minist\u00e9rio da Sa\u00fade e fontes confi\u00e1veis para trazer tudo de forma simples e clara.<\/p>\n<p>A dT \u00e9 uma vacina que protege contra duas doen\u00e7as graves: a difteria e o t\u00e9tano. Na pr\u00e1tica, ela usa toxoides \u2013 que s\u00e3o vers\u00f5es inofensivas das toxinas produzidas por essas bact\u00e9rias \u2013 para treinar nosso sistema imunol\u00f3gico a combat\u00ea-las. \u00c9 segura e essencial para prevenir infec\u00e7\u00f5es que podem ser fatais.<\/p>\n<h2>O que s\u00e3o difteria e t\u00e9tano e por que se preocupar?<\/h2>\n<p>A <strong>difteria<\/strong> \u00e9 uma infec\u00e7\u00e3o bacteriana que afeta as vias respirat\u00f3rias, causando uma membrana grossa na garganta que pode sufocar a pessoa. J\u00e1 o <strong>t\u00e9tano<\/strong>, conhecido como trismo, entra pelo ferimento e causa espasmos musculares intensos, podendo levar \u00e0 morte por asfixia. Essas doen\u00e7as n\u00e3o s\u00e3o comuns hoje gra\u00e7as \u00e0s vacinas, mas ainda circulam em algumas regi\u00f5es.<\/p>\n<p>Eu percebo que muitos adultos esquecem de refor\u00e7ar a imunidade ap\u00f3s a inf\u00e2ncia. Sem a dT, o risco aumenta, especialmente em viagens ou acidentes. Manter em dia \u00e9 uma forma simples de se proteger e proteger quem est\u00e1 ao redor.<\/p>\n<h2>Quem deve tomar a vacina dT?<\/h2>\n<p>Todos os adultos precisam dessa vacina, mas alguns grupos t\u00eam prioridade. Pessoas acima de 20 anos que completaram o esquema infantil devem iniciar ou refor\u00e7ar com dT. Gr\u00e1vidas, por exemplo, recebem uma dose em cada gesta\u00e7\u00e3o para proteger o beb\u00ea contra t\u00e9tano neonatal.<\/p>\n<ul>\n<li>Adultos com esquema incompleto na inf\u00e2ncia.<\/li>\n<li>Mulheres gr\u00e1vidas (entre 27 e 36 semanas).<\/li>\n<li>Pessoas em situa\u00e7\u00f5es de risco, como ferimentos ou viagens a \u00e1reas end\u00eamicas.<\/li>\n<li>Profissionais de sa\u00fade e idosos.<\/li>\n<\/ul>\n<p>Se voc\u00ea n\u00e3o lembra quando tomou a \u00faltima dose, vale consultar sua carteirinha de vacina\u00e7\u00e3o. \u00c9 comum que esquecemos, mas \u00e9 f\u00e1cil atualizar.<\/p>\n<h3>Exce\u00e7\u00f5es e contraindica\u00e7\u00f5es<\/h3>\n<p>A dT \u00e9 segura para a maioria, mas se voc\u00ea teve rea\u00e7\u00e3o al\u00e9rgica grave a doses anteriores ou est\u00e1 com doen\u00e7a aguda, converse com o m\u00e9dico. N\u00e3o h\u00e1 restri\u00e7\u00f5es para HIV ou gravidez, o que a torna acess\u00edvel.<\/p>\n<h2>Quando e como tomar a vacina dT?<\/h2>\n<p>O calend\u00e1rio \u00e9 pr\u00e1tico: ap\u00f3s o esquema infantil (DTP ou pentavalente), o primeiro refor\u00e7o \u00e9 aos 10-15 anos com dTpa (que inclui coqueluche). Depois, a cada 10 anos, uma dose de dT mant\u00e9m a prote\u00e7\u00e3o.<\/p>\n<p>Para quem nunca tomou ou tem esquema incompleto, inicia-se com tr\u00eas doses: a primeira, a segunda ap\u00f3s 2 meses e a terceira 6-12 meses depois. Refor\u00e7os decenais seguem. Em caso de ferimento, aplique se a \u00faltima dose foi h\u00e1 mais de 5 anos.<\/p>\n<p>Na minha opini\u00e3o, marcar lembretes no celular ajuda a n\u00e3o esquecer. As UBS oferecem gratuitamente no SUS, facilitando o acesso.<\/p>\n<h2>Impactos de n\u00e3o vacinar: o que est\u00e1 em jogo?<\/h2>\n<p>Sem a dT, o risco de contrair difteria ou t\u00e9tano sobe, especialmente em adultos mais velhos ou com ferimentos. No Brasil, casos de t\u00e9tano ainda ocorrem em n\u00e3o vacinados, com alta letalidade \u2013 at\u00e9 50% para t\u00e9tano. Difteria pode se espalhar em surtos se a cobertura vacinal cair.<\/p>\n<p>Para a sociedade, vacinar reduz custos com tratamentos caros e surtos. Pessoalmente, afeta o dia a dia: hospitaliza\u00e7\u00f5es longas, sequelas ou pior. Proteja-se para curtir a vida sem preocupa\u00e7\u00f5es.<\/p>\n<h2>Tend\u00eancias e recomenda\u00e7\u00f5es futuras<\/h2>\n<p>Com o foco em imuniza\u00e7\u00e3o vital\u00edcia, o Minist\u00e9rio da Sa\u00fade incentiva check-ups anuais na carteirinha. Futuramente, vacinas combinadas podem simplificar, mas por enquanto, a dT \u00e9 chave. Recomendo: verifique sua vacina\u00e7\u00e3o hoje e complete o esquema. \u00c9 um investimento na sa\u00fade a longo prazo.<\/p>\n<h2>Reflex\u00f5es finais: cuide da sua imunidade agora<\/h2>\n<p>Resumindo, a vacina dT \u00e9 vital para adultos contra difteria e t\u00e9tano. Quem deve tomar? Quase todos, especialmente gr\u00e1vidas e em risco. Quando? A cada 10 anos ou conforme necessidade. Ao analisar esse tema, vejo como algo simples pode salvar vidas. Marque sua dose e espalhe a conscientiza\u00e7\u00e3o \u2013 sua sa\u00fade agradece!<\/p>\n","protected":false},"excerpt":{"rendered":"<p>Saiba quem precisa da vacina dupla dT para adultos contra difteria e t\u00e9tano, o calend\u00e1rio de doses e por que \u00e9 essencial manter em dia. Proteja sua sa\u00fade!<\/p>\n","protected":false},"author":1,"featured_media":842,"comment_status":"open","ping_status":"open","sticky":false,"template":"","format":"standard","meta":{"_acf_changed":false,"_eb_attr":"","footnotes":"","_wpscppro_dont_share_socialmedia":false,"_wpscppro_custom_social_share_image":0,"_facebook_share_type":"","_twitter_share_type":"","_linkedin_share_type":"","_pinterest_share_type":"","_linkedin_share_type_page":"","_instagram_share_type":"","_medium_share_type":"","_threads_share_type":"","_google_business_share_type":"","_selected_social_profile":[],"_wpsp_enable_custom_social_template":false,"_wpsp_social_scheduling":{"enabled":false,"datetime":null,"platforms":[],"status":"template_only","dateOption":"today","timeOption":"now","customDays":"","customHours":"","customDate":"","customTime":"","schedulingType":"absolute"},"_wpsp_active_default_template":true},"categories":[3],"tags":[],"class_list":["post-843","post","type-post","status-publish","format-standard","has-post-thumbnail","hentry","category-bem-estar"],"acf":[],"yoast_head":"<!-- This site is optimized with the Yoast SEO plugin v26.9 - https:\/\/yoast.com\/product\/yoast-seo-wordpress\/ -->\n<title>Vacina Dupla para Adultos: Entendendo a dT - ICTDF<\/title>\n<meta name=\"robots\" content=\"index, follow, max-snippet:-1, max-image-preview:large, max-video-preview:-1\" \/>\n<link rel=\"canonical\" href=\"https:\/\/ictdf.synergyecosys.io\/?p=843\" \/>\n<meta property=\"og:locale\" content=\"pt_BR\" \/>\n<meta property=\"og:type\" content=\"article\" \/>\n<meta property=\"og:title\" content=\"Vacina Dupla para Adultos: Entendendo a dT - ICTDF\" \/>\n<meta property=\"og:description\" content=\"Saiba quem precisa da vacina dupla dT para adultos contra difteria e t\u00e9tano, o calend\u00e1rio de doses e por que \u00e9 essencial manter em dia. Proteja sua sa\u00fade!\" \/>\n<meta property=\"og:url\" content=\"https:\/\/ictdf.synergyecosys.io\/?p=843\" \/>\n<meta property=\"og:site_name\" content=\"ICTDF\" \/>\n<meta property=\"article:published_time\" content=\"2026-04-30T00:33:40+00:00\" \/>\n<meta name=\"author\" content=\"admin\" \/>\n<meta name=\"twitter:card\" content=\"summary_large_image\" \/>\n<meta name=\"twitter:label1\" content=\"Escrito por\" \/>\n\t<meta name=\"twitter:data1\" content=\"admin\" \/>\n\t<meta name=\"twitter:label2\" content=\"Est. tempo de leitura\" \/>\n\t<meta name=\"twitter:data2\" content=\"4 minutos\" \/>\n<script type=\"application\/ld+json\" class=\"yoast-schema-graph\">{\"@context\":\"https:\/\/schema.org\",\"@graph\":[{\"@type\":\"Article\",\"@id\":\"https:\/\/ictdf.synergyecosys.io\/?p=843#article\",\"isPartOf\":{\"@id\":\"https:\/\/ictdf.synergyecosys.io\/?p=843\"},\"author\":{\"name\":\"admin\",\"@id\":\"https:\/\/ictdf.synergyecosys.io\/#\/schema\/person\/0b4488974b7b485188c0c01cb9f95b21\"},\"headline\":\"Vacina Dupla para Adultos: Entendendo a dT\",\"datePublished\":\"2026-04-30T00:33:40+00:00\",\"mainEntityOfPage\":{\"@id\":\"https:\/\/ictdf.synergyecosys.io\/?p=843\"},\"wordCount\":731,\"commentCount\":0,\"publisher\":{\"@id\":\"https:\/\/ictdf.synergyecosys.io\/#organization\"},\"image\":{\"@id\":\"https:\/\/ictdf.synergyecosys.io\/?p=843#primaryimage\"},\"thumbnailUrl\":\"https:\/\/ictdf.synergyecosys.io\/wp-content\/uploads\/2026\/04\/imagem-Vacina-dT-Adulto-Quem-Toma-e-Quando.png\",\"articleSection\":[\"Bem-estar\"],\"inLanguage\":\"pt-BR\",\"potentialAction\":[{\"@type\":\"CommentAction\",\"name\":\"Comment\",\"target\":[\"https:\/\/ictdf.synergyecosys.io\/?p=843#respond\"]}]},{\"@type\":\"WebPage\",\"@id\":\"https:\/\/ictdf.synergyecosys.io\/?p=843\",\"url\":\"https:\/\/ictdf.synergyecosys.io\/?p=843\",\"name\":\"Vacina Dupla para Adultos: Entendendo a dT - ICTDF\",\"isPartOf\":{\"@id\":\"https:\/\/ictdf.synergyecosys.io\/#website\"},\"primaryImageOfPage\":{\"@id\":\"https:\/\/ictdf.synergyecosys.io\/?p=843#primaryimage\"},\"image\":{\"@id\":\"https:\/\/ictdf.synergyecosys.io\/?p=843#primaryimage\"},\"thumbnailUrl\":\"https:\/\/ictdf.synergyecosys.io\/wp-content\/uploads\/2026\/04\/imagem-Vacina-dT-Adulto-Quem-Toma-e-Quando.png\",\"datePublished\":\"2026-04-30T00:33:40+00:00\",\"breadcrumb\":{\"@id\":\"https:\/\/ictdf.synergyecosys.io\/?p=843#breadcrumb\"},\"inLanguage\":\"pt-BR\",\"potentialAction\":[{\"@type\":\"ReadAction\",\"target\":[\"https:\/\/ictdf.synergyecosys.io\/?p=843\"]}]},{\"@type\":\"ImageObject\",\"inLanguage\":\"pt-BR\",\"@id\":\"https:\/\/ictdf.synergyecosys.io\/?p=843#primaryimage\",\"url\":\"https:\/\/ictdf.synergyecosys.io\/wp-content\/uploads\/2026\/04\/imagem-Vacina-dT-Adulto-Quem-Toma-e-Quando.png\",\"contentUrl\":\"https:\/\/ictdf.synergyecosys.io\/wp-content\/uploads\/2026\/04\/imagem-Vacina-dT-Adulto-Quem-Toma-e-Quando.png\",\"width\":1696,\"height\":960},{\"@type\":\"BreadcrumbList\",\"@id\":\"https:\/\/ictdf.synergyecosys.io\/?p=843#breadcrumb\",\"itemListElement\":[{\"@type\":\"ListItem\",\"position\":1,\"name\":\"In\u00edcio\",\"item\":\"https:\/\/ictdf.synergyecosys.io\/\"},{\"@type\":\"ListItem\",\"position\":2,\"name\":\"Vacina Dupla para Adultos: Entendendo a dT\"}]},{\"@type\":\"WebSite\",\"@id\":\"https:\/\/ictdf.synergyecosys.io\/#website\",\"url\":\"https:\/\/ictdf.synergyecosys.io\/\",\"name\":\"ICTDF\",\"description\":\"\",\"publisher\":{\"@id\":\"https:\/\/ictdf.synergyecosys.io\/#organization\"},\"potentialAction\":[{\"@type\":\"SearchAction\",\"target\":{\"@type\":\"EntryPoint\",\"urlTemplate\":\"https:\/\/ictdf.synergyecosys.io\/?s={search_term_string}\"},\"query-input\":{\"@type\":\"PropertyValueSpecification\",\"valueRequired\":true,\"valueName\":\"search_term_string\"}}],\"inLanguage\":\"pt-BR\"},{\"@type\":\"Organization\",\"@id\":\"https:\/\/ictdf.synergyecosys.io\/#organization\",\"name\":\"ICTDF\",\"url\":\"https:\/\/ictdf.synergyecosys.io\/\",\"logo\":{\"@type\":\"ImageObject\",\"inLanguage\":\"pt-BR\",\"@id\":\"https:\/\/ictdf.synergyecosys.io\/#\/schema\/logo\/image\/\",\"url\":\"https:\/\/ictdf.synergyecosys.io\/wp-content\/uploads\/2026\/02\/cropped-cropped-ICTDF_logo_transparente.png\",\"contentUrl\":\"https:\/\/ictdf.synergyecosys.io\/wp-content\/uploads\/2026\/02\/cropped-cropped-ICTDF_logo_transparente.png\",\"width\":450,\"height\":141,\"caption\":\"ICTDF\"},\"image\":{\"@id\":\"https:\/\/ictdf.synergyecosys.io\/#\/schema\/logo\/image\/\"}},{\"@type\":\"Person\",\"@id\":\"https:\/\/ictdf.synergyecosys.io\/#\/schema\/person\/0b4488974b7b485188c0c01cb9f95b21\",\"name\":\"admin\",\"image\":{\"@type\":\"ImageObject\",\"inLanguage\":\"pt-BR\",\"@id\":\"https:\/\/ictdf.synergyecosys.io\/#\/schema\/person\/image\/\",\"url\":\"https:\/\/secure.gravatar.com\/avatar\/ee6b87b4bde4f4817334740781bdb6e270748065085879a5aa2018d8006922fa?s=96&d=mm&r=g\",\"contentUrl\":\"https:\/\/secure.gravatar.com\/avatar\/ee6b87b4bde4f4817334740781bdb6e270748065085879a5aa2018d8006922fa?s=96&d=mm&r=g\",\"caption\":\"admin\"},\"sameAs\":[\"https:\/\/ictdf.synergyecosys.io\"],\"url\":\"https:\/\/ictdf.synergyecosys.io\/?author=1\"}]}<\/script>\n<!-- \/ Yoast SEO plugin. -->","yoast_head_json":{"title":"Vacina Dupla para Adultos: Entendendo a dT - ICTDF","robots":{"index":"index","follow":"follow","max-snippet":"max-snippet:-1","max-image-preview":"max-image-preview:large","max-video-preview":"max-video-preview:-1"},"canonical":"https:\/\/ictdf.synergyecosys.io\/?p=843","og_locale":"pt_BR","og_type":"article","og_title":"Vacina Dupla para Adultos: Entendendo a dT - ICTDF","og_description":"Saiba quem precisa da vacina dupla dT para adultos contra difteria e t\u00e9tano, o calend\u00e1rio de doses e por que \u00e9 essencial manter em dia. Proteja sua sa\u00fade!","og_url":"https:\/\/ictdf.synergyecosys.io\/?p=843","og_site_name":"ICTDF","article_published_time":"2026-04-30T00:33:40+00:00","author":"admin","twitter_card":"summary_large_image","twitter_misc":{"Escrito por":"admin","Est. tempo de leitura":"4 minutos"},"schema":{"@context":"https:\/\/schema.org","@graph":[{"@type":"Article","@id":"https:\/\/ictdf.synergyecosys.io\/?p=843#article","isPartOf":{"@id":"https:\/\/ictdf.synergyecosys.io\/?p=843"},"author":{"name":"admin","@id":"https:\/\/ictdf.synergyecosys.io\/#\/schema\/person\/0b4488974b7b485188c0c01cb9f95b21"},"headline":"Vacina Dupla para Adultos: Entendendo a dT","datePublished":"2026-04-30T00:33:40+00:00","mainEntityOfPage":{"@id":"https:\/\/ictdf.synergyecosys.io\/?p=843"},"wordCount":731,"commentCount":0,"publisher":{"@id":"https:\/\/ictdf.synergyecosys.io\/#organization"},"image":{"@id":"https:\/\/ictdf.synergyecosys.io\/?p=843#primaryimage"},"thumbnailUrl":"https:\/\/ictdf.synergyecosys.io\/wp-content\/uploads\/2026\/04\/imagem-Vacina-dT-Adulto-Quem-Toma-e-Quando.png","articleSection":["Bem-estar"],"inLanguage":"pt-BR","potentialAction":[{"@type":"CommentAction","name":"Comment","target":["https:\/\/ictdf.synergyecosys.io\/?p=843#respond"]}]},{"@type":"WebPage","@id":"https:\/\/ictdf.synergyecosys.io\/?p=843","url":"https:\/\/ictdf.synergyecosys.io\/?p=843","name":"Vacina Dupla para Adultos: Entendendo a dT - ICTDF","isPartOf":{"@id":"https:\/\/ictdf.synergyecosys.io\/#website"},"primaryImageOfPage":{"@id":"https:\/\/ictdf.synergyecosys.io\/?p=843#primaryimage"},"image":{"@id":"https:\/\/ictdf.synergyecosys.io\/?p=843#primaryimage"},"thumbnailUrl":"https:\/\/ictdf.synergyecosys.io\/wp-content\/uploads\/2026\/04\/imagem-Vacina-dT-Adulto-Quem-Toma-e-Quando.png","datePublished":"2026-04-30T00:33:40+00:00","breadcrumb":{"@id":"https:\/\/ictdf.synergyecosys.io\/?p=843#breadcrumb"},"inLanguage":"pt-BR","potentialAction":[{"@type":"ReadAction","target":["https:\/\/ictdf.synergyecosys.io\/?p=843"]}]},{"@type":"ImageObject","inLanguage":"pt-BR","@id":"https:\/\/ictdf.synergyecosys.io\/?p=843#primaryimage","url":"https:\/\/ictdf.synergyecosys.io\/wp-content\/uploads\/2026\/04\/imagem-Vacina-dT-Adulto-Quem-Toma-e-Quando.png","contentUrl":"https:\/\/ictdf.synergyecosys.io\/wp-content\/uploads\/2026\/04\/imagem-Vacina-dT-Adulto-Quem-Toma-e-Quando.png","width":1696,"height":960},{"@type":"BreadcrumbList","@id":"https:\/\/ictdf.synergyecosys.io\/?p=843#breadcrumb","itemListElement":[{"@type":"ListItem","position":1,"name":"In\u00edcio","item":"https:\/\/ictdf.synergyecosys.io\/"},{"@type":"ListItem","position":2,"name":"Vacina Dupla para Adultos: Entendendo a dT"}]},{"@type":"WebSite","@id":"https:\/\/ictdf.synergyecosys.io\/#website","url":"https:\/\/ictdf.synergyecosys.io\/","name":"ICTDF","description":"","publisher":{"@id":"https:\/\/ictdf.synergyecosys.io\/#organization"},"potentialAction":[{"@type":"SearchAction","target":{"@type":"EntryPoint","urlTemplate":"https:\/\/ictdf.synergyecosys.io\/?s={search_term_string}"},"query-input":{"@type":"PropertyValueSpecification","valueRequired":true,"valueName":"search_term_string"}}],"inLanguage":"pt-BR"},{"@type":"Organization","@id":"https:\/\/ictdf.synergyecosys.io\/#organization","name":"ICTDF","url":"https:\/\/ictdf.synergyecosys.io\/","logo":{"@type":"ImageObject","inLanguage":"pt-BR","@id":"https:\/\/ictdf.synergyecosys.io\/#\/schema\/logo\/image\/","url":"https:\/\/ictdf.synergyecosys.io\/wp-content\/uploads\/2026\/02\/cropped-cropped-ICTDF_logo_transparente.png","contentUrl":"https:\/\/ictdf.synergyecosys.io\/wp-content\/uploads\/2026\/02\/cropped-cropped-ICTDF_logo_transparente.png","width":450,"height":141,"caption":"ICTDF"},"image":{"@id":"https:\/\/ictdf.synergyecosys.io\/#\/schema\/logo\/image\/"}},{"@type":"Person","@id":"https:\/\/ictdf.synergyecosys.io\/#\/schema\/person\/0b4488974b7b485188c0c01cb9f95b21","name":"admin","image":{"@type":"ImageObject","inLanguage":"pt-BR","@id":"https:\/\/ictdf.synergyecosys.io\/#\/schema\/person\/image\/","url":"https:\/\/secure.gravatar.com\/avatar\/ee6b87b4bde4f4817334740781bdb6e270748065085879a5aa2018d8006922fa?s=96&d=mm&r=g","contentUrl":"https:\/\/secure.gravatar.com\/avatar\/ee6b87b4bde4f4817334740781bdb6e270748065085879a5aa2018d8006922fa?s=96&d=mm&r=g","caption":"admin"},"sameAs":["https:\/\/ictdf.synergyecosys.io"],"url":"https:\/\/ictdf.synergyecosys.io\/?author=1"}]}},"_links":{"self":[{"href":"https:\/\/ictdf.synergyecosys.io\/index.php?rest_route=\/wp\/v2\/posts\/843","targetHints":{"allow":["GET"]}}],"collection":[{"href":"https:\/\/ictdf.synergyecosys.io\/index.php?rest_route=\/wp\/v2\/posts"}],"about":[{"href":"https:\/\/ictdf.synergyecosys.io\/index.php?rest_route=\/wp\/v2\/types\/post"}],"author":[{"embeddable":true,"href":"https:\/\/ictdf.synergyecosys.io\/index.php?rest_route=\/wp\/v2\/users\/1"}],"replies":[{"embeddable":true,"href":"https:\/\/ictdf.synergyecosys.io\/index.php?rest_route=%2Fwp%2Fv2%2Fcomments&post=843"}],"version-history":[{"count":0,"href":"https:\/\/ictdf.synergyecosys.io\/index.php?rest_route=\/wp\/v2\/posts\/843\/revisions"}],"wp:featuredmedia":[{"embeddable":true,"href":"https:\/\/ictdf.synergyecosys.io\/index.php?rest_route=\/wp\/v2\/media\/842"}],"wp:attachment":[{"href":"https:\/\/ictdf.synergyecosys.io\/index.php?rest_route=%2Fwp%2Fv2%2Fmedia&parent=843"}],"wp:term":[{"taxonomy":"category","embeddable":true,"href":"https:\/\/ictdf.synergyecosys.io\/index.php?rest_route=%2Fwp%2Fv2%2Fcategories&post=843"},{"taxonomy":"post_tag","embeddable":true,"href":"https:\/\/ictdf.synergyecosys.io\/index.php?rest_route=%2Fwp%2Fv2%2Ftags&post=843"}],"curies":[{"name":"wp","href":"https:\/\/api.w.org\/{rel}","templated":true}]}}