{"id":835,"date":"2026-04-28T14:33:02","date_gmt":"2026-04-28T17:33:02","guid":{"rendered":"https:\/\/ictdf.synergyecosys.io\/?p=835"},"modified":"2026-04-28T14:33:02","modified_gmt":"2026-04-28T17:33:02","slug":"sao-paulo-confirma-segundo-caso-importado-de-sarampo-em-2026-o-que-voce-precisa-saber","status":"publish","type":"post","link":"https:\/\/ictdf.synergyecosys.io\/?p=835","title":{"rendered":"S\u00e3o Paulo Confirma Segundo Caso Importado de Sarampo em 2026: O Que Voc\u00ea Precisa Saber"},"content":{"rendered":"<p>Recentemente, S\u00e3o Paulo anunciou a confirma\u00e7\u00e3o do segundo caso importado de sarampo em 2026. Isso nos lembra o qu\u00e3o vigilante precisamos ser com doen\u00e7as que pareciam controladas. Como especialista em jornalismo did\u00e1tico, analisei as implica\u00e7\u00f5es dessa not\u00edcia para ajudar voc\u00ea a entender melhor o que est\u00e1 acontecendo.<\/p>\n<p>O sarampo \u00e9 uma doen\u00e7a viral altamente contagiosa, mas preven\u00edvel com vacinas. Um caso importado significa que a pessoa contraiu a doen\u00e7a fora do pa\u00eds e trouxe para c\u00e1. Isso pode ser preocupante se n\u00e3o for monitorado.<\/p>\n<h2>Entendendo o Sarampo e Seus Riscos<\/h2>\n<p>O <strong>sarampo<\/strong>, ou *measles* em ingl\u00eas, \u00e9 causado por um v\u00edrus da fam\u00edlia Paramyxoviridae. Na pr\u00e1tica, isso significa uma infec\u00e7\u00e3o que se espalha facilmente pelo ar, atrav\u00e9s de espirros ou tosse. Sintomas incluem febre alta, erup\u00e7\u00f5es cut\u00e2neas e tosse intensa.<\/p>\n<p>Eu percebo que muitos esquecem, mas antes das vacinas, o sarampo matava milh\u00f5es anualmente. Hoje, com a vacina\u00e7\u00e3o, eliminamos a transmiss\u00e3o end\u00eamica em muitos lugares, incluindo o Brasil em 2016.<\/p>\n<h3>Como o V\u00edrus se Espalha<\/h3>\n<p>O v\u00edrus do sarampo \u00e9 t\u00e3o contagioso que uma pessoa infectada pode contaminar at\u00e9 18 outras em um ambiente fechado. Vacina\u00e7\u00e3o \u00e9 a chave: a tr\u00edplice viral protege contra sarampo, caxumba e rub\u00e9ola.<\/p>\n<h2>Por Que Casos Importados Acontecem Agora<\/h2>\n<p>Com o aumento de viagens internacionais, casos importados surgem quando viajantes voltam de \u00e1reas com surtos, como partes da Europa ou \u00c1sia. Em 2026, com a mobilidade global, isso \u00e9 esperado, mas control\u00e1vel.<\/p>\n<p>No caso de S\u00e3o Paulo, o segundo registro indica monitoramento ativo pelas autoridades de sa\u00fade. Isso reflete o cen\u00e1rio global onde a cobertura vacinal caiu em alguns pa\u00edses devido a desinforma\u00e7\u00e3o.<\/p>\n<h2>Impactos no Dia a Dia das Pessoas<\/h2>\n<p>Para fam\u00edlias em S\u00e3o Paulo, isso significa checar o cart\u00e3o de vacina\u00e7\u00e3o, especialmente de crian\u00e7as. Empresas podem ver aus\u00eancias por quarentena, e a sociedade enfrenta custos com campanhas de vacina\u00e7\u00e3o.<\/p>\n<ul>\n<li>Risco maior para n\u00e3o vacinados: complica\u00e7\u00f5es como pneumonia ou encefalite.<\/li>\n<li>Crian\u00e7as menores de 1 ano s\u00e3o vulner\u00e1veis antes da vacina.<\/li>\n<li>Idosos e imunossuprimidos tamb\u00e9m correm perigo.<\/li>\n<\/ul>\n<h3>Medidas de Preven\u00e7\u00e3o Imediatas<\/h3>\n<p>Se voc\u00ea viaja, verifique sua vacina\u00e7\u00e3o. Evite aglomera\u00e7\u00f5es se n\u00e3o estiver imunizado. Sintomas? Procure m\u00e9dico imediatamente.<\/p>\n<h2>Olhando para o Futuro: Vacina\u00e7\u00e3o como Solu\u00e7\u00e3o<\/h2>\n<p>Para evitar surtos, precisamos de 95% de cobertura vacinal. No Brasil, campanhas como a do SUS s\u00e3o essenciais. Eu recomendo acompanhar atualiza\u00e7\u00f5es do Minist\u00e9rio da Sa\u00fade.<\/p>\n<p>Tend\u00eancias mostram que com educa\u00e7\u00e3o, podemos manter o sarampo sob controle. Possibilidades futuras incluem vacinas mais acess\u00edveis globalmente.<\/p>\n<h2>Reflex\u00f5es Finais sobre a Vigil\u00e2ncia em Sa\u00fade<\/h2>\n<p>Esse segundo caso em S\u00e3o Paulo \u00e9 um alerta para n\u00e3o baixarmos a guarda. Vacine-se, informe-se e proteja sua comunidade. Juntos, mantemos doen\u00e7as como o sarampo no passado. Consulte um posto de sa\u00fade hoje!<\/p>\n","protected":false},"excerpt":{"rendered":"<p>S\u00e3o Paulo registra o segundo caso importado de sarampo em 2026, destacando a import\u00e2ncia da vacina\u00e7\u00e3o. Entenda os riscos, sintomas e como se proteger dessa doen\u00e7a altamente contagiosa.<\/p>\n","protected":false},"author":1,"featured_media":834,"comment_status":"open","ping_status":"open","sticky":false,"template":"","format":"standard","meta":{"_acf_changed":false,"_eb_attr":"","footnotes":"","_wpscppro_dont_share_socialmedia":false,"_wpscppro_custom_social_share_image":0,"_facebook_share_type":"","_twitter_share_type":"","_linkedin_share_type":"","_pinterest_share_type":"","_linkedin_share_type_page":"","_instagram_share_type":"","_medium_share_type":"","_threads_share_type":"","_google_business_share_type":"","_selected_social_profile":[],"_wpsp_enable_custom_social_template":false,"_wpsp_social_scheduling":{"enabled":false,"datetime":null,"platforms":[],"status":"template_only","dateOption":"today","timeOption":"now","customDays":"","customHours":"","customDate":"","customTime":"","schedulingType":"absolute"},"_wpsp_active_default_template":true},"categories":[3],"tags":[],"class_list":["post-835","post","type-post","status-publish","format-standard","has-post-thumbnail","hentry","category-bem-estar"],"acf":[],"yoast_head":"<!-- This site is optimized with the Yoast SEO plugin v26.9 - https:\/\/yoast.com\/product\/yoast-seo-wordpress\/ -->\n<title>S\u00e3o Paulo Confirma Segundo Caso Importado de Sarampo em 2026: O Que Voc\u00ea Precisa Saber - ICTDF<\/title>\n<meta name=\"robots\" content=\"index, follow, max-snippet:-1, max-image-preview:large, max-video-preview:-1\" \/>\n<link rel=\"canonical\" href=\"https:\/\/ictdf.synergyecosys.io\/?p=835\" \/>\n<meta property=\"og:locale\" content=\"pt_BR\" \/>\n<meta property=\"og:type\" content=\"article\" \/>\n<meta property=\"og:title\" content=\"S\u00e3o Paulo Confirma Segundo Caso Importado de Sarampo em 2026: O Que Voc\u00ea Precisa Saber - ICTDF\" \/>\n<meta property=\"og:description\" content=\"S\u00e3o Paulo registra o segundo caso importado de sarampo em 2026, destacando a import\u00e2ncia da vacina\u00e7\u00e3o. Entenda os riscos, sintomas e como se proteger dessa doen\u00e7a altamente contagiosa.\" \/>\n<meta property=\"og:url\" content=\"https:\/\/ictdf.synergyecosys.io\/?p=835\" \/>\n<meta property=\"og:site_name\" content=\"ICTDF\" \/>\n<meta property=\"article:published_time\" content=\"2026-04-28T17:33:02+00:00\" \/>\n<meta name=\"author\" content=\"admin\" \/>\n<meta name=\"twitter:card\" content=\"summary_large_image\" \/>\n<meta name=\"twitter:label1\" content=\"Escrito por\" \/>\n\t<meta name=\"twitter:data1\" content=\"admin\" \/>\n\t<meta name=\"twitter:label2\" content=\"Est. tempo de leitura\" \/>\n\t<meta name=\"twitter:data2\" content=\"2 minutos\" \/>\n<script type=\"application\/ld+json\" class=\"yoast-schema-graph\">{\"@context\":\"https:\/\/schema.org\",\"@graph\":[{\"@type\":\"Article\",\"@id\":\"https:\/\/ictdf.synergyecosys.io\/?p=835#article\",\"isPartOf\":{\"@id\":\"https:\/\/ictdf.synergyecosys.io\/?p=835\"},\"author\":{\"name\":\"admin\",\"@id\":\"https:\/\/ictdf.synergyecosys.io\/#\/schema\/person\/0b4488974b7b485188c0c01cb9f95b21\"},\"headline\":\"S\u00e3o Paulo Confirma Segundo Caso Importado de Sarampo em 2026: O Que Voc\u00ea Precisa Saber\",\"datePublished\":\"2026-04-28T17:33:02+00:00\",\"mainEntityOfPage\":{\"@id\":\"https:\/\/ictdf.synergyecosys.io\/?p=835\"},\"wordCount\":516,\"commentCount\":0,\"publisher\":{\"@id\":\"https:\/\/ictdf.synergyecosys.io\/#organization\"},\"image\":{\"@id\":\"https:\/\/ictdf.synergyecosys.io\/?p=835#primaryimage\"},\"thumbnailUrl\":\"https:\/\/ictdf.synergyecosys.io\/wp-content\/uploads\/2026\/04\/imagem-SP-Confirma-2y-Caso-de-Sarampo-Importado-em-2026.png\",\"articleSection\":[\"Bem-estar\"],\"inLanguage\":\"pt-BR\",\"potentialAction\":[{\"@type\":\"CommentAction\",\"name\":\"Comment\",\"target\":[\"https:\/\/ictdf.synergyecosys.io\/?p=835#respond\"]}]},{\"@type\":\"WebPage\",\"@id\":\"https:\/\/ictdf.synergyecosys.io\/?p=835\",\"url\":\"https:\/\/ictdf.synergyecosys.io\/?p=835\",\"name\":\"S\u00e3o Paulo Confirma Segundo Caso Importado de Sarampo em 2026: O Que Voc\u00ea Precisa Saber - ICTDF\",\"isPartOf\":{\"@id\":\"https:\/\/ictdf.synergyecosys.io\/#website\"},\"primaryImageOfPage\":{\"@id\":\"https:\/\/ictdf.synergyecosys.io\/?p=835#primaryimage\"},\"image\":{\"@id\":\"https:\/\/ictdf.synergyecosys.io\/?p=835#primaryimage\"},\"thumbnailUrl\":\"https:\/\/ictdf.synergyecosys.io\/wp-content\/uploads\/2026\/04\/imagem-SP-Confirma-2y-Caso-de-Sarampo-Importado-em-2026.png\",\"datePublished\":\"2026-04-28T17:33:02+00:00\",\"breadcrumb\":{\"@id\":\"https:\/\/ictdf.synergyecosys.io\/?p=835#breadcrumb\"},\"inLanguage\":\"pt-BR\",\"potentialAction\":[{\"@type\":\"ReadAction\",\"target\":[\"https:\/\/ictdf.synergyecosys.io\/?p=835\"]}]},{\"@type\":\"ImageObject\",\"inLanguage\":\"pt-BR\",\"@id\":\"https:\/\/ictdf.synergyecosys.io\/?p=835#primaryimage\",\"url\":\"https:\/\/ictdf.synergyecosys.io\/wp-content\/uploads\/2026\/04\/imagem-SP-Confirma-2y-Caso-de-Sarampo-Importado-em-2026.png\",\"contentUrl\":\"https:\/\/ictdf.synergyecosys.io\/wp-content\/uploads\/2026\/04\/imagem-SP-Confirma-2y-Caso-de-Sarampo-Importado-em-2026.png\",\"width\":1696,\"height\":960},{\"@type\":\"BreadcrumbList\",\"@id\":\"https:\/\/ictdf.synergyecosys.io\/?p=835#breadcrumb\",\"itemListElement\":[{\"@type\":\"ListItem\",\"position\":1,\"name\":\"In\u00edcio\",\"item\":\"https:\/\/ictdf.synergyecosys.io\/\"},{\"@type\":\"ListItem\",\"position\":2,\"name\":\"S\u00e3o Paulo Confirma Segundo Caso Importado de Sarampo em 2026: O Que Voc\u00ea Precisa Saber\"}]},{\"@type\":\"WebSite\",\"@id\":\"https:\/\/ictdf.synergyecosys.io\/#website\",\"url\":\"https:\/\/ictdf.synergyecosys.io\/\",\"name\":\"ICTDF\",\"description\":\"\",\"publisher\":{\"@id\":\"https:\/\/ictdf.synergyecosys.io\/#organization\"},\"potentialAction\":[{\"@type\":\"SearchAction\",\"target\":{\"@type\":\"EntryPoint\",\"urlTemplate\":\"https:\/\/ictdf.synergyecosys.io\/?s={search_term_string}\"},\"query-input\":{\"@type\":\"PropertyValueSpecification\",\"valueRequired\":true,\"valueName\":\"search_term_string\"}}],\"inLanguage\":\"pt-BR\"},{\"@type\":\"Organization\",\"@id\":\"https:\/\/ictdf.synergyecosys.io\/#organization\",\"name\":\"ICTDF\",\"url\":\"https:\/\/ictdf.synergyecosys.io\/\",\"logo\":{\"@type\":\"ImageObject\",\"inLanguage\":\"pt-BR\",\"@id\":\"https:\/\/ictdf.synergyecosys.io\/#\/schema\/logo\/image\/\",\"url\":\"https:\/\/ictdf.synergyecosys.io\/wp-content\/uploads\/2026\/02\/cropped-cropped-ICTDF_logo_transparente.png\",\"contentUrl\":\"https:\/\/ictdf.synergyecosys.io\/wp-content\/uploads\/2026\/02\/cropped-cropped-ICTDF_logo_transparente.png\",\"width\":450,\"height\":141,\"caption\":\"ICTDF\"},\"image\":{\"@id\":\"https:\/\/ictdf.synergyecosys.io\/#\/schema\/logo\/image\/\"}},{\"@type\":\"Person\",\"@id\":\"https:\/\/ictdf.synergyecosys.io\/#\/schema\/person\/0b4488974b7b485188c0c01cb9f95b21\",\"name\":\"admin\",\"image\":{\"@type\":\"ImageObject\",\"inLanguage\":\"pt-BR\",\"@id\":\"https:\/\/ictdf.synergyecosys.io\/#\/schema\/person\/image\/\",\"url\":\"https:\/\/secure.gravatar.com\/avatar\/ee6b87b4bde4f4817334740781bdb6e270748065085879a5aa2018d8006922fa?s=96&d=mm&r=g\",\"contentUrl\":\"https:\/\/secure.gravatar.com\/avatar\/ee6b87b4bde4f4817334740781bdb6e270748065085879a5aa2018d8006922fa?s=96&d=mm&r=g\",\"caption\":\"admin\"},\"sameAs\":[\"https:\/\/ictdf.synergyecosys.io\"],\"url\":\"https:\/\/ictdf.synergyecosys.io\/?author=1\"}]}<\/script>\n<!-- \/ Yoast SEO plugin. -->","yoast_head_json":{"title":"S\u00e3o Paulo Confirma Segundo Caso Importado de Sarampo em 2026: O Que Voc\u00ea Precisa Saber - ICTDF","robots":{"index":"index","follow":"follow","max-snippet":"max-snippet:-1","max-image-preview":"max-image-preview:large","max-video-preview":"max-video-preview:-1"},"canonical":"https:\/\/ictdf.synergyecosys.io\/?p=835","og_locale":"pt_BR","og_type":"article","og_title":"S\u00e3o Paulo Confirma Segundo Caso Importado de Sarampo em 2026: O Que Voc\u00ea Precisa Saber - ICTDF","og_description":"S\u00e3o Paulo registra o segundo caso importado de sarampo em 2026, destacando a import\u00e2ncia da vacina\u00e7\u00e3o. Entenda os riscos, sintomas e como se proteger dessa doen\u00e7a altamente contagiosa.","og_url":"https:\/\/ictdf.synergyecosys.io\/?p=835","og_site_name":"ICTDF","article_published_time":"2026-04-28T17:33:02+00:00","author":"admin","twitter_card":"summary_large_image","twitter_misc":{"Escrito por":"admin","Est. tempo de leitura":"2 minutos"},"schema":{"@context":"https:\/\/schema.org","@graph":[{"@type":"Article","@id":"https:\/\/ictdf.synergyecosys.io\/?p=835#article","isPartOf":{"@id":"https:\/\/ictdf.synergyecosys.io\/?p=835"},"author":{"name":"admin","@id":"https:\/\/ictdf.synergyecosys.io\/#\/schema\/person\/0b4488974b7b485188c0c01cb9f95b21"},"headline":"S\u00e3o Paulo Confirma Segundo Caso Importado de Sarampo em 2026: O Que Voc\u00ea Precisa Saber","datePublished":"2026-04-28T17:33:02+00:00","mainEntityOfPage":{"@id":"https:\/\/ictdf.synergyecosys.io\/?p=835"},"wordCount":516,"commentCount":0,"publisher":{"@id":"https:\/\/ictdf.synergyecosys.io\/#organization"},"image":{"@id":"https:\/\/ictdf.synergyecosys.io\/?p=835#primaryimage"},"thumbnailUrl":"https:\/\/ictdf.synergyecosys.io\/wp-content\/uploads\/2026\/04\/imagem-SP-Confirma-2y-Caso-de-Sarampo-Importado-em-2026.png","articleSection":["Bem-estar"],"inLanguage":"pt-BR","potentialAction":[{"@type":"CommentAction","name":"Comment","target":["https:\/\/ictdf.synergyecosys.io\/?p=835#respond"]}]},{"@type":"WebPage","@id":"https:\/\/ictdf.synergyecosys.io\/?p=835","url":"https:\/\/ictdf.synergyecosys.io\/?p=835","name":"S\u00e3o Paulo Confirma Segundo Caso Importado de Sarampo em 2026: O Que Voc\u00ea Precisa Saber - ICTDF","isPartOf":{"@id":"https:\/\/ictdf.synergyecosys.io\/#website"},"primaryImageOfPage":{"@id":"https:\/\/ictdf.synergyecosys.io\/?p=835#primaryimage"},"image":{"@id":"https:\/\/ictdf.synergyecosys.io\/?p=835#primaryimage"},"thumbnailUrl":"https:\/\/ictdf.synergyecosys.io\/wp-content\/uploads\/2026\/04\/imagem-SP-Confirma-2y-Caso-de-Sarampo-Importado-em-2026.png","datePublished":"2026-04-28T17:33:02+00:00","breadcrumb":{"@id":"https:\/\/ictdf.synergyecosys.io\/?p=835#breadcrumb"},"inLanguage":"pt-BR","potentialAction":[{"@type":"ReadAction","target":["https:\/\/ictdf.synergyecosys.io\/?p=835"]}]},{"@type":"ImageObject","inLanguage":"pt-BR","@id":"https:\/\/ictdf.synergyecosys.io\/?p=835#primaryimage","url":"https:\/\/ictdf.synergyecosys.io\/wp-content\/uploads\/2026\/04\/imagem-SP-Confirma-2y-Caso-de-Sarampo-Importado-em-2026.png","contentUrl":"https:\/\/ictdf.synergyecosys.io\/wp-content\/uploads\/2026\/04\/imagem-SP-Confirma-2y-Caso-de-Sarampo-Importado-em-2026.png","width":1696,"height":960},{"@type":"BreadcrumbList","@id":"https:\/\/ictdf.synergyecosys.io\/?p=835#breadcrumb","itemListElement":[{"@type":"ListItem","position":1,"name":"In\u00edcio","item":"https:\/\/ictdf.synergyecosys.io\/"},{"@type":"ListItem","position":2,"name":"S\u00e3o Paulo Confirma Segundo Caso Importado de Sarampo em 2026: O Que Voc\u00ea Precisa Saber"}]},{"@type":"WebSite","@id":"https:\/\/ictdf.synergyecosys.io\/#website","url":"https:\/\/ictdf.synergyecosys.io\/","name":"ICTDF","description":"","publisher":{"@id":"https:\/\/ictdf.synergyecosys.io\/#organization"},"potentialAction":[{"@type":"SearchAction","target":{"@type":"EntryPoint","urlTemplate":"https:\/\/ictdf.synergyecosys.io\/?s={search_term_string}"},"query-input":{"@type":"PropertyValueSpecification","valueRequired":true,"valueName":"search_term_string"}}],"inLanguage":"pt-BR"},{"@type":"Organization","@id":"https:\/\/ictdf.synergyecosys.io\/#organization","name":"ICTDF","url":"https:\/\/ictdf.synergyecosys.io\/","logo":{"@type":"ImageObject","inLanguage":"pt-BR","@id":"https:\/\/ictdf.synergyecosys.io\/#\/schema\/logo\/image\/","url":"https:\/\/ictdf.synergyecosys.io\/wp-content\/uploads\/2026\/02\/cropped-cropped-ICTDF_logo_transparente.png","contentUrl":"https:\/\/ictdf.synergyecosys.io\/wp-content\/uploads\/2026\/02\/cropped-cropped-ICTDF_logo_transparente.png","width":450,"height":141,"caption":"ICTDF"},"image":{"@id":"https:\/\/ictdf.synergyecosys.io\/#\/schema\/logo\/image\/"}},{"@type":"Person","@id":"https:\/\/ictdf.synergyecosys.io\/#\/schema\/person\/0b4488974b7b485188c0c01cb9f95b21","name":"admin","image":{"@type":"ImageObject","inLanguage":"pt-BR","@id":"https:\/\/ictdf.synergyecosys.io\/#\/schema\/person\/image\/","url":"https:\/\/secure.gravatar.com\/avatar\/ee6b87b4bde4f4817334740781bdb6e270748065085879a5aa2018d8006922fa?s=96&d=mm&r=g","contentUrl":"https:\/\/secure.gravatar.com\/avatar\/ee6b87b4bde4f4817334740781bdb6e270748065085879a5aa2018d8006922fa?s=96&d=mm&r=g","caption":"admin"},"sameAs":["https:\/\/ictdf.synergyecosys.io"],"url":"https:\/\/ictdf.synergyecosys.io\/?author=1"}]}},"_links":{"self":[{"href":"https:\/\/ictdf.synergyecosys.io\/index.php?rest_route=\/wp\/v2\/posts\/835","targetHints":{"allow":["GET"]}}],"collection":[{"href":"https:\/\/ictdf.synergyecosys.io\/index.php?rest_route=\/wp\/v2\/posts"}],"about":[{"href":"https:\/\/ictdf.synergyecosys.io\/index.php?rest_route=\/wp\/v2\/types\/post"}],"author":[{"embeddable":true,"href":"https:\/\/ictdf.synergyecosys.io\/index.php?rest_route=\/wp\/v2\/users\/1"}],"replies":[{"embeddable":true,"href":"https:\/\/ictdf.synergyecosys.io\/index.php?rest_route=%2Fwp%2Fv2%2Fcomments&post=835"}],"version-history":[{"count":0,"href":"https:\/\/ictdf.synergyecosys.io\/index.php?rest_route=\/wp\/v2\/posts\/835\/revisions"}],"wp:featuredmedia":[{"embeddable":true,"href":"https:\/\/ictdf.synergyecosys.io\/index.php?rest_route=\/wp\/v2\/media\/834"}],"wp:attachment":[{"href":"https:\/\/ictdf.synergyecosys.io\/index.php?rest_route=%2Fwp%2Fv2%2Fmedia&parent=835"}],"wp:term":[{"taxonomy":"category","embeddable":true,"href":"https:\/\/ictdf.synergyecosys.io\/index.php?rest_route=%2Fwp%2Fv2%2Fcategories&post=835"},{"taxonomy":"post_tag","embeddable":true,"href":"https:\/\/ictdf.synergyecosys.io\/index.php?rest_route=%2Fwp%2Fv2%2Ftags&post=835"}],"curies":[{"name":"wp","href":"https:\/\/api.w.org\/{rel}","templated":true}]}}