{"id":827,"date":"2026-04-27T21:33:35","date_gmt":"2026-04-28T00:33:35","guid":{"rendered":"https:\/\/ictdf.synergyecosys.io\/?p=827"},"modified":"2026-04-27T21:33:35","modified_gmt":"2026-04-28T00:33:35","slug":"gravidez-com-lupus-e-arriscada-ela-pode-levar-o-bebe-ate-o-termo","status":"publish","type":"post","link":"https:\/\/ictdf.synergyecosys.io\/?p=827","title":{"rendered":"Gravidez com L\u00fapus \u00e9 Arriscada? Ela Pode Levar o Beb\u00ea At\u00e9 o Termo?"},"content":{"rendered":"<p>Quando pensamos em gravidez, imaginamos um per\u00edodo de alegria e expectativa. Mas para mulheres com l\u00fapus, essa jornada pode vir com preocupa\u00e7\u00f5es extras. Eu, como especialista em jornalismo did\u00e1tico, analisei estudos e relatos para trazer uma vis\u00e3o clara e acess\u00edvel sobre o tema.<\/p>\n<p>O l\u00fapus, ou <strong>l\u00fapus eritematoso sist\u00eamico<\/strong>, \u00e9 uma doen\u00e7a autoimune que afeta v\u00e1rias partes do corpo. Na pr\u00e1tica, significa que o sistema imunol\u00f3gico ataca tecidos saud\u00e1veis, causando inflama\u00e7\u00f5es. E quando isso acontece durante a gravidez? Vamos explorar juntos.<\/p>\n<h2>Por que a gravidez com l\u00fapus exige cuidados especiais?<\/h2>\n<p>O l\u00fapus pode piorar durante a gesta\u00e7\u00e3o devido a mudan\u00e7as hormonais, como o aumento de estrog\u00eanio e prolactina. Na minha an\u00e1lise, vi que cerca de 20-30% das mulheres experimentam surtos da doen\u00e7a nesse per\u00edodo. Mas o bom \u00e9 que, se a doen\u00e7a estiver em remiss\u00e3o por pelo menos seis meses antes da concep\u00e7\u00e3o, os riscos caem bastante.<\/p>\n<p>Hist\u00f3rico mostra que mulheres com l\u00fapus bem controlado t\u00eam gesta\u00e7\u00f5es semelhantes \u00e0s de outras pessoas. No entanto, sem planejamento, complica\u00e7\u00f5es como protein\u00faria ou hipertens\u00e3o podem surgir, tornando tudo mais delicado.<\/p>\n<h3>O que \u00e9 remiss\u00e3o e por que ela importa?<\/h3>\n<p>Remiss\u00e3o \u00e9 quando os sintomas est\u00e3o controlados, sem flares ativos. Recomendo sempre consultar um reumatologista e um obstetra antes de tentar engravidar. Eles podem ajustar medicamentos seguros para a gravidez, como a hidroxicloroquina.<\/p>\n<h2>Quais s\u00e3o os impactos reais para m\u00e3e e beb\u00ea?<\/h2>\n<p>Para a m\u00e3e, h\u00e1 risco de pr\u00e9-ecl\u00e2mpsia, parto prematuro e at\u00e9 l\u00fapus renal. J\u00e1 para o beb\u00ea, preocupa\u00e7\u00f5es incluem crescimento restrito no \u00fatero, aborto espont\u00e2neo ou natimorto. Estat\u00edsticas indicam que a taxa de nascidos vivos \u00e9 de cerca de 72%, mas com tratamento, a maioria chega ao termo.<\/p>\n<p>Uma complica\u00e7\u00e3o not\u00e1vel \u00e9 o l\u00fapus neonatal, que afeta o beb\u00ea com rash ou problemas card\u00edacos, mas geralmente \u00e9 benigno e tempor\u00e1rio. Mulheres com anticorpos anti-Ro ou anti-La precisam de monitoramento card\u00edaco fetal no 16\u00ba e 30\u00ba semanas.<\/p>\n<ul>\n<li><strong>Aborto espont\u00e2neo:<\/strong> Mais comum no primeiro trimestre, ligado a atividade da doen\u00e7a.<\/li>\n<li><strong>Parto prematuro:<\/strong> Afeta cerca de um ter\u00e7o dos casos.<\/li>\n<li><strong>S\u00edndrome antifosfolip\u00eddica:<\/strong> Aumenta riscos de perda fetal, mas heparina e aspirina ajudam.<\/li>\n<\/ul>\n<h2>Como planejar uma gravidez segura com l\u00fapus?<\/h2>\n<p>O segredo est\u00e1 no planejamento. Evite engravidar durante flares ativos. Use contraceptivos confi\u00e1veis at\u00e9 que a doen\u00e7a esteja est\u00e1vel. Durante a gesta\u00e7\u00e3o, consultas regulares s\u00e3o essenciais para detectar problemas cedo.<\/p>\n<p>Eu percebo que muitas mulheres com l\u00fapus t\u00eam beb\u00eas saud\u00e1veis gra\u00e7as a equipes multidisciplinares. Tend\u00eancias mostram avan\u00e7os em tratamentos que minimizam riscos, como imunossupressores seguros. No futuro, pesquisas podem tornar essas gesta\u00e7\u00f5es ainda mais previs\u00edveis.<\/p>\n<h2>Reflex\u00f5es finais: Esperan\u00e7a al\u00e9m dos riscos<\/h2>\n<p>Sim, a gravidez com l\u00fapus \u00e9 arriscada, mas n\u00e3o imposs\u00edvel. Com cuidados adequados, muitas mulheres levam seus beb\u00eas at\u00e9 o termo com sucesso. Se voc\u00ea ou algu\u00e9m pr\u00f3ximo enfrenta isso, busque orienta\u00e7\u00e3o m\u00e9dica personalizada. Lembre-se: informa\u00e7\u00e3o \u00e9 o primeiro passo para uma jornada mais segura e confiante.<\/p>\n","protected":false},"excerpt":{"rendered":"<p>Entenda os riscos da gravidez com l\u00fapus e se \u00e9 poss\u00edvel levar o beb\u00ea at\u00e9 o termo. Dicas essenciais para m\u00e3es com essa condi\u00e7\u00e3o autoimune, baseadas em evid\u00eancias m\u00e9dicas.<\/p>\n","protected":false},"author":1,"featured_media":826,"comment_status":"open","ping_status":"open","sticky":false,"template":"","format":"standard","meta":{"_acf_changed":false,"_eb_attr":"","footnotes":"","_wpscppro_dont_share_socialmedia":false,"_wpscppro_custom_social_share_image":0,"_facebook_share_type":"","_twitter_share_type":"","_linkedin_share_type":"","_pinterest_share_type":"","_linkedin_share_type_page":"","_instagram_share_type":"","_medium_share_type":"","_threads_share_type":"","_google_business_share_type":"","_selected_social_profile":[],"_wpsp_enable_custom_social_template":false,"_wpsp_social_scheduling":{"enabled":false,"datetime":null,"platforms":[],"status":"template_only","dateOption":"today","timeOption":"now","customDays":"","customHours":"","customDate":"","customTime":"","schedulingType":"absolute"},"_wpsp_active_default_template":true},"categories":[3],"tags":[],"class_list":["post-827","post","type-post","status-publish","format-standard","has-post-thumbnail","hentry","category-bem-estar"],"acf":[],"yoast_head":"<!-- This site is optimized with the Yoast SEO plugin v26.9 - https:\/\/yoast.com\/product\/yoast-seo-wordpress\/ -->\n<title>Gravidez com L\u00fapus \u00e9 Arriscada? Ela Pode Levar o Beb\u00ea At\u00e9 o Termo? - ICTDF<\/title>\n<meta name=\"robots\" content=\"index, follow, max-snippet:-1, max-image-preview:large, max-video-preview:-1\" \/>\n<link rel=\"canonical\" href=\"https:\/\/ictdf.synergyecosys.io\/?p=827\" \/>\n<meta property=\"og:locale\" content=\"pt_BR\" \/>\n<meta property=\"og:type\" content=\"article\" \/>\n<meta property=\"og:title\" content=\"Gravidez com L\u00fapus \u00e9 Arriscada? Ela Pode Levar o Beb\u00ea At\u00e9 o Termo? - ICTDF\" \/>\n<meta property=\"og:description\" content=\"Entenda os riscos da gravidez com l\u00fapus e se \u00e9 poss\u00edvel levar o beb\u00ea at\u00e9 o termo. Dicas essenciais para m\u00e3es com essa condi\u00e7\u00e3o autoimune, baseadas em evid\u00eancias m\u00e9dicas.\" \/>\n<meta property=\"og:url\" content=\"https:\/\/ictdf.synergyecosys.io\/?p=827\" \/>\n<meta property=\"og:site_name\" content=\"ICTDF\" \/>\n<meta property=\"article:published_time\" content=\"2026-04-28T00:33:35+00:00\" \/>\n<meta name=\"author\" content=\"admin\" \/>\n<meta name=\"twitter:card\" content=\"summary_large_image\" \/>\n<meta name=\"twitter:label1\" content=\"Escrito por\" \/>\n\t<meta name=\"twitter:data1\" content=\"admin\" \/>\n\t<meta name=\"twitter:label2\" content=\"Est. tempo de leitura\" \/>\n\t<meta name=\"twitter:data2\" content=\"3 minutos\" \/>\n<script type=\"application\/ld+json\" class=\"yoast-schema-graph\">{\"@context\":\"https:\/\/schema.org\",\"@graph\":[{\"@type\":\"Article\",\"@id\":\"https:\/\/ictdf.synergyecosys.io\/?p=827#article\",\"isPartOf\":{\"@id\":\"https:\/\/ictdf.synergyecosys.io\/?p=827\"},\"author\":{\"name\":\"admin\",\"@id\":\"https:\/\/ictdf.synergyecosys.io\/#\/schema\/person\/0b4488974b7b485188c0c01cb9f95b21\"},\"headline\":\"Gravidez com L\u00fapus \u00e9 Arriscada? Ela Pode Levar o Beb\u00ea At\u00e9 o Termo?\",\"datePublished\":\"2026-04-28T00:33:35+00:00\",\"mainEntityOfPage\":{\"@id\":\"https:\/\/ictdf.synergyecosys.io\/?p=827\"},\"wordCount\":556,\"commentCount\":0,\"publisher\":{\"@id\":\"https:\/\/ictdf.synergyecosys.io\/#organization\"},\"image\":{\"@id\":\"https:\/\/ictdf.synergyecosys.io\/?p=827#primaryimage\"},\"thumbnailUrl\":\"https:\/\/ictdf.synergyecosys.io\/wp-content\/uploads\/2026\/04\/imagem-Gravidez-com-Lypus-Riscos-e-Possibilidades.png\",\"articleSection\":[\"Bem-estar\"],\"inLanguage\":\"pt-BR\",\"potentialAction\":[{\"@type\":\"CommentAction\",\"name\":\"Comment\",\"target\":[\"https:\/\/ictdf.synergyecosys.io\/?p=827#respond\"]}]},{\"@type\":\"WebPage\",\"@id\":\"https:\/\/ictdf.synergyecosys.io\/?p=827\",\"url\":\"https:\/\/ictdf.synergyecosys.io\/?p=827\",\"name\":\"Gravidez com L\u00fapus \u00e9 Arriscada? Ela Pode Levar o Beb\u00ea At\u00e9 o Termo? - ICTDF\",\"isPartOf\":{\"@id\":\"https:\/\/ictdf.synergyecosys.io\/#website\"},\"primaryImageOfPage\":{\"@id\":\"https:\/\/ictdf.synergyecosys.io\/?p=827#primaryimage\"},\"image\":{\"@id\":\"https:\/\/ictdf.synergyecosys.io\/?p=827#primaryimage\"},\"thumbnailUrl\":\"https:\/\/ictdf.synergyecosys.io\/wp-content\/uploads\/2026\/04\/imagem-Gravidez-com-Lypus-Riscos-e-Possibilidades.png\",\"datePublished\":\"2026-04-28T00:33:35+00:00\",\"breadcrumb\":{\"@id\":\"https:\/\/ictdf.synergyecosys.io\/?p=827#breadcrumb\"},\"inLanguage\":\"pt-BR\",\"potentialAction\":[{\"@type\":\"ReadAction\",\"target\":[\"https:\/\/ictdf.synergyecosys.io\/?p=827\"]}]},{\"@type\":\"ImageObject\",\"inLanguage\":\"pt-BR\",\"@id\":\"https:\/\/ictdf.synergyecosys.io\/?p=827#primaryimage\",\"url\":\"https:\/\/ictdf.synergyecosys.io\/wp-content\/uploads\/2026\/04\/imagem-Gravidez-com-Lypus-Riscos-e-Possibilidades.png\",\"contentUrl\":\"https:\/\/ictdf.synergyecosys.io\/wp-content\/uploads\/2026\/04\/imagem-Gravidez-com-Lypus-Riscos-e-Possibilidades.png\",\"width\":1696,\"height\":960},{\"@type\":\"BreadcrumbList\",\"@id\":\"https:\/\/ictdf.synergyecosys.io\/?p=827#breadcrumb\",\"itemListElement\":[{\"@type\":\"ListItem\",\"position\":1,\"name\":\"In\u00edcio\",\"item\":\"https:\/\/ictdf.synergyecosys.io\/\"},{\"@type\":\"ListItem\",\"position\":2,\"name\":\"Gravidez com L\u00fapus \u00e9 Arriscada? Ela Pode Levar o Beb\u00ea At\u00e9 o Termo?\"}]},{\"@type\":\"WebSite\",\"@id\":\"https:\/\/ictdf.synergyecosys.io\/#website\",\"url\":\"https:\/\/ictdf.synergyecosys.io\/\",\"name\":\"ICTDF\",\"description\":\"\",\"publisher\":{\"@id\":\"https:\/\/ictdf.synergyecosys.io\/#organization\"},\"potentialAction\":[{\"@type\":\"SearchAction\",\"target\":{\"@type\":\"EntryPoint\",\"urlTemplate\":\"https:\/\/ictdf.synergyecosys.io\/?s={search_term_string}\"},\"query-input\":{\"@type\":\"PropertyValueSpecification\",\"valueRequired\":true,\"valueName\":\"search_term_string\"}}],\"inLanguage\":\"pt-BR\"},{\"@type\":\"Organization\",\"@id\":\"https:\/\/ictdf.synergyecosys.io\/#organization\",\"name\":\"ICTDF\",\"url\":\"https:\/\/ictdf.synergyecosys.io\/\",\"logo\":{\"@type\":\"ImageObject\",\"inLanguage\":\"pt-BR\",\"@id\":\"https:\/\/ictdf.synergyecosys.io\/#\/schema\/logo\/image\/\",\"url\":\"https:\/\/ictdf.synergyecosys.io\/wp-content\/uploads\/2026\/02\/cropped-cropped-ICTDF_logo_transparente.png\",\"contentUrl\":\"https:\/\/ictdf.synergyecosys.io\/wp-content\/uploads\/2026\/02\/cropped-cropped-ICTDF_logo_transparente.png\",\"width\":450,\"height\":141,\"caption\":\"ICTDF\"},\"image\":{\"@id\":\"https:\/\/ictdf.synergyecosys.io\/#\/schema\/logo\/image\/\"}},{\"@type\":\"Person\",\"@id\":\"https:\/\/ictdf.synergyecosys.io\/#\/schema\/person\/0b4488974b7b485188c0c01cb9f95b21\",\"name\":\"admin\",\"image\":{\"@type\":\"ImageObject\",\"inLanguage\":\"pt-BR\",\"@id\":\"https:\/\/ictdf.synergyecosys.io\/#\/schema\/person\/image\/\",\"url\":\"https:\/\/secure.gravatar.com\/avatar\/ee6b87b4bde4f4817334740781bdb6e270748065085879a5aa2018d8006922fa?s=96&d=mm&r=g\",\"contentUrl\":\"https:\/\/secure.gravatar.com\/avatar\/ee6b87b4bde4f4817334740781bdb6e270748065085879a5aa2018d8006922fa?s=96&d=mm&r=g\",\"caption\":\"admin\"},\"sameAs\":[\"https:\/\/ictdf.synergyecosys.io\"],\"url\":\"https:\/\/ictdf.synergyecosys.io\/?author=1\"}]}<\/script>\n<!-- \/ Yoast SEO plugin. -->","yoast_head_json":{"title":"Gravidez com L\u00fapus \u00e9 Arriscada? Ela Pode Levar o Beb\u00ea At\u00e9 o Termo? - ICTDF","robots":{"index":"index","follow":"follow","max-snippet":"max-snippet:-1","max-image-preview":"max-image-preview:large","max-video-preview":"max-video-preview:-1"},"canonical":"https:\/\/ictdf.synergyecosys.io\/?p=827","og_locale":"pt_BR","og_type":"article","og_title":"Gravidez com L\u00fapus \u00e9 Arriscada? Ela Pode Levar o Beb\u00ea At\u00e9 o Termo? - ICTDF","og_description":"Entenda os riscos da gravidez com l\u00fapus e se \u00e9 poss\u00edvel levar o beb\u00ea at\u00e9 o termo. Dicas essenciais para m\u00e3es com essa condi\u00e7\u00e3o autoimune, baseadas em evid\u00eancias m\u00e9dicas.","og_url":"https:\/\/ictdf.synergyecosys.io\/?p=827","og_site_name":"ICTDF","article_published_time":"2026-04-28T00:33:35+00:00","author":"admin","twitter_card":"summary_large_image","twitter_misc":{"Escrito por":"admin","Est. tempo de leitura":"3 minutos"},"schema":{"@context":"https:\/\/schema.org","@graph":[{"@type":"Article","@id":"https:\/\/ictdf.synergyecosys.io\/?p=827#article","isPartOf":{"@id":"https:\/\/ictdf.synergyecosys.io\/?p=827"},"author":{"name":"admin","@id":"https:\/\/ictdf.synergyecosys.io\/#\/schema\/person\/0b4488974b7b485188c0c01cb9f95b21"},"headline":"Gravidez com L\u00fapus \u00e9 Arriscada? Ela Pode Levar o Beb\u00ea At\u00e9 o Termo?","datePublished":"2026-04-28T00:33:35+00:00","mainEntityOfPage":{"@id":"https:\/\/ictdf.synergyecosys.io\/?p=827"},"wordCount":556,"commentCount":0,"publisher":{"@id":"https:\/\/ictdf.synergyecosys.io\/#organization"},"image":{"@id":"https:\/\/ictdf.synergyecosys.io\/?p=827#primaryimage"},"thumbnailUrl":"https:\/\/ictdf.synergyecosys.io\/wp-content\/uploads\/2026\/04\/imagem-Gravidez-com-Lypus-Riscos-e-Possibilidades.png","articleSection":["Bem-estar"],"inLanguage":"pt-BR","potentialAction":[{"@type":"CommentAction","name":"Comment","target":["https:\/\/ictdf.synergyecosys.io\/?p=827#respond"]}]},{"@type":"WebPage","@id":"https:\/\/ictdf.synergyecosys.io\/?p=827","url":"https:\/\/ictdf.synergyecosys.io\/?p=827","name":"Gravidez com L\u00fapus \u00e9 Arriscada? Ela Pode Levar o Beb\u00ea At\u00e9 o Termo? - ICTDF","isPartOf":{"@id":"https:\/\/ictdf.synergyecosys.io\/#website"},"primaryImageOfPage":{"@id":"https:\/\/ictdf.synergyecosys.io\/?p=827#primaryimage"},"image":{"@id":"https:\/\/ictdf.synergyecosys.io\/?p=827#primaryimage"},"thumbnailUrl":"https:\/\/ictdf.synergyecosys.io\/wp-content\/uploads\/2026\/04\/imagem-Gravidez-com-Lypus-Riscos-e-Possibilidades.png","datePublished":"2026-04-28T00:33:35+00:00","breadcrumb":{"@id":"https:\/\/ictdf.synergyecosys.io\/?p=827#breadcrumb"},"inLanguage":"pt-BR","potentialAction":[{"@type":"ReadAction","target":["https:\/\/ictdf.synergyecosys.io\/?p=827"]}]},{"@type":"ImageObject","inLanguage":"pt-BR","@id":"https:\/\/ictdf.synergyecosys.io\/?p=827#primaryimage","url":"https:\/\/ictdf.synergyecosys.io\/wp-content\/uploads\/2026\/04\/imagem-Gravidez-com-Lypus-Riscos-e-Possibilidades.png","contentUrl":"https:\/\/ictdf.synergyecosys.io\/wp-content\/uploads\/2026\/04\/imagem-Gravidez-com-Lypus-Riscos-e-Possibilidades.png","width":1696,"height":960},{"@type":"BreadcrumbList","@id":"https:\/\/ictdf.synergyecosys.io\/?p=827#breadcrumb","itemListElement":[{"@type":"ListItem","position":1,"name":"In\u00edcio","item":"https:\/\/ictdf.synergyecosys.io\/"},{"@type":"ListItem","position":2,"name":"Gravidez com L\u00fapus \u00e9 Arriscada? Ela Pode Levar o Beb\u00ea At\u00e9 o Termo?"}]},{"@type":"WebSite","@id":"https:\/\/ictdf.synergyecosys.io\/#website","url":"https:\/\/ictdf.synergyecosys.io\/","name":"ICTDF","description":"","publisher":{"@id":"https:\/\/ictdf.synergyecosys.io\/#organization"},"potentialAction":[{"@type":"SearchAction","target":{"@type":"EntryPoint","urlTemplate":"https:\/\/ictdf.synergyecosys.io\/?s={search_term_string}"},"query-input":{"@type":"PropertyValueSpecification","valueRequired":true,"valueName":"search_term_string"}}],"inLanguage":"pt-BR"},{"@type":"Organization","@id":"https:\/\/ictdf.synergyecosys.io\/#organization","name":"ICTDF","url":"https:\/\/ictdf.synergyecosys.io\/","logo":{"@type":"ImageObject","inLanguage":"pt-BR","@id":"https:\/\/ictdf.synergyecosys.io\/#\/schema\/logo\/image\/","url":"https:\/\/ictdf.synergyecosys.io\/wp-content\/uploads\/2026\/02\/cropped-cropped-ICTDF_logo_transparente.png","contentUrl":"https:\/\/ictdf.synergyecosys.io\/wp-content\/uploads\/2026\/02\/cropped-cropped-ICTDF_logo_transparente.png","width":450,"height":141,"caption":"ICTDF"},"image":{"@id":"https:\/\/ictdf.synergyecosys.io\/#\/schema\/logo\/image\/"}},{"@type":"Person","@id":"https:\/\/ictdf.synergyecosys.io\/#\/schema\/person\/0b4488974b7b485188c0c01cb9f95b21","name":"admin","image":{"@type":"ImageObject","inLanguage":"pt-BR","@id":"https:\/\/ictdf.synergyecosys.io\/#\/schema\/person\/image\/","url":"https:\/\/secure.gravatar.com\/avatar\/ee6b87b4bde4f4817334740781bdb6e270748065085879a5aa2018d8006922fa?s=96&d=mm&r=g","contentUrl":"https:\/\/secure.gravatar.com\/avatar\/ee6b87b4bde4f4817334740781bdb6e270748065085879a5aa2018d8006922fa?s=96&d=mm&r=g","caption":"admin"},"sameAs":["https:\/\/ictdf.synergyecosys.io"],"url":"https:\/\/ictdf.synergyecosys.io\/?author=1"}]}},"_links":{"self":[{"href":"https:\/\/ictdf.synergyecosys.io\/index.php?rest_route=\/wp\/v2\/posts\/827","targetHints":{"allow":["GET"]}}],"collection":[{"href":"https:\/\/ictdf.synergyecosys.io\/index.php?rest_route=\/wp\/v2\/posts"}],"about":[{"href":"https:\/\/ictdf.synergyecosys.io\/index.php?rest_route=\/wp\/v2\/types\/post"}],"author":[{"embeddable":true,"href":"https:\/\/ictdf.synergyecosys.io\/index.php?rest_route=\/wp\/v2\/users\/1"}],"replies":[{"embeddable":true,"href":"https:\/\/ictdf.synergyecosys.io\/index.php?rest_route=%2Fwp%2Fv2%2Fcomments&post=827"}],"version-history":[{"count":0,"href":"https:\/\/ictdf.synergyecosys.io\/index.php?rest_route=\/wp\/v2\/posts\/827\/revisions"}],"wp:featuredmedia":[{"embeddable":true,"href":"https:\/\/ictdf.synergyecosys.io\/index.php?rest_route=\/wp\/v2\/media\/826"}],"wp:attachment":[{"href":"https:\/\/ictdf.synergyecosys.io\/index.php?rest_route=%2Fwp%2Fv2%2Fmedia&parent=827"}],"wp:term":[{"taxonomy":"category","embeddable":true,"href":"https:\/\/ictdf.synergyecosys.io\/index.php?rest_route=%2Fwp%2Fv2%2Fcategories&post=827"},{"taxonomy":"post_tag","embeddable":true,"href":"https:\/\/ictdf.synergyecosys.io\/index.php?rest_route=%2Fwp%2Fv2%2Ftags&post=827"}],"curies":[{"name":"wp","href":"https:\/\/api.w.org\/{rel}","templated":true}]}}