{"id":815,"date":"2026-04-26T10:32:56","date_gmt":"2026-04-26T13:32:56","guid":{"rendered":"https:\/\/ictdf.synergyecosys.io\/?p=815"},"modified":"2026-04-26T10:32:56","modified_gmt":"2026-04-26T13:32:56","slug":"essa-imagem-explica-por-que-seus-movimentos-dependem-dos-tendoes","status":"publish","type":"post","link":"https:\/\/ictdf.synergyecosys.io\/?p=815","title":{"rendered":"Essa Imagem Explica Por Que Seus Movimentos Dependem dos Tend\u00f5es"},"content":{"rendered":"<p>Voc\u00ea j\u00e1 parou para pensar no que faz seus m\u00fasculos funcionarem de verdade? N\u00e3o s\u00e3o s\u00f3 os m\u00fasculos sozinhos que nos permitem andar, correr ou at\u00e9 pegar um copo d&#8217;\u00e1gua. Atr\u00e1s disso tudo, h\u00e1 estruturas incr\u00edveis chamadas <strong>tend\u00f5es<\/strong>. Neste artigo, vamos descomplicar esse tema da anatomia humana de um jeito leve e acess\u00edvel.<\/p>\n<p>Eu analisei fontes confi\u00e1veis, como defini\u00e7\u00f5es da anatomia, para trazer explica\u00e7\u00f5es claras. Vamos ver por que os tend\u00f5es s\u00e3o os verdadeiros &#8216;cabos&#8217; do nosso corpo.<\/p>\n<h2>O Que S\u00e3o Tend\u00f5es e Por Que Eles S\u00e3o Essenciais?<\/h2>\n<p>Imagine os tend\u00f5es como cordas resistentes que conectam os m\u00fasculos aos ossos. Na pr\u00e1tica, o <strong>tend\u00e3o<\/strong> \u00e9 uma banda de tecido conjuntivo fibroso denso, feito principalmente de <em>col\u00e1geno<\/em> \u2013 uma prote\u00edna que d\u00e1 for\u00e7a e flexibilidade. Sem eles, os m\u00fasculos n\u00e3o teriam como &#8216;puxar&#8217; os ossos para criar movimento.<\/p>\n<p>Por exemplo, quando voc\u00ea flexiona o bra\u00e7o, o b\u00edceps se contrai, mas \u00e9 o tend\u00e3o que transmite essa for\u00e7a at\u00e9 o osso do antebra\u00e7o. \u00c9 como um sistema de transmiss\u00e3o em um carro: o motor (m\u00fasculo) gera energia, e o tend\u00e3o leva essa energia ao destino certo.<\/p>\n<h2>Como os Tend\u00f5es Influenciam Seus Movimentos Di\u00e1rios<\/h2>\n<p>No nosso corpo, existem cerca de 4.000 tend\u00f5es, espalhados por todo o esqueleto. Eles suportam tens\u00e3o e evitam que os m\u00fasculos se estiquem demais. Pense em atividades simples: ao caminhar, os tend\u00f5es do calcanhar absorvem o impacto e devolvem energia para o pr\u00f3ximo passo.<\/p>\n<p>Eu percebo que muita gente subestima isso at\u00e9 sofrer uma les\u00e3o. Os tend\u00f5es n\u00e3o s\u00f3 conectam, mas tamb\u00e9m armazenam energia el\u00e1stica, como uma mola, ajudando em saltos ou corridas.<\/p>\n<h3>Exemplos Pr\u00e1ticos na Vida Cotidiana<\/h3>\n<p>&#8211; <strong>Tend\u00e3o de Aquiles<\/strong>: Essencial para andar e correr; uma ruptura pode deixar voc\u00ea sem mobilidade por meses.<br \/>&#8211; <strong>Tend\u00f5es dos dedos<\/strong>: Permitem precis\u00e3o em tarefas como digitar ou tocar um instrumento.<\/p>\n<p>Esses exemplos mostram como os tend\u00f5es est\u00e3o em cada gesto que fazemos.<\/p>\n<h2>Os Riscos de Ignorar os Tend\u00f5es: Les\u00f5es e Consequ\u00eancias<\/h2>\n<p>Les\u00f5es em tend\u00f5es, como tendinites ou rupturas, acontecem por overuse, idade ou falta de preparo. Elas causam dor intensa e limitam movimentos b\u00e1sicos, afetando n\u00e3o s\u00f3 atletas, mas qualquer pessoa ativa.<\/p>\n<p>Para empresas e sociedade, isso significa mais dias de trabalho perdidos e custos com sa\u00fade. No dia a dia, uma simples tendinite no punho pode impedir voc\u00ea de trabalhar no computador.<\/p>\n<p>Estudos mostram que o envelhecimento reduz a elasticidade dos tend\u00f5es, aumentando riscos ap\u00f3s os 40 anos.<\/p>\n<h2>Tend\u00eancias e Cuidados para Manter Tend\u00f5es Fortes<\/h2>\n<p>Com avan\u00e7os na medicina, tratamentos como fisioterapia e cirurgias minimamente invasivas est\u00e3o melhorando a recupera\u00e7\u00e3o. No futuro, pesquisas com col\u00e1geno sint\u00e9tico podem prevenir les\u00f5es.<\/p>\n<p>Minha recomenda\u00e7\u00e3o? Inclua alongamentos di\u00e1rios e fortale\u00e7a os m\u00fasculos ao redor dos tend\u00f5es. Uma dieta rica em prote\u00ednas e vitamina C ajuda na produ\u00e7\u00e3o de col\u00e1geno.<\/p>\n<ul>\n<li>Alongue antes de exerc\u00edcios intensos.<\/li>\n<li>Evite movimentos repetitivos sem pausas.<\/li>\n<li>Consulte um m\u00e9dico ao sentir dor persistente.<\/li>\n<\/ul>\n<h2>Reflex\u00f5es Finais: Valorize Seus Tend\u00f5es<\/h2>\n<p>Resumindo, os tend\u00f5es s\u00e3o os her\u00f3is invis\u00edveis dos nossos movimentos. Entender seu papel nos torna mais conscientes do corpo. Que tal come\u00e7ar hoje a cuidar melhor deles? Seu corpo agradece \u2013 e seus movimentos fluir\u00e3o com mais facilidade.<\/p>\n","protected":false},"excerpt":{"rendered":"<p>Entenda de forma simples por que os seus movimentos dependem dos tend\u00f5es. Descubra o papel essencial desses tecidos no corpo humano e como eles afetam sua mobilidade di\u00e1ria.<\/p>\n","protected":false},"author":1,"featured_media":814,"comment_status":"open","ping_status":"open","sticky":false,"template":"","format":"standard","meta":{"_acf_changed":false,"_eb_attr":"","footnotes":"","_wpscppro_dont_share_socialmedia":false,"_wpscppro_custom_social_share_image":0,"_facebook_share_type":"","_twitter_share_type":"","_linkedin_share_type":"","_pinterest_share_type":"","_linkedin_share_type_page":"","_instagram_share_type":"","_medium_share_type":"","_threads_share_type":"","_google_business_share_type":"","_selected_social_profile":[],"_wpsp_enable_custom_social_template":false,"_wpsp_social_scheduling":{"enabled":false,"datetime":null,"platforms":[],"status":"template_only","dateOption":"today","timeOption":"now","customDays":"","customHours":"","customDate":"","customTime":"","schedulingType":"absolute"},"_wpsp_active_default_template":true},"categories":[3],"tags":[],"class_list":["post-815","post","type-post","status-publish","format-standard","has-post-thumbnail","hentry","category-bem-estar"],"acf":[],"yoast_head":"<!-- This site is optimized with the Yoast SEO plugin v26.9 - https:\/\/yoast.com\/product\/yoast-seo-wordpress\/ -->\n<title>Essa Imagem Explica Por Que Seus Movimentos Dependem dos Tend\u00f5es - ICTDF<\/title>\n<meta name=\"robots\" content=\"index, follow, max-snippet:-1, max-image-preview:large, max-video-preview:-1\" \/>\n<link rel=\"canonical\" href=\"https:\/\/ictdf.synergyecosys.io\/?p=815\" \/>\n<meta property=\"og:locale\" content=\"pt_BR\" \/>\n<meta property=\"og:type\" content=\"article\" \/>\n<meta property=\"og:title\" content=\"Essa Imagem Explica Por Que Seus Movimentos Dependem dos Tend\u00f5es - ICTDF\" \/>\n<meta property=\"og:description\" content=\"Entenda de forma simples por que os seus movimentos dependem dos tend\u00f5es. Descubra o papel essencial desses tecidos no corpo humano e como eles afetam sua mobilidade di\u00e1ria.\" \/>\n<meta property=\"og:url\" content=\"https:\/\/ictdf.synergyecosys.io\/?p=815\" \/>\n<meta property=\"og:site_name\" content=\"ICTDF\" \/>\n<meta property=\"article:published_time\" content=\"2026-04-26T13:32:56+00:00\" \/>\n<meta name=\"author\" content=\"admin\" \/>\n<meta name=\"twitter:card\" content=\"summary_large_image\" \/>\n<meta name=\"twitter:label1\" content=\"Escrito por\" \/>\n\t<meta name=\"twitter:data1\" content=\"admin\" \/>\n\t<meta name=\"twitter:label2\" content=\"Est. tempo de leitura\" \/>\n\t<meta name=\"twitter:data2\" content=\"3 minutos\" \/>\n<script type=\"application\/ld+json\" class=\"yoast-schema-graph\">{\"@context\":\"https:\/\/schema.org\",\"@graph\":[{\"@type\":\"Article\",\"@id\":\"https:\/\/ictdf.synergyecosys.io\/?p=815#article\",\"isPartOf\":{\"@id\":\"https:\/\/ictdf.synergyecosys.io\/?p=815\"},\"author\":{\"name\":\"admin\",\"@id\":\"https:\/\/ictdf.synergyecosys.io\/#\/schema\/person\/0b4488974b7b485188c0c01cb9f95b21\"},\"headline\":\"Essa Imagem Explica Por Que Seus Movimentos Dependem dos Tend\u00f5es\",\"datePublished\":\"2026-04-26T13:32:56+00:00\",\"mainEntityOfPage\":{\"@id\":\"https:\/\/ictdf.synergyecosys.io\/?p=815\"},\"wordCount\":609,\"commentCount\":0,\"publisher\":{\"@id\":\"https:\/\/ictdf.synergyecosys.io\/#organization\"},\"image\":{\"@id\":\"https:\/\/ictdf.synergyecosys.io\/?p=815#primaryimage\"},\"thumbnailUrl\":\"https:\/\/ictdf.synergyecosys.io\/wp-content\/uploads\/2026\/04\/imagem-Por-Que-Movimentos-Dependem-dos-Tendyes-Veja.png\",\"articleSection\":[\"Bem-estar\"],\"inLanguage\":\"pt-BR\",\"potentialAction\":[{\"@type\":\"CommentAction\",\"name\":\"Comment\",\"target\":[\"https:\/\/ictdf.synergyecosys.io\/?p=815#respond\"]}]},{\"@type\":\"WebPage\",\"@id\":\"https:\/\/ictdf.synergyecosys.io\/?p=815\",\"url\":\"https:\/\/ictdf.synergyecosys.io\/?p=815\",\"name\":\"Essa Imagem Explica Por Que Seus Movimentos Dependem dos Tend\u00f5es - ICTDF\",\"isPartOf\":{\"@id\":\"https:\/\/ictdf.synergyecosys.io\/#website\"},\"primaryImageOfPage\":{\"@id\":\"https:\/\/ictdf.synergyecosys.io\/?p=815#primaryimage\"},\"image\":{\"@id\":\"https:\/\/ictdf.synergyecosys.io\/?p=815#primaryimage\"},\"thumbnailUrl\":\"https:\/\/ictdf.synergyecosys.io\/wp-content\/uploads\/2026\/04\/imagem-Por-Que-Movimentos-Dependem-dos-Tendyes-Veja.png\",\"datePublished\":\"2026-04-26T13:32:56+00:00\",\"breadcrumb\":{\"@id\":\"https:\/\/ictdf.synergyecosys.io\/?p=815#breadcrumb\"},\"inLanguage\":\"pt-BR\",\"potentialAction\":[{\"@type\":\"ReadAction\",\"target\":[\"https:\/\/ictdf.synergyecosys.io\/?p=815\"]}]},{\"@type\":\"ImageObject\",\"inLanguage\":\"pt-BR\",\"@id\":\"https:\/\/ictdf.synergyecosys.io\/?p=815#primaryimage\",\"url\":\"https:\/\/ictdf.synergyecosys.io\/wp-content\/uploads\/2026\/04\/imagem-Por-Que-Movimentos-Dependem-dos-Tendyes-Veja.png\",\"contentUrl\":\"https:\/\/ictdf.synergyecosys.io\/wp-content\/uploads\/2026\/04\/imagem-Por-Que-Movimentos-Dependem-dos-Tendyes-Veja.png\",\"width\":1696,\"height\":960},{\"@type\":\"BreadcrumbList\",\"@id\":\"https:\/\/ictdf.synergyecosys.io\/?p=815#breadcrumb\",\"itemListElement\":[{\"@type\":\"ListItem\",\"position\":1,\"name\":\"In\u00edcio\",\"item\":\"https:\/\/ictdf.synergyecosys.io\/\"},{\"@type\":\"ListItem\",\"position\":2,\"name\":\"Essa Imagem Explica Por Que Seus Movimentos Dependem dos Tend\u00f5es\"}]},{\"@type\":\"WebSite\",\"@id\":\"https:\/\/ictdf.synergyecosys.io\/#website\",\"url\":\"https:\/\/ictdf.synergyecosys.io\/\",\"name\":\"ICTDF\",\"description\":\"\",\"publisher\":{\"@id\":\"https:\/\/ictdf.synergyecosys.io\/#organization\"},\"potentialAction\":[{\"@type\":\"SearchAction\",\"target\":{\"@type\":\"EntryPoint\",\"urlTemplate\":\"https:\/\/ictdf.synergyecosys.io\/?s={search_term_string}\"},\"query-input\":{\"@type\":\"PropertyValueSpecification\",\"valueRequired\":true,\"valueName\":\"search_term_string\"}}],\"inLanguage\":\"pt-BR\"},{\"@type\":\"Organization\",\"@id\":\"https:\/\/ictdf.synergyecosys.io\/#organization\",\"name\":\"ICTDF\",\"url\":\"https:\/\/ictdf.synergyecosys.io\/\",\"logo\":{\"@type\":\"ImageObject\",\"inLanguage\":\"pt-BR\",\"@id\":\"https:\/\/ictdf.synergyecosys.io\/#\/schema\/logo\/image\/\",\"url\":\"https:\/\/ictdf.synergyecosys.io\/wp-content\/uploads\/2026\/02\/cropped-cropped-ICTDF_logo_transparente.png\",\"contentUrl\":\"https:\/\/ictdf.synergyecosys.io\/wp-content\/uploads\/2026\/02\/cropped-cropped-ICTDF_logo_transparente.png\",\"width\":450,\"height\":141,\"caption\":\"ICTDF\"},\"image\":{\"@id\":\"https:\/\/ictdf.synergyecosys.io\/#\/schema\/logo\/image\/\"}},{\"@type\":\"Person\",\"@id\":\"https:\/\/ictdf.synergyecosys.io\/#\/schema\/person\/0b4488974b7b485188c0c01cb9f95b21\",\"name\":\"admin\",\"image\":{\"@type\":\"ImageObject\",\"inLanguage\":\"pt-BR\",\"@id\":\"https:\/\/ictdf.synergyecosys.io\/#\/schema\/person\/image\/\",\"url\":\"https:\/\/secure.gravatar.com\/avatar\/ee6b87b4bde4f4817334740781bdb6e270748065085879a5aa2018d8006922fa?s=96&d=mm&r=g\",\"contentUrl\":\"https:\/\/secure.gravatar.com\/avatar\/ee6b87b4bde4f4817334740781bdb6e270748065085879a5aa2018d8006922fa?s=96&d=mm&r=g\",\"caption\":\"admin\"},\"sameAs\":[\"https:\/\/ictdf.synergyecosys.io\"],\"url\":\"https:\/\/ictdf.synergyecosys.io\/?author=1\"}]}<\/script>\n<!-- \/ Yoast SEO plugin. -->","yoast_head_json":{"title":"Essa Imagem Explica Por Que Seus Movimentos Dependem dos Tend\u00f5es - ICTDF","robots":{"index":"index","follow":"follow","max-snippet":"max-snippet:-1","max-image-preview":"max-image-preview:large","max-video-preview":"max-video-preview:-1"},"canonical":"https:\/\/ictdf.synergyecosys.io\/?p=815","og_locale":"pt_BR","og_type":"article","og_title":"Essa Imagem Explica Por Que Seus Movimentos Dependem dos Tend\u00f5es - ICTDF","og_description":"Entenda de forma simples por que os seus movimentos dependem dos tend\u00f5es. Descubra o papel essencial desses tecidos no corpo humano e como eles afetam sua mobilidade di\u00e1ria.","og_url":"https:\/\/ictdf.synergyecosys.io\/?p=815","og_site_name":"ICTDF","article_published_time":"2026-04-26T13:32:56+00:00","author":"admin","twitter_card":"summary_large_image","twitter_misc":{"Escrito por":"admin","Est. tempo de leitura":"3 minutos"},"schema":{"@context":"https:\/\/schema.org","@graph":[{"@type":"Article","@id":"https:\/\/ictdf.synergyecosys.io\/?p=815#article","isPartOf":{"@id":"https:\/\/ictdf.synergyecosys.io\/?p=815"},"author":{"name":"admin","@id":"https:\/\/ictdf.synergyecosys.io\/#\/schema\/person\/0b4488974b7b485188c0c01cb9f95b21"},"headline":"Essa Imagem Explica Por Que Seus Movimentos Dependem dos Tend\u00f5es","datePublished":"2026-04-26T13:32:56+00:00","mainEntityOfPage":{"@id":"https:\/\/ictdf.synergyecosys.io\/?p=815"},"wordCount":609,"commentCount":0,"publisher":{"@id":"https:\/\/ictdf.synergyecosys.io\/#organization"},"image":{"@id":"https:\/\/ictdf.synergyecosys.io\/?p=815#primaryimage"},"thumbnailUrl":"https:\/\/ictdf.synergyecosys.io\/wp-content\/uploads\/2026\/04\/imagem-Por-Que-Movimentos-Dependem-dos-Tendyes-Veja.png","articleSection":["Bem-estar"],"inLanguage":"pt-BR","potentialAction":[{"@type":"CommentAction","name":"Comment","target":["https:\/\/ictdf.synergyecosys.io\/?p=815#respond"]}]},{"@type":"WebPage","@id":"https:\/\/ictdf.synergyecosys.io\/?p=815","url":"https:\/\/ictdf.synergyecosys.io\/?p=815","name":"Essa Imagem Explica Por Que Seus Movimentos Dependem dos Tend\u00f5es - ICTDF","isPartOf":{"@id":"https:\/\/ictdf.synergyecosys.io\/#website"},"primaryImageOfPage":{"@id":"https:\/\/ictdf.synergyecosys.io\/?p=815#primaryimage"},"image":{"@id":"https:\/\/ictdf.synergyecosys.io\/?p=815#primaryimage"},"thumbnailUrl":"https:\/\/ictdf.synergyecosys.io\/wp-content\/uploads\/2026\/04\/imagem-Por-Que-Movimentos-Dependem-dos-Tendyes-Veja.png","datePublished":"2026-04-26T13:32:56+00:00","breadcrumb":{"@id":"https:\/\/ictdf.synergyecosys.io\/?p=815#breadcrumb"},"inLanguage":"pt-BR","potentialAction":[{"@type":"ReadAction","target":["https:\/\/ictdf.synergyecosys.io\/?p=815"]}]},{"@type":"ImageObject","inLanguage":"pt-BR","@id":"https:\/\/ictdf.synergyecosys.io\/?p=815#primaryimage","url":"https:\/\/ictdf.synergyecosys.io\/wp-content\/uploads\/2026\/04\/imagem-Por-Que-Movimentos-Dependem-dos-Tendyes-Veja.png","contentUrl":"https:\/\/ictdf.synergyecosys.io\/wp-content\/uploads\/2026\/04\/imagem-Por-Que-Movimentos-Dependem-dos-Tendyes-Veja.png","width":1696,"height":960},{"@type":"BreadcrumbList","@id":"https:\/\/ictdf.synergyecosys.io\/?p=815#breadcrumb","itemListElement":[{"@type":"ListItem","position":1,"name":"In\u00edcio","item":"https:\/\/ictdf.synergyecosys.io\/"},{"@type":"ListItem","position":2,"name":"Essa Imagem Explica Por Que Seus Movimentos Dependem dos Tend\u00f5es"}]},{"@type":"WebSite","@id":"https:\/\/ictdf.synergyecosys.io\/#website","url":"https:\/\/ictdf.synergyecosys.io\/","name":"ICTDF","description":"","publisher":{"@id":"https:\/\/ictdf.synergyecosys.io\/#organization"},"potentialAction":[{"@type":"SearchAction","target":{"@type":"EntryPoint","urlTemplate":"https:\/\/ictdf.synergyecosys.io\/?s={search_term_string}"},"query-input":{"@type":"PropertyValueSpecification","valueRequired":true,"valueName":"search_term_string"}}],"inLanguage":"pt-BR"},{"@type":"Organization","@id":"https:\/\/ictdf.synergyecosys.io\/#organization","name":"ICTDF","url":"https:\/\/ictdf.synergyecosys.io\/","logo":{"@type":"ImageObject","inLanguage":"pt-BR","@id":"https:\/\/ictdf.synergyecosys.io\/#\/schema\/logo\/image\/","url":"https:\/\/ictdf.synergyecosys.io\/wp-content\/uploads\/2026\/02\/cropped-cropped-ICTDF_logo_transparente.png","contentUrl":"https:\/\/ictdf.synergyecosys.io\/wp-content\/uploads\/2026\/02\/cropped-cropped-ICTDF_logo_transparente.png","width":450,"height":141,"caption":"ICTDF"},"image":{"@id":"https:\/\/ictdf.synergyecosys.io\/#\/schema\/logo\/image\/"}},{"@type":"Person","@id":"https:\/\/ictdf.synergyecosys.io\/#\/schema\/person\/0b4488974b7b485188c0c01cb9f95b21","name":"admin","image":{"@type":"ImageObject","inLanguage":"pt-BR","@id":"https:\/\/ictdf.synergyecosys.io\/#\/schema\/person\/image\/","url":"https:\/\/secure.gravatar.com\/avatar\/ee6b87b4bde4f4817334740781bdb6e270748065085879a5aa2018d8006922fa?s=96&d=mm&r=g","contentUrl":"https:\/\/secure.gravatar.com\/avatar\/ee6b87b4bde4f4817334740781bdb6e270748065085879a5aa2018d8006922fa?s=96&d=mm&r=g","caption":"admin"},"sameAs":["https:\/\/ictdf.synergyecosys.io"],"url":"https:\/\/ictdf.synergyecosys.io\/?author=1"}]}},"_links":{"self":[{"href":"https:\/\/ictdf.synergyecosys.io\/index.php?rest_route=\/wp\/v2\/posts\/815","targetHints":{"allow":["GET"]}}],"collection":[{"href":"https:\/\/ictdf.synergyecosys.io\/index.php?rest_route=\/wp\/v2\/posts"}],"about":[{"href":"https:\/\/ictdf.synergyecosys.io\/index.php?rest_route=\/wp\/v2\/types\/post"}],"author":[{"embeddable":true,"href":"https:\/\/ictdf.synergyecosys.io\/index.php?rest_route=\/wp\/v2\/users\/1"}],"replies":[{"embeddable":true,"href":"https:\/\/ictdf.synergyecosys.io\/index.php?rest_route=%2Fwp%2Fv2%2Fcomments&post=815"}],"version-history":[{"count":0,"href":"https:\/\/ictdf.synergyecosys.io\/index.php?rest_route=\/wp\/v2\/posts\/815\/revisions"}],"wp:featuredmedia":[{"embeddable":true,"href":"https:\/\/ictdf.synergyecosys.io\/index.php?rest_route=\/wp\/v2\/media\/814"}],"wp:attachment":[{"href":"https:\/\/ictdf.synergyecosys.io\/index.php?rest_route=%2Fwp%2Fv2%2Fmedia&parent=815"}],"wp:term":[{"taxonomy":"category","embeddable":true,"href":"https:\/\/ictdf.synergyecosys.io\/index.php?rest_route=%2Fwp%2Fv2%2Fcategories&post=815"},{"taxonomy":"post_tag","embeddable":true,"href":"https:\/\/ictdf.synergyecosys.io\/index.php?rest_route=%2Fwp%2Fv2%2Ftags&post=815"}],"curies":[{"name":"wp","href":"https:\/\/api.w.org\/{rel}","templated":true}]}}