{"id":813,"date":"2026-04-26T01:33:10","date_gmt":"2026-04-26T04:33:10","guid":{"rendered":"https:\/\/ictdf.synergyecosys.io\/?p=813"},"modified":"2026-04-26T01:33:10","modified_gmt":"2026-04-26T04:33:10","slug":"casos-de-cancer-de-pancreas-crescem-entre-jovens-aponta-estudo","status":"publish","type":"post","link":"https:\/\/ictdf.synergyecosys.io\/?p=813","title":{"rendered":"Casos de C\u00e2ncer de P\u00e2ncreas Crescem Entre Jovens, Aponta Estudo"},"content":{"rendered":"<p>Voc\u00ea j\u00e1 parou para pensar que o c\u00e2ncer de p\u00e2ncreas, uma doen\u00e7a tradicionalmente associada a idosos, est\u00e1 aparecendo mais em pessoas jovens? Um estudo recente destaca que os casos est\u00e3o crescendo entre indiv\u00edduos abaixo de 50 anos, especialmente em mulheres. Isso nos preocupa profundamente, pois essa forma de c\u00e2ncer \u00e9 conhecida por ser silenciosa e agressiva.<\/p>\n<p>Na minha an\u00e1lise desse tema, percebo que \u00e9 essencial desmistificar o assunto para que todos possamos nos proteger melhor. Vamos explorar o que est\u00e1 por tr\u00e1s desse aumento e como isso impacta nossa sa\u00fade cotidiana.<\/p>\n<h2>Entendendo o C\u00e2ncer de P\u00e2ncreas<\/h2>\n<p>O <strong>p\u00e2ncreas<\/strong> \u00e9 um \u00f3rg\u00e3o vital localizado atr\u00e1s do est\u00f4mago. Ele produz enzimas para digest\u00e3o e horm\u00f4nios como a insulina, que regulam o a\u00e7\u00facar no sangue. O termo <em>c\u00e2ncer de p\u00e2ncreas<\/em>, na pr\u00e1tica, refere-se principalmente ao adenocarcinoma pancre\u00e1tico, que surge nas c\u00e9lulas dos ductos que levam enzimas digestivas. Esse tipo representa cerca de 90% dos casos e \u00e9 o mais perigoso.<\/p>\n<p>Historicamente, essa doen\u00e7a afeta mais quem tem acima de 70 anos. Mas dados mostram uma mudan\u00e7a: o c\u00e2ncer precoce, diagnosticado antes dos 50, est\u00e1 se tornando mais comum, com um aumento desproporcional em mulheres jovens.<\/p>\n<h2>Por Que os Casos Est\u00e3o Aumentando em Jovens?<\/h2>\n<p>Fatores de risco como tabagismo, obesidade e diabetes est\u00e3o mais presentes na popula\u00e7\u00e3o jovem atual. Cerca de 25% dos casos est\u00e3o ligados ao cigarro, e o risco cai ao parar de fumar. Al\u00e9m disso, condi\u00e7\u00f5es gen\u00e9ticas raras contribuem em 5-10% dos casos.<\/p>\n<p>Estudos indicam que estilos de vida modernos, como dietas ricas em carnes processadas e sedentarismo, podem estar impulsionando essa tend\u00eancia. N\u00e3o h\u00e1 uma causa \u00fanica, mas a combina\u00e7\u00e3o desses elementos explica o crescimento observado.<\/p>\n<h3>Fatores de Risco Principais<\/h3>\n<ul>\n<li><strong>Fumo:<\/strong> Principal causa evit\u00e1vel.<\/li>\n<li><strong>Obesidade:<\/strong> Aumenta o risco em at\u00e9 20%.<\/li>\n<li><strong>Diabetes:<\/strong> Especialmente tipo 2, comum em jovens.<\/li>\n<li><strong>Hist\u00f3rico familiar:<\/strong> Genes herdados podem predispor.<\/li>\n<\/ul>\n<h2>Como Isso Afeta o Dia a Dia das Pessoas<\/h2>\n<p>Para jovens, o impacto \u00e9 devastador. Sintomas iniciais s\u00e3o sutis: dor abdominal, perda de peso inexplicada, icter\u00edcia (pele amarelada) e fezes claras. Muitos s\u00f3 descobrem em est\u00e1gios avan\u00e7ados, quando o c\u00e2ncer j\u00e1 se espalhou.<\/p>\n<p>Isso afeta n\u00e3o s\u00f3 a sa\u00fade f\u00edsica, mas emocional e social. Tratamentos como quimioterapia e cirurgia podem interromper carreiras, fam\u00edlias e planos de vida. Na sociedade, o aumento de casos em jovens pressiona sistemas de sa\u00fade, demandando mais recursos para detec\u00e7\u00e3o precoce.<\/p>\n<p>Empresas tamb\u00e9m sentem: perda de produtividade e custos com tratamentos caros. Para o indiv\u00edduo, \u00e9 uma batalha silenciosa que rouba anos preciosos.<\/p>\n<h2>Tend\u00eancias Futuras e Medidas Preventivas<\/h2>\n<p>Com o avan\u00e7o da pesquisa, esperamos melhores testes de screening para grupos de risco. Recomenda\u00e7\u00f5es incluem manter peso saud\u00e1vel, evitar fumo e controlar diabetes.<\/p>\n<p>Para o futuro, estudos gen\u00e9ticos podem identificar quem precisa de monitoramento extra. Adotar uma dieta rica em frutas e vegetais e exercitar-se regularmente reduz riscos. Se voc\u00ea tem hist\u00f3rico familiar, converse com um m\u00e9dico sobre exames preventivos.<\/p>\n<h3>Dicas Pr\u00e1ticas para Preven\u00e7\u00e3o<\/h3>\n<ol>\n<li>Pare de fumar imediatamente.<\/li>\n<li>Mantenha uma alimenta\u00e7\u00e3o equilibrada, limitando carnes vermelhas.<\/li>\n<li>Pratique atividade f\u00edsica pelo menos 150 minutos por semana.<\/li>\n<li>Monitore sintomas e fa\u00e7a check-ups anuais.<\/li>\n<\/ol>\n<h2>Reflex\u00f5es Finais Sobre Essa Tend\u00eancia Alarmante<\/h2>\n<p>Esse aumento de casos de c\u00e2ncer de p\u00e2ncreas em jovens nos lembra da import\u00e2ncia da preven\u00e7\u00e3o. Ao entender os riscos e agir cedo, podemos mudar esse cen\u00e1rio. Eu acredito que com mais conscientiza\u00e7\u00e3o, salvaremos vidas. Fique atento \u00e0 sua sa\u00fade e incentive quem voc\u00ea ama a fazer o mesmo \u2013 o futuro depende disso.<\/p>\n","protected":false},"excerpt":{"rendered":"<p>Estudo aponta aumento de casos de c\u00e2ncer de p\u00e2ncreas entre jovens. Descubra sintomas, riscos e preven\u00e7\u00e3o dessa doen\u00e7a que afeta cada vez mais cedo.<\/p>\n","protected":false},"author":1,"featured_media":812,"comment_status":"open","ping_status":"open","sticky":false,"template":"","format":"standard","meta":{"_acf_changed":false,"_eb_attr":"","footnotes":"","_wpscppro_dont_share_socialmedia":false,"_wpscppro_custom_social_share_image":0,"_facebook_share_type":"","_twitter_share_type":"","_linkedin_share_type":"","_pinterest_share_type":"","_linkedin_share_type_page":"","_instagram_share_type":"","_medium_share_type":"","_threads_share_type":"","_google_business_share_type":"","_selected_social_profile":[],"_wpsp_enable_custom_social_template":false,"_wpsp_social_scheduling":{"enabled":false,"datetime":null,"platforms":[],"status":"template_only","dateOption":"today","timeOption":"now","customDays":"","customHours":"","customDate":"","customTime":"","schedulingType":"absolute"},"_wpsp_active_default_template":true},"categories":[3],"tags":[],"class_list":["post-813","post","type-post","status-publish","format-standard","has-post-thumbnail","hentry","category-bem-estar"],"acf":[],"yoast_head":"<!-- This site is optimized with the Yoast SEO plugin v26.9 - https:\/\/yoast.com\/product\/yoast-seo-wordpress\/ -->\n<title>Casos de C\u00e2ncer de P\u00e2ncreas Crescem Entre Jovens, Aponta Estudo - ICTDF<\/title>\n<meta name=\"robots\" content=\"index, follow, max-snippet:-1, max-image-preview:large, max-video-preview:-1\" \/>\n<link rel=\"canonical\" href=\"https:\/\/ictdf.synergyecosys.io\/?p=813\" \/>\n<meta property=\"og:locale\" content=\"pt_BR\" \/>\n<meta property=\"og:type\" content=\"article\" \/>\n<meta property=\"og:title\" content=\"Casos de C\u00e2ncer de P\u00e2ncreas Crescem Entre Jovens, Aponta Estudo - ICTDF\" \/>\n<meta property=\"og:description\" content=\"Estudo aponta aumento de casos de c\u00e2ncer de p\u00e2ncreas entre jovens. Descubra sintomas, riscos e preven\u00e7\u00e3o dessa doen\u00e7a que afeta cada vez mais cedo.\" \/>\n<meta property=\"og:url\" content=\"https:\/\/ictdf.synergyecosys.io\/?p=813\" \/>\n<meta property=\"og:site_name\" content=\"ICTDF\" \/>\n<meta property=\"article:published_time\" content=\"2026-04-26T04:33:10+00:00\" \/>\n<meta name=\"author\" content=\"admin\" \/>\n<meta name=\"twitter:card\" content=\"summary_large_image\" \/>\n<meta name=\"twitter:label1\" content=\"Escrito por\" \/>\n\t<meta name=\"twitter:data1\" content=\"admin\" \/>\n\t<meta name=\"twitter:label2\" content=\"Est. tempo de leitura\" \/>\n\t<meta name=\"twitter:data2\" content=\"3 minutos\" \/>\n<script type=\"application\/ld+json\" class=\"yoast-schema-graph\">{\"@context\":\"https:\/\/schema.org\",\"@graph\":[{\"@type\":\"Article\",\"@id\":\"https:\/\/ictdf.synergyecosys.io\/?p=813#article\",\"isPartOf\":{\"@id\":\"https:\/\/ictdf.synergyecosys.io\/?p=813\"},\"author\":{\"name\":\"admin\",\"@id\":\"https:\/\/ictdf.synergyecosys.io\/#\/schema\/person\/0b4488974b7b485188c0c01cb9f95b21\"},\"headline\":\"Casos de C\u00e2ncer de P\u00e2ncreas Crescem Entre Jovens, Aponta Estudo\",\"datePublished\":\"2026-04-26T04:33:10+00:00\",\"mainEntityOfPage\":{\"@id\":\"https:\/\/ictdf.synergyecosys.io\/?p=813\"},\"wordCount\":635,\"commentCount\":0,\"publisher\":{\"@id\":\"https:\/\/ictdf.synergyecosys.io\/#organization\"},\"image\":{\"@id\":\"https:\/\/ictdf.synergyecosys.io\/?p=813#primaryimage\"},\"thumbnailUrl\":\"https:\/\/ictdf.synergyecosys.io\/wp-content\/uploads\/2026\/04\/imagem-Cyncer-de-Pyncreas-em-Jovens-Casos-Crescem-Diz-Estudo.png\",\"articleSection\":[\"Bem-estar\"],\"inLanguage\":\"pt-BR\",\"potentialAction\":[{\"@type\":\"CommentAction\",\"name\":\"Comment\",\"target\":[\"https:\/\/ictdf.synergyecosys.io\/?p=813#respond\"]}]},{\"@type\":\"WebPage\",\"@id\":\"https:\/\/ictdf.synergyecosys.io\/?p=813\",\"url\":\"https:\/\/ictdf.synergyecosys.io\/?p=813\",\"name\":\"Casos de C\u00e2ncer de P\u00e2ncreas Crescem Entre Jovens, Aponta Estudo - ICTDF\",\"isPartOf\":{\"@id\":\"https:\/\/ictdf.synergyecosys.io\/#website\"},\"primaryImageOfPage\":{\"@id\":\"https:\/\/ictdf.synergyecosys.io\/?p=813#primaryimage\"},\"image\":{\"@id\":\"https:\/\/ictdf.synergyecosys.io\/?p=813#primaryimage\"},\"thumbnailUrl\":\"https:\/\/ictdf.synergyecosys.io\/wp-content\/uploads\/2026\/04\/imagem-Cyncer-de-Pyncreas-em-Jovens-Casos-Crescem-Diz-Estudo.png\",\"datePublished\":\"2026-04-26T04:33:10+00:00\",\"breadcrumb\":{\"@id\":\"https:\/\/ictdf.synergyecosys.io\/?p=813#breadcrumb\"},\"inLanguage\":\"pt-BR\",\"potentialAction\":[{\"@type\":\"ReadAction\",\"target\":[\"https:\/\/ictdf.synergyecosys.io\/?p=813\"]}]},{\"@type\":\"ImageObject\",\"inLanguage\":\"pt-BR\",\"@id\":\"https:\/\/ictdf.synergyecosys.io\/?p=813#primaryimage\",\"url\":\"https:\/\/ictdf.synergyecosys.io\/wp-content\/uploads\/2026\/04\/imagem-Cyncer-de-Pyncreas-em-Jovens-Casos-Crescem-Diz-Estudo.png\",\"contentUrl\":\"https:\/\/ictdf.synergyecosys.io\/wp-content\/uploads\/2026\/04\/imagem-Cyncer-de-Pyncreas-em-Jovens-Casos-Crescem-Diz-Estudo.png\",\"width\":1696,\"height\":960},{\"@type\":\"BreadcrumbList\",\"@id\":\"https:\/\/ictdf.synergyecosys.io\/?p=813#breadcrumb\",\"itemListElement\":[{\"@type\":\"ListItem\",\"position\":1,\"name\":\"In\u00edcio\",\"item\":\"https:\/\/ictdf.synergyecosys.io\/\"},{\"@type\":\"ListItem\",\"position\":2,\"name\":\"Casos de C\u00e2ncer de P\u00e2ncreas Crescem Entre Jovens, Aponta Estudo\"}]},{\"@type\":\"WebSite\",\"@id\":\"https:\/\/ictdf.synergyecosys.io\/#website\",\"url\":\"https:\/\/ictdf.synergyecosys.io\/\",\"name\":\"ICTDF\",\"description\":\"\",\"publisher\":{\"@id\":\"https:\/\/ictdf.synergyecosys.io\/#organization\"},\"potentialAction\":[{\"@type\":\"SearchAction\",\"target\":{\"@type\":\"EntryPoint\",\"urlTemplate\":\"https:\/\/ictdf.synergyecosys.io\/?s={search_term_string}\"},\"query-input\":{\"@type\":\"PropertyValueSpecification\",\"valueRequired\":true,\"valueName\":\"search_term_string\"}}],\"inLanguage\":\"pt-BR\"},{\"@type\":\"Organization\",\"@id\":\"https:\/\/ictdf.synergyecosys.io\/#organization\",\"name\":\"ICTDF\",\"url\":\"https:\/\/ictdf.synergyecosys.io\/\",\"logo\":{\"@type\":\"ImageObject\",\"inLanguage\":\"pt-BR\",\"@id\":\"https:\/\/ictdf.synergyecosys.io\/#\/schema\/logo\/image\/\",\"url\":\"https:\/\/ictdf.synergyecosys.io\/wp-content\/uploads\/2026\/02\/cropped-cropped-ICTDF_logo_transparente.png\",\"contentUrl\":\"https:\/\/ictdf.synergyecosys.io\/wp-content\/uploads\/2026\/02\/cropped-cropped-ICTDF_logo_transparente.png\",\"width\":450,\"height\":141,\"caption\":\"ICTDF\"},\"image\":{\"@id\":\"https:\/\/ictdf.synergyecosys.io\/#\/schema\/logo\/image\/\"}},{\"@type\":\"Person\",\"@id\":\"https:\/\/ictdf.synergyecosys.io\/#\/schema\/person\/0b4488974b7b485188c0c01cb9f95b21\",\"name\":\"admin\",\"image\":{\"@type\":\"ImageObject\",\"inLanguage\":\"pt-BR\",\"@id\":\"https:\/\/ictdf.synergyecosys.io\/#\/schema\/person\/image\/\",\"url\":\"https:\/\/secure.gravatar.com\/avatar\/ee6b87b4bde4f4817334740781bdb6e270748065085879a5aa2018d8006922fa?s=96&d=mm&r=g\",\"contentUrl\":\"https:\/\/secure.gravatar.com\/avatar\/ee6b87b4bde4f4817334740781bdb6e270748065085879a5aa2018d8006922fa?s=96&d=mm&r=g\",\"caption\":\"admin\"},\"sameAs\":[\"https:\/\/ictdf.synergyecosys.io\"],\"url\":\"https:\/\/ictdf.synergyecosys.io\/?author=1\"}]}<\/script>\n<!-- \/ Yoast SEO plugin. -->","yoast_head_json":{"title":"Casos de C\u00e2ncer de P\u00e2ncreas Crescem Entre Jovens, Aponta Estudo - ICTDF","robots":{"index":"index","follow":"follow","max-snippet":"max-snippet:-1","max-image-preview":"max-image-preview:large","max-video-preview":"max-video-preview:-1"},"canonical":"https:\/\/ictdf.synergyecosys.io\/?p=813","og_locale":"pt_BR","og_type":"article","og_title":"Casos de C\u00e2ncer de P\u00e2ncreas Crescem Entre Jovens, Aponta Estudo - ICTDF","og_description":"Estudo aponta aumento de casos de c\u00e2ncer de p\u00e2ncreas entre jovens. Descubra sintomas, riscos e preven\u00e7\u00e3o dessa doen\u00e7a que afeta cada vez mais cedo.","og_url":"https:\/\/ictdf.synergyecosys.io\/?p=813","og_site_name":"ICTDF","article_published_time":"2026-04-26T04:33:10+00:00","author":"admin","twitter_card":"summary_large_image","twitter_misc":{"Escrito por":"admin","Est. tempo de leitura":"3 minutos"},"schema":{"@context":"https:\/\/schema.org","@graph":[{"@type":"Article","@id":"https:\/\/ictdf.synergyecosys.io\/?p=813#article","isPartOf":{"@id":"https:\/\/ictdf.synergyecosys.io\/?p=813"},"author":{"name":"admin","@id":"https:\/\/ictdf.synergyecosys.io\/#\/schema\/person\/0b4488974b7b485188c0c01cb9f95b21"},"headline":"Casos de C\u00e2ncer de P\u00e2ncreas Crescem Entre Jovens, Aponta Estudo","datePublished":"2026-04-26T04:33:10+00:00","mainEntityOfPage":{"@id":"https:\/\/ictdf.synergyecosys.io\/?p=813"},"wordCount":635,"commentCount":0,"publisher":{"@id":"https:\/\/ictdf.synergyecosys.io\/#organization"},"image":{"@id":"https:\/\/ictdf.synergyecosys.io\/?p=813#primaryimage"},"thumbnailUrl":"https:\/\/ictdf.synergyecosys.io\/wp-content\/uploads\/2026\/04\/imagem-Cyncer-de-Pyncreas-em-Jovens-Casos-Crescem-Diz-Estudo.png","articleSection":["Bem-estar"],"inLanguage":"pt-BR","potentialAction":[{"@type":"CommentAction","name":"Comment","target":["https:\/\/ictdf.synergyecosys.io\/?p=813#respond"]}]},{"@type":"WebPage","@id":"https:\/\/ictdf.synergyecosys.io\/?p=813","url":"https:\/\/ictdf.synergyecosys.io\/?p=813","name":"Casos de C\u00e2ncer de P\u00e2ncreas Crescem Entre Jovens, Aponta Estudo - ICTDF","isPartOf":{"@id":"https:\/\/ictdf.synergyecosys.io\/#website"},"primaryImageOfPage":{"@id":"https:\/\/ictdf.synergyecosys.io\/?p=813#primaryimage"},"image":{"@id":"https:\/\/ictdf.synergyecosys.io\/?p=813#primaryimage"},"thumbnailUrl":"https:\/\/ictdf.synergyecosys.io\/wp-content\/uploads\/2026\/04\/imagem-Cyncer-de-Pyncreas-em-Jovens-Casos-Crescem-Diz-Estudo.png","datePublished":"2026-04-26T04:33:10+00:00","breadcrumb":{"@id":"https:\/\/ictdf.synergyecosys.io\/?p=813#breadcrumb"},"inLanguage":"pt-BR","potentialAction":[{"@type":"ReadAction","target":["https:\/\/ictdf.synergyecosys.io\/?p=813"]}]},{"@type":"ImageObject","inLanguage":"pt-BR","@id":"https:\/\/ictdf.synergyecosys.io\/?p=813#primaryimage","url":"https:\/\/ictdf.synergyecosys.io\/wp-content\/uploads\/2026\/04\/imagem-Cyncer-de-Pyncreas-em-Jovens-Casos-Crescem-Diz-Estudo.png","contentUrl":"https:\/\/ictdf.synergyecosys.io\/wp-content\/uploads\/2026\/04\/imagem-Cyncer-de-Pyncreas-em-Jovens-Casos-Crescem-Diz-Estudo.png","width":1696,"height":960},{"@type":"BreadcrumbList","@id":"https:\/\/ictdf.synergyecosys.io\/?p=813#breadcrumb","itemListElement":[{"@type":"ListItem","position":1,"name":"In\u00edcio","item":"https:\/\/ictdf.synergyecosys.io\/"},{"@type":"ListItem","position":2,"name":"Casos de C\u00e2ncer de P\u00e2ncreas Crescem Entre Jovens, Aponta Estudo"}]},{"@type":"WebSite","@id":"https:\/\/ictdf.synergyecosys.io\/#website","url":"https:\/\/ictdf.synergyecosys.io\/","name":"ICTDF","description":"","publisher":{"@id":"https:\/\/ictdf.synergyecosys.io\/#organization"},"potentialAction":[{"@type":"SearchAction","target":{"@type":"EntryPoint","urlTemplate":"https:\/\/ictdf.synergyecosys.io\/?s={search_term_string}"},"query-input":{"@type":"PropertyValueSpecification","valueRequired":true,"valueName":"search_term_string"}}],"inLanguage":"pt-BR"},{"@type":"Organization","@id":"https:\/\/ictdf.synergyecosys.io\/#organization","name":"ICTDF","url":"https:\/\/ictdf.synergyecosys.io\/","logo":{"@type":"ImageObject","inLanguage":"pt-BR","@id":"https:\/\/ictdf.synergyecosys.io\/#\/schema\/logo\/image\/","url":"https:\/\/ictdf.synergyecosys.io\/wp-content\/uploads\/2026\/02\/cropped-cropped-ICTDF_logo_transparente.png","contentUrl":"https:\/\/ictdf.synergyecosys.io\/wp-content\/uploads\/2026\/02\/cropped-cropped-ICTDF_logo_transparente.png","width":450,"height":141,"caption":"ICTDF"},"image":{"@id":"https:\/\/ictdf.synergyecosys.io\/#\/schema\/logo\/image\/"}},{"@type":"Person","@id":"https:\/\/ictdf.synergyecosys.io\/#\/schema\/person\/0b4488974b7b485188c0c01cb9f95b21","name":"admin","image":{"@type":"ImageObject","inLanguage":"pt-BR","@id":"https:\/\/ictdf.synergyecosys.io\/#\/schema\/person\/image\/","url":"https:\/\/secure.gravatar.com\/avatar\/ee6b87b4bde4f4817334740781bdb6e270748065085879a5aa2018d8006922fa?s=96&d=mm&r=g","contentUrl":"https:\/\/secure.gravatar.com\/avatar\/ee6b87b4bde4f4817334740781bdb6e270748065085879a5aa2018d8006922fa?s=96&d=mm&r=g","caption":"admin"},"sameAs":["https:\/\/ictdf.synergyecosys.io"],"url":"https:\/\/ictdf.synergyecosys.io\/?author=1"}]}},"_links":{"self":[{"href":"https:\/\/ictdf.synergyecosys.io\/index.php?rest_route=\/wp\/v2\/posts\/813","targetHints":{"allow":["GET"]}}],"collection":[{"href":"https:\/\/ictdf.synergyecosys.io\/index.php?rest_route=\/wp\/v2\/posts"}],"about":[{"href":"https:\/\/ictdf.synergyecosys.io\/index.php?rest_route=\/wp\/v2\/types\/post"}],"author":[{"embeddable":true,"href":"https:\/\/ictdf.synergyecosys.io\/index.php?rest_route=\/wp\/v2\/users\/1"}],"replies":[{"embeddable":true,"href":"https:\/\/ictdf.synergyecosys.io\/index.php?rest_route=%2Fwp%2Fv2%2Fcomments&post=813"}],"version-history":[{"count":0,"href":"https:\/\/ictdf.synergyecosys.io\/index.php?rest_route=\/wp\/v2\/posts\/813\/revisions"}],"wp:featuredmedia":[{"embeddable":true,"href":"https:\/\/ictdf.synergyecosys.io\/index.php?rest_route=\/wp\/v2\/media\/812"}],"wp:attachment":[{"href":"https:\/\/ictdf.synergyecosys.io\/index.php?rest_route=%2Fwp%2Fv2%2Fmedia&parent=813"}],"wp:term":[{"taxonomy":"category","embeddable":true,"href":"https:\/\/ictdf.synergyecosys.io\/index.php?rest_route=%2Fwp%2Fv2%2Fcategories&post=813"},{"taxonomy":"post_tag","embeddable":true,"href":"https:\/\/ictdf.synergyecosys.io\/index.php?rest_route=%2Fwp%2Fv2%2Ftags&post=813"}],"curies":[{"name":"wp","href":"https:\/\/api.w.org\/{rel}","templated":true}]}}