{"id":803,"date":"2026-04-24T02:32:54","date_gmt":"2026-04-24T05:32:54","guid":{"rendered":"https:\/\/ictdf.synergyecosys.io\/?p=803"},"modified":"2026-04-24T02:32:54","modified_gmt":"2026-04-24T05:32:54","slug":"sao-paulo-mais-duas-mortes-por-febre-amarela","status":"publish","type":"post","link":"https:\/\/ictdf.synergyecosys.io\/?p=803","title":{"rendered":"S\u00e3o Paulo: Mais Duas Mortes por Febre Amarela"},"content":{"rendered":"<p>Recentemente, o Estado de S\u00e3o Paulo confirmou mais duas mortes causadas pela febre amarela, o que tem gerado preocupa\u00e7\u00e3o entre a popula\u00e7\u00e3o e as autoridades de sa\u00fade. Essa not\u00edcia nos lembra da import\u00e2ncia de estarmos atentos a doen\u00e7as transmitidas por mosquitos, especialmente em regi\u00f5es tropicais como o Brasil. Neste artigo, vamos explicar o que \u00e9 a febre amarela de forma simples e clara, contextualizar esse surto e discutir como voc\u00ea pode se proteger.<\/p>\n<h2>O Que \u00c9 a Febre Amarela e Como Ela Se Espalha?<\/h2>\n<p>A febre amarela \u00e9 uma doen\u00e7a viral grave, causada por um v\u00edrus transmitido principalmente por mosquitos. No Brasil, os vetores mais comuns s\u00e3o o <strong>Aedes aegypti<\/strong>, conhecido por transmitir dengue e zika, e o mosquito <strong>Haemagogus<\/strong>, encontrado em \u00e1reas silvestres. O nome &#8216;amarela&#8217; vem da icter\u00edcia, que deixa a pele e os olhos amarelados em casos graves.<\/p>\n<p>Os sintomas iniciais incluem febre alta, dor de cabe\u00e7a, n\u00e1useas e fadiga, parecendo uma gripe forte. Em formas severas, pode evoluir para fal\u00eancia de \u00f3rg\u00e3os, com taxa de mortalidade de at\u00e9 50% sem tratamento. Felizmente, n\u00e3o h\u00e1 cura espec\u00edfica, mas o suporte m\u00e9dico pode ajudar, e a preven\u00e7\u00e3o \u00e9 a chave.<\/p>\n<h2>O Cen\u00e1rio Atual no Estado de S\u00e3o Paulo<\/h2>\n<p>Nos \u00faltimos anos, o Brasil tem enfrentado surtos de febre amarela, especialmente em \u00e1reas rurais e de mata. Em S\u00e3o Paulo, que \u00e9 um estado urbanizado, casos urbanos s\u00e3o raros gra\u00e7as \u00e0 vacina\u00e7\u00e3o, mas os silvestres persistem. Essas duas novas mortes elevam o total recente, destacando a necessidade de vigil\u00e2ncia em regi\u00f5es como o interior e parques.<\/p>\n<p>Segundo dados do Minist\u00e9rio da Sa\u00fade, o estado registrou um aumento nos casos confirmados, o que levou a campanhas de vacina\u00e7\u00e3o intensificadas. Eu analisei relat\u00f3rios recentes e percebo que a proximidade com \u00e1reas end\u00eamicas, como Minas Gerais e Paran\u00e1, facilita a dissemina\u00e7\u00e3o.<\/p>\n<h3>Fatores que Contribuem para o Surto<\/h3>\n<p>V\u00e1rios elementos explicam esse aumento: o ciclo sazonal da doen\u00e7a, que peaks no ver\u00e3o chuvoso; a mobilidade humana, com pessoas visitando florestas sem vacina; e a poss\u00edvel redu\u00e7\u00e3o na imunidade coletiva em algumas popula\u00e7\u00f5es. N\u00e3o \u00e9 uma epidemia urbana ainda, mas o risco existe se o mosquito Aedes se envolver mais.<\/p>\n<h2>Impactos na Vida Cotidiana e na Sociedade<\/h2>\n<p>Essas mortes n\u00e3o s\u00e3o apenas n\u00fameros; elas afetam fam\u00edlias, sobrecarregam o sistema de sa\u00fade e geram medo. Para o cidad\u00e3o comum, significa repensar viagens para \u00e1reas de risco, como o litoral ou interior de S\u00e3o Paulo. Empresas de turismo e agricultura, que dependem de \u00e1reas silvestres, enfrentam desafios com restri\u00e7\u00f5es e alertas.<\/p>\n<p>Na sociedade mais ampla, refor\u00e7a a discuss\u00e3o sobre sa\u00fade p\u00fablica no Brasil. Com o aquecimento global expandindo habitats de mosquitos, vemos um impacto ambiental que pode piorar surtos futuros. Pessoalmente, acredito que isso nos obriga a valorizar mais a preven\u00e7\u00e3o coletiva.<\/p>\n<ul>\n<li>Aumento na demanda por vacinas nos postos de sa\u00fade.<\/li>\n<li>Campanhas educativas nas escolas e m\u00eddias.<\/li>\n<li>Poss\u00edveis impactos econ\u00f4micos em setores dependentes da natureza.<\/li>\n<\/ul>\n<h2>Preven\u00e7\u00e3o e O Que Fazer a Seguir<\/h2>\n<p>A boa not\u00edcia \u00e9 que a vacina contra febre amarela \u00e9 altamente eficaz, com uma dose protegendo por toda a vida. Se voc\u00ea mora ou viaja para S\u00e3o Paulo ou regi\u00f5es de risco, verifique seu cart\u00e3o de vacina\u00e7\u00e3o. O SUS oferece gratuitamente, e \u00e9 recomendada para crian\u00e7as a partir de 9 meses e adultos.<\/p>\n<p>Al\u00e9m da vacina, evite \u00e1reas de mata ao entardecer, use repelentes e roupas longas. As autoridades est\u00e3o monitorando e expandindo a vacina\u00e7\u00e3o, mas cabe a n\u00f3s nos informarmos. Olhando para o futuro, tend\u00eancias apontam para mais investimentos em controle de vetores e pesquisa de vacinas universais.<\/p>\n<h3>Dicas Pr\u00e1ticas para se Proteger<\/h3>\n<ol>\n<li>Consulte um m\u00e9dico antes de viajar para \u00e1reas end\u00eamicas.<\/li>\n<li>Mantenha quintais limpos para evitar criadouros de mosquitos.<\/li>\n<li>Acompanhe boletins do Minist\u00e9rio da Sa\u00fade.<\/li>\n<li>Se tiver sintomas, procure atendimento imediato.<\/li>\n<\/ol>\n<h2>Reflex\u00f5es Finais: Fique Alerta e Vacinado<\/h2>\n<p>Essas duas mortes em S\u00e3o Paulo s\u00e3o um chamado \u00e0 a\u00e7\u00e3o. A febre amarela \u00e9 preven\u00edvel, e com conscientiza\u00e7\u00e3o, podemos evitar trag\u00e9dias maiores. Eu espero que este artigo tenha esclarecido o tema e motivado voc\u00ea a checar sua vacina\u00e7\u00e3o. Compartilhe essa informa\u00e7\u00e3o e ajude a proteger nossa comunidade \u2013 sa\u00fade \u00e9 responsabilidade de todos.<\/p>\n","protected":false},"excerpt":{"rendered":"<p>O Estado de S\u00e3o Paulo registra mais duas mortes por febre amarela, elevando o alerta para vacina\u00e7\u00e3o. Entenda os sintomas, preven\u00e7\u00e3o e o que est\u00e1 acontecendo agora.<\/p>\n","protected":false},"author":1,"featured_media":802,"comment_status":"open","ping_status":"open","sticky":false,"template":"","format":"standard","meta":{"_acf_changed":false,"_eb_attr":"","footnotes":"","_wpscppro_dont_share_socialmedia":false,"_wpscppro_custom_social_share_image":0,"_facebook_share_type":"","_twitter_share_type":"","_linkedin_share_type":"","_pinterest_share_type":"","_linkedin_share_type_page":"","_instagram_share_type":"","_medium_share_type":"","_threads_share_type":"","_google_business_share_type":"","_selected_social_profile":[],"_wpsp_enable_custom_social_template":false,"_wpsp_social_scheduling":{"enabled":false,"datetime":null,"platforms":[],"status":"template_only","dateOption":"today","timeOption":"now","customDays":"","customHours":"","customDate":"","customTime":"","schedulingType":"absolute"},"_wpsp_active_default_template":true},"categories":[3],"tags":[],"class_list":["post-803","post","type-post","status-publish","format-standard","has-post-thumbnail","hentry","category-bem-estar"],"acf":[],"yoast_head":"<!-- This site is optimized with the Yoast SEO plugin v26.9 - https:\/\/yoast.com\/product\/yoast-seo-wordpress\/ -->\n<title>S\u00e3o Paulo: Mais Duas Mortes por Febre Amarela - ICTDF<\/title>\n<meta name=\"robots\" content=\"index, follow, max-snippet:-1, max-image-preview:large, max-video-preview:-1\" \/>\n<link rel=\"canonical\" href=\"https:\/\/ictdf.synergyecosys.io\/?p=803\" \/>\n<meta property=\"og:locale\" content=\"pt_BR\" \/>\n<meta property=\"og:type\" content=\"article\" \/>\n<meta property=\"og:title\" content=\"S\u00e3o Paulo: Mais Duas Mortes por Febre Amarela - ICTDF\" \/>\n<meta property=\"og:description\" content=\"O Estado de S\u00e3o Paulo registra mais duas mortes por febre amarela, elevando o alerta para vacina\u00e7\u00e3o. Entenda os sintomas, preven\u00e7\u00e3o e o que est\u00e1 acontecendo agora.\" \/>\n<meta property=\"og:url\" content=\"https:\/\/ictdf.synergyecosys.io\/?p=803\" \/>\n<meta property=\"og:site_name\" content=\"ICTDF\" \/>\n<meta property=\"article:published_time\" content=\"2026-04-24T05:32:54+00:00\" \/>\n<meta name=\"author\" content=\"admin\" \/>\n<meta name=\"twitter:card\" content=\"summary_large_image\" \/>\n<meta name=\"twitter:label1\" content=\"Escrito por\" \/>\n\t<meta name=\"twitter:data1\" content=\"admin\" \/>\n\t<meta name=\"twitter:label2\" content=\"Est. tempo de leitura\" \/>\n\t<meta name=\"twitter:data2\" content=\"4 minutos\" \/>\n<script type=\"application\/ld+json\" class=\"yoast-schema-graph\">{\"@context\":\"https:\/\/schema.org\",\"@graph\":[{\"@type\":\"Article\",\"@id\":\"https:\/\/ictdf.synergyecosys.io\/?p=803#article\",\"isPartOf\":{\"@id\":\"https:\/\/ictdf.synergyecosys.io\/?p=803\"},\"author\":{\"name\":\"admin\",\"@id\":\"https:\/\/ictdf.synergyecosys.io\/#\/schema\/person\/0b4488974b7b485188c0c01cb9f95b21\"},\"headline\":\"S\u00e3o Paulo: Mais Duas Mortes por Febre Amarela\",\"datePublished\":\"2026-04-24T05:32:54+00:00\",\"mainEntityOfPage\":{\"@id\":\"https:\/\/ictdf.synergyecosys.io\/?p=803\"},\"wordCount\":758,\"commentCount\":0,\"publisher\":{\"@id\":\"https:\/\/ictdf.synergyecosys.io\/#organization\"},\"image\":{\"@id\":\"https:\/\/ictdf.synergyecosys.io\/?p=803#primaryimage\"},\"thumbnailUrl\":\"https:\/\/ictdf.synergyecosys.io\/wp-content\/uploads\/2026\/04\/imagem-Syo-Paulo-Mais-Duas-Mortes-por-Febre-Amarela.png\",\"articleSection\":[\"Bem-estar\"],\"inLanguage\":\"pt-BR\",\"potentialAction\":[{\"@type\":\"CommentAction\",\"name\":\"Comment\",\"target\":[\"https:\/\/ictdf.synergyecosys.io\/?p=803#respond\"]}]},{\"@type\":\"WebPage\",\"@id\":\"https:\/\/ictdf.synergyecosys.io\/?p=803\",\"url\":\"https:\/\/ictdf.synergyecosys.io\/?p=803\",\"name\":\"S\u00e3o Paulo: Mais Duas Mortes por Febre Amarela - ICTDF\",\"isPartOf\":{\"@id\":\"https:\/\/ictdf.synergyecosys.io\/#website\"},\"primaryImageOfPage\":{\"@id\":\"https:\/\/ictdf.synergyecosys.io\/?p=803#primaryimage\"},\"image\":{\"@id\":\"https:\/\/ictdf.synergyecosys.io\/?p=803#primaryimage\"},\"thumbnailUrl\":\"https:\/\/ictdf.synergyecosys.io\/wp-content\/uploads\/2026\/04\/imagem-Syo-Paulo-Mais-Duas-Mortes-por-Febre-Amarela.png\",\"datePublished\":\"2026-04-24T05:32:54+00:00\",\"breadcrumb\":{\"@id\":\"https:\/\/ictdf.synergyecosys.io\/?p=803#breadcrumb\"},\"inLanguage\":\"pt-BR\",\"potentialAction\":[{\"@type\":\"ReadAction\",\"target\":[\"https:\/\/ictdf.synergyecosys.io\/?p=803\"]}]},{\"@type\":\"ImageObject\",\"inLanguage\":\"pt-BR\",\"@id\":\"https:\/\/ictdf.synergyecosys.io\/?p=803#primaryimage\",\"url\":\"https:\/\/ictdf.synergyecosys.io\/wp-content\/uploads\/2026\/04\/imagem-Syo-Paulo-Mais-Duas-Mortes-por-Febre-Amarela.png\",\"contentUrl\":\"https:\/\/ictdf.synergyecosys.io\/wp-content\/uploads\/2026\/04\/imagem-Syo-Paulo-Mais-Duas-Mortes-por-Febre-Amarela.png\",\"width\":1696,\"height\":960},{\"@type\":\"BreadcrumbList\",\"@id\":\"https:\/\/ictdf.synergyecosys.io\/?p=803#breadcrumb\",\"itemListElement\":[{\"@type\":\"ListItem\",\"position\":1,\"name\":\"In\u00edcio\",\"item\":\"https:\/\/ictdf.synergyecosys.io\/\"},{\"@type\":\"ListItem\",\"position\":2,\"name\":\"S\u00e3o Paulo: Mais Duas Mortes por Febre Amarela\"}]},{\"@type\":\"WebSite\",\"@id\":\"https:\/\/ictdf.synergyecosys.io\/#website\",\"url\":\"https:\/\/ictdf.synergyecosys.io\/\",\"name\":\"ICTDF\",\"description\":\"\",\"publisher\":{\"@id\":\"https:\/\/ictdf.synergyecosys.io\/#organization\"},\"potentialAction\":[{\"@type\":\"SearchAction\",\"target\":{\"@type\":\"EntryPoint\",\"urlTemplate\":\"https:\/\/ictdf.synergyecosys.io\/?s={search_term_string}\"},\"query-input\":{\"@type\":\"PropertyValueSpecification\",\"valueRequired\":true,\"valueName\":\"search_term_string\"}}],\"inLanguage\":\"pt-BR\"},{\"@type\":\"Organization\",\"@id\":\"https:\/\/ictdf.synergyecosys.io\/#organization\",\"name\":\"ICTDF\",\"url\":\"https:\/\/ictdf.synergyecosys.io\/\",\"logo\":{\"@type\":\"ImageObject\",\"inLanguage\":\"pt-BR\",\"@id\":\"https:\/\/ictdf.synergyecosys.io\/#\/schema\/logo\/image\/\",\"url\":\"https:\/\/ictdf.synergyecosys.io\/wp-content\/uploads\/2026\/02\/cropped-cropped-ICTDF_logo_transparente.png\",\"contentUrl\":\"https:\/\/ictdf.synergyecosys.io\/wp-content\/uploads\/2026\/02\/cropped-cropped-ICTDF_logo_transparente.png\",\"width\":450,\"height\":141,\"caption\":\"ICTDF\"},\"image\":{\"@id\":\"https:\/\/ictdf.synergyecosys.io\/#\/schema\/logo\/image\/\"}},{\"@type\":\"Person\",\"@id\":\"https:\/\/ictdf.synergyecosys.io\/#\/schema\/person\/0b4488974b7b485188c0c01cb9f95b21\",\"name\":\"admin\",\"image\":{\"@type\":\"ImageObject\",\"inLanguage\":\"pt-BR\",\"@id\":\"https:\/\/ictdf.synergyecosys.io\/#\/schema\/person\/image\/\",\"url\":\"https:\/\/secure.gravatar.com\/avatar\/ee6b87b4bde4f4817334740781bdb6e270748065085879a5aa2018d8006922fa?s=96&d=mm&r=g\",\"contentUrl\":\"https:\/\/secure.gravatar.com\/avatar\/ee6b87b4bde4f4817334740781bdb6e270748065085879a5aa2018d8006922fa?s=96&d=mm&r=g\",\"caption\":\"admin\"},\"sameAs\":[\"https:\/\/ictdf.synergyecosys.io\"],\"url\":\"https:\/\/ictdf.synergyecosys.io\/?author=1\"}]}<\/script>\n<!-- \/ Yoast SEO plugin. -->","yoast_head_json":{"title":"S\u00e3o Paulo: Mais Duas Mortes por Febre Amarela - ICTDF","robots":{"index":"index","follow":"follow","max-snippet":"max-snippet:-1","max-image-preview":"max-image-preview:large","max-video-preview":"max-video-preview:-1"},"canonical":"https:\/\/ictdf.synergyecosys.io\/?p=803","og_locale":"pt_BR","og_type":"article","og_title":"S\u00e3o Paulo: Mais Duas Mortes por Febre Amarela - ICTDF","og_description":"O Estado de S\u00e3o Paulo registra mais duas mortes por febre amarela, elevando o alerta para vacina\u00e7\u00e3o. Entenda os sintomas, preven\u00e7\u00e3o e o que est\u00e1 acontecendo agora.","og_url":"https:\/\/ictdf.synergyecosys.io\/?p=803","og_site_name":"ICTDF","article_published_time":"2026-04-24T05:32:54+00:00","author":"admin","twitter_card":"summary_large_image","twitter_misc":{"Escrito por":"admin","Est. tempo de leitura":"4 minutos"},"schema":{"@context":"https:\/\/schema.org","@graph":[{"@type":"Article","@id":"https:\/\/ictdf.synergyecosys.io\/?p=803#article","isPartOf":{"@id":"https:\/\/ictdf.synergyecosys.io\/?p=803"},"author":{"name":"admin","@id":"https:\/\/ictdf.synergyecosys.io\/#\/schema\/person\/0b4488974b7b485188c0c01cb9f95b21"},"headline":"S\u00e3o Paulo: Mais Duas Mortes por Febre Amarela","datePublished":"2026-04-24T05:32:54+00:00","mainEntityOfPage":{"@id":"https:\/\/ictdf.synergyecosys.io\/?p=803"},"wordCount":758,"commentCount":0,"publisher":{"@id":"https:\/\/ictdf.synergyecosys.io\/#organization"},"image":{"@id":"https:\/\/ictdf.synergyecosys.io\/?p=803#primaryimage"},"thumbnailUrl":"https:\/\/ictdf.synergyecosys.io\/wp-content\/uploads\/2026\/04\/imagem-Syo-Paulo-Mais-Duas-Mortes-por-Febre-Amarela.png","articleSection":["Bem-estar"],"inLanguage":"pt-BR","potentialAction":[{"@type":"CommentAction","name":"Comment","target":["https:\/\/ictdf.synergyecosys.io\/?p=803#respond"]}]},{"@type":"WebPage","@id":"https:\/\/ictdf.synergyecosys.io\/?p=803","url":"https:\/\/ictdf.synergyecosys.io\/?p=803","name":"S\u00e3o Paulo: Mais Duas Mortes por Febre Amarela - ICTDF","isPartOf":{"@id":"https:\/\/ictdf.synergyecosys.io\/#website"},"primaryImageOfPage":{"@id":"https:\/\/ictdf.synergyecosys.io\/?p=803#primaryimage"},"image":{"@id":"https:\/\/ictdf.synergyecosys.io\/?p=803#primaryimage"},"thumbnailUrl":"https:\/\/ictdf.synergyecosys.io\/wp-content\/uploads\/2026\/04\/imagem-Syo-Paulo-Mais-Duas-Mortes-por-Febre-Amarela.png","datePublished":"2026-04-24T05:32:54+00:00","breadcrumb":{"@id":"https:\/\/ictdf.synergyecosys.io\/?p=803#breadcrumb"},"inLanguage":"pt-BR","potentialAction":[{"@type":"ReadAction","target":["https:\/\/ictdf.synergyecosys.io\/?p=803"]}]},{"@type":"ImageObject","inLanguage":"pt-BR","@id":"https:\/\/ictdf.synergyecosys.io\/?p=803#primaryimage","url":"https:\/\/ictdf.synergyecosys.io\/wp-content\/uploads\/2026\/04\/imagem-Syo-Paulo-Mais-Duas-Mortes-por-Febre-Amarela.png","contentUrl":"https:\/\/ictdf.synergyecosys.io\/wp-content\/uploads\/2026\/04\/imagem-Syo-Paulo-Mais-Duas-Mortes-por-Febre-Amarela.png","width":1696,"height":960},{"@type":"BreadcrumbList","@id":"https:\/\/ictdf.synergyecosys.io\/?p=803#breadcrumb","itemListElement":[{"@type":"ListItem","position":1,"name":"In\u00edcio","item":"https:\/\/ictdf.synergyecosys.io\/"},{"@type":"ListItem","position":2,"name":"S\u00e3o Paulo: Mais Duas Mortes por Febre Amarela"}]},{"@type":"WebSite","@id":"https:\/\/ictdf.synergyecosys.io\/#website","url":"https:\/\/ictdf.synergyecosys.io\/","name":"ICTDF","description":"","publisher":{"@id":"https:\/\/ictdf.synergyecosys.io\/#organization"},"potentialAction":[{"@type":"SearchAction","target":{"@type":"EntryPoint","urlTemplate":"https:\/\/ictdf.synergyecosys.io\/?s={search_term_string}"},"query-input":{"@type":"PropertyValueSpecification","valueRequired":true,"valueName":"search_term_string"}}],"inLanguage":"pt-BR"},{"@type":"Organization","@id":"https:\/\/ictdf.synergyecosys.io\/#organization","name":"ICTDF","url":"https:\/\/ictdf.synergyecosys.io\/","logo":{"@type":"ImageObject","inLanguage":"pt-BR","@id":"https:\/\/ictdf.synergyecosys.io\/#\/schema\/logo\/image\/","url":"https:\/\/ictdf.synergyecosys.io\/wp-content\/uploads\/2026\/02\/cropped-cropped-ICTDF_logo_transparente.png","contentUrl":"https:\/\/ictdf.synergyecosys.io\/wp-content\/uploads\/2026\/02\/cropped-cropped-ICTDF_logo_transparente.png","width":450,"height":141,"caption":"ICTDF"},"image":{"@id":"https:\/\/ictdf.synergyecosys.io\/#\/schema\/logo\/image\/"}},{"@type":"Person","@id":"https:\/\/ictdf.synergyecosys.io\/#\/schema\/person\/0b4488974b7b485188c0c01cb9f95b21","name":"admin","image":{"@type":"ImageObject","inLanguage":"pt-BR","@id":"https:\/\/ictdf.synergyecosys.io\/#\/schema\/person\/image\/","url":"https:\/\/secure.gravatar.com\/avatar\/ee6b87b4bde4f4817334740781bdb6e270748065085879a5aa2018d8006922fa?s=96&d=mm&r=g","contentUrl":"https:\/\/secure.gravatar.com\/avatar\/ee6b87b4bde4f4817334740781bdb6e270748065085879a5aa2018d8006922fa?s=96&d=mm&r=g","caption":"admin"},"sameAs":["https:\/\/ictdf.synergyecosys.io"],"url":"https:\/\/ictdf.synergyecosys.io\/?author=1"}]}},"_links":{"self":[{"href":"https:\/\/ictdf.synergyecosys.io\/index.php?rest_route=\/wp\/v2\/posts\/803","targetHints":{"allow":["GET"]}}],"collection":[{"href":"https:\/\/ictdf.synergyecosys.io\/index.php?rest_route=\/wp\/v2\/posts"}],"about":[{"href":"https:\/\/ictdf.synergyecosys.io\/index.php?rest_route=\/wp\/v2\/types\/post"}],"author":[{"embeddable":true,"href":"https:\/\/ictdf.synergyecosys.io\/index.php?rest_route=\/wp\/v2\/users\/1"}],"replies":[{"embeddable":true,"href":"https:\/\/ictdf.synergyecosys.io\/index.php?rest_route=%2Fwp%2Fv2%2Fcomments&post=803"}],"version-history":[{"count":0,"href":"https:\/\/ictdf.synergyecosys.io\/index.php?rest_route=\/wp\/v2\/posts\/803\/revisions"}],"wp:featuredmedia":[{"embeddable":true,"href":"https:\/\/ictdf.synergyecosys.io\/index.php?rest_route=\/wp\/v2\/media\/802"}],"wp:attachment":[{"href":"https:\/\/ictdf.synergyecosys.io\/index.php?rest_route=%2Fwp%2Fv2%2Fmedia&parent=803"}],"wp:term":[{"taxonomy":"category","embeddable":true,"href":"https:\/\/ictdf.synergyecosys.io\/index.php?rest_route=%2Fwp%2Fv2%2Fcategories&post=803"},{"taxonomy":"post_tag","embeddable":true,"href":"https:\/\/ictdf.synergyecosys.io\/index.php?rest_route=%2Fwp%2Fv2%2Ftags&post=803"}],"curies":[{"name":"wp","href":"https:\/\/api.w.org\/{rel}","templated":true}]}}