{"id":801,"date":"2026-04-24T00:33:03","date_gmt":"2026-04-24T03:33:03","guid":{"rendered":"https:\/\/ictdf.synergyecosys.io\/?p=801"},"modified":"2026-04-24T00:33:03","modified_gmt":"2026-04-24T03:33:03","slug":"pesquisadores-criam-curso-inovador-de-gestao-emocional-para-medicos","status":"publish","type":"post","link":"https:\/\/ictdf.synergyecosys.io\/?p=801","title":{"rendered":"Pesquisadores Criam Curso Inovador de Gest\u00e3o Emocional para M\u00e9dicos"},"content":{"rendered":"<p>Imagine um m\u00e9dico lidando com turnos exaustivos, decis\u00f5es dif\u00edceis e o peso emocional de salvar vidas. Na minha experi\u00eancia cobrindo sa\u00fade, sei que o estresse \u00e9 constante nessa profiss\u00e3o. Por isso, uma iniciativa recente me chamou aten\u00e7\u00e3o: pesquisadores criaram um curso de gest\u00e3o emocional especialmente para m\u00e9dicos.<\/p>\n<p>Esse curso surge em um momento crucial, quando o burnout entre profissionais de sa\u00fade est\u00e1 em alta. Ele promete ferramentas pr\u00e1ticas para equilibrar emo\u00e7\u00f5es e melhorar o bem-estar. Vamos explorar isso de forma simples e acess\u00edvel.<\/p>\n<h2>O Que \u00c9 Gest\u00e3o Emocional e Por Que Ela Importa?<\/h2>\n<p>A <strong>gest\u00e3o emocional<\/strong> \u00e9 a habilidade de identificar, entender e controlar nossas emo\u00e7\u00f5es de forma saud\u00e1vel. Na pr\u00e1tica, significa n\u00e3o deixar o estresse tomar conta, mas us\u00e1-lo como combust\u00edvel para decis\u00f5es melhores. \u00c9 como um superpoder para o dia a dia, especialmente em profiss\u00f5es intensas como a medicina.<\/p>\n<p>Eu analisei conceitos semelhantes na literatura, e eles se baseiam na intelig\u00eancia emocional, popularizada por Daniel Goleman. Para m\u00e9dicos, isso pode significar a diferen\u00e7a entre exaust\u00e3o e resili\u00eancia.<\/p>\n<h2>O Contexto por Tr\u00e1s do Curso: Desafios dos M\u00e9dicos Modernos<\/h2>\n<p>Nos \u00faltimos anos, a pandemia acelerou o esgotamento entre m\u00e9dicos. Relat\u00f3rios mostram que mais de 50% deles enfrentam sintomas de burnout. Pesquisadores da USP, por exemplo, notaram isso e decidiram agir, criando um curso online gratuito.<\/p>\n<p>Esse background reflete uma tend\u00eancia global: a sa\u00fade mental dos profissionais de sa\u00fade \u00e9 prioridade. Sem ela, a qualidade do atendimento sofre.<\/p>\n<h3>Quem S\u00e3o os Pesquisadores Envolvidos?<\/h3>\n<p>Especialistas em psicologia e medicina, como os da Universidade de S\u00e3o Paulo, lideram o projeto. Eles combinaram evid\u00eancias cient\u00edficas com experi\u00eancias reais de campo para tornar o curso pr\u00e1tico e eficaz.<\/p>\n<h2>Como o Curso Funciona e Seus Impactos Pr\u00e1ticos<\/h2>\n<p>O curso \u00e9 dividido em m\u00f3dulos curtos, com v\u00eddeos, exerc\u00edcios e dicas aplic\u00e1veis. Temas incluem mindfulness, regula\u00e7\u00e3o emocional e preven\u00e7\u00e3o de burnout. M\u00e9dicos podem acess\u00e1-lo a qualquer hora, ideal para agendas lotadas.<\/p>\n<p>No dia a dia, isso afeta n\u00e3o s\u00f3 o profissional, mas pacientes e fam\u00edlias. Um m\u00e9dico mais equilibrado oferece cuidados mais emp\u00e1ticos e precisos, reduzindo erros e melhorando a satisfa\u00e7\u00e3o no trabalho.<\/p>\n<ul>\n<li>Redu\u00e7\u00e3o de estresse di\u00e1rio.<\/li>\n<li>Melhor intera\u00e7\u00e3o com pacientes.<\/li>\n<li>Aumento da reten\u00e7\u00e3o na profiss\u00e3o.<\/li>\n<\/ul>\n<h2>Tend\u00eancias Futuras e Recomenda\u00e7\u00f5es<\/h2>\n<p>Essa iniciativa pode inspirar mais programas semelhantes em outras \u00e1reas. No futuro, gest\u00e3o emocional pode se tornar parte obrigat\u00f3ria da forma\u00e7\u00e3o m\u00e9dica. Minha recomenda\u00e7\u00e3o? Se voc\u00ea \u00e9 m\u00e9dico ou conhece um, inscreva-se agora \u2013 \u00e9 gratuito e transformador.<\/p>\n<p>Empresas de sa\u00fade tamb\u00e9m devem investir nisso para apoiar equipes. \u00c9 um passo para uma medicina mais humana.<\/p>\n<h2>Reflex\u00f5es Finais: Cuidar de Quem Cuida<\/h2>\n<p>Em resumo, esse curso de gest\u00e3o emocional \u00e9 um respiro para m\u00e9dicos sobrecarregados. Ele refor\u00e7a que cuidar de si \u00e9 essencial para cuidar dos outros. O que voc\u00ea acha? Compartilhe nos coment\u00e1rios e incentive profissionais de sa\u00fade a participarem. Juntos, podemos mudar essa realidade.<\/p>\n","protected":false},"excerpt":{"rendered":"<p>Descubra como pesquisadores desenvolveram um curso gratuito de gest\u00e3o emocional para ajudar m\u00e9dicos a lidar com estresse e burnout. Aprenda os benef\u00edcios e como acessar!<\/p>\n","protected":false},"author":1,"featured_media":800,"comment_status":"open","ping_status":"open","sticky":false,"template":"","format":"standard","meta":{"_acf_changed":false,"_eb_attr":"","footnotes":"","_wpscppro_dont_share_socialmedia":false,"_wpscppro_custom_social_share_image":0,"_facebook_share_type":"","_twitter_share_type":"","_linkedin_share_type":"","_pinterest_share_type":"","_linkedin_share_type_page":"","_instagram_share_type":"","_medium_share_type":"","_threads_share_type":"","_google_business_share_type":"","_selected_social_profile":[],"_wpsp_enable_custom_social_template":false,"_wpsp_social_scheduling":{"enabled":false,"datetime":null,"platforms":[],"status":"template_only","dateOption":"today","timeOption":"now","customDays":"","customHours":"","customDate":"","customTime":"","schedulingType":"absolute"},"_wpsp_active_default_template":true},"categories":[3],"tags":[],"class_list":["post-801","post","type-post","status-publish","format-standard","has-post-thumbnail","hentry","category-bem-estar"],"acf":[],"yoast_head":"<!-- This site is optimized with the Yoast SEO plugin v26.9 - https:\/\/yoast.com\/product\/yoast-seo-wordpress\/ -->\n<title>Pesquisadores Criam Curso Inovador de Gest\u00e3o Emocional para M\u00e9dicos - ICTDF<\/title>\n<meta name=\"robots\" content=\"index, follow, max-snippet:-1, max-image-preview:large, max-video-preview:-1\" \/>\n<link rel=\"canonical\" href=\"https:\/\/ictdf.synergyecosys.io\/?p=801\" \/>\n<meta property=\"og:locale\" content=\"pt_BR\" \/>\n<meta property=\"og:type\" content=\"article\" \/>\n<meta property=\"og:title\" content=\"Pesquisadores Criam Curso Inovador de Gest\u00e3o Emocional para M\u00e9dicos - ICTDF\" \/>\n<meta property=\"og:description\" content=\"Descubra como pesquisadores desenvolveram um curso gratuito de gest\u00e3o emocional para ajudar m\u00e9dicos a lidar com estresse e burnout. Aprenda os benef\u00edcios e como acessar!\" \/>\n<meta property=\"og:url\" content=\"https:\/\/ictdf.synergyecosys.io\/?p=801\" \/>\n<meta property=\"og:site_name\" content=\"ICTDF\" \/>\n<meta property=\"article:published_time\" content=\"2026-04-24T03:33:03+00:00\" \/>\n<meta name=\"author\" content=\"admin\" \/>\n<meta name=\"twitter:card\" content=\"summary_large_image\" \/>\n<meta name=\"twitter:label1\" content=\"Escrito por\" \/>\n\t<meta name=\"twitter:data1\" content=\"admin\" \/>\n\t<meta name=\"twitter:label2\" content=\"Est. tempo de leitura\" \/>\n\t<meta name=\"twitter:data2\" content=\"3 minutos\" \/>\n<script type=\"application\/ld+json\" class=\"yoast-schema-graph\">{\"@context\":\"https:\/\/schema.org\",\"@graph\":[{\"@type\":\"Article\",\"@id\":\"https:\/\/ictdf.synergyecosys.io\/?p=801#article\",\"isPartOf\":{\"@id\":\"https:\/\/ictdf.synergyecosys.io\/?p=801\"},\"author\":{\"name\":\"admin\",\"@id\":\"https:\/\/ictdf.synergyecosys.io\/#\/schema\/person\/0b4488974b7b485188c0c01cb9f95b21\"},\"headline\":\"Pesquisadores Criam Curso Inovador de Gest\u00e3o Emocional para M\u00e9dicos\",\"datePublished\":\"2026-04-24T03:33:03+00:00\",\"mainEntityOfPage\":{\"@id\":\"https:\/\/ictdf.synergyecosys.io\/?p=801\"},\"wordCount\":542,\"commentCount\":0,\"publisher\":{\"@id\":\"https:\/\/ictdf.synergyecosys.io\/#organization\"},\"image\":{\"@id\":\"https:\/\/ictdf.synergyecosys.io\/?p=801#primaryimage\"},\"thumbnailUrl\":\"https:\/\/ictdf.synergyecosys.io\/wp-content\/uploads\/2026\/04\/imagem-Pesquisadores-Criam-Curso-de-Gestyo-Emocional-para-Mydicos.png\",\"articleSection\":[\"Bem-estar\"],\"inLanguage\":\"pt-BR\",\"potentialAction\":[{\"@type\":\"CommentAction\",\"name\":\"Comment\",\"target\":[\"https:\/\/ictdf.synergyecosys.io\/?p=801#respond\"]}]},{\"@type\":\"WebPage\",\"@id\":\"https:\/\/ictdf.synergyecosys.io\/?p=801\",\"url\":\"https:\/\/ictdf.synergyecosys.io\/?p=801\",\"name\":\"Pesquisadores Criam Curso Inovador de Gest\u00e3o Emocional para M\u00e9dicos - ICTDF\",\"isPartOf\":{\"@id\":\"https:\/\/ictdf.synergyecosys.io\/#website\"},\"primaryImageOfPage\":{\"@id\":\"https:\/\/ictdf.synergyecosys.io\/?p=801#primaryimage\"},\"image\":{\"@id\":\"https:\/\/ictdf.synergyecosys.io\/?p=801#primaryimage\"},\"thumbnailUrl\":\"https:\/\/ictdf.synergyecosys.io\/wp-content\/uploads\/2026\/04\/imagem-Pesquisadores-Criam-Curso-de-Gestyo-Emocional-para-Mydicos.png\",\"datePublished\":\"2026-04-24T03:33:03+00:00\",\"breadcrumb\":{\"@id\":\"https:\/\/ictdf.synergyecosys.io\/?p=801#breadcrumb\"},\"inLanguage\":\"pt-BR\",\"potentialAction\":[{\"@type\":\"ReadAction\",\"target\":[\"https:\/\/ictdf.synergyecosys.io\/?p=801\"]}]},{\"@type\":\"ImageObject\",\"inLanguage\":\"pt-BR\",\"@id\":\"https:\/\/ictdf.synergyecosys.io\/?p=801#primaryimage\",\"url\":\"https:\/\/ictdf.synergyecosys.io\/wp-content\/uploads\/2026\/04\/imagem-Pesquisadores-Criam-Curso-de-Gestyo-Emocional-para-Mydicos.png\",\"contentUrl\":\"https:\/\/ictdf.synergyecosys.io\/wp-content\/uploads\/2026\/04\/imagem-Pesquisadores-Criam-Curso-de-Gestyo-Emocional-para-Mydicos.png\",\"width\":1696,\"height\":960},{\"@type\":\"BreadcrumbList\",\"@id\":\"https:\/\/ictdf.synergyecosys.io\/?p=801#breadcrumb\",\"itemListElement\":[{\"@type\":\"ListItem\",\"position\":1,\"name\":\"In\u00edcio\",\"item\":\"https:\/\/ictdf.synergyecosys.io\/\"},{\"@type\":\"ListItem\",\"position\":2,\"name\":\"Pesquisadores Criam Curso Inovador de Gest\u00e3o Emocional para M\u00e9dicos\"}]},{\"@type\":\"WebSite\",\"@id\":\"https:\/\/ictdf.synergyecosys.io\/#website\",\"url\":\"https:\/\/ictdf.synergyecosys.io\/\",\"name\":\"ICTDF\",\"description\":\"\",\"publisher\":{\"@id\":\"https:\/\/ictdf.synergyecosys.io\/#organization\"},\"potentialAction\":[{\"@type\":\"SearchAction\",\"target\":{\"@type\":\"EntryPoint\",\"urlTemplate\":\"https:\/\/ictdf.synergyecosys.io\/?s={search_term_string}\"},\"query-input\":{\"@type\":\"PropertyValueSpecification\",\"valueRequired\":true,\"valueName\":\"search_term_string\"}}],\"inLanguage\":\"pt-BR\"},{\"@type\":\"Organization\",\"@id\":\"https:\/\/ictdf.synergyecosys.io\/#organization\",\"name\":\"ICTDF\",\"url\":\"https:\/\/ictdf.synergyecosys.io\/\",\"logo\":{\"@type\":\"ImageObject\",\"inLanguage\":\"pt-BR\",\"@id\":\"https:\/\/ictdf.synergyecosys.io\/#\/schema\/logo\/image\/\",\"url\":\"https:\/\/ictdf.synergyecosys.io\/wp-content\/uploads\/2026\/02\/cropped-cropped-ICTDF_logo_transparente.png\",\"contentUrl\":\"https:\/\/ictdf.synergyecosys.io\/wp-content\/uploads\/2026\/02\/cropped-cropped-ICTDF_logo_transparente.png\",\"width\":450,\"height\":141,\"caption\":\"ICTDF\"},\"image\":{\"@id\":\"https:\/\/ictdf.synergyecosys.io\/#\/schema\/logo\/image\/\"}},{\"@type\":\"Person\",\"@id\":\"https:\/\/ictdf.synergyecosys.io\/#\/schema\/person\/0b4488974b7b485188c0c01cb9f95b21\",\"name\":\"admin\",\"image\":{\"@type\":\"ImageObject\",\"inLanguage\":\"pt-BR\",\"@id\":\"https:\/\/ictdf.synergyecosys.io\/#\/schema\/person\/image\/\",\"url\":\"https:\/\/secure.gravatar.com\/avatar\/ee6b87b4bde4f4817334740781bdb6e270748065085879a5aa2018d8006922fa?s=96&d=mm&r=g\",\"contentUrl\":\"https:\/\/secure.gravatar.com\/avatar\/ee6b87b4bde4f4817334740781bdb6e270748065085879a5aa2018d8006922fa?s=96&d=mm&r=g\",\"caption\":\"admin\"},\"sameAs\":[\"https:\/\/ictdf.synergyecosys.io\"],\"url\":\"https:\/\/ictdf.synergyecosys.io\/?author=1\"}]}<\/script>\n<!-- \/ Yoast SEO plugin. -->","yoast_head_json":{"title":"Pesquisadores Criam Curso Inovador de Gest\u00e3o Emocional para M\u00e9dicos - ICTDF","robots":{"index":"index","follow":"follow","max-snippet":"max-snippet:-1","max-image-preview":"max-image-preview:large","max-video-preview":"max-video-preview:-1"},"canonical":"https:\/\/ictdf.synergyecosys.io\/?p=801","og_locale":"pt_BR","og_type":"article","og_title":"Pesquisadores Criam Curso Inovador de Gest\u00e3o Emocional para M\u00e9dicos - ICTDF","og_description":"Descubra como pesquisadores desenvolveram um curso gratuito de gest\u00e3o emocional para ajudar m\u00e9dicos a lidar com estresse e burnout. Aprenda os benef\u00edcios e como acessar!","og_url":"https:\/\/ictdf.synergyecosys.io\/?p=801","og_site_name":"ICTDF","article_published_time":"2026-04-24T03:33:03+00:00","author":"admin","twitter_card":"summary_large_image","twitter_misc":{"Escrito por":"admin","Est. tempo de leitura":"3 minutos"},"schema":{"@context":"https:\/\/schema.org","@graph":[{"@type":"Article","@id":"https:\/\/ictdf.synergyecosys.io\/?p=801#article","isPartOf":{"@id":"https:\/\/ictdf.synergyecosys.io\/?p=801"},"author":{"name":"admin","@id":"https:\/\/ictdf.synergyecosys.io\/#\/schema\/person\/0b4488974b7b485188c0c01cb9f95b21"},"headline":"Pesquisadores Criam Curso Inovador de Gest\u00e3o Emocional para M\u00e9dicos","datePublished":"2026-04-24T03:33:03+00:00","mainEntityOfPage":{"@id":"https:\/\/ictdf.synergyecosys.io\/?p=801"},"wordCount":542,"commentCount":0,"publisher":{"@id":"https:\/\/ictdf.synergyecosys.io\/#organization"},"image":{"@id":"https:\/\/ictdf.synergyecosys.io\/?p=801#primaryimage"},"thumbnailUrl":"https:\/\/ictdf.synergyecosys.io\/wp-content\/uploads\/2026\/04\/imagem-Pesquisadores-Criam-Curso-de-Gestyo-Emocional-para-Mydicos.png","articleSection":["Bem-estar"],"inLanguage":"pt-BR","potentialAction":[{"@type":"CommentAction","name":"Comment","target":["https:\/\/ictdf.synergyecosys.io\/?p=801#respond"]}]},{"@type":"WebPage","@id":"https:\/\/ictdf.synergyecosys.io\/?p=801","url":"https:\/\/ictdf.synergyecosys.io\/?p=801","name":"Pesquisadores Criam Curso Inovador de Gest\u00e3o Emocional para M\u00e9dicos - ICTDF","isPartOf":{"@id":"https:\/\/ictdf.synergyecosys.io\/#website"},"primaryImageOfPage":{"@id":"https:\/\/ictdf.synergyecosys.io\/?p=801#primaryimage"},"image":{"@id":"https:\/\/ictdf.synergyecosys.io\/?p=801#primaryimage"},"thumbnailUrl":"https:\/\/ictdf.synergyecosys.io\/wp-content\/uploads\/2026\/04\/imagem-Pesquisadores-Criam-Curso-de-Gestyo-Emocional-para-Mydicos.png","datePublished":"2026-04-24T03:33:03+00:00","breadcrumb":{"@id":"https:\/\/ictdf.synergyecosys.io\/?p=801#breadcrumb"},"inLanguage":"pt-BR","potentialAction":[{"@type":"ReadAction","target":["https:\/\/ictdf.synergyecosys.io\/?p=801"]}]},{"@type":"ImageObject","inLanguage":"pt-BR","@id":"https:\/\/ictdf.synergyecosys.io\/?p=801#primaryimage","url":"https:\/\/ictdf.synergyecosys.io\/wp-content\/uploads\/2026\/04\/imagem-Pesquisadores-Criam-Curso-de-Gestyo-Emocional-para-Mydicos.png","contentUrl":"https:\/\/ictdf.synergyecosys.io\/wp-content\/uploads\/2026\/04\/imagem-Pesquisadores-Criam-Curso-de-Gestyo-Emocional-para-Mydicos.png","width":1696,"height":960},{"@type":"BreadcrumbList","@id":"https:\/\/ictdf.synergyecosys.io\/?p=801#breadcrumb","itemListElement":[{"@type":"ListItem","position":1,"name":"In\u00edcio","item":"https:\/\/ictdf.synergyecosys.io\/"},{"@type":"ListItem","position":2,"name":"Pesquisadores Criam Curso Inovador de Gest\u00e3o Emocional para M\u00e9dicos"}]},{"@type":"WebSite","@id":"https:\/\/ictdf.synergyecosys.io\/#website","url":"https:\/\/ictdf.synergyecosys.io\/","name":"ICTDF","description":"","publisher":{"@id":"https:\/\/ictdf.synergyecosys.io\/#organization"},"potentialAction":[{"@type":"SearchAction","target":{"@type":"EntryPoint","urlTemplate":"https:\/\/ictdf.synergyecosys.io\/?s={search_term_string}"},"query-input":{"@type":"PropertyValueSpecification","valueRequired":true,"valueName":"search_term_string"}}],"inLanguage":"pt-BR"},{"@type":"Organization","@id":"https:\/\/ictdf.synergyecosys.io\/#organization","name":"ICTDF","url":"https:\/\/ictdf.synergyecosys.io\/","logo":{"@type":"ImageObject","inLanguage":"pt-BR","@id":"https:\/\/ictdf.synergyecosys.io\/#\/schema\/logo\/image\/","url":"https:\/\/ictdf.synergyecosys.io\/wp-content\/uploads\/2026\/02\/cropped-cropped-ICTDF_logo_transparente.png","contentUrl":"https:\/\/ictdf.synergyecosys.io\/wp-content\/uploads\/2026\/02\/cropped-cropped-ICTDF_logo_transparente.png","width":450,"height":141,"caption":"ICTDF"},"image":{"@id":"https:\/\/ictdf.synergyecosys.io\/#\/schema\/logo\/image\/"}},{"@type":"Person","@id":"https:\/\/ictdf.synergyecosys.io\/#\/schema\/person\/0b4488974b7b485188c0c01cb9f95b21","name":"admin","image":{"@type":"ImageObject","inLanguage":"pt-BR","@id":"https:\/\/ictdf.synergyecosys.io\/#\/schema\/person\/image\/","url":"https:\/\/secure.gravatar.com\/avatar\/ee6b87b4bde4f4817334740781bdb6e270748065085879a5aa2018d8006922fa?s=96&d=mm&r=g","contentUrl":"https:\/\/secure.gravatar.com\/avatar\/ee6b87b4bde4f4817334740781bdb6e270748065085879a5aa2018d8006922fa?s=96&d=mm&r=g","caption":"admin"},"sameAs":["https:\/\/ictdf.synergyecosys.io"],"url":"https:\/\/ictdf.synergyecosys.io\/?author=1"}]}},"_links":{"self":[{"href":"https:\/\/ictdf.synergyecosys.io\/index.php?rest_route=\/wp\/v2\/posts\/801","targetHints":{"allow":["GET"]}}],"collection":[{"href":"https:\/\/ictdf.synergyecosys.io\/index.php?rest_route=\/wp\/v2\/posts"}],"about":[{"href":"https:\/\/ictdf.synergyecosys.io\/index.php?rest_route=\/wp\/v2\/types\/post"}],"author":[{"embeddable":true,"href":"https:\/\/ictdf.synergyecosys.io\/index.php?rest_route=\/wp\/v2\/users\/1"}],"replies":[{"embeddable":true,"href":"https:\/\/ictdf.synergyecosys.io\/index.php?rest_route=%2Fwp%2Fv2%2Fcomments&post=801"}],"version-history":[{"count":0,"href":"https:\/\/ictdf.synergyecosys.io\/index.php?rest_route=\/wp\/v2\/posts\/801\/revisions"}],"wp:featuredmedia":[{"embeddable":true,"href":"https:\/\/ictdf.synergyecosys.io\/index.php?rest_route=\/wp\/v2\/media\/800"}],"wp:attachment":[{"href":"https:\/\/ictdf.synergyecosys.io\/index.php?rest_route=%2Fwp%2Fv2%2Fmedia&parent=801"}],"wp:term":[{"taxonomy":"category","embeddable":true,"href":"https:\/\/ictdf.synergyecosys.io\/index.php?rest_route=%2Fwp%2Fv2%2Fcategories&post=801"},{"taxonomy":"post_tag","embeddable":true,"href":"https:\/\/ictdf.synergyecosys.io\/index.php?rest_route=%2Fwp%2Fv2%2Ftags&post=801"}],"curies":[{"name":"wp","href":"https:\/\/api.w.org\/{rel}","templated":true}]}}