{"id":799,"date":"2026-04-23T21:33:14","date_gmt":"2026-04-24T00:33:14","guid":{"rendered":"https:\/\/ictdf.synergyecosys.io\/?p=799"},"modified":"2026-04-23T21:33:14","modified_gmt":"2026-04-24T00:33:14","slug":"nova-terapia-genica-permite-que-criancas-com-surdez-rara-oucam-pela-primeira-vez","status":"publish","type":"post","link":"https:\/\/ictdf.synergyecosys.io\/?p=799","title":{"rendered":"Nova Terapia G\u00eanica Permite que Crian\u00e7as com Surdez Rara Ou\u00e7am pela Primeira Vez"},"content":{"rendered":"<p>Imagine uma crian\u00e7a que nasce sem poder ouvir o mundo ao seu redor. Para fam\u00edlias com uma forma rara de surdez, isso era uma realidade sem esperan\u00e7a de cura. Mas agora, gra\u00e7as a avan\u00e7os na terapia g\u00eanica, estamos vendo milagres acontecerem. Eu acompanhei de perto as not\u00edcias recentes e fiquei impressionado com o potencial dessa tecnologia.<\/p>\n<h2>O Que \u00c9 Essa Forma Rara de Surdez?<\/h2>\n<p>A surdez em quest\u00e3o \u00e9 causada por muta\u00e7\u00f5es no gene <strong>OTOF<\/strong>, que codifica a prote\u00edna otoferlina. Essa prote\u00edna \u00e9 essencial para a transmiss\u00e3o de sinais sonoros no ouvido interno. Sem ela, as crian\u00e7as nascem com surdez profunda e cong\u00eanita, conhecida como DFNB9.<\/p>\n<p>Em termos simples, o gene OTOF \u00e9 como um &#8216;mensageiro&#8217; defeituoso que impede o ouvido de processar sons. Afeta cerca de 1 em 100.000 nascimentos, mas para essas fam\u00edlias, o impacto \u00e9 imenso.<\/p>\n<h2>Como a Terapia G\u00eanica Funciona?<\/h2>\n<p>A terapia g\u00eanica \u00e9 uma abordagem inovadora que corrige genes defeituosos diretamente nas c\u00e9lulas. No caso da DB-OTO, desenvolvida pela Regeneron, usa um v\u00edrus inofensivo (adenov\u00edrus associado) para entregar uma c\u00f3pia saud\u00e1vel do gene OTOF ao ouvido interno.<\/p>\n<p>Eu analisei os estudos e vi que, em trials cl\u00ednicos, a inje\u00e7\u00e3o \u00e9 feita cirurgicamente no ouvido. Em poucos meses, os pacientes come\u00e7am a responder a sons. \u00c9 como reprogramar o DNA para restaurar a audi\u00e7\u00e3o natural.<\/p>\n<h3>Os Primeiros Sucessos<\/h3>\n<p>Em maio de 2024, no Reino Unido, um menino de 11 anos recebeu o tratamento e, semanas depois, p\u00f4de ouvir sua m\u00e3e pela primeira vez. Ele reagiu a risadas e m\u00fasica! Outro trial nos EUA mostrou resultados semelhantes em beb\u00eas.<\/p>\n<h2>Por Que Isso Importa Agora?<\/h2>\n<p>Essa descoberta chega em um momento crucial, quando a medicina personalizada ganha for\u00e7a. Para pais de crian\u00e7as surdas, significa esperan\u00e7a al\u00e9m de aparelhos auditivos ou implantes cocleares, que nem sempre funcionam para essa condi\u00e7\u00e3o gen\u00e9tica espec\u00edfica.<\/p>\n<p>Na sociedade, refor\u00e7a como a pesquisa gen\u00e9tica pode transformar vidas, reduzindo barreiras para o desenvolvimento da linguagem e socializa\u00e7\u00e3o desde cedo.<\/p>\n<h2>Impactos no Dia a Dia das Fam\u00edlias<\/h2>\n<p>Para as crian\u00e7as, ouvir permite aprender a falar naturalmente, ir \u00e0 escola sem isolamento e desfrutar de sons cotidianos como o canto dos p\u00e1ssaros. Fam\u00edlias relatam al\u00edvio emocional enorme \u2013 imagine o choro de alegria ao ouvir &#8216;mam\u00e3e&#8217;.<\/p>\n<p>Empresas e governos agora investem mais, mas desafios como custo e acesso persistem, especialmente em pa\u00edses em desenvolvimento.<\/p>\n<ul>\n<li>Melhora na comunica\u00e7\u00e3o familiar.<\/li>\n<li>Desenvolvimento cognitivo acelerado.<\/li>\n<li>Redu\u00e7\u00e3o de depend\u00eancia de tecnologias assistivas.<\/li>\n<\/ul>\n<h2>Possibilidades Futuras e Recomenda\u00e7\u00f5es<\/h2>\n<p>Olhando adiante, experts preveem que essa terapia pode ser adaptada para outras formas de surdez gen\u00e9tica. Trials em andamento testam em mais pacientes, e aprova\u00e7\u00f5es regulat\u00f3rias podem vir em breve.<\/p>\n<p>Minha recomenda\u00e7\u00e3o: Pais com hist\u00f3rico familiar devem consultar geneticistas para testes precoces. A ci\u00eancia avan\u00e7a r\u00e1pido \u2013 fique informado e apoie a pesquisa.<\/p>\n<h2>Reflex\u00f5es Finais: Um Novo Cap\u00edtulo na Audi\u00e7\u00e3o<\/h2>\n<p>Essa terapia g\u00eanica n\u00e3o \u00e9 s\u00f3 uma cura; \u00e9 um testemunho do poder da inova\u00e7\u00e3o humana. Ao analisar esses casos, percebo como pequenos genes podem mudar mundos inteiros. Se voc\u00ea conhece algu\u00e9m afetado, compartilhe essa esperan\u00e7a. O futuro da audi\u00e7\u00e3o est\u00e1 mais claro do que nunca.<\/p>\n","protected":false},"excerpt":{"rendered":"<p>Descubra como a nova terapia g\u00eanica est\u00e1 permitindo que crian\u00e7as com uma forma rara de surdez ou\u00e7am pela primeira vez. Avan\u00e7os m\u00e9dicos que mudam vidas!<\/p>\n","protected":false},"author":1,"featured_media":798,"comment_status":"open","ping_status":"open","sticky":false,"template":"","format":"standard","meta":{"_acf_changed":false,"_eb_attr":"","footnotes":"","_wpscppro_dont_share_socialmedia":false,"_wpscppro_custom_social_share_image":0,"_facebook_share_type":"","_twitter_share_type":"","_linkedin_share_type":"","_pinterest_share_type":"","_linkedin_share_type_page":"","_instagram_share_type":"","_medium_share_type":"","_threads_share_type":"","_google_business_share_type":"","_selected_social_profile":[],"_wpsp_enable_custom_social_template":false,"_wpsp_social_scheduling":{"enabled":false,"datetime":null,"platforms":[],"status":"template_only","dateOption":"today","timeOption":"now","customDays":"","customHours":"","customDate":"","customTime":"","schedulingType":"absolute"},"_wpsp_active_default_template":true},"categories":[3],"tags":[],"class_list":["post-799","post","type-post","status-publish","format-standard","has-post-thumbnail","hentry","category-bem-estar"],"acf":[],"yoast_head":"<!-- This site is optimized with the Yoast SEO plugin v26.9 - https:\/\/yoast.com\/product\/yoast-seo-wordpress\/ -->\n<title>Nova Terapia G\u00eanica Permite que Crian\u00e7as com Surdez Rara Ou\u00e7am pela Primeira Vez - ICTDF<\/title>\n<meta name=\"robots\" content=\"index, follow, max-snippet:-1, max-image-preview:large, max-video-preview:-1\" \/>\n<link rel=\"canonical\" href=\"https:\/\/ictdf.synergyecosys.io\/?p=799\" \/>\n<meta property=\"og:locale\" content=\"pt_BR\" \/>\n<meta property=\"og:type\" content=\"article\" \/>\n<meta property=\"og:title\" content=\"Nova Terapia G\u00eanica Permite que Crian\u00e7as com Surdez Rara Ou\u00e7am pela Primeira Vez - ICTDF\" \/>\n<meta property=\"og:description\" content=\"Descubra como a nova terapia g\u00eanica est\u00e1 permitindo que crian\u00e7as com uma forma rara de surdez ou\u00e7am pela primeira vez. Avan\u00e7os m\u00e9dicos que mudam vidas!\" \/>\n<meta property=\"og:url\" content=\"https:\/\/ictdf.synergyecosys.io\/?p=799\" \/>\n<meta property=\"og:site_name\" content=\"ICTDF\" \/>\n<meta property=\"article:published_time\" content=\"2026-04-24T00:33:14+00:00\" \/>\n<meta name=\"author\" content=\"admin\" \/>\n<meta name=\"twitter:card\" content=\"summary_large_image\" \/>\n<meta name=\"twitter:label1\" content=\"Escrito por\" \/>\n\t<meta name=\"twitter:data1\" content=\"admin\" \/>\n\t<meta name=\"twitter:label2\" content=\"Est. tempo de leitura\" \/>\n\t<meta name=\"twitter:data2\" content=\"3 minutos\" \/>\n<script type=\"application\/ld+json\" class=\"yoast-schema-graph\">{\"@context\":\"https:\/\/schema.org\",\"@graph\":[{\"@type\":\"Article\",\"@id\":\"https:\/\/ictdf.synergyecosys.io\/?p=799#article\",\"isPartOf\":{\"@id\":\"https:\/\/ictdf.synergyecosys.io\/?p=799\"},\"author\":{\"name\":\"admin\",\"@id\":\"https:\/\/ictdf.synergyecosys.io\/#\/schema\/person\/0b4488974b7b485188c0c01cb9f95b21\"},\"headline\":\"Nova Terapia G\u00eanica Permite que Crian\u00e7as com Surdez Rara Ou\u00e7am pela Primeira Vez\",\"datePublished\":\"2026-04-24T00:33:14+00:00\",\"mainEntityOfPage\":{\"@id\":\"https:\/\/ictdf.synergyecosys.io\/?p=799\"},\"wordCount\":577,\"commentCount\":0,\"publisher\":{\"@id\":\"https:\/\/ictdf.synergyecosys.io\/#organization\"},\"image\":{\"@id\":\"https:\/\/ictdf.synergyecosys.io\/?p=799#primaryimage\"},\"thumbnailUrl\":\"https:\/\/ictdf.synergyecosys.io\/wp-content\/uploads\/2026\/04\/imagem-Nova-Terapia-Gynica-Restaura-Audiyyo-em-Crianyas-Surdas.png\",\"articleSection\":[\"Bem-estar\"],\"inLanguage\":\"pt-BR\",\"potentialAction\":[{\"@type\":\"CommentAction\",\"name\":\"Comment\",\"target\":[\"https:\/\/ictdf.synergyecosys.io\/?p=799#respond\"]}]},{\"@type\":\"WebPage\",\"@id\":\"https:\/\/ictdf.synergyecosys.io\/?p=799\",\"url\":\"https:\/\/ictdf.synergyecosys.io\/?p=799\",\"name\":\"Nova Terapia G\u00eanica Permite que Crian\u00e7as com Surdez Rara Ou\u00e7am pela Primeira Vez - ICTDF\",\"isPartOf\":{\"@id\":\"https:\/\/ictdf.synergyecosys.io\/#website\"},\"primaryImageOfPage\":{\"@id\":\"https:\/\/ictdf.synergyecosys.io\/?p=799#primaryimage\"},\"image\":{\"@id\":\"https:\/\/ictdf.synergyecosys.io\/?p=799#primaryimage\"},\"thumbnailUrl\":\"https:\/\/ictdf.synergyecosys.io\/wp-content\/uploads\/2026\/04\/imagem-Nova-Terapia-Gynica-Restaura-Audiyyo-em-Crianyas-Surdas.png\",\"datePublished\":\"2026-04-24T00:33:14+00:00\",\"breadcrumb\":{\"@id\":\"https:\/\/ictdf.synergyecosys.io\/?p=799#breadcrumb\"},\"inLanguage\":\"pt-BR\",\"potentialAction\":[{\"@type\":\"ReadAction\",\"target\":[\"https:\/\/ictdf.synergyecosys.io\/?p=799\"]}]},{\"@type\":\"ImageObject\",\"inLanguage\":\"pt-BR\",\"@id\":\"https:\/\/ictdf.synergyecosys.io\/?p=799#primaryimage\",\"url\":\"https:\/\/ictdf.synergyecosys.io\/wp-content\/uploads\/2026\/04\/imagem-Nova-Terapia-Gynica-Restaura-Audiyyo-em-Crianyas-Surdas.png\",\"contentUrl\":\"https:\/\/ictdf.synergyecosys.io\/wp-content\/uploads\/2026\/04\/imagem-Nova-Terapia-Gynica-Restaura-Audiyyo-em-Crianyas-Surdas.png\",\"width\":1696,\"height\":960},{\"@type\":\"BreadcrumbList\",\"@id\":\"https:\/\/ictdf.synergyecosys.io\/?p=799#breadcrumb\",\"itemListElement\":[{\"@type\":\"ListItem\",\"position\":1,\"name\":\"In\u00edcio\",\"item\":\"https:\/\/ictdf.synergyecosys.io\/\"},{\"@type\":\"ListItem\",\"position\":2,\"name\":\"Nova Terapia G\u00eanica Permite que Crian\u00e7as com Surdez Rara Ou\u00e7am pela Primeira Vez\"}]},{\"@type\":\"WebSite\",\"@id\":\"https:\/\/ictdf.synergyecosys.io\/#website\",\"url\":\"https:\/\/ictdf.synergyecosys.io\/\",\"name\":\"ICTDF\",\"description\":\"\",\"publisher\":{\"@id\":\"https:\/\/ictdf.synergyecosys.io\/#organization\"},\"potentialAction\":[{\"@type\":\"SearchAction\",\"target\":{\"@type\":\"EntryPoint\",\"urlTemplate\":\"https:\/\/ictdf.synergyecosys.io\/?s={search_term_string}\"},\"query-input\":{\"@type\":\"PropertyValueSpecification\",\"valueRequired\":true,\"valueName\":\"search_term_string\"}}],\"inLanguage\":\"pt-BR\"},{\"@type\":\"Organization\",\"@id\":\"https:\/\/ictdf.synergyecosys.io\/#organization\",\"name\":\"ICTDF\",\"url\":\"https:\/\/ictdf.synergyecosys.io\/\",\"logo\":{\"@type\":\"ImageObject\",\"inLanguage\":\"pt-BR\",\"@id\":\"https:\/\/ictdf.synergyecosys.io\/#\/schema\/logo\/image\/\",\"url\":\"https:\/\/ictdf.synergyecosys.io\/wp-content\/uploads\/2026\/02\/cropped-cropped-ICTDF_logo_transparente.png\",\"contentUrl\":\"https:\/\/ictdf.synergyecosys.io\/wp-content\/uploads\/2026\/02\/cropped-cropped-ICTDF_logo_transparente.png\",\"width\":450,\"height\":141,\"caption\":\"ICTDF\"},\"image\":{\"@id\":\"https:\/\/ictdf.synergyecosys.io\/#\/schema\/logo\/image\/\"}},{\"@type\":\"Person\",\"@id\":\"https:\/\/ictdf.synergyecosys.io\/#\/schema\/person\/0b4488974b7b485188c0c01cb9f95b21\",\"name\":\"admin\",\"image\":{\"@type\":\"ImageObject\",\"inLanguage\":\"pt-BR\",\"@id\":\"https:\/\/ictdf.synergyecosys.io\/#\/schema\/person\/image\/\",\"url\":\"https:\/\/secure.gravatar.com\/avatar\/ee6b87b4bde4f4817334740781bdb6e270748065085879a5aa2018d8006922fa?s=96&d=mm&r=g\",\"contentUrl\":\"https:\/\/secure.gravatar.com\/avatar\/ee6b87b4bde4f4817334740781bdb6e270748065085879a5aa2018d8006922fa?s=96&d=mm&r=g\",\"caption\":\"admin\"},\"sameAs\":[\"https:\/\/ictdf.synergyecosys.io\"],\"url\":\"https:\/\/ictdf.synergyecosys.io\/?author=1\"}]}<\/script>\n<!-- \/ Yoast SEO plugin. -->","yoast_head_json":{"title":"Nova Terapia G\u00eanica Permite que Crian\u00e7as com Surdez Rara Ou\u00e7am pela Primeira Vez - ICTDF","robots":{"index":"index","follow":"follow","max-snippet":"max-snippet:-1","max-image-preview":"max-image-preview:large","max-video-preview":"max-video-preview:-1"},"canonical":"https:\/\/ictdf.synergyecosys.io\/?p=799","og_locale":"pt_BR","og_type":"article","og_title":"Nova Terapia G\u00eanica Permite que Crian\u00e7as com Surdez Rara Ou\u00e7am pela Primeira Vez - ICTDF","og_description":"Descubra como a nova terapia g\u00eanica est\u00e1 permitindo que crian\u00e7as com uma forma rara de surdez ou\u00e7am pela primeira vez. Avan\u00e7os m\u00e9dicos que mudam vidas!","og_url":"https:\/\/ictdf.synergyecosys.io\/?p=799","og_site_name":"ICTDF","article_published_time":"2026-04-24T00:33:14+00:00","author":"admin","twitter_card":"summary_large_image","twitter_misc":{"Escrito por":"admin","Est. tempo de leitura":"3 minutos"},"schema":{"@context":"https:\/\/schema.org","@graph":[{"@type":"Article","@id":"https:\/\/ictdf.synergyecosys.io\/?p=799#article","isPartOf":{"@id":"https:\/\/ictdf.synergyecosys.io\/?p=799"},"author":{"name":"admin","@id":"https:\/\/ictdf.synergyecosys.io\/#\/schema\/person\/0b4488974b7b485188c0c01cb9f95b21"},"headline":"Nova Terapia G\u00eanica Permite que Crian\u00e7as com Surdez Rara Ou\u00e7am pela Primeira Vez","datePublished":"2026-04-24T00:33:14+00:00","mainEntityOfPage":{"@id":"https:\/\/ictdf.synergyecosys.io\/?p=799"},"wordCount":577,"commentCount":0,"publisher":{"@id":"https:\/\/ictdf.synergyecosys.io\/#organization"},"image":{"@id":"https:\/\/ictdf.synergyecosys.io\/?p=799#primaryimage"},"thumbnailUrl":"https:\/\/ictdf.synergyecosys.io\/wp-content\/uploads\/2026\/04\/imagem-Nova-Terapia-Gynica-Restaura-Audiyyo-em-Crianyas-Surdas.png","articleSection":["Bem-estar"],"inLanguage":"pt-BR","potentialAction":[{"@type":"CommentAction","name":"Comment","target":["https:\/\/ictdf.synergyecosys.io\/?p=799#respond"]}]},{"@type":"WebPage","@id":"https:\/\/ictdf.synergyecosys.io\/?p=799","url":"https:\/\/ictdf.synergyecosys.io\/?p=799","name":"Nova Terapia G\u00eanica Permite que Crian\u00e7as com Surdez Rara Ou\u00e7am pela Primeira Vez - ICTDF","isPartOf":{"@id":"https:\/\/ictdf.synergyecosys.io\/#website"},"primaryImageOfPage":{"@id":"https:\/\/ictdf.synergyecosys.io\/?p=799#primaryimage"},"image":{"@id":"https:\/\/ictdf.synergyecosys.io\/?p=799#primaryimage"},"thumbnailUrl":"https:\/\/ictdf.synergyecosys.io\/wp-content\/uploads\/2026\/04\/imagem-Nova-Terapia-Gynica-Restaura-Audiyyo-em-Crianyas-Surdas.png","datePublished":"2026-04-24T00:33:14+00:00","breadcrumb":{"@id":"https:\/\/ictdf.synergyecosys.io\/?p=799#breadcrumb"},"inLanguage":"pt-BR","potentialAction":[{"@type":"ReadAction","target":["https:\/\/ictdf.synergyecosys.io\/?p=799"]}]},{"@type":"ImageObject","inLanguage":"pt-BR","@id":"https:\/\/ictdf.synergyecosys.io\/?p=799#primaryimage","url":"https:\/\/ictdf.synergyecosys.io\/wp-content\/uploads\/2026\/04\/imagem-Nova-Terapia-Gynica-Restaura-Audiyyo-em-Crianyas-Surdas.png","contentUrl":"https:\/\/ictdf.synergyecosys.io\/wp-content\/uploads\/2026\/04\/imagem-Nova-Terapia-Gynica-Restaura-Audiyyo-em-Crianyas-Surdas.png","width":1696,"height":960},{"@type":"BreadcrumbList","@id":"https:\/\/ictdf.synergyecosys.io\/?p=799#breadcrumb","itemListElement":[{"@type":"ListItem","position":1,"name":"In\u00edcio","item":"https:\/\/ictdf.synergyecosys.io\/"},{"@type":"ListItem","position":2,"name":"Nova Terapia G\u00eanica Permite que Crian\u00e7as com Surdez Rara Ou\u00e7am pela Primeira Vez"}]},{"@type":"WebSite","@id":"https:\/\/ictdf.synergyecosys.io\/#website","url":"https:\/\/ictdf.synergyecosys.io\/","name":"ICTDF","description":"","publisher":{"@id":"https:\/\/ictdf.synergyecosys.io\/#organization"},"potentialAction":[{"@type":"SearchAction","target":{"@type":"EntryPoint","urlTemplate":"https:\/\/ictdf.synergyecosys.io\/?s={search_term_string}"},"query-input":{"@type":"PropertyValueSpecification","valueRequired":true,"valueName":"search_term_string"}}],"inLanguage":"pt-BR"},{"@type":"Organization","@id":"https:\/\/ictdf.synergyecosys.io\/#organization","name":"ICTDF","url":"https:\/\/ictdf.synergyecosys.io\/","logo":{"@type":"ImageObject","inLanguage":"pt-BR","@id":"https:\/\/ictdf.synergyecosys.io\/#\/schema\/logo\/image\/","url":"https:\/\/ictdf.synergyecosys.io\/wp-content\/uploads\/2026\/02\/cropped-cropped-ICTDF_logo_transparente.png","contentUrl":"https:\/\/ictdf.synergyecosys.io\/wp-content\/uploads\/2026\/02\/cropped-cropped-ICTDF_logo_transparente.png","width":450,"height":141,"caption":"ICTDF"},"image":{"@id":"https:\/\/ictdf.synergyecosys.io\/#\/schema\/logo\/image\/"}},{"@type":"Person","@id":"https:\/\/ictdf.synergyecosys.io\/#\/schema\/person\/0b4488974b7b485188c0c01cb9f95b21","name":"admin","image":{"@type":"ImageObject","inLanguage":"pt-BR","@id":"https:\/\/ictdf.synergyecosys.io\/#\/schema\/person\/image\/","url":"https:\/\/secure.gravatar.com\/avatar\/ee6b87b4bde4f4817334740781bdb6e270748065085879a5aa2018d8006922fa?s=96&d=mm&r=g","contentUrl":"https:\/\/secure.gravatar.com\/avatar\/ee6b87b4bde4f4817334740781bdb6e270748065085879a5aa2018d8006922fa?s=96&d=mm&r=g","caption":"admin"},"sameAs":["https:\/\/ictdf.synergyecosys.io"],"url":"https:\/\/ictdf.synergyecosys.io\/?author=1"}]}},"_links":{"self":[{"href":"https:\/\/ictdf.synergyecosys.io\/index.php?rest_route=\/wp\/v2\/posts\/799","targetHints":{"allow":["GET"]}}],"collection":[{"href":"https:\/\/ictdf.synergyecosys.io\/index.php?rest_route=\/wp\/v2\/posts"}],"about":[{"href":"https:\/\/ictdf.synergyecosys.io\/index.php?rest_route=\/wp\/v2\/types\/post"}],"author":[{"embeddable":true,"href":"https:\/\/ictdf.synergyecosys.io\/index.php?rest_route=\/wp\/v2\/users\/1"}],"replies":[{"embeddable":true,"href":"https:\/\/ictdf.synergyecosys.io\/index.php?rest_route=%2Fwp%2Fv2%2Fcomments&post=799"}],"version-history":[{"count":0,"href":"https:\/\/ictdf.synergyecosys.io\/index.php?rest_route=\/wp\/v2\/posts\/799\/revisions"}],"wp:featuredmedia":[{"embeddable":true,"href":"https:\/\/ictdf.synergyecosys.io\/index.php?rest_route=\/wp\/v2\/media\/798"}],"wp:attachment":[{"href":"https:\/\/ictdf.synergyecosys.io\/index.php?rest_route=%2Fwp%2Fv2%2Fmedia&parent=799"}],"wp:term":[{"taxonomy":"category","embeddable":true,"href":"https:\/\/ictdf.synergyecosys.io\/index.php?rest_route=%2Fwp%2Fv2%2Fcategories&post=799"},{"taxonomy":"post_tag","embeddable":true,"href":"https:\/\/ictdf.synergyecosys.io\/index.php?rest_route=%2Fwp%2Fv2%2Ftags&post=799"}],"curies":[{"name":"wp","href":"https:\/\/api.w.org\/{rel}","templated":true}]}}