{"id":773,"date":"2026-04-21T00:32:19","date_gmt":"2026-04-21T03:32:19","guid":{"rendered":"https:\/\/ictdf.synergyecosys.io\/?p=773"},"modified":"2026-04-21T00:32:19","modified_gmt":"2026-04-21T03:32:19","slug":"voce-acorda-no-meio-da-noite-entenda-o-que-pode-estar-acontecendo","status":"publish","type":"post","link":"https:\/\/ictdf.synergyecosys.io\/?p=773","title":{"rendered":"Voc\u00ea Acorda no Meio da Noite? Entenda o que Pode Estar Acontecendo"},"content":{"rendered":"<p>Voc\u00ea j\u00e1 se pegou abrindo os olhos no escuro da madrugada, olhando para o teto e se perguntando por que n\u00e3o consegue voltar a dormir? Isso \u00e9 mais comum do que voc\u00ea imagina. Muita gente passa por isso, e n\u00e3o \u00e9 s\u00f3 cansa\u00e7o acumulado. Na verdade, acordar no meio da noite pode ser um sinal de algo mais profundo acontecendo com o seu corpo ou mente.<\/p>\n<p>Eu analisei estudos sobre o sono e percebi que esse fen\u00f4meno, conhecido como <strong>ins\u00f4nia de manuten\u00e7\u00e3o<\/strong>, afeta milh\u00f5es de pessoas. Vamos descomplicar isso juntos, para que voc\u00ea entenda o que pode estar rolando e como lidar.<\/p>\n<h2>Por Que o Corpo Acorda na Madrugada?<\/h2>\n<p>O sono n\u00e3o \u00e9 um bloco cont\u00ednuo como muitos pensam. Na verdade, \u00e9 natural acordarmos brevemente algumas vezes por noite, mas o problema surge quando n\u00e3o conseguimos voltar a dormir. Pesquisas mostram que isso pode ser um padr\u00e3o antigo de sono bif\u00e1sico, comum antes da era da eletricidade, onde as pessoas dormiam em dois blocos com um intervalo no meio.<\/p>\n<p>Hoje, por\u00e9m, fatores modernos bagun\u00e7am esse ciclo. O <em>ritmo circadiano<\/em> \u2013 que \u00e9 o nosso rel\u00f3gio biol\u00f3gico interno \u2013 regula quando dormimos e acordamos. Quando ele fica desalinhado, a\u00ed vem o despertar indesejado.<\/p>\n<h3>O Papel do Estresse e da Ansiedade<\/h3>\n<p>Uma das causas mais frequentes \u00e9 o estresse. Se sua mente est\u00e1 a mil com preocupa\u00e7\u00f5es do trabalho ou da vida pessoal, o cortisol \u2013 o horm\u00f4nio do estresse \u2013 pode disparar \u00e0 noite, te deixando alerta quando deveria estar relaxado.<\/p>\n<h2>Causas Comuns que Podem Estar por Tr\u00e1s Disso<\/h2>\n<p>Al\u00e9m do estresse, h\u00e1 uma lista de vil\u00f5es que roubam seu sono. Vamos listar alguns para voc\u00ea se identificar:<\/p>\n<ul>\n<li><strong>Apneia do sono<\/strong>: Pausas na respira\u00e7\u00e3o que acordam voc\u00ea sem perceber. \u00c9 como se o corpo desse um alarme de emerg\u00eancia.<\/li>\n<li>Dor cr\u00f4nica ou desconforto: Problemas nas costas, artrite ou at\u00e9 azia podem interromper o descanso.<\/li>\n<li>Necessidades fisiol\u00f3gicas: Ir ao banheiro, sede ou fome noturna.<\/li>\n<li>Gravidez ou mudan\u00e7as hormonais: Mulheres em fase de menopausa ou gestantes s\u00e3o mais afetadas.<\/li>\n<li>Medicamentos ou h\u00e1bitos: Cafe\u00edna tarde da noite ou telas de celular inibem a melatonina, o horm\u00f4nio do sono.<\/li>\n<\/ul>\n<p>Estudos indicam que mais de 35% dos adultos acordam tr\u00eas ou mais vezes por semana, e isso piora com a idade ou condi\u00e7\u00f5es como obesidade e hipertens\u00e3o.<\/p>\n<h2>Como Isso Afeta Seu Dia a Dia<\/h2>\n<p>Acordar no meio da noite n\u00e3o \u00e9 s\u00f3 chato; tem consequ\u00eancias reais. No dia seguinte, voc\u00ea pode se sentir exausto, irritado e com dificuldade de concentra\u00e7\u00e3o. Isso aumenta o risco de acidentes, afeta o humor e at\u00e9 contribui para problemas de sa\u00fade como depress\u00e3o ou doen\u00e7as card\u00edacas a longo prazo.<\/p>\n<p>Para as empresas, funcion\u00e1rios com sono ruim s\u00e3o menos produtivos. E na sociedade, isso vira um ciclo vicioso, alimentando mais estresse. Eu vejo isso como um alerta do corpo pedindo aten\u00e7\u00e3o.<\/p>\n<h3>Impactos na Sa\u00fade Mental<\/h3>\n<p>A falta de sono profundo afeta o equil\u00edbrio emocional. Ansiedade e depress\u00e3o podem piorar, criando um loop onde o problema se autoalimenta.<\/p>\n<h2>Dicas Pr\u00e1ticas para Voltar a Dormir Bem<\/h2>\n<p>A boa not\u00edcia \u00e9 que h\u00e1 maneiras de combater isso. Comece ajustando sua rotina: evite cafe\u00edna ap\u00f3s o almo\u00e7o e crie um ritual relaxante antes de dormir, como ler um livro.<\/p>\n<p>Se for algo recorrente, considere terapias como a <strong>terapia de restri\u00e7\u00e3o de sono<\/strong>, que limita o tempo na cama para melhorar a efici\u00eancia. Para casos graves, consulte um m\u00e9dico \u2013 medicamentos como zolpidem podem ajudar, mas s\u00f3 sob orienta\u00e7\u00e3o.<\/p>\n<p>No futuro, com mais pesquisas sobre sono, poderemos ter apps e dispositivos que monitoram e ajustam nosso ciclo em tempo real. Por enquanto, foque no b\u00e1sico: ambiente escuro, fresco e sem distra\u00e7\u00f5es.<\/p>\n<h2>Reflex\u00f5es Finais: Cuide do Seu Sono Hoje<\/h2>\n<p>Acordar no meio da noite pode ser um sintoma de desequil\u00edbrios que v\u00e3o al\u00e9m do trivial. Entender as causas \u00e9 o primeiro passo para reconquistar noites tranquilas. Experimente essas mudan\u00e7as e observe como sua energia diurna melhora. Seu corpo agradece \u2013 e voc\u00ea vai dormir melhor por isso!<\/p>\n","protected":false},"excerpt":{"rendered":"<p>Acordar no meio da noite pode ser frustrante. Descubra as causas comuns, como estresse e apneia do sono, e dicas para dormir melhor. Melhore sua qualidade de sono agora!<\/p>\n","protected":false},"author":1,"featured_media":772,"comment_status":"open","ping_status":"open","sticky":false,"template":"","format":"standard","meta":{"_acf_changed":false,"_eb_attr":"","footnotes":"","_wpscppro_dont_share_socialmedia":false,"_wpscppro_custom_social_share_image":0,"_facebook_share_type":"","_twitter_share_type":"","_linkedin_share_type":"","_pinterest_share_type":"","_linkedin_share_type_page":"","_instagram_share_type":"","_medium_share_type":"","_threads_share_type":"","_google_business_share_type":"","_selected_social_profile":[],"_wpsp_enable_custom_social_template":false,"_wpsp_social_scheduling":{"enabled":false,"datetime":null,"platforms":[],"status":"template_only","dateOption":"today","timeOption":"now","customDays":"","customHours":"","customDate":"","customTime":"","schedulingType":"absolute"},"_wpsp_active_default_template":true},"categories":[3],"tags":[],"class_list":["post-773","post","type-post","status-publish","format-standard","has-post-thumbnail","hentry","category-bem-estar"],"acf":[],"yoast_head":"<!-- This site is optimized with the Yoast SEO plugin v26.9 - https:\/\/yoast.com\/product\/yoast-seo-wordpress\/ -->\n<title>Voc\u00ea Acorda no Meio da Noite? Entenda o que Pode Estar Acontecendo - ICTDF<\/title>\n<meta name=\"robots\" content=\"index, follow, max-snippet:-1, max-image-preview:large, max-video-preview:-1\" \/>\n<link rel=\"canonical\" href=\"https:\/\/ictdf.synergyecosys.io\/?p=773\" \/>\n<meta property=\"og:locale\" content=\"pt_BR\" \/>\n<meta property=\"og:type\" content=\"article\" \/>\n<meta property=\"og:title\" content=\"Voc\u00ea Acorda no Meio da Noite? Entenda o que Pode Estar Acontecendo - ICTDF\" \/>\n<meta property=\"og:description\" content=\"Acordar no meio da noite pode ser frustrante. Descubra as causas comuns, como estresse e apneia do sono, e dicas para dormir melhor. Melhore sua qualidade de sono agora!\" \/>\n<meta property=\"og:url\" content=\"https:\/\/ictdf.synergyecosys.io\/?p=773\" \/>\n<meta property=\"og:site_name\" content=\"ICTDF\" \/>\n<meta property=\"article:published_time\" content=\"2026-04-21T03:32:19+00:00\" \/>\n<meta name=\"author\" content=\"admin\" \/>\n<meta name=\"twitter:card\" content=\"summary_large_image\" \/>\n<meta name=\"twitter:label1\" content=\"Escrito por\" \/>\n\t<meta name=\"twitter:data1\" content=\"admin\" \/>\n\t<meta name=\"twitter:label2\" content=\"Est. tempo de leitura\" \/>\n\t<meta name=\"twitter:data2\" content=\"3 minutos\" \/>\n<script type=\"application\/ld+json\" class=\"yoast-schema-graph\">{\"@context\":\"https:\/\/schema.org\",\"@graph\":[{\"@type\":\"Article\",\"@id\":\"https:\/\/ictdf.synergyecosys.io\/?p=773#article\",\"isPartOf\":{\"@id\":\"https:\/\/ictdf.synergyecosys.io\/?p=773\"},\"author\":{\"name\":\"admin\",\"@id\":\"https:\/\/ictdf.synergyecosys.io\/#\/schema\/person\/0b4488974b7b485188c0c01cb9f95b21\"},\"headline\":\"Voc\u00ea Acorda no Meio da Noite? Entenda o que Pode Estar Acontecendo\",\"datePublished\":\"2026-04-21T03:32:19+00:00\",\"mainEntityOfPage\":{\"@id\":\"https:\/\/ictdf.synergyecosys.io\/?p=773\"},\"wordCount\":715,\"commentCount\":0,\"publisher\":{\"@id\":\"https:\/\/ictdf.synergyecosys.io\/#organization\"},\"image\":{\"@id\":\"https:\/\/ictdf.synergyecosys.io\/?p=773#primaryimage\"},\"thumbnailUrl\":\"https:\/\/ictdf.synergyecosys.io\/wp-content\/uploads\/2026\/04\/imagem-Vocy-Acorda-no-Meio-da-Noite-Entenda-as-Causas.png\",\"articleSection\":[\"Bem-estar\"],\"inLanguage\":\"pt-BR\",\"potentialAction\":[{\"@type\":\"CommentAction\",\"name\":\"Comment\",\"target\":[\"https:\/\/ictdf.synergyecosys.io\/?p=773#respond\"]}]},{\"@type\":\"WebPage\",\"@id\":\"https:\/\/ictdf.synergyecosys.io\/?p=773\",\"url\":\"https:\/\/ictdf.synergyecosys.io\/?p=773\",\"name\":\"Voc\u00ea Acorda no Meio da Noite? Entenda o que Pode Estar Acontecendo - ICTDF\",\"isPartOf\":{\"@id\":\"https:\/\/ictdf.synergyecosys.io\/#website\"},\"primaryImageOfPage\":{\"@id\":\"https:\/\/ictdf.synergyecosys.io\/?p=773#primaryimage\"},\"image\":{\"@id\":\"https:\/\/ictdf.synergyecosys.io\/?p=773#primaryimage\"},\"thumbnailUrl\":\"https:\/\/ictdf.synergyecosys.io\/wp-content\/uploads\/2026\/04\/imagem-Vocy-Acorda-no-Meio-da-Noite-Entenda-as-Causas.png\",\"datePublished\":\"2026-04-21T03:32:19+00:00\",\"breadcrumb\":{\"@id\":\"https:\/\/ictdf.synergyecosys.io\/?p=773#breadcrumb\"},\"inLanguage\":\"pt-BR\",\"potentialAction\":[{\"@type\":\"ReadAction\",\"target\":[\"https:\/\/ictdf.synergyecosys.io\/?p=773\"]}]},{\"@type\":\"ImageObject\",\"inLanguage\":\"pt-BR\",\"@id\":\"https:\/\/ictdf.synergyecosys.io\/?p=773#primaryimage\",\"url\":\"https:\/\/ictdf.synergyecosys.io\/wp-content\/uploads\/2026\/04\/imagem-Vocy-Acorda-no-Meio-da-Noite-Entenda-as-Causas.png\",\"contentUrl\":\"https:\/\/ictdf.synergyecosys.io\/wp-content\/uploads\/2026\/04\/imagem-Vocy-Acorda-no-Meio-da-Noite-Entenda-as-Causas.png\",\"width\":1696,\"height\":960},{\"@type\":\"BreadcrumbList\",\"@id\":\"https:\/\/ictdf.synergyecosys.io\/?p=773#breadcrumb\",\"itemListElement\":[{\"@type\":\"ListItem\",\"position\":1,\"name\":\"In\u00edcio\",\"item\":\"https:\/\/ictdf.synergyecosys.io\/\"},{\"@type\":\"ListItem\",\"position\":2,\"name\":\"Voc\u00ea Acorda no Meio da Noite? Entenda o que Pode Estar Acontecendo\"}]},{\"@type\":\"WebSite\",\"@id\":\"https:\/\/ictdf.synergyecosys.io\/#website\",\"url\":\"https:\/\/ictdf.synergyecosys.io\/\",\"name\":\"ICTDF\",\"description\":\"\",\"publisher\":{\"@id\":\"https:\/\/ictdf.synergyecosys.io\/#organization\"},\"potentialAction\":[{\"@type\":\"SearchAction\",\"target\":{\"@type\":\"EntryPoint\",\"urlTemplate\":\"https:\/\/ictdf.synergyecosys.io\/?s={search_term_string}\"},\"query-input\":{\"@type\":\"PropertyValueSpecification\",\"valueRequired\":true,\"valueName\":\"search_term_string\"}}],\"inLanguage\":\"pt-BR\"},{\"@type\":\"Organization\",\"@id\":\"https:\/\/ictdf.synergyecosys.io\/#organization\",\"name\":\"ICTDF\",\"url\":\"https:\/\/ictdf.synergyecosys.io\/\",\"logo\":{\"@type\":\"ImageObject\",\"inLanguage\":\"pt-BR\",\"@id\":\"https:\/\/ictdf.synergyecosys.io\/#\/schema\/logo\/image\/\",\"url\":\"https:\/\/ictdf.synergyecosys.io\/wp-content\/uploads\/2026\/02\/cropped-cropped-ICTDF_logo_transparente.png\",\"contentUrl\":\"https:\/\/ictdf.synergyecosys.io\/wp-content\/uploads\/2026\/02\/cropped-cropped-ICTDF_logo_transparente.png\",\"width\":450,\"height\":141,\"caption\":\"ICTDF\"},\"image\":{\"@id\":\"https:\/\/ictdf.synergyecosys.io\/#\/schema\/logo\/image\/\"}},{\"@type\":\"Person\",\"@id\":\"https:\/\/ictdf.synergyecosys.io\/#\/schema\/person\/0b4488974b7b485188c0c01cb9f95b21\",\"name\":\"admin\",\"image\":{\"@type\":\"ImageObject\",\"inLanguage\":\"pt-BR\",\"@id\":\"https:\/\/ictdf.synergyecosys.io\/#\/schema\/person\/image\/\",\"url\":\"https:\/\/secure.gravatar.com\/avatar\/ee6b87b4bde4f4817334740781bdb6e270748065085879a5aa2018d8006922fa?s=96&d=mm&r=g\",\"contentUrl\":\"https:\/\/secure.gravatar.com\/avatar\/ee6b87b4bde4f4817334740781bdb6e270748065085879a5aa2018d8006922fa?s=96&d=mm&r=g\",\"caption\":\"admin\"},\"sameAs\":[\"https:\/\/ictdf.synergyecosys.io\"],\"url\":\"https:\/\/ictdf.synergyecosys.io\/?author=1\"}]}<\/script>\n<!-- \/ Yoast SEO plugin. -->","yoast_head_json":{"title":"Voc\u00ea Acorda no Meio da Noite? Entenda o que Pode Estar Acontecendo - ICTDF","robots":{"index":"index","follow":"follow","max-snippet":"max-snippet:-1","max-image-preview":"max-image-preview:large","max-video-preview":"max-video-preview:-1"},"canonical":"https:\/\/ictdf.synergyecosys.io\/?p=773","og_locale":"pt_BR","og_type":"article","og_title":"Voc\u00ea Acorda no Meio da Noite? Entenda o que Pode Estar Acontecendo - ICTDF","og_description":"Acordar no meio da noite pode ser frustrante. Descubra as causas comuns, como estresse e apneia do sono, e dicas para dormir melhor. Melhore sua qualidade de sono agora!","og_url":"https:\/\/ictdf.synergyecosys.io\/?p=773","og_site_name":"ICTDF","article_published_time":"2026-04-21T03:32:19+00:00","author":"admin","twitter_card":"summary_large_image","twitter_misc":{"Escrito por":"admin","Est. tempo de leitura":"3 minutos"},"schema":{"@context":"https:\/\/schema.org","@graph":[{"@type":"Article","@id":"https:\/\/ictdf.synergyecosys.io\/?p=773#article","isPartOf":{"@id":"https:\/\/ictdf.synergyecosys.io\/?p=773"},"author":{"name":"admin","@id":"https:\/\/ictdf.synergyecosys.io\/#\/schema\/person\/0b4488974b7b485188c0c01cb9f95b21"},"headline":"Voc\u00ea Acorda no Meio da Noite? Entenda o que Pode Estar Acontecendo","datePublished":"2026-04-21T03:32:19+00:00","mainEntityOfPage":{"@id":"https:\/\/ictdf.synergyecosys.io\/?p=773"},"wordCount":715,"commentCount":0,"publisher":{"@id":"https:\/\/ictdf.synergyecosys.io\/#organization"},"image":{"@id":"https:\/\/ictdf.synergyecosys.io\/?p=773#primaryimage"},"thumbnailUrl":"https:\/\/ictdf.synergyecosys.io\/wp-content\/uploads\/2026\/04\/imagem-Vocy-Acorda-no-Meio-da-Noite-Entenda-as-Causas.png","articleSection":["Bem-estar"],"inLanguage":"pt-BR","potentialAction":[{"@type":"CommentAction","name":"Comment","target":["https:\/\/ictdf.synergyecosys.io\/?p=773#respond"]}]},{"@type":"WebPage","@id":"https:\/\/ictdf.synergyecosys.io\/?p=773","url":"https:\/\/ictdf.synergyecosys.io\/?p=773","name":"Voc\u00ea Acorda no Meio da Noite? Entenda o que Pode Estar Acontecendo - ICTDF","isPartOf":{"@id":"https:\/\/ictdf.synergyecosys.io\/#website"},"primaryImageOfPage":{"@id":"https:\/\/ictdf.synergyecosys.io\/?p=773#primaryimage"},"image":{"@id":"https:\/\/ictdf.synergyecosys.io\/?p=773#primaryimage"},"thumbnailUrl":"https:\/\/ictdf.synergyecosys.io\/wp-content\/uploads\/2026\/04\/imagem-Vocy-Acorda-no-Meio-da-Noite-Entenda-as-Causas.png","datePublished":"2026-04-21T03:32:19+00:00","breadcrumb":{"@id":"https:\/\/ictdf.synergyecosys.io\/?p=773#breadcrumb"},"inLanguage":"pt-BR","potentialAction":[{"@type":"ReadAction","target":["https:\/\/ictdf.synergyecosys.io\/?p=773"]}]},{"@type":"ImageObject","inLanguage":"pt-BR","@id":"https:\/\/ictdf.synergyecosys.io\/?p=773#primaryimage","url":"https:\/\/ictdf.synergyecosys.io\/wp-content\/uploads\/2026\/04\/imagem-Vocy-Acorda-no-Meio-da-Noite-Entenda-as-Causas.png","contentUrl":"https:\/\/ictdf.synergyecosys.io\/wp-content\/uploads\/2026\/04\/imagem-Vocy-Acorda-no-Meio-da-Noite-Entenda-as-Causas.png","width":1696,"height":960},{"@type":"BreadcrumbList","@id":"https:\/\/ictdf.synergyecosys.io\/?p=773#breadcrumb","itemListElement":[{"@type":"ListItem","position":1,"name":"In\u00edcio","item":"https:\/\/ictdf.synergyecosys.io\/"},{"@type":"ListItem","position":2,"name":"Voc\u00ea Acorda no Meio da Noite? Entenda o que Pode Estar Acontecendo"}]},{"@type":"WebSite","@id":"https:\/\/ictdf.synergyecosys.io\/#website","url":"https:\/\/ictdf.synergyecosys.io\/","name":"ICTDF","description":"","publisher":{"@id":"https:\/\/ictdf.synergyecosys.io\/#organization"},"potentialAction":[{"@type":"SearchAction","target":{"@type":"EntryPoint","urlTemplate":"https:\/\/ictdf.synergyecosys.io\/?s={search_term_string}"},"query-input":{"@type":"PropertyValueSpecification","valueRequired":true,"valueName":"search_term_string"}}],"inLanguage":"pt-BR"},{"@type":"Organization","@id":"https:\/\/ictdf.synergyecosys.io\/#organization","name":"ICTDF","url":"https:\/\/ictdf.synergyecosys.io\/","logo":{"@type":"ImageObject","inLanguage":"pt-BR","@id":"https:\/\/ictdf.synergyecosys.io\/#\/schema\/logo\/image\/","url":"https:\/\/ictdf.synergyecosys.io\/wp-content\/uploads\/2026\/02\/cropped-cropped-ICTDF_logo_transparente.png","contentUrl":"https:\/\/ictdf.synergyecosys.io\/wp-content\/uploads\/2026\/02\/cropped-cropped-ICTDF_logo_transparente.png","width":450,"height":141,"caption":"ICTDF"},"image":{"@id":"https:\/\/ictdf.synergyecosys.io\/#\/schema\/logo\/image\/"}},{"@type":"Person","@id":"https:\/\/ictdf.synergyecosys.io\/#\/schema\/person\/0b4488974b7b485188c0c01cb9f95b21","name":"admin","image":{"@type":"ImageObject","inLanguage":"pt-BR","@id":"https:\/\/ictdf.synergyecosys.io\/#\/schema\/person\/image\/","url":"https:\/\/secure.gravatar.com\/avatar\/ee6b87b4bde4f4817334740781bdb6e270748065085879a5aa2018d8006922fa?s=96&d=mm&r=g","contentUrl":"https:\/\/secure.gravatar.com\/avatar\/ee6b87b4bde4f4817334740781bdb6e270748065085879a5aa2018d8006922fa?s=96&d=mm&r=g","caption":"admin"},"sameAs":["https:\/\/ictdf.synergyecosys.io"],"url":"https:\/\/ictdf.synergyecosys.io\/?author=1"}]}},"_links":{"self":[{"href":"https:\/\/ictdf.synergyecosys.io\/index.php?rest_route=\/wp\/v2\/posts\/773","targetHints":{"allow":["GET"]}}],"collection":[{"href":"https:\/\/ictdf.synergyecosys.io\/index.php?rest_route=\/wp\/v2\/posts"}],"about":[{"href":"https:\/\/ictdf.synergyecosys.io\/index.php?rest_route=\/wp\/v2\/types\/post"}],"author":[{"embeddable":true,"href":"https:\/\/ictdf.synergyecosys.io\/index.php?rest_route=\/wp\/v2\/users\/1"}],"replies":[{"embeddable":true,"href":"https:\/\/ictdf.synergyecosys.io\/index.php?rest_route=%2Fwp%2Fv2%2Fcomments&post=773"}],"version-history":[{"count":0,"href":"https:\/\/ictdf.synergyecosys.io\/index.php?rest_route=\/wp\/v2\/posts\/773\/revisions"}],"wp:featuredmedia":[{"embeddable":true,"href":"https:\/\/ictdf.synergyecosys.io\/index.php?rest_route=\/wp\/v2\/media\/772"}],"wp:attachment":[{"href":"https:\/\/ictdf.synergyecosys.io\/index.php?rest_route=%2Fwp%2Fv2%2Fmedia&parent=773"}],"wp:term":[{"taxonomy":"category","embeddable":true,"href":"https:\/\/ictdf.synergyecosys.io\/index.php?rest_route=%2Fwp%2Fv2%2Fcategories&post=773"},{"taxonomy":"post_tag","embeddable":true,"href":"https:\/\/ictdf.synergyecosys.io\/index.php?rest_route=%2Fwp%2Fv2%2Ftags&post=773"}],"curies":[{"name":"wp","href":"https:\/\/api.w.org\/{rel}","templated":true}]}}