{"id":763,"date":"2026-04-19T12:32:23","date_gmt":"2026-04-19T15:32:23","guid":{"rendered":"https:\/\/ictdf.synergyecosys.io\/?p=763"},"modified":"2026-04-19T12:32:23","modified_gmt":"2026-04-19T15:32:23","slug":"o-problema-com-as-luzes-noturnas-e-melhores-solucoes-2","status":"publish","type":"post","link":"https:\/\/ictdf.synergyecosys.io\/?p=763","title":{"rendered":"O Problema com as Luzes Noturnas (e Melhores Solu\u00e7\u00f5es)"},"content":{"rendered":"<p>Voc\u00ea j\u00e1 parou para pensar se aquela luzinha noturna no quarto dos filhos, ou at\u00e9 no seu pr\u00f3prio, est\u00e1 realmente ajudando ou atrapalhando o sono? Como especialista em jornalismo did\u00e1tico, eu analisei estudos e descobertas cient\u00edficas sobre o tema, e o que encontrei pode te surpreender. As luzes noturnas, embora \u00fateis para combater o medo do escuro, podem interferir no nosso ciclo natural de sono.<\/p>\n<p>O sono \u00e9 essencial para a sa\u00fade, e qualquer coisa que o perturbe merece aten\u00e7\u00e3o. Neste artigo, vamos explorar os problemas causados por essas luzes e apresentar solu\u00e7\u00f5es melhores, baseadas em evid\u00eancias cient\u00edficas.<\/p>\n<h2>Por que as luzes noturnas interferem no sono?<\/h2>\n<p>Nosso corpo segue um rel\u00f3gio interno chamado <strong>ritmo circadiano<\/strong>, que regula o sono e a vig\u00edlia ao longo do dia. Esse ritmo \u00e9 influenciado principalmente pela luz e pela escurid\u00e3o. De acordo com o que eu aprendi pesquisando fontes confi\u00e1veis, como a Wikip\u00e9dia, o ritmo circadiano \u00e9 uma oscila\u00e7\u00e3o natural de cerca de 24 horas que coordena processos biol\u00f3gicos para ocorrer no momento certo.<\/p>\n<p>A luz, especialmente a azul emitida por l\u00e2mpadas comuns, sinaliza ao c\u00e9rebro que \u00e9 hora de acordar. Mesmo uma luz fraca noturna pode suprimir a produ\u00e7\u00e3o de <strong>melatonina<\/strong>, o horm\u00f4nio do sono. A melatonina \u00e9 produzida pela gl\u00e2ndula pineal no c\u00e9rebro durante a noite, ajudando a regular o ciclo sono-vig\u00edlia. Quando h\u00e1 luz, essa produ\u00e7\u00e3o diminui, confundindo o corpo e dificultando o adormecer.<\/p>\n<h3>O que \u00e9 melatonina na pr\u00e1tica?<\/h3>\n<p>Em termos simples, a melatonina \u00e9 como um interruptor natural que diz ao corpo: &#8216;\u00c9 hora de dormir&#8217;. Ela come\u00e7a a ser liberada quando escurece e atinge o pico entre meia-noite e 8 da manh\u00e3. Luzes noturnas, mesmo dim, podem reduzir isso em at\u00e9 50%, segundo estudos.<\/p>\n<h2>Os impactos no dia a dia e na sa\u00fade<\/h2>\n<p>Usar luzes noturnas regularmente pode levar a noites de sono mais curtas e de pior qualidade. Isso afeta n\u00e3o s\u00f3 as crian\u00e7as, mas adultos tamb\u00e9m. Eu percebo que, na correria do dia, um sono ruim resulta em cansa\u00e7o, irritabilidade e at\u00e9 problemas de concentra\u00e7\u00e3o.<\/p>\n<p>Para a sociedade, isso contribui para epidemias de ins\u00f4nia. Empresas perdem produtividade, e h\u00e1 aumento em riscos de sa\u00fade como obesidade, diabetes e problemas card\u00edacos, ligados a dist\u00farbios no ritmo circadiano. No caso de beb\u00eas e crian\u00e7as, pode atrasar o desenvolvimento do sono saud\u00e1vel.<\/p>\n<ul>\n<li>Sono fragmentado: Acordar mais vezes \u00e0 noite.<\/li>\n<li>Altera\u00e7\u00f5es hormonais: Menos melatonina afeta o humor e o metabolismo.<\/li>\n<li>Riscos a longo prazo: Maior chance de dist\u00farbios do sono na vida adulta.<\/li>\n<\/ul>\n<h2>Alternativas inteligentes para uma noite tranquila<\/h2>\n<p>Felizmente, h\u00e1 maneiras de lidar com o medo do escuro sem comprometer o sono. A higiene do sono, que inclui pr\u00e1ticas para melhorar a qualidade do descanso, recomenda evitar luzes antes de dormir e manter o ambiente escuro.<\/p>\n<p>Uma boa op\u00e7\u00e3o \u00e9 usar luzes vermelhas, que n\u00e3o suprimem tanto a melatonina quanto as brancas ou azuis. Sensores de movimento ativam a luz s\u00f3 quando necess\u00e1rio, desligando em segundos. Para adultos, m\u00e1scaras de dormir ou cortinas blackout s\u00e3o ideais.<\/p>\n<h3>Dicas pr\u00e1ticas para implementar mudan\u00e7as<\/h3>\n<p>Comece devagar: Reduza o brilho gradualmente. Incentive rotinas de sono sem luz, como hist\u00f3rias antes de dormir. Para beb\u00eas, consultores de sono sugerem treinar o sono no escuro total ap\u00f3s os 6 meses.<\/p>\n<ol>\n<li>Escolha l\u00e2mpadas LED vermelhas ou \u00e2mbar.<\/li>\n<li>Instale luzes no corredor, n\u00e3o no quarto.<\/li>\n<li>Crie uma rotina relaxante sem telas ou luzes fortes.<\/li>\n<\/ol>\n<p>Essas tend\u00eancias mostram que a tecnologia est\u00e1 evoluindo para solu\u00e7\u00f5es mais saud\u00e1veis, como apps que monitoram o sono e luzes inteligentes que se adaptam ao ciclo circadiano.<\/p>\n<h2>Reflex\u00f5es finais: Priorize o sono natural<\/h2>\n<p>Ao analisar esse tema, fica claro que as luzes noturnas t\u00eam mais contras do que pr\u00f3s para o sono. Optar por solu\u00e7\u00f5es que respeitem nosso ritmo biol\u00f3gico pode transformar suas noites. Experimente essas dicas e veja a diferen\u00e7a no seu bem-estar. Durma bem e acorde revigorado \u2013 seu corpo agradece!<\/p>\n","protected":false},"excerpt":{"rendered":"<p>Descubra por que as luzes noturnas atrapalham o sono e causam problemas de sa\u00fade. Aprenda alternativas seguras para iluminar o quarto sem perturbar seu ritmo circadiano. Dicas pr\u00e1ticas para dormir melhor!<\/p>\n","protected":false},"author":1,"featured_media":762,"comment_status":"open","ping_status":"open","sticky":false,"template":"","format":"standard","meta":{"_acf_changed":false,"_eb_attr":"","footnotes":"","_wpscppro_dont_share_socialmedia":false,"_wpscppro_custom_social_share_image":0,"_facebook_share_type":"","_twitter_share_type":"","_linkedin_share_type":"","_pinterest_share_type":"","_linkedin_share_type_page":"","_instagram_share_type":"","_medium_share_type":"","_threads_share_type":"","_google_business_share_type":"","_selected_social_profile":[],"_wpsp_enable_custom_social_template":false,"_wpsp_social_scheduling":{"enabled":false,"datetime":null,"platforms":[],"status":"template_only","dateOption":"today","timeOption":"now","customDays":"","customHours":"","customDate":"","customTime":"","schedulingType":"absolute"},"_wpsp_active_default_template":true},"categories":[3],"tags":[],"class_list":["post-763","post","type-post","status-publish","format-standard","has-post-thumbnail","hentry","category-bem-estar"],"acf":[],"yoast_head":"<!-- This site is optimized with the Yoast SEO plugin v26.9 - https:\/\/yoast.com\/product\/yoast-seo-wordpress\/ -->\n<title>O Problema com as Luzes Noturnas (e Melhores Solu\u00e7\u00f5es) - ICTDF<\/title>\n<meta name=\"robots\" content=\"index, follow, max-snippet:-1, max-image-preview:large, max-video-preview:-1\" \/>\n<link rel=\"canonical\" href=\"https:\/\/ictdf.synergyecosys.io\/?p=763\" \/>\n<meta property=\"og:locale\" content=\"pt_BR\" \/>\n<meta property=\"og:type\" content=\"article\" \/>\n<meta property=\"og:title\" content=\"O Problema com as Luzes Noturnas (e Melhores Solu\u00e7\u00f5es) - ICTDF\" \/>\n<meta property=\"og:description\" content=\"Descubra por que as luzes noturnas atrapalham o sono e causam problemas de sa\u00fade. Aprenda alternativas seguras para iluminar o quarto sem perturbar seu ritmo circadiano. Dicas pr\u00e1ticas para dormir melhor!\" \/>\n<meta property=\"og:url\" content=\"https:\/\/ictdf.synergyecosys.io\/?p=763\" \/>\n<meta property=\"og:site_name\" content=\"ICTDF\" \/>\n<meta property=\"article:published_time\" content=\"2026-04-19T15:32:23+00:00\" \/>\n<meta name=\"author\" content=\"admin\" \/>\n<meta name=\"twitter:card\" content=\"summary_large_image\" \/>\n<meta name=\"twitter:label1\" content=\"Escrito por\" \/>\n\t<meta name=\"twitter:data1\" content=\"admin\" \/>\n\t<meta name=\"twitter:label2\" content=\"Est. tempo de leitura\" \/>\n\t<meta name=\"twitter:data2\" content=\"3 minutos\" \/>\n<script type=\"application\/ld+json\" class=\"yoast-schema-graph\">{\"@context\":\"https:\/\/schema.org\",\"@graph\":[{\"@type\":\"Article\",\"@id\":\"https:\/\/ictdf.synergyecosys.io\/?p=763#article\",\"isPartOf\":{\"@id\":\"https:\/\/ictdf.synergyecosys.io\/?p=763\"},\"author\":{\"name\":\"admin\",\"@id\":\"https:\/\/ictdf.synergyecosys.io\/#\/schema\/person\/0b4488974b7b485188c0c01cb9f95b21\"},\"headline\":\"O Problema com as Luzes Noturnas (e Melhores Solu\u00e7\u00f5es)\",\"datePublished\":\"2026-04-19T15:32:23+00:00\",\"mainEntityOfPage\":{\"@id\":\"https:\/\/ictdf.synergyecosys.io\/?p=763\"},\"wordCount\":697,\"commentCount\":0,\"publisher\":{\"@id\":\"https:\/\/ictdf.synergyecosys.io\/#organization\"},\"image\":{\"@id\":\"https:\/\/ictdf.synergyecosys.io\/?p=763#primaryimage\"},\"thumbnailUrl\":\"https:\/\/ictdf.synergyecosys.io\/wp-content\/uploads\/2026\/04\/imagem-O-Problema-das-Luzes-Noturnas-e-Soluyyes-Melhores.png\",\"articleSection\":[\"Bem-estar\"],\"inLanguage\":\"pt-BR\",\"potentialAction\":[{\"@type\":\"CommentAction\",\"name\":\"Comment\",\"target\":[\"https:\/\/ictdf.synergyecosys.io\/?p=763#respond\"]}]},{\"@type\":\"WebPage\",\"@id\":\"https:\/\/ictdf.synergyecosys.io\/?p=763\",\"url\":\"https:\/\/ictdf.synergyecosys.io\/?p=763\",\"name\":\"O Problema com as Luzes Noturnas (e Melhores Solu\u00e7\u00f5es) - ICTDF\",\"isPartOf\":{\"@id\":\"https:\/\/ictdf.synergyecosys.io\/#website\"},\"primaryImageOfPage\":{\"@id\":\"https:\/\/ictdf.synergyecosys.io\/?p=763#primaryimage\"},\"image\":{\"@id\":\"https:\/\/ictdf.synergyecosys.io\/?p=763#primaryimage\"},\"thumbnailUrl\":\"https:\/\/ictdf.synergyecosys.io\/wp-content\/uploads\/2026\/04\/imagem-O-Problema-das-Luzes-Noturnas-e-Soluyyes-Melhores.png\",\"datePublished\":\"2026-04-19T15:32:23+00:00\",\"breadcrumb\":{\"@id\":\"https:\/\/ictdf.synergyecosys.io\/?p=763#breadcrumb\"},\"inLanguage\":\"pt-BR\",\"potentialAction\":[{\"@type\":\"ReadAction\",\"target\":[\"https:\/\/ictdf.synergyecosys.io\/?p=763\"]}]},{\"@type\":\"ImageObject\",\"inLanguage\":\"pt-BR\",\"@id\":\"https:\/\/ictdf.synergyecosys.io\/?p=763#primaryimage\",\"url\":\"https:\/\/ictdf.synergyecosys.io\/wp-content\/uploads\/2026\/04\/imagem-O-Problema-das-Luzes-Noturnas-e-Soluyyes-Melhores.png\",\"contentUrl\":\"https:\/\/ictdf.synergyecosys.io\/wp-content\/uploads\/2026\/04\/imagem-O-Problema-das-Luzes-Noturnas-e-Soluyyes-Melhores.png\",\"width\":1696,\"height\":960},{\"@type\":\"BreadcrumbList\",\"@id\":\"https:\/\/ictdf.synergyecosys.io\/?p=763#breadcrumb\",\"itemListElement\":[{\"@type\":\"ListItem\",\"position\":1,\"name\":\"In\u00edcio\",\"item\":\"https:\/\/ictdf.synergyecosys.io\/\"},{\"@type\":\"ListItem\",\"position\":2,\"name\":\"O Problema com as Luzes Noturnas (e Melhores Solu\u00e7\u00f5es)\"}]},{\"@type\":\"WebSite\",\"@id\":\"https:\/\/ictdf.synergyecosys.io\/#website\",\"url\":\"https:\/\/ictdf.synergyecosys.io\/\",\"name\":\"ICTDF\",\"description\":\"\",\"publisher\":{\"@id\":\"https:\/\/ictdf.synergyecosys.io\/#organization\"},\"potentialAction\":[{\"@type\":\"SearchAction\",\"target\":{\"@type\":\"EntryPoint\",\"urlTemplate\":\"https:\/\/ictdf.synergyecosys.io\/?s={search_term_string}\"},\"query-input\":{\"@type\":\"PropertyValueSpecification\",\"valueRequired\":true,\"valueName\":\"search_term_string\"}}],\"inLanguage\":\"pt-BR\"},{\"@type\":\"Organization\",\"@id\":\"https:\/\/ictdf.synergyecosys.io\/#organization\",\"name\":\"ICTDF\",\"url\":\"https:\/\/ictdf.synergyecosys.io\/\",\"logo\":{\"@type\":\"ImageObject\",\"inLanguage\":\"pt-BR\",\"@id\":\"https:\/\/ictdf.synergyecosys.io\/#\/schema\/logo\/image\/\",\"url\":\"https:\/\/ictdf.synergyecosys.io\/wp-content\/uploads\/2026\/02\/cropped-cropped-ICTDF_logo_transparente.png\",\"contentUrl\":\"https:\/\/ictdf.synergyecosys.io\/wp-content\/uploads\/2026\/02\/cropped-cropped-ICTDF_logo_transparente.png\",\"width\":450,\"height\":141,\"caption\":\"ICTDF\"},\"image\":{\"@id\":\"https:\/\/ictdf.synergyecosys.io\/#\/schema\/logo\/image\/\"}},{\"@type\":\"Person\",\"@id\":\"https:\/\/ictdf.synergyecosys.io\/#\/schema\/person\/0b4488974b7b485188c0c01cb9f95b21\",\"name\":\"admin\",\"image\":{\"@type\":\"ImageObject\",\"inLanguage\":\"pt-BR\",\"@id\":\"https:\/\/ictdf.synergyecosys.io\/#\/schema\/person\/image\/\",\"url\":\"https:\/\/secure.gravatar.com\/avatar\/ee6b87b4bde4f4817334740781bdb6e270748065085879a5aa2018d8006922fa?s=96&d=mm&r=g\",\"contentUrl\":\"https:\/\/secure.gravatar.com\/avatar\/ee6b87b4bde4f4817334740781bdb6e270748065085879a5aa2018d8006922fa?s=96&d=mm&r=g\",\"caption\":\"admin\"},\"sameAs\":[\"https:\/\/ictdf.synergyecosys.io\"],\"url\":\"https:\/\/ictdf.synergyecosys.io\/?author=1\"}]}<\/script>\n<!-- \/ Yoast SEO plugin. -->","yoast_head_json":{"title":"O Problema com as Luzes Noturnas (e Melhores Solu\u00e7\u00f5es) - ICTDF","robots":{"index":"index","follow":"follow","max-snippet":"max-snippet:-1","max-image-preview":"max-image-preview:large","max-video-preview":"max-video-preview:-1"},"canonical":"https:\/\/ictdf.synergyecosys.io\/?p=763","og_locale":"pt_BR","og_type":"article","og_title":"O Problema com as Luzes Noturnas (e Melhores Solu\u00e7\u00f5es) - ICTDF","og_description":"Descubra por que as luzes noturnas atrapalham o sono e causam problemas de sa\u00fade. Aprenda alternativas seguras para iluminar o quarto sem perturbar seu ritmo circadiano. Dicas pr\u00e1ticas para dormir melhor!","og_url":"https:\/\/ictdf.synergyecosys.io\/?p=763","og_site_name":"ICTDF","article_published_time":"2026-04-19T15:32:23+00:00","author":"admin","twitter_card":"summary_large_image","twitter_misc":{"Escrito por":"admin","Est. tempo de leitura":"3 minutos"},"schema":{"@context":"https:\/\/schema.org","@graph":[{"@type":"Article","@id":"https:\/\/ictdf.synergyecosys.io\/?p=763#article","isPartOf":{"@id":"https:\/\/ictdf.synergyecosys.io\/?p=763"},"author":{"name":"admin","@id":"https:\/\/ictdf.synergyecosys.io\/#\/schema\/person\/0b4488974b7b485188c0c01cb9f95b21"},"headline":"O Problema com as Luzes Noturnas (e Melhores Solu\u00e7\u00f5es)","datePublished":"2026-04-19T15:32:23+00:00","mainEntityOfPage":{"@id":"https:\/\/ictdf.synergyecosys.io\/?p=763"},"wordCount":697,"commentCount":0,"publisher":{"@id":"https:\/\/ictdf.synergyecosys.io\/#organization"},"image":{"@id":"https:\/\/ictdf.synergyecosys.io\/?p=763#primaryimage"},"thumbnailUrl":"https:\/\/ictdf.synergyecosys.io\/wp-content\/uploads\/2026\/04\/imagem-O-Problema-das-Luzes-Noturnas-e-Soluyyes-Melhores.png","articleSection":["Bem-estar"],"inLanguage":"pt-BR","potentialAction":[{"@type":"CommentAction","name":"Comment","target":["https:\/\/ictdf.synergyecosys.io\/?p=763#respond"]}]},{"@type":"WebPage","@id":"https:\/\/ictdf.synergyecosys.io\/?p=763","url":"https:\/\/ictdf.synergyecosys.io\/?p=763","name":"O Problema com as Luzes Noturnas (e Melhores Solu\u00e7\u00f5es) - ICTDF","isPartOf":{"@id":"https:\/\/ictdf.synergyecosys.io\/#website"},"primaryImageOfPage":{"@id":"https:\/\/ictdf.synergyecosys.io\/?p=763#primaryimage"},"image":{"@id":"https:\/\/ictdf.synergyecosys.io\/?p=763#primaryimage"},"thumbnailUrl":"https:\/\/ictdf.synergyecosys.io\/wp-content\/uploads\/2026\/04\/imagem-O-Problema-das-Luzes-Noturnas-e-Soluyyes-Melhores.png","datePublished":"2026-04-19T15:32:23+00:00","breadcrumb":{"@id":"https:\/\/ictdf.synergyecosys.io\/?p=763#breadcrumb"},"inLanguage":"pt-BR","potentialAction":[{"@type":"ReadAction","target":["https:\/\/ictdf.synergyecosys.io\/?p=763"]}]},{"@type":"ImageObject","inLanguage":"pt-BR","@id":"https:\/\/ictdf.synergyecosys.io\/?p=763#primaryimage","url":"https:\/\/ictdf.synergyecosys.io\/wp-content\/uploads\/2026\/04\/imagem-O-Problema-das-Luzes-Noturnas-e-Soluyyes-Melhores.png","contentUrl":"https:\/\/ictdf.synergyecosys.io\/wp-content\/uploads\/2026\/04\/imagem-O-Problema-das-Luzes-Noturnas-e-Soluyyes-Melhores.png","width":1696,"height":960},{"@type":"BreadcrumbList","@id":"https:\/\/ictdf.synergyecosys.io\/?p=763#breadcrumb","itemListElement":[{"@type":"ListItem","position":1,"name":"In\u00edcio","item":"https:\/\/ictdf.synergyecosys.io\/"},{"@type":"ListItem","position":2,"name":"O Problema com as Luzes Noturnas (e Melhores Solu\u00e7\u00f5es)"}]},{"@type":"WebSite","@id":"https:\/\/ictdf.synergyecosys.io\/#website","url":"https:\/\/ictdf.synergyecosys.io\/","name":"ICTDF","description":"","publisher":{"@id":"https:\/\/ictdf.synergyecosys.io\/#organization"},"potentialAction":[{"@type":"SearchAction","target":{"@type":"EntryPoint","urlTemplate":"https:\/\/ictdf.synergyecosys.io\/?s={search_term_string}"},"query-input":{"@type":"PropertyValueSpecification","valueRequired":true,"valueName":"search_term_string"}}],"inLanguage":"pt-BR"},{"@type":"Organization","@id":"https:\/\/ictdf.synergyecosys.io\/#organization","name":"ICTDF","url":"https:\/\/ictdf.synergyecosys.io\/","logo":{"@type":"ImageObject","inLanguage":"pt-BR","@id":"https:\/\/ictdf.synergyecosys.io\/#\/schema\/logo\/image\/","url":"https:\/\/ictdf.synergyecosys.io\/wp-content\/uploads\/2026\/02\/cropped-cropped-ICTDF_logo_transparente.png","contentUrl":"https:\/\/ictdf.synergyecosys.io\/wp-content\/uploads\/2026\/02\/cropped-cropped-ICTDF_logo_transparente.png","width":450,"height":141,"caption":"ICTDF"},"image":{"@id":"https:\/\/ictdf.synergyecosys.io\/#\/schema\/logo\/image\/"}},{"@type":"Person","@id":"https:\/\/ictdf.synergyecosys.io\/#\/schema\/person\/0b4488974b7b485188c0c01cb9f95b21","name":"admin","image":{"@type":"ImageObject","inLanguage":"pt-BR","@id":"https:\/\/ictdf.synergyecosys.io\/#\/schema\/person\/image\/","url":"https:\/\/secure.gravatar.com\/avatar\/ee6b87b4bde4f4817334740781bdb6e270748065085879a5aa2018d8006922fa?s=96&d=mm&r=g","contentUrl":"https:\/\/secure.gravatar.com\/avatar\/ee6b87b4bde4f4817334740781bdb6e270748065085879a5aa2018d8006922fa?s=96&d=mm&r=g","caption":"admin"},"sameAs":["https:\/\/ictdf.synergyecosys.io"],"url":"https:\/\/ictdf.synergyecosys.io\/?author=1"}]}},"_links":{"self":[{"href":"https:\/\/ictdf.synergyecosys.io\/index.php?rest_route=\/wp\/v2\/posts\/763","targetHints":{"allow":["GET"]}}],"collection":[{"href":"https:\/\/ictdf.synergyecosys.io\/index.php?rest_route=\/wp\/v2\/posts"}],"about":[{"href":"https:\/\/ictdf.synergyecosys.io\/index.php?rest_route=\/wp\/v2\/types\/post"}],"author":[{"embeddable":true,"href":"https:\/\/ictdf.synergyecosys.io\/index.php?rest_route=\/wp\/v2\/users\/1"}],"replies":[{"embeddable":true,"href":"https:\/\/ictdf.synergyecosys.io\/index.php?rest_route=%2Fwp%2Fv2%2Fcomments&post=763"}],"version-history":[{"count":0,"href":"https:\/\/ictdf.synergyecosys.io\/index.php?rest_route=\/wp\/v2\/posts\/763\/revisions"}],"wp:featuredmedia":[{"embeddable":true,"href":"https:\/\/ictdf.synergyecosys.io\/index.php?rest_route=\/wp\/v2\/media\/762"}],"wp:attachment":[{"href":"https:\/\/ictdf.synergyecosys.io\/index.php?rest_route=%2Fwp%2Fv2%2Fmedia&parent=763"}],"wp:term":[{"taxonomy":"category","embeddable":true,"href":"https:\/\/ictdf.synergyecosys.io\/index.php?rest_route=%2Fwp%2Fv2%2Fcategories&post=763"},{"taxonomy":"post_tag","embeddable":true,"href":"https:\/\/ictdf.synergyecosys.io\/index.php?rest_route=%2Fwp%2Fv2%2Ftags&post=763"}],"curies":[{"name":"wp","href":"https:\/\/api.w.org\/{rel}","templated":true}]}}