{"id":761,"date":"2026-04-19T08:32:19","date_gmt":"2026-04-19T11:32:19","guid":{"rendered":"https:\/\/ictdf.synergyecosys.io\/?p=761"},"modified":"2026-04-19T08:32:19","modified_gmt":"2026-04-19T11:32:19","slug":"parar-de-fumar-um-aliado-para-a-saude-cerebral-na-meia-idade","status":"publish","type":"post","link":"https:\/\/ictdf.synergyecosys.io\/?p=761","title":{"rendered":"Parar de Fumar: Um Aliado para a Sa\u00fade Cerebral na Meia-Idade"},"content":{"rendered":"<p>Voc\u00ea j\u00e1 parou para pensar no que o cigarro faz com o seu c\u00e9rebro? Muitos de n\u00f3s associamos o tabagismo a problemas nos pulm\u00f5es ou cora\u00e7\u00e3o, mas os efeitos v\u00e3o al\u00e9m. Recentemente, pesquisas t\u00eam mostrado que <strong>parar de fumar desacelera a perda cognitiva mesmo na meia-idade<\/strong>. Isso significa que, independentemente da idade, largar o h\u00e1bito pode proteger sua mem\u00f3ria, aten\u00e7\u00e3o e capacidade de racioc\u00ednio. Neste artigo, vamos descomplicar esse tema e ver como uma decis\u00e3o simples pode mudar sua vida cognitiva.<\/p>\n<p>Eu, como especialista em jornalismo did\u00e1tico, mergulhei em estudos e dados para trazer essa informa\u00e7\u00e3o de forma acess\u00edvel. Vamos entender o que est\u00e1 em jogo e por que agora \u00e9 o momento ideal para considerar parar.<\/p>\n<h2>O que significa perda cognitiva no dia a dia?<\/h2>\n<p>A <strong>perda cognitiva<\/strong> \u00e9 como um &#8216;desgaste&#8217; natural do c\u00e9rebro que afeta fun\u00e7\u00f5es como mem\u00f3ria, concentra\u00e7\u00e3o e tomada de decis\u00f5es. Na pr\u00e1tica, \u00e9 quando voc\u00ea come\u00e7a a esquecer nomes, ter dificuldade para se concentrar no trabalho ou planejar tarefas simples. N\u00e3o \u00e9 s\u00f3 coisa de idoso; pode come\u00e7ar na <strong>meia-idade<\/strong>, por volta dos 40-60 anos.<\/p>\n<p>De acordo com defini\u00e7\u00f5es cient\u00edficas, ela envolve barreiras no processo de aquisi\u00e7\u00e3o e uso de conhecimento. Fatores como estresse, dieta e, sim, o tabagismo aceleram esse processo. Imagine o c\u00e9rebro como um motor: o fumo \u00e9 como uma sujeira que o faz engasgar mais cedo.<\/p>\n<h3>Como o fumo afeta o c\u00e9rebro?<\/h3>\n<p>O tabagismo introduz mais de 70 subst\u00e2ncias cancer\u00edgenas no corpo, incluindo nicotina, que cria depend\u00eancia. No c\u00e9rebro, ele reduz o fluxo sangu\u00edneo, danifica vasos e aumenta o risco de derrames e doen\u00e7as como Alzheimer. Estudos mostram que fumantes t\u00eam um decl\u00ednio cognitivo at\u00e9 2,5 vezes mais r\u00e1pido que n\u00e3o fumantes.<\/p>\n<p>Eu analisei relat\u00f3rios da Organiza\u00e7\u00e3o Mundial da Sa\u00fade e vejo que metade dos fumantes morre prematuramente por complica\u00e7\u00f5es relacionadas, muitas afetando o c\u00e9rebro indiretamente via problemas vasculares.<\/p>\n<h2>Por que parar de fumar faz diferen\u00e7a na meia-idade?<\/h2>\n<p>A boa not\u00edcia \u00e9 que o c\u00e9rebro \u00e9 resiliente. Parar de fumar, mesmo ap\u00f3s anos de h\u00e1bito, reverte parte dos danos. Pesquisas indicam que, ap\u00f3s um ano sem cigarro, o risco de problemas card\u00edacos cai 50%, melhorando o suprimento de oxig\u00eanio ao c\u00e9rebro. Para a cogni\u00e7\u00e3o, estudos longitudinais mostram desacelera\u00e7\u00e3o na perda de mem\u00f3ria e fun\u00e7\u00f5es executivas.<\/p>\n<p>Na meia-idade, quando o decl\u00ednio natural come\u00e7a a se instalar, parar \u00e9 crucial. Um estudo com milhares de participantes revelou que ex-fumantes na faixa dos 50 anos mantiveram melhor desempenho em testes cognitivos comparados a quem continuou fumando.<\/p>\n<ul>\n<li>Benef\u00edcio imediato: Melhora na concentra\u00e7\u00e3o em semanas.<\/li>\n<li>A longo prazo: Reduz risco de dem\u00eancia em at\u00e9 30%.<\/li>\n<li>Impacto social: Menos ansiedade e melhor qualidade de vida.<\/li>\n<\/ul>\n<h2>Os impactos pr\u00e1ticos para voc\u00ea e sua fam\u00edlia<\/h2>\n<p>Pense no cotidiano: um c\u00e9rebro mais afiado significa melhor desempenho no trabalho, relacionamentos mais presentes e independ\u00eancia na velhice. Para empresas, funcion\u00e1rios que param de fumar relatam menos dias de folga por sa\u00fade mental. Na sociedade, reduzir o tabagismo alivia sistemas de sa\u00fade sobrecarregados.<\/p>\n<p>Para fam\u00edlias, \u00e9 inspirador: ver um parente largar o v\u00edcio motiva mudan\u00e7as positivas. Mas h\u00e1 desafios, como abstin\u00eancia, que causam irritabilidade e ansiedade tempor\u00e1rias.<\/p>\n<h3>Dicas para superar os obst\u00e1culos<\/h3>\n<p>Comece com suporte: terapias de reposi\u00e7\u00e3o de nicotina ou medicamentos como vareniclina ajudam 20% mais que &#8216;frio de barriga&#8217;. Combine com aconselhamento comportamental para sucesso duradouro.<\/p>\n<ol>\n<li>Defina uma data para parar.<\/li>\n<li>Evite gatilhos, como pausas para fumar no trabalho.<\/li>\n<li>Pratique exerc\u00edcios, que boostam o humor e a cogni\u00e7\u00e3o.<\/li>\n<\/ol>\n<h2>Olhando para o futuro: Tend\u00eancias e recomenda\u00e7\u00f5es<\/h2>\n<p>O futuro parece promissor com apps de monitoramento e terapias inovadoras. Pa\u00edses como o Reino Unido veem queda no tabagismo gra\u00e7as a pol\u00edticas antifumo. Minha recomenda\u00e7\u00e3o? Consulte um m\u00e9dico hoje. Parar n\u00e3o \u00e9 s\u00f3 sobre sa\u00fade f\u00edsica; \u00e9 investir no seu c\u00e9rebro para anos produtivos.<\/p>\n<p>Estudos projetam que, com mais conscientiza\u00e7\u00e3o, o decl\u00ednio cognitivo relacionado ao fumo pode ser evitado em massa.<\/p>\n<h2>Reflex\u00f5es finais: Tome as r\u00e9deas da sua sa\u00fade cerebral<\/h2>\n<p>Resumindo, <strong>parar de fumar desacelera a perda cognitiva mesmo na meia-idade<\/strong>, oferecendo uma chance real de envelhecer com clareza mental. Eu percebo que o primeiro passo \u00e9 o mais dif\u00edcil, mas os ganhos valem cada esfor\u00e7o. Se voc\u00ea fuma, reflita: e se hoje fosse o dia? Proteja seu c\u00e9rebro e viva mais plenamente.<\/p>\n","protected":false},"excerpt":{"rendered":"<p>Parar de fumar desacelera a perda cognitiva mesmo na meia-idade. Entenda os benef\u00edcios para o c\u00e9rebro, impactos na sa\u00fade mental e dicas pr\u00e1ticas para largar o v\u00edcio agora e proteger sua cogni\u00e7\u00e3o futura.<\/p>\n","protected":false},"author":1,"featured_media":760,"comment_status":"open","ping_status":"open","sticky":false,"template":"","format":"standard","meta":{"_acf_changed":false,"_eb_attr":"","footnotes":"","_wpscppro_dont_share_socialmedia":false,"_wpscppro_custom_social_share_image":0,"_facebook_share_type":"","_twitter_share_type":"","_linkedin_share_type":"","_pinterest_share_type":"","_linkedin_share_type_page":"","_instagram_share_type":"","_medium_share_type":"","_threads_share_type":"","_google_business_share_type":"","_selected_social_profile":[],"_wpsp_enable_custom_social_template":false,"_wpsp_social_scheduling":{"enabled":false,"datetime":null,"platforms":[],"status":"template_only","dateOption":"today","timeOption":"now","customDays":"","customHours":"","customDate":"","customTime":"","schedulingType":"absolute"},"_wpsp_active_default_template":true},"categories":[3],"tags":[],"class_list":["post-761","post","type-post","status-publish","format-standard","has-post-thumbnail","hentry","category-bem-estar"],"acf":[],"yoast_head":"<!-- This site is optimized with the Yoast SEO plugin v26.9 - https:\/\/yoast.com\/product\/yoast-seo-wordpress\/ -->\n<title>Parar de Fumar: Um Aliado para a Sa\u00fade Cerebral na Meia-Idade - ICTDF<\/title>\n<meta name=\"robots\" content=\"index, follow, max-snippet:-1, max-image-preview:large, max-video-preview:-1\" \/>\n<link rel=\"canonical\" href=\"https:\/\/ictdf.synergyecosys.io\/?p=761\" \/>\n<meta property=\"og:locale\" content=\"pt_BR\" \/>\n<meta property=\"og:type\" content=\"article\" \/>\n<meta property=\"og:title\" content=\"Parar de Fumar: Um Aliado para a Sa\u00fade Cerebral na Meia-Idade - ICTDF\" \/>\n<meta property=\"og:description\" content=\"Parar de fumar desacelera a perda cognitiva mesmo na meia-idade. Entenda os benef\u00edcios para o c\u00e9rebro, impactos na sa\u00fade mental e dicas pr\u00e1ticas para largar o v\u00edcio agora e proteger sua cogni\u00e7\u00e3o futura.\" \/>\n<meta property=\"og:url\" content=\"https:\/\/ictdf.synergyecosys.io\/?p=761\" \/>\n<meta property=\"og:site_name\" content=\"ICTDF\" \/>\n<meta property=\"article:published_time\" content=\"2026-04-19T11:32:19+00:00\" \/>\n<meta name=\"author\" content=\"admin\" \/>\n<meta name=\"twitter:card\" content=\"summary_large_image\" \/>\n<meta name=\"twitter:label1\" content=\"Escrito por\" \/>\n\t<meta name=\"twitter:data1\" content=\"admin\" \/>\n\t<meta name=\"twitter:label2\" content=\"Est. tempo de leitura\" \/>\n\t<meta name=\"twitter:data2\" content=\"4 minutos\" \/>\n<script type=\"application\/ld+json\" class=\"yoast-schema-graph\">{\"@context\":\"https:\/\/schema.org\",\"@graph\":[{\"@type\":\"Article\",\"@id\":\"https:\/\/ictdf.synergyecosys.io\/?p=761#article\",\"isPartOf\":{\"@id\":\"https:\/\/ictdf.synergyecosys.io\/?p=761\"},\"author\":{\"name\":\"admin\",\"@id\":\"https:\/\/ictdf.synergyecosys.io\/#\/schema\/person\/0b4488974b7b485188c0c01cb9f95b21\"},\"headline\":\"Parar de Fumar: Um Aliado para a Sa\u00fade Cerebral na Meia-Idade\",\"datePublished\":\"2026-04-19T11:32:19+00:00\",\"mainEntityOfPage\":{\"@id\":\"https:\/\/ictdf.synergyecosys.io\/?p=761\"},\"wordCount\":790,\"commentCount\":0,\"publisher\":{\"@id\":\"https:\/\/ictdf.synergyecosys.io\/#organization\"},\"image\":{\"@id\":\"https:\/\/ictdf.synergyecosys.io\/?p=761#primaryimage\"},\"thumbnailUrl\":\"https:\/\/ictdf.synergyecosys.io\/wp-content\/uploads\/2026\/04\/imagem-Parar-de-Fumar-Desacelera-Perda-Cognitiva-na-Meia-Idade.png\",\"articleSection\":[\"Bem-estar\"],\"inLanguage\":\"pt-BR\",\"potentialAction\":[{\"@type\":\"CommentAction\",\"name\":\"Comment\",\"target\":[\"https:\/\/ictdf.synergyecosys.io\/?p=761#respond\"]}]},{\"@type\":\"WebPage\",\"@id\":\"https:\/\/ictdf.synergyecosys.io\/?p=761\",\"url\":\"https:\/\/ictdf.synergyecosys.io\/?p=761\",\"name\":\"Parar de Fumar: Um Aliado para a Sa\u00fade Cerebral na Meia-Idade - ICTDF\",\"isPartOf\":{\"@id\":\"https:\/\/ictdf.synergyecosys.io\/#website\"},\"primaryImageOfPage\":{\"@id\":\"https:\/\/ictdf.synergyecosys.io\/?p=761#primaryimage\"},\"image\":{\"@id\":\"https:\/\/ictdf.synergyecosys.io\/?p=761#primaryimage\"},\"thumbnailUrl\":\"https:\/\/ictdf.synergyecosys.io\/wp-content\/uploads\/2026\/04\/imagem-Parar-de-Fumar-Desacelera-Perda-Cognitiva-na-Meia-Idade.png\",\"datePublished\":\"2026-04-19T11:32:19+00:00\",\"breadcrumb\":{\"@id\":\"https:\/\/ictdf.synergyecosys.io\/?p=761#breadcrumb\"},\"inLanguage\":\"pt-BR\",\"potentialAction\":[{\"@type\":\"ReadAction\",\"target\":[\"https:\/\/ictdf.synergyecosys.io\/?p=761\"]}]},{\"@type\":\"ImageObject\",\"inLanguage\":\"pt-BR\",\"@id\":\"https:\/\/ictdf.synergyecosys.io\/?p=761#primaryimage\",\"url\":\"https:\/\/ictdf.synergyecosys.io\/wp-content\/uploads\/2026\/04\/imagem-Parar-de-Fumar-Desacelera-Perda-Cognitiva-na-Meia-Idade.png\",\"contentUrl\":\"https:\/\/ictdf.synergyecosys.io\/wp-content\/uploads\/2026\/04\/imagem-Parar-de-Fumar-Desacelera-Perda-Cognitiva-na-Meia-Idade.png\",\"width\":1696,\"height\":960},{\"@type\":\"BreadcrumbList\",\"@id\":\"https:\/\/ictdf.synergyecosys.io\/?p=761#breadcrumb\",\"itemListElement\":[{\"@type\":\"ListItem\",\"position\":1,\"name\":\"In\u00edcio\",\"item\":\"https:\/\/ictdf.synergyecosys.io\/\"},{\"@type\":\"ListItem\",\"position\":2,\"name\":\"Parar de Fumar: Um Aliado para a Sa\u00fade Cerebral na Meia-Idade\"}]},{\"@type\":\"WebSite\",\"@id\":\"https:\/\/ictdf.synergyecosys.io\/#website\",\"url\":\"https:\/\/ictdf.synergyecosys.io\/\",\"name\":\"ICTDF\",\"description\":\"\",\"publisher\":{\"@id\":\"https:\/\/ictdf.synergyecosys.io\/#organization\"},\"potentialAction\":[{\"@type\":\"SearchAction\",\"target\":{\"@type\":\"EntryPoint\",\"urlTemplate\":\"https:\/\/ictdf.synergyecosys.io\/?s={search_term_string}\"},\"query-input\":{\"@type\":\"PropertyValueSpecification\",\"valueRequired\":true,\"valueName\":\"search_term_string\"}}],\"inLanguage\":\"pt-BR\"},{\"@type\":\"Organization\",\"@id\":\"https:\/\/ictdf.synergyecosys.io\/#organization\",\"name\":\"ICTDF\",\"url\":\"https:\/\/ictdf.synergyecosys.io\/\",\"logo\":{\"@type\":\"ImageObject\",\"inLanguage\":\"pt-BR\",\"@id\":\"https:\/\/ictdf.synergyecosys.io\/#\/schema\/logo\/image\/\",\"url\":\"https:\/\/ictdf.synergyecosys.io\/wp-content\/uploads\/2026\/02\/cropped-cropped-ICTDF_logo_transparente.png\",\"contentUrl\":\"https:\/\/ictdf.synergyecosys.io\/wp-content\/uploads\/2026\/02\/cropped-cropped-ICTDF_logo_transparente.png\",\"width\":450,\"height\":141,\"caption\":\"ICTDF\"},\"image\":{\"@id\":\"https:\/\/ictdf.synergyecosys.io\/#\/schema\/logo\/image\/\"}},{\"@type\":\"Person\",\"@id\":\"https:\/\/ictdf.synergyecosys.io\/#\/schema\/person\/0b4488974b7b485188c0c01cb9f95b21\",\"name\":\"admin\",\"image\":{\"@type\":\"ImageObject\",\"inLanguage\":\"pt-BR\",\"@id\":\"https:\/\/ictdf.synergyecosys.io\/#\/schema\/person\/image\/\",\"url\":\"https:\/\/secure.gravatar.com\/avatar\/ee6b87b4bde4f4817334740781bdb6e270748065085879a5aa2018d8006922fa?s=96&d=mm&r=g\",\"contentUrl\":\"https:\/\/secure.gravatar.com\/avatar\/ee6b87b4bde4f4817334740781bdb6e270748065085879a5aa2018d8006922fa?s=96&d=mm&r=g\",\"caption\":\"admin\"},\"sameAs\":[\"https:\/\/ictdf.synergyecosys.io\"],\"url\":\"https:\/\/ictdf.synergyecosys.io\/?author=1\"}]}<\/script>\n<!-- \/ Yoast SEO plugin. -->","yoast_head_json":{"title":"Parar de Fumar: Um Aliado para a Sa\u00fade Cerebral na Meia-Idade - ICTDF","robots":{"index":"index","follow":"follow","max-snippet":"max-snippet:-1","max-image-preview":"max-image-preview:large","max-video-preview":"max-video-preview:-1"},"canonical":"https:\/\/ictdf.synergyecosys.io\/?p=761","og_locale":"pt_BR","og_type":"article","og_title":"Parar de Fumar: Um Aliado para a Sa\u00fade Cerebral na Meia-Idade - ICTDF","og_description":"Parar de fumar desacelera a perda cognitiva mesmo na meia-idade. Entenda os benef\u00edcios para o c\u00e9rebro, impactos na sa\u00fade mental e dicas pr\u00e1ticas para largar o v\u00edcio agora e proteger sua cogni\u00e7\u00e3o futura.","og_url":"https:\/\/ictdf.synergyecosys.io\/?p=761","og_site_name":"ICTDF","article_published_time":"2026-04-19T11:32:19+00:00","author":"admin","twitter_card":"summary_large_image","twitter_misc":{"Escrito por":"admin","Est. tempo de leitura":"4 minutos"},"schema":{"@context":"https:\/\/schema.org","@graph":[{"@type":"Article","@id":"https:\/\/ictdf.synergyecosys.io\/?p=761#article","isPartOf":{"@id":"https:\/\/ictdf.synergyecosys.io\/?p=761"},"author":{"name":"admin","@id":"https:\/\/ictdf.synergyecosys.io\/#\/schema\/person\/0b4488974b7b485188c0c01cb9f95b21"},"headline":"Parar de Fumar: Um Aliado para a Sa\u00fade Cerebral na Meia-Idade","datePublished":"2026-04-19T11:32:19+00:00","mainEntityOfPage":{"@id":"https:\/\/ictdf.synergyecosys.io\/?p=761"},"wordCount":790,"commentCount":0,"publisher":{"@id":"https:\/\/ictdf.synergyecosys.io\/#organization"},"image":{"@id":"https:\/\/ictdf.synergyecosys.io\/?p=761#primaryimage"},"thumbnailUrl":"https:\/\/ictdf.synergyecosys.io\/wp-content\/uploads\/2026\/04\/imagem-Parar-de-Fumar-Desacelera-Perda-Cognitiva-na-Meia-Idade.png","articleSection":["Bem-estar"],"inLanguage":"pt-BR","potentialAction":[{"@type":"CommentAction","name":"Comment","target":["https:\/\/ictdf.synergyecosys.io\/?p=761#respond"]}]},{"@type":"WebPage","@id":"https:\/\/ictdf.synergyecosys.io\/?p=761","url":"https:\/\/ictdf.synergyecosys.io\/?p=761","name":"Parar de Fumar: Um Aliado para a Sa\u00fade Cerebral na Meia-Idade - ICTDF","isPartOf":{"@id":"https:\/\/ictdf.synergyecosys.io\/#website"},"primaryImageOfPage":{"@id":"https:\/\/ictdf.synergyecosys.io\/?p=761#primaryimage"},"image":{"@id":"https:\/\/ictdf.synergyecosys.io\/?p=761#primaryimage"},"thumbnailUrl":"https:\/\/ictdf.synergyecosys.io\/wp-content\/uploads\/2026\/04\/imagem-Parar-de-Fumar-Desacelera-Perda-Cognitiva-na-Meia-Idade.png","datePublished":"2026-04-19T11:32:19+00:00","breadcrumb":{"@id":"https:\/\/ictdf.synergyecosys.io\/?p=761#breadcrumb"},"inLanguage":"pt-BR","potentialAction":[{"@type":"ReadAction","target":["https:\/\/ictdf.synergyecosys.io\/?p=761"]}]},{"@type":"ImageObject","inLanguage":"pt-BR","@id":"https:\/\/ictdf.synergyecosys.io\/?p=761#primaryimage","url":"https:\/\/ictdf.synergyecosys.io\/wp-content\/uploads\/2026\/04\/imagem-Parar-de-Fumar-Desacelera-Perda-Cognitiva-na-Meia-Idade.png","contentUrl":"https:\/\/ictdf.synergyecosys.io\/wp-content\/uploads\/2026\/04\/imagem-Parar-de-Fumar-Desacelera-Perda-Cognitiva-na-Meia-Idade.png","width":1696,"height":960},{"@type":"BreadcrumbList","@id":"https:\/\/ictdf.synergyecosys.io\/?p=761#breadcrumb","itemListElement":[{"@type":"ListItem","position":1,"name":"In\u00edcio","item":"https:\/\/ictdf.synergyecosys.io\/"},{"@type":"ListItem","position":2,"name":"Parar de Fumar: Um Aliado para a Sa\u00fade Cerebral na Meia-Idade"}]},{"@type":"WebSite","@id":"https:\/\/ictdf.synergyecosys.io\/#website","url":"https:\/\/ictdf.synergyecosys.io\/","name":"ICTDF","description":"","publisher":{"@id":"https:\/\/ictdf.synergyecosys.io\/#organization"},"potentialAction":[{"@type":"SearchAction","target":{"@type":"EntryPoint","urlTemplate":"https:\/\/ictdf.synergyecosys.io\/?s={search_term_string}"},"query-input":{"@type":"PropertyValueSpecification","valueRequired":true,"valueName":"search_term_string"}}],"inLanguage":"pt-BR"},{"@type":"Organization","@id":"https:\/\/ictdf.synergyecosys.io\/#organization","name":"ICTDF","url":"https:\/\/ictdf.synergyecosys.io\/","logo":{"@type":"ImageObject","inLanguage":"pt-BR","@id":"https:\/\/ictdf.synergyecosys.io\/#\/schema\/logo\/image\/","url":"https:\/\/ictdf.synergyecosys.io\/wp-content\/uploads\/2026\/02\/cropped-cropped-ICTDF_logo_transparente.png","contentUrl":"https:\/\/ictdf.synergyecosys.io\/wp-content\/uploads\/2026\/02\/cropped-cropped-ICTDF_logo_transparente.png","width":450,"height":141,"caption":"ICTDF"},"image":{"@id":"https:\/\/ictdf.synergyecosys.io\/#\/schema\/logo\/image\/"}},{"@type":"Person","@id":"https:\/\/ictdf.synergyecosys.io\/#\/schema\/person\/0b4488974b7b485188c0c01cb9f95b21","name":"admin","image":{"@type":"ImageObject","inLanguage":"pt-BR","@id":"https:\/\/ictdf.synergyecosys.io\/#\/schema\/person\/image\/","url":"https:\/\/secure.gravatar.com\/avatar\/ee6b87b4bde4f4817334740781bdb6e270748065085879a5aa2018d8006922fa?s=96&d=mm&r=g","contentUrl":"https:\/\/secure.gravatar.com\/avatar\/ee6b87b4bde4f4817334740781bdb6e270748065085879a5aa2018d8006922fa?s=96&d=mm&r=g","caption":"admin"},"sameAs":["https:\/\/ictdf.synergyecosys.io"],"url":"https:\/\/ictdf.synergyecosys.io\/?author=1"}]}},"_links":{"self":[{"href":"https:\/\/ictdf.synergyecosys.io\/index.php?rest_route=\/wp\/v2\/posts\/761","targetHints":{"allow":["GET"]}}],"collection":[{"href":"https:\/\/ictdf.synergyecosys.io\/index.php?rest_route=\/wp\/v2\/posts"}],"about":[{"href":"https:\/\/ictdf.synergyecosys.io\/index.php?rest_route=\/wp\/v2\/types\/post"}],"author":[{"embeddable":true,"href":"https:\/\/ictdf.synergyecosys.io\/index.php?rest_route=\/wp\/v2\/users\/1"}],"replies":[{"embeddable":true,"href":"https:\/\/ictdf.synergyecosys.io\/index.php?rest_route=%2Fwp%2Fv2%2Fcomments&post=761"}],"version-history":[{"count":0,"href":"https:\/\/ictdf.synergyecosys.io\/index.php?rest_route=\/wp\/v2\/posts\/761\/revisions"}],"wp:featuredmedia":[{"embeddable":true,"href":"https:\/\/ictdf.synergyecosys.io\/index.php?rest_route=\/wp\/v2\/media\/760"}],"wp:attachment":[{"href":"https:\/\/ictdf.synergyecosys.io\/index.php?rest_route=%2Fwp%2Fv2%2Fmedia&parent=761"}],"wp:term":[{"taxonomy":"category","embeddable":true,"href":"https:\/\/ictdf.synergyecosys.io\/index.php?rest_route=%2Fwp%2Fv2%2Fcategories&post=761"},{"taxonomy":"post_tag","embeddable":true,"href":"https:\/\/ictdf.synergyecosys.io\/index.php?rest_route=%2Fwp%2Fv2%2Ftags&post=761"}],"curies":[{"name":"wp","href":"https:\/\/api.w.org\/{rel}","templated":true}]}}