{"id":753,"date":"2026-04-18T04:32:20","date_gmt":"2026-04-18T07:32:20","guid":{"rendered":"https:\/\/ictdf.synergyecosys.io\/?p=753"},"modified":"2026-04-18T04:32:20","modified_gmt":"2026-04-18T07:32:20","slug":"posto-de-saude-chega-a-area-isolada-do-am-e-encurta-viagens","status":"publish","type":"post","link":"https:\/\/ictdf.synergyecosys.io\/?p=753","title":{"rendered":"Posto de Sa\u00fade Chega a \u00c1rea Isolada do AM e Encurta Viagens"},"content":{"rendered":"<p>Imagine morar em uma comunidade cercada pela densa floresta amaz\u00f4nica, onde o mais pr\u00f3ximo hospital fica a dias de dist\u00e2ncia por rio ou trilha. Para muitos moradores do interior do Amazonas, isso era a realidade cotidiana. Mas agora, com a inaugura\u00e7\u00e3o de um novo posto de sa\u00fade em uma \u00e1rea isolada, essa jornada exaustiva est\u00e1 sendo drasticamente reduzida. N\u00f3s analisamos essa not\u00edcia transformadora e vamos explicar por que ela importa tanto para as comunidades locais.<\/p>\n<h2>A Realidade das Comunidades Isoladas na Amaz\u00f4nia<\/h2>\n<p>No cora\u00e7\u00e3o do Amazonas (AM), muitas fam\u00edlias vivem em vilarejos ribeirinhos ou ind\u00edgenas, longe de centros urbanos. O acesso \u00e0 sa\u00fade sempre foi um desafio enorme. Viagens de barco que podiam levar at\u00e9 cinco dias eram comuns para consultas simples, vacinas ou emerg\u00eancias. Isso n\u00e3o s\u00f3 consumia tempo e recursos, mas colocava vidas em risco, especialmente para crian\u00e7as, idosos e gr\u00e1vidas.<\/p>\n<p>Ao pesquisar sobre o tema, percebemos que o <strong>Sistema \u00danico de Sa\u00fade (SUS)<\/strong> tem se esfor\u00e7ado para expandir sua presen\u00e7a nessas regi\u00f5es remotas. O posto de sa\u00fade, que \u00e9 uma unidade b\u00e1sica de atendimento, oferece servi\u00e7os essenciais como consultas m\u00e9dicas, imuniza\u00e7\u00f5es e cuidados preventivos, sem a necessidade de grandes deslocamentos.<\/p>\n<h3>O Que \u00e9 um Posto de Sa\u00fade, Afinal?<\/h3>\n<p>Se voc\u00ea est\u00e1 se perguntando, o <strong>posto de sa\u00fade<\/strong> \u2013 oficialmente chamado de Unidade B\u00e1sica de Sa\u00fade (UBS) \u2013 \u00e9 a porta de entrada do SUS. Ele atende problemas comuns de sa\u00fade do dia a dia, como gripes, ferimentos leves e monitoramento de doen\u00e7as cr\u00f4nicas. Na pr\u00e1tica, significa que um morador pode receber atendimento local, sem aventuras perigosas pelo rio.<\/p>\n<h2>Os Impactos Pr\u00e1ticos para as Fam\u00edlias Locais<\/h2>\n<p>A chegada desse posto muda tudo. Viagens que duravam dias agora podem ser resolvidas em poucas horas. Isso significa menos exposi\u00e7\u00e3o a intemp\u00e9ries, redu\u00e7\u00e3o de custos com combust\u00edvel e tempo para trabalhar ou cuidar da fam\u00edlia. Para as crian\u00e7as, por exemplo, vacinas e check-ups regulares se tornam rotina acess\u00edvel, prevenindo surtos de doen\u00e7as evit\u00e1veis.<\/p>\n<p>Empresas e o governo local tamb\u00e9m se beneficiam, pois uma popula\u00e7\u00e3o mais saud\u00e1vel impulsiona o desenvolvimento sustent\u00e1vel da regi\u00e3o. N\u00f3s vimos relatos de moradores aliviados, que agora podem tratar uma febre ou um corte sem p\u00e2nico. \u00c9 um passo concreto contra as desigualdades de sa\u00fade no Brasil.<\/p>\n<ul>\n<li>Redu\u00e7\u00e3o de riscos em viagens longas.<\/li>\n<li>Maior ades\u00e3o a programas de preven\u00e7\u00e3o.<\/li>\n<li>Fortecimento da rede de sa\u00fade p\u00fablica na Amaz\u00f4nia.<\/li>\n<\/ul>\n<h2>Desafios e Perspectivas Futuras<\/h2>\n<p>Claro, nem tudo s\u00e3o flores. Manter um posto em \u00e1reas isoladas exige log\u00edstica complexa, como suprimentos regulares e profissionais capacitados. Mas o sucesso dessa iniciativa abre portas para mais investimentos. No futuro, poderemos ver a integra\u00e7\u00e3o de telemedicina ou unidades m\u00f3veis complementares.<\/p>\n<p>Eu acredito que a\u00e7\u00f5es como essa s\u00e3o essenciais para um Brasil mais equ\u00e2nime. Recomendo que acompanhemos o monitoramento desse posto para garantir sua sustentabilidade a longo prazo.<\/p>\n<h2>Reflex\u00f5es Finais sobre Acesso \u00e0 Sa\u00fade na Amaz\u00f4nia<\/h2>\n<p>Essa not\u00edcia nos lembra o quanto o acesso \u00e0 sa\u00fade \u00e9 um direito fundamental, especialmente em regi\u00f5es esquecidas. A redu\u00e7\u00e3o de viagens longas n\u00e3o \u00e9 s\u00f3 conveni\u00eancia; \u00e9 salva\u00e7\u00e3o de vidas. Se voc\u00ea se interessa por temas amaz\u00f4nicos, compartilhe essa hist\u00f3ria e apoie iniciativas que levem servi\u00e7os essenciais para onde mais precisam. Juntos, podemos construir um SUS mais forte.<\/p>\n","protected":false},"excerpt":{"rendered":"<p>A chegada de um posto de sa\u00fade a uma \u00e1rea isolada no Amazonas revoluciona o acesso \u00e0 sa\u00fade, encurtando viagens que duravam dias para atendimentos m\u00e9dicos essenciais. Entenda o impacto!<\/p>\n","protected":false},"author":1,"featured_media":752,"comment_status":"open","ping_status":"open","sticky":false,"template":"","format":"standard","meta":{"_acf_changed":false,"_eb_attr":"","footnotes":"","_wpscppro_dont_share_socialmedia":false,"_wpscppro_custom_social_share_image":0,"_facebook_share_type":"","_twitter_share_type":"","_linkedin_share_type":"","_pinterest_share_type":"","_linkedin_share_type_page":"","_instagram_share_type":"","_medium_share_type":"","_threads_share_type":"","_google_business_share_type":"","_selected_social_profile":[],"_wpsp_enable_custom_social_template":false,"_wpsp_social_scheduling":{"enabled":false,"datetime":null,"platforms":[],"status":"template_only","dateOption":"today","timeOption":"now","customDays":"","customHours":"","customDate":"","customTime":"","schedulingType":"absolute"},"_wpsp_active_default_template":true},"categories":[3],"tags":[],"class_list":["post-753","post","type-post","status-publish","format-standard","has-post-thumbnail","hentry","category-bem-estar"],"acf":[],"yoast_head":"<!-- This site is optimized with the Yoast SEO plugin v26.9 - https:\/\/yoast.com\/product\/yoast-seo-wordpress\/ -->\n<title>Posto de Sa\u00fade Chega a \u00c1rea Isolada do AM e Encurta Viagens - ICTDF<\/title>\n<meta name=\"robots\" content=\"index, follow, max-snippet:-1, max-image-preview:large, max-video-preview:-1\" \/>\n<link rel=\"canonical\" href=\"https:\/\/ictdf.synergyecosys.io\/?p=753\" \/>\n<meta property=\"og:locale\" content=\"pt_BR\" \/>\n<meta property=\"og:type\" content=\"article\" \/>\n<meta property=\"og:title\" content=\"Posto de Sa\u00fade Chega a \u00c1rea Isolada do AM e Encurta Viagens - ICTDF\" \/>\n<meta property=\"og:description\" content=\"A chegada de um posto de sa\u00fade a uma \u00e1rea isolada no Amazonas revoluciona o acesso \u00e0 sa\u00fade, encurtando viagens que duravam dias para atendimentos m\u00e9dicos essenciais. Entenda o impacto!\" \/>\n<meta property=\"og:url\" content=\"https:\/\/ictdf.synergyecosys.io\/?p=753\" \/>\n<meta property=\"og:site_name\" content=\"ICTDF\" \/>\n<meta property=\"article:published_time\" content=\"2026-04-18T07:32:20+00:00\" \/>\n<meta name=\"author\" content=\"admin\" \/>\n<meta name=\"twitter:card\" content=\"summary_large_image\" \/>\n<meta name=\"twitter:label1\" content=\"Escrito por\" \/>\n\t<meta name=\"twitter:data1\" content=\"admin\" \/>\n\t<meta name=\"twitter:label2\" content=\"Est. tempo de leitura\" \/>\n\t<meta name=\"twitter:data2\" content=\"3 minutos\" \/>\n<script type=\"application\/ld+json\" class=\"yoast-schema-graph\">{\"@context\":\"https:\/\/schema.org\",\"@graph\":[{\"@type\":\"Article\",\"@id\":\"https:\/\/ictdf.synergyecosys.io\/?p=753#article\",\"isPartOf\":{\"@id\":\"https:\/\/ictdf.synergyecosys.io\/?p=753\"},\"author\":{\"name\":\"admin\",\"@id\":\"https:\/\/ictdf.synergyecosys.io\/#\/schema\/person\/0b4488974b7b485188c0c01cb9f95b21\"},\"headline\":\"Posto de Sa\u00fade Chega a \u00c1rea Isolada do AM e Encurta Viagens\",\"datePublished\":\"2026-04-18T07:32:20+00:00\",\"mainEntityOfPage\":{\"@id\":\"https:\/\/ictdf.synergyecosys.io\/?p=753\"},\"wordCount\":608,\"commentCount\":0,\"publisher\":{\"@id\":\"https:\/\/ictdf.synergyecosys.io\/#organization\"},\"image\":{\"@id\":\"https:\/\/ictdf.synergyecosys.io\/?p=753#primaryimage\"},\"thumbnailUrl\":\"https:\/\/ictdf.synergyecosys.io\/wp-content\/uploads\/2026\/04\/imagem-Posto-de-Sayde-Chega-a-yrea-Isolada-do-AM-e-Encurta-Viagens.png\",\"articleSection\":[\"Bem-estar\"],\"inLanguage\":\"pt-BR\",\"potentialAction\":[{\"@type\":\"CommentAction\",\"name\":\"Comment\",\"target\":[\"https:\/\/ictdf.synergyecosys.io\/?p=753#respond\"]}]},{\"@type\":\"WebPage\",\"@id\":\"https:\/\/ictdf.synergyecosys.io\/?p=753\",\"url\":\"https:\/\/ictdf.synergyecosys.io\/?p=753\",\"name\":\"Posto de Sa\u00fade Chega a \u00c1rea Isolada do AM e Encurta Viagens - ICTDF\",\"isPartOf\":{\"@id\":\"https:\/\/ictdf.synergyecosys.io\/#website\"},\"primaryImageOfPage\":{\"@id\":\"https:\/\/ictdf.synergyecosys.io\/?p=753#primaryimage\"},\"image\":{\"@id\":\"https:\/\/ictdf.synergyecosys.io\/?p=753#primaryimage\"},\"thumbnailUrl\":\"https:\/\/ictdf.synergyecosys.io\/wp-content\/uploads\/2026\/04\/imagem-Posto-de-Sayde-Chega-a-yrea-Isolada-do-AM-e-Encurta-Viagens.png\",\"datePublished\":\"2026-04-18T07:32:20+00:00\",\"breadcrumb\":{\"@id\":\"https:\/\/ictdf.synergyecosys.io\/?p=753#breadcrumb\"},\"inLanguage\":\"pt-BR\",\"potentialAction\":[{\"@type\":\"ReadAction\",\"target\":[\"https:\/\/ictdf.synergyecosys.io\/?p=753\"]}]},{\"@type\":\"ImageObject\",\"inLanguage\":\"pt-BR\",\"@id\":\"https:\/\/ictdf.synergyecosys.io\/?p=753#primaryimage\",\"url\":\"https:\/\/ictdf.synergyecosys.io\/wp-content\/uploads\/2026\/04\/imagem-Posto-de-Sayde-Chega-a-yrea-Isolada-do-AM-e-Encurta-Viagens.png\",\"contentUrl\":\"https:\/\/ictdf.synergyecosys.io\/wp-content\/uploads\/2026\/04\/imagem-Posto-de-Sayde-Chega-a-yrea-Isolada-do-AM-e-Encurta-Viagens.png\",\"width\":1696,\"height\":960},{\"@type\":\"BreadcrumbList\",\"@id\":\"https:\/\/ictdf.synergyecosys.io\/?p=753#breadcrumb\",\"itemListElement\":[{\"@type\":\"ListItem\",\"position\":1,\"name\":\"In\u00edcio\",\"item\":\"https:\/\/ictdf.synergyecosys.io\/\"},{\"@type\":\"ListItem\",\"position\":2,\"name\":\"Posto de Sa\u00fade Chega a \u00c1rea Isolada do AM e Encurta Viagens\"}]},{\"@type\":\"WebSite\",\"@id\":\"https:\/\/ictdf.synergyecosys.io\/#website\",\"url\":\"https:\/\/ictdf.synergyecosys.io\/\",\"name\":\"ICTDF\",\"description\":\"\",\"publisher\":{\"@id\":\"https:\/\/ictdf.synergyecosys.io\/#organization\"},\"potentialAction\":[{\"@type\":\"SearchAction\",\"target\":{\"@type\":\"EntryPoint\",\"urlTemplate\":\"https:\/\/ictdf.synergyecosys.io\/?s={search_term_string}\"},\"query-input\":{\"@type\":\"PropertyValueSpecification\",\"valueRequired\":true,\"valueName\":\"search_term_string\"}}],\"inLanguage\":\"pt-BR\"},{\"@type\":\"Organization\",\"@id\":\"https:\/\/ictdf.synergyecosys.io\/#organization\",\"name\":\"ICTDF\",\"url\":\"https:\/\/ictdf.synergyecosys.io\/\",\"logo\":{\"@type\":\"ImageObject\",\"inLanguage\":\"pt-BR\",\"@id\":\"https:\/\/ictdf.synergyecosys.io\/#\/schema\/logo\/image\/\",\"url\":\"https:\/\/ictdf.synergyecosys.io\/wp-content\/uploads\/2026\/02\/cropped-cropped-ICTDF_logo_transparente.png\",\"contentUrl\":\"https:\/\/ictdf.synergyecosys.io\/wp-content\/uploads\/2026\/02\/cropped-cropped-ICTDF_logo_transparente.png\",\"width\":450,\"height\":141,\"caption\":\"ICTDF\"},\"image\":{\"@id\":\"https:\/\/ictdf.synergyecosys.io\/#\/schema\/logo\/image\/\"}},{\"@type\":\"Person\",\"@id\":\"https:\/\/ictdf.synergyecosys.io\/#\/schema\/person\/0b4488974b7b485188c0c01cb9f95b21\",\"name\":\"admin\",\"image\":{\"@type\":\"ImageObject\",\"inLanguage\":\"pt-BR\",\"@id\":\"https:\/\/ictdf.synergyecosys.io\/#\/schema\/person\/image\/\",\"url\":\"https:\/\/secure.gravatar.com\/avatar\/ee6b87b4bde4f4817334740781bdb6e270748065085879a5aa2018d8006922fa?s=96&d=mm&r=g\",\"contentUrl\":\"https:\/\/secure.gravatar.com\/avatar\/ee6b87b4bde4f4817334740781bdb6e270748065085879a5aa2018d8006922fa?s=96&d=mm&r=g\",\"caption\":\"admin\"},\"sameAs\":[\"https:\/\/ictdf.synergyecosys.io\"],\"url\":\"https:\/\/ictdf.synergyecosys.io\/?author=1\"}]}<\/script>\n<!-- \/ Yoast SEO plugin. -->","yoast_head_json":{"title":"Posto de Sa\u00fade Chega a \u00c1rea Isolada do AM e Encurta Viagens - ICTDF","robots":{"index":"index","follow":"follow","max-snippet":"max-snippet:-1","max-image-preview":"max-image-preview:large","max-video-preview":"max-video-preview:-1"},"canonical":"https:\/\/ictdf.synergyecosys.io\/?p=753","og_locale":"pt_BR","og_type":"article","og_title":"Posto de Sa\u00fade Chega a \u00c1rea Isolada do AM e Encurta Viagens - ICTDF","og_description":"A chegada de um posto de sa\u00fade a uma \u00e1rea isolada no Amazonas revoluciona o acesso \u00e0 sa\u00fade, encurtando viagens que duravam dias para atendimentos m\u00e9dicos essenciais. Entenda o impacto!","og_url":"https:\/\/ictdf.synergyecosys.io\/?p=753","og_site_name":"ICTDF","article_published_time":"2026-04-18T07:32:20+00:00","author":"admin","twitter_card":"summary_large_image","twitter_misc":{"Escrito por":"admin","Est. tempo de leitura":"3 minutos"},"schema":{"@context":"https:\/\/schema.org","@graph":[{"@type":"Article","@id":"https:\/\/ictdf.synergyecosys.io\/?p=753#article","isPartOf":{"@id":"https:\/\/ictdf.synergyecosys.io\/?p=753"},"author":{"name":"admin","@id":"https:\/\/ictdf.synergyecosys.io\/#\/schema\/person\/0b4488974b7b485188c0c01cb9f95b21"},"headline":"Posto de Sa\u00fade Chega a \u00c1rea Isolada do AM e Encurta Viagens","datePublished":"2026-04-18T07:32:20+00:00","mainEntityOfPage":{"@id":"https:\/\/ictdf.synergyecosys.io\/?p=753"},"wordCount":608,"commentCount":0,"publisher":{"@id":"https:\/\/ictdf.synergyecosys.io\/#organization"},"image":{"@id":"https:\/\/ictdf.synergyecosys.io\/?p=753#primaryimage"},"thumbnailUrl":"https:\/\/ictdf.synergyecosys.io\/wp-content\/uploads\/2026\/04\/imagem-Posto-de-Sayde-Chega-a-yrea-Isolada-do-AM-e-Encurta-Viagens.png","articleSection":["Bem-estar"],"inLanguage":"pt-BR","potentialAction":[{"@type":"CommentAction","name":"Comment","target":["https:\/\/ictdf.synergyecosys.io\/?p=753#respond"]}]},{"@type":"WebPage","@id":"https:\/\/ictdf.synergyecosys.io\/?p=753","url":"https:\/\/ictdf.synergyecosys.io\/?p=753","name":"Posto de Sa\u00fade Chega a \u00c1rea Isolada do AM e Encurta Viagens - ICTDF","isPartOf":{"@id":"https:\/\/ictdf.synergyecosys.io\/#website"},"primaryImageOfPage":{"@id":"https:\/\/ictdf.synergyecosys.io\/?p=753#primaryimage"},"image":{"@id":"https:\/\/ictdf.synergyecosys.io\/?p=753#primaryimage"},"thumbnailUrl":"https:\/\/ictdf.synergyecosys.io\/wp-content\/uploads\/2026\/04\/imagem-Posto-de-Sayde-Chega-a-yrea-Isolada-do-AM-e-Encurta-Viagens.png","datePublished":"2026-04-18T07:32:20+00:00","breadcrumb":{"@id":"https:\/\/ictdf.synergyecosys.io\/?p=753#breadcrumb"},"inLanguage":"pt-BR","potentialAction":[{"@type":"ReadAction","target":["https:\/\/ictdf.synergyecosys.io\/?p=753"]}]},{"@type":"ImageObject","inLanguage":"pt-BR","@id":"https:\/\/ictdf.synergyecosys.io\/?p=753#primaryimage","url":"https:\/\/ictdf.synergyecosys.io\/wp-content\/uploads\/2026\/04\/imagem-Posto-de-Sayde-Chega-a-yrea-Isolada-do-AM-e-Encurta-Viagens.png","contentUrl":"https:\/\/ictdf.synergyecosys.io\/wp-content\/uploads\/2026\/04\/imagem-Posto-de-Sayde-Chega-a-yrea-Isolada-do-AM-e-Encurta-Viagens.png","width":1696,"height":960},{"@type":"BreadcrumbList","@id":"https:\/\/ictdf.synergyecosys.io\/?p=753#breadcrumb","itemListElement":[{"@type":"ListItem","position":1,"name":"In\u00edcio","item":"https:\/\/ictdf.synergyecosys.io\/"},{"@type":"ListItem","position":2,"name":"Posto de Sa\u00fade Chega a \u00c1rea Isolada do AM e Encurta Viagens"}]},{"@type":"WebSite","@id":"https:\/\/ictdf.synergyecosys.io\/#website","url":"https:\/\/ictdf.synergyecosys.io\/","name":"ICTDF","description":"","publisher":{"@id":"https:\/\/ictdf.synergyecosys.io\/#organization"},"potentialAction":[{"@type":"SearchAction","target":{"@type":"EntryPoint","urlTemplate":"https:\/\/ictdf.synergyecosys.io\/?s={search_term_string}"},"query-input":{"@type":"PropertyValueSpecification","valueRequired":true,"valueName":"search_term_string"}}],"inLanguage":"pt-BR"},{"@type":"Organization","@id":"https:\/\/ictdf.synergyecosys.io\/#organization","name":"ICTDF","url":"https:\/\/ictdf.synergyecosys.io\/","logo":{"@type":"ImageObject","inLanguage":"pt-BR","@id":"https:\/\/ictdf.synergyecosys.io\/#\/schema\/logo\/image\/","url":"https:\/\/ictdf.synergyecosys.io\/wp-content\/uploads\/2026\/02\/cropped-cropped-ICTDF_logo_transparente.png","contentUrl":"https:\/\/ictdf.synergyecosys.io\/wp-content\/uploads\/2026\/02\/cropped-cropped-ICTDF_logo_transparente.png","width":450,"height":141,"caption":"ICTDF"},"image":{"@id":"https:\/\/ictdf.synergyecosys.io\/#\/schema\/logo\/image\/"}},{"@type":"Person","@id":"https:\/\/ictdf.synergyecosys.io\/#\/schema\/person\/0b4488974b7b485188c0c01cb9f95b21","name":"admin","image":{"@type":"ImageObject","inLanguage":"pt-BR","@id":"https:\/\/ictdf.synergyecosys.io\/#\/schema\/person\/image\/","url":"https:\/\/secure.gravatar.com\/avatar\/ee6b87b4bde4f4817334740781bdb6e270748065085879a5aa2018d8006922fa?s=96&d=mm&r=g","contentUrl":"https:\/\/secure.gravatar.com\/avatar\/ee6b87b4bde4f4817334740781bdb6e270748065085879a5aa2018d8006922fa?s=96&d=mm&r=g","caption":"admin"},"sameAs":["https:\/\/ictdf.synergyecosys.io"],"url":"https:\/\/ictdf.synergyecosys.io\/?author=1"}]}},"_links":{"self":[{"href":"https:\/\/ictdf.synergyecosys.io\/index.php?rest_route=\/wp\/v2\/posts\/753","targetHints":{"allow":["GET"]}}],"collection":[{"href":"https:\/\/ictdf.synergyecosys.io\/index.php?rest_route=\/wp\/v2\/posts"}],"about":[{"href":"https:\/\/ictdf.synergyecosys.io\/index.php?rest_route=\/wp\/v2\/types\/post"}],"author":[{"embeddable":true,"href":"https:\/\/ictdf.synergyecosys.io\/index.php?rest_route=\/wp\/v2\/users\/1"}],"replies":[{"embeddable":true,"href":"https:\/\/ictdf.synergyecosys.io\/index.php?rest_route=%2Fwp%2Fv2%2Fcomments&post=753"}],"version-history":[{"count":0,"href":"https:\/\/ictdf.synergyecosys.io\/index.php?rest_route=\/wp\/v2\/posts\/753\/revisions"}],"wp:featuredmedia":[{"embeddable":true,"href":"https:\/\/ictdf.synergyecosys.io\/index.php?rest_route=\/wp\/v2\/media\/752"}],"wp:attachment":[{"href":"https:\/\/ictdf.synergyecosys.io\/index.php?rest_route=%2Fwp%2Fv2%2Fmedia&parent=753"}],"wp:term":[{"taxonomy":"category","embeddable":true,"href":"https:\/\/ictdf.synergyecosys.io\/index.php?rest_route=%2Fwp%2Fv2%2Fcategories&post=753"},{"taxonomy":"post_tag","embeddable":true,"href":"https:\/\/ictdf.synergyecosys.io\/index.php?rest_route=%2Fwp%2Fv2%2Ftags&post=753"}],"curies":[{"name":"wp","href":"https:\/\/api.w.org\/{rel}","templated":true}]}}