{"id":749,"date":"2026-04-17T23:32:16","date_gmt":"2026-04-18T02:32:16","guid":{"rendered":"https:\/\/ictdf.synergyecosys.io\/?p=749"},"modified":"2026-04-17T23:32:16","modified_gmt":"2026-04-18T02:32:16","slug":"relembrando-os-problemas-de-saude-de-oscar-schmidt","status":"publish","type":"post","link":"https:\/\/ictdf.synergyecosys.io\/?p=749","title":{"rendered":"Relembrando os Problemas de Sa\u00fade de Oscar Schmidt"},"content":{"rendered":"<p>Voc\u00ea j\u00e1 parou para pensar na for\u00e7a de um \u00eddolo que enfrentou batalhas silenciosas longe das quadras? Oscar Schmidt, o eterno M\u00e3o Santa do basquete brasileiro, nos deixou aos 68 anos, mas sua hist\u00f3ria vai al\u00e9m das cestas incr\u00edveis. Neste artigo, vamos relembrar os problemas de sa\u00fade que marcaram sua vida, de forma simples e respeitosa, para honrar sua mem\u00f3ria.<\/p>\n<p>Como f\u00e3 de esportes, eu sempre admirei como atletas como ele lidam com o corpo que os levou ao topo. Vamos mergulhar nessa jornada, entendendo o que ele passou e o que podemos aprender.<\/p>\n<h2>A Carreira Brilhante e os Primeiros Sinais<\/h2>\n<p>Oscar Schmidt nasceu em 1958, em Natal, e se tornou uma lenda do basquete. Com 2,06m de altura, ele jogou por mais de 29 anos, marcando quase 50 mil pontos em clubes e pela sele\u00e7\u00e3o brasileira. Mas por tr\u00e1s da gl\u00f3ria, o corpo cobrava seu pre\u00e7o.<\/p>\n<p>Durante sua carreira, les\u00f5es nos joelhos eram constantes. O basquete de alto n\u00edvel exige saltos e impactos repetidos, o que levou a artrose e dores cr\u00f4nicas. <strong>Artrose<\/strong>, ali\u00e1s, \u00e9 o desgaste das articula\u00e7\u00f5es, comum em atletas, como se o corpo &#8216;envelhecesse&#8217; mais r\u00e1pido nessas \u00e1reas.<\/p>\n<h3>Les\u00f5es que Moldaram Sua Resili\u00eancia<\/h3>\n<p>Nos anos 80 e 90, jogando na It\u00e1lia e no Brasil, Oscar lidava com inflama\u00e7\u00f5es e cirurgias menores. Ele continuou jogando, provando sua dedica\u00e7\u00e3o, mas esses problemas plantaram sementes para desafios maiores.<\/p>\n<h2>O Diagn\u00f3stico que Mudou Tudo: O C\u00e2ncer de Bexiga<\/h2>\n<p>Em 2012, aos 54 anos, veio o golpe mais duro: diagn\u00f3stico de <strong>c\u00e2ncer de bexiga<\/strong>. Esse tipo de c\u00e2ncer afeta a bexiga, o \u00f3rg\u00e3o que armazena urina, e pode ser causado por fatores como tabagismo ou exposi\u00e7\u00e3o a qu\u00edmicos \u2013 embora Oscar n\u00e3o fosse fumante, a idade e o estresse acumulado podem influenciar.<\/p>\n<p>Ele passou por uma cirurgia radical: remo\u00e7\u00e3o da bexiga e reconstru\u00e7\u00e3o usando parte do intestino. Depois, quimioterapia para eliminar c\u00e9lulas cancerosas. Foi um per\u00edodo de vulnerabilidade, mas Oscar enfrentou com a mesma garra das quadras.<\/p>\n<p>Na minha vis\u00e3o, essa batalha mostrou sua humanidade. Ele compartilhou publicamente para incentivar check-ups regulares, salvando vidas indiretamente.<\/p>\n<h2>Impactos na Vida Pessoal e no Legado<\/h2>\n<p>Os problemas de sa\u00fade afetaram n\u00e3o s\u00f3 o corpo, mas a fam\u00edlia e os f\u00e3s. Ap\u00f3s o tratamento, Oscar se recuperou bem, voltando a atividades leves, mas as sequelas limitaram sua mobilidade. Aos 68 anos, complica\u00e7\u00f5es relacionadas ao c\u00e2ncer ou \u00e0s les\u00f5es cr\u00f4nicas levaram \u00e0 sua partida em 2026.<\/p>\n<ul>\n<li>Para a fam\u00edlia: Momentos de medo e apoio incondicional.<\/li>\n<li>Para os f\u00e3s: Inspira\u00e7\u00e3o para valorizar a sa\u00fade.<\/li>\n<li>Para o esporte: Lembrete dos riscos da carreira atl\u00e9tica.<\/li>\n<\/ul>\n<p>Empresas e a sociedade brasileira sentiram a perda de um embaixador do basquete, que promoveu o esporte em gera\u00e7\u00f5es.<\/p>\n<h3>Como Isso Afeta o Dia a Dia dos F\u00e3s<\/h3>\n<p>Muitos de n\u00f3s, que crescemos assistindo Oscar, agora refletimos sobre nossa pr\u00f3pria sa\u00fade. Les\u00f5es esportivas ou c\u00e2ncer n\u00e3o escolhem \u00eddolos; eles nos lembram de prevenir.<\/p>\n<h2>Li\u00e7\u00f5es e o Futuro do Basquete Saud\u00e1vel<\/h2>\n<p>Olhando adiante, a hist\u00f3ria de Oscar aponta para tend\u00eancias como medicina esportiva avan\u00e7ada e detec\u00e7\u00e3o precoce de c\u00e2ncer. Recomenda\u00e7\u00f5es? Check-ups anuais, especialmente ap\u00f3s os 50, e equil\u00edbrio entre treino e descanso.<\/p>\n<p>Possibilidades futuras incluem terapias gen\u00e9ticas para artrose e vacinas contra certos c\u00e2nceres. Oscar nos ensina que a vit\u00f3ria vai al\u00e9m do placar.<\/p>\n<h2>Reflex\u00f5es Finais: O Legado Eterno de M\u00e3o Santa<\/h2>\n<p>Relembrar os problemas de sa\u00fade de Oscar Schmidt n\u00e3o \u00e9 s\u00f3 saudade, mas uma chamada \u00e0 a\u00e7\u00e3o. Ele lutou bravamente, inspirando-nos a cuidar do corpo como ele cuidou da bola. Que sua mem\u00f3ria nos motive a viver com sa\u00fade e paix\u00e3o. Se voc\u00ea \u00e9 f\u00e3, compartilhe suas lembran\u00e7as nos coment\u00e1rios \u2013 vamos honrar o M\u00e3o Santa juntos.<\/p>\n","protected":false},"excerpt":{"rendered":"<p>Relembre os desafios de sa\u00fade enfrentados por Oscar Schmidt, o M\u00e3o Santa, que faleceu aos 68 anos. Uma jornada de supera\u00e7\u00e3o contra o c\u00e2ncer e les\u00f5es que inspirou muitos f\u00e3s do basquete brasileiro.<\/p>\n","protected":false},"author":1,"featured_media":748,"comment_status":"open","ping_status":"open","sticky":false,"template":"","format":"standard","meta":{"_acf_changed":false,"_eb_attr":"","footnotes":"","_wpscppro_dont_share_socialmedia":false,"_wpscppro_custom_social_share_image":0,"_facebook_share_type":"","_twitter_share_type":"","_linkedin_share_type":"","_pinterest_share_type":"","_linkedin_share_type_page":"","_instagram_share_type":"","_medium_share_type":"","_threads_share_type":"","_google_business_share_type":"","_selected_social_profile":[],"_wpsp_enable_custom_social_template":false,"_wpsp_social_scheduling":{"enabled":false,"datetime":null,"platforms":[],"status":"template_only","dateOption":"today","timeOption":"now","customDays":"","customHours":"","customDate":"","customTime":"","schedulingType":"absolute"},"_wpsp_active_default_template":true},"categories":[3],"tags":[],"class_list":["post-749","post","type-post","status-publish","format-standard","has-post-thumbnail","hentry","category-bem-estar"],"acf":[],"yoast_head":"<!-- This site is optimized with the Yoast SEO plugin v26.9 - https:\/\/yoast.com\/product\/yoast-seo-wordpress\/ -->\n<title>Relembrando os Problemas de Sa\u00fade de Oscar Schmidt - ICTDF<\/title>\n<meta name=\"robots\" content=\"index, follow, max-snippet:-1, max-image-preview:large, max-video-preview:-1\" \/>\n<link rel=\"canonical\" href=\"https:\/\/ictdf.synergyecosys.io\/?p=749\" \/>\n<meta property=\"og:locale\" content=\"pt_BR\" \/>\n<meta property=\"og:type\" content=\"article\" \/>\n<meta property=\"og:title\" content=\"Relembrando os Problemas de Sa\u00fade de Oscar Schmidt - ICTDF\" \/>\n<meta property=\"og:description\" content=\"Relembre os desafios de sa\u00fade enfrentados por Oscar Schmidt, o M\u00e3o Santa, que faleceu aos 68 anos. Uma jornada de supera\u00e7\u00e3o contra o c\u00e2ncer e les\u00f5es que inspirou muitos f\u00e3s do basquete brasileiro.\" \/>\n<meta property=\"og:url\" content=\"https:\/\/ictdf.synergyecosys.io\/?p=749\" \/>\n<meta property=\"og:site_name\" content=\"ICTDF\" \/>\n<meta property=\"article:published_time\" content=\"2026-04-18T02:32:16+00:00\" \/>\n<meta name=\"author\" content=\"admin\" \/>\n<meta name=\"twitter:card\" content=\"summary_large_image\" \/>\n<meta name=\"twitter:label1\" content=\"Escrito por\" \/>\n\t<meta name=\"twitter:data1\" content=\"admin\" \/>\n\t<meta name=\"twitter:label2\" content=\"Est. tempo de leitura\" \/>\n\t<meta name=\"twitter:data2\" content=\"3 minutos\" \/>\n<script type=\"application\/ld+json\" class=\"yoast-schema-graph\">{\"@context\":\"https:\/\/schema.org\",\"@graph\":[{\"@type\":\"Article\",\"@id\":\"https:\/\/ictdf.synergyecosys.io\/?p=749#article\",\"isPartOf\":{\"@id\":\"https:\/\/ictdf.synergyecosys.io\/?p=749\"},\"author\":{\"name\":\"admin\",\"@id\":\"https:\/\/ictdf.synergyecosys.io\/#\/schema\/person\/0b4488974b7b485188c0c01cb9f95b21\"},\"headline\":\"Relembrando os Problemas de Sa\u00fade de Oscar Schmidt\",\"datePublished\":\"2026-04-18T02:32:16+00:00\",\"mainEntityOfPage\":{\"@id\":\"https:\/\/ictdf.synergyecosys.io\/?p=749\"},\"wordCount\":678,\"commentCount\":0,\"publisher\":{\"@id\":\"https:\/\/ictdf.synergyecosys.io\/#organization\"},\"image\":{\"@id\":\"https:\/\/ictdf.synergyecosys.io\/?p=749#primaryimage\"},\"thumbnailUrl\":\"https:\/\/ictdf.synergyecosys.io\/wp-content\/uploads\/2026\/04\/imagem-Problemas-de-Sayde-de-Oscar-Schmidt-aos-68-Anos.png\",\"articleSection\":[\"Bem-estar\"],\"inLanguage\":\"pt-BR\",\"potentialAction\":[{\"@type\":\"CommentAction\",\"name\":\"Comment\",\"target\":[\"https:\/\/ictdf.synergyecosys.io\/?p=749#respond\"]}]},{\"@type\":\"WebPage\",\"@id\":\"https:\/\/ictdf.synergyecosys.io\/?p=749\",\"url\":\"https:\/\/ictdf.synergyecosys.io\/?p=749\",\"name\":\"Relembrando os Problemas de Sa\u00fade de Oscar Schmidt - ICTDF\",\"isPartOf\":{\"@id\":\"https:\/\/ictdf.synergyecosys.io\/#website\"},\"primaryImageOfPage\":{\"@id\":\"https:\/\/ictdf.synergyecosys.io\/?p=749#primaryimage\"},\"image\":{\"@id\":\"https:\/\/ictdf.synergyecosys.io\/?p=749#primaryimage\"},\"thumbnailUrl\":\"https:\/\/ictdf.synergyecosys.io\/wp-content\/uploads\/2026\/04\/imagem-Problemas-de-Sayde-de-Oscar-Schmidt-aos-68-Anos.png\",\"datePublished\":\"2026-04-18T02:32:16+00:00\",\"breadcrumb\":{\"@id\":\"https:\/\/ictdf.synergyecosys.io\/?p=749#breadcrumb\"},\"inLanguage\":\"pt-BR\",\"potentialAction\":[{\"@type\":\"ReadAction\",\"target\":[\"https:\/\/ictdf.synergyecosys.io\/?p=749\"]}]},{\"@type\":\"ImageObject\",\"inLanguage\":\"pt-BR\",\"@id\":\"https:\/\/ictdf.synergyecosys.io\/?p=749#primaryimage\",\"url\":\"https:\/\/ictdf.synergyecosys.io\/wp-content\/uploads\/2026\/04\/imagem-Problemas-de-Sayde-de-Oscar-Schmidt-aos-68-Anos.png\",\"contentUrl\":\"https:\/\/ictdf.synergyecosys.io\/wp-content\/uploads\/2026\/04\/imagem-Problemas-de-Sayde-de-Oscar-Schmidt-aos-68-Anos.png\",\"width\":1696,\"height\":960},{\"@type\":\"BreadcrumbList\",\"@id\":\"https:\/\/ictdf.synergyecosys.io\/?p=749#breadcrumb\",\"itemListElement\":[{\"@type\":\"ListItem\",\"position\":1,\"name\":\"In\u00edcio\",\"item\":\"https:\/\/ictdf.synergyecosys.io\/\"},{\"@type\":\"ListItem\",\"position\":2,\"name\":\"Relembrando os Problemas de Sa\u00fade de Oscar Schmidt\"}]},{\"@type\":\"WebSite\",\"@id\":\"https:\/\/ictdf.synergyecosys.io\/#website\",\"url\":\"https:\/\/ictdf.synergyecosys.io\/\",\"name\":\"ICTDF\",\"description\":\"\",\"publisher\":{\"@id\":\"https:\/\/ictdf.synergyecosys.io\/#organization\"},\"potentialAction\":[{\"@type\":\"SearchAction\",\"target\":{\"@type\":\"EntryPoint\",\"urlTemplate\":\"https:\/\/ictdf.synergyecosys.io\/?s={search_term_string}\"},\"query-input\":{\"@type\":\"PropertyValueSpecification\",\"valueRequired\":true,\"valueName\":\"search_term_string\"}}],\"inLanguage\":\"pt-BR\"},{\"@type\":\"Organization\",\"@id\":\"https:\/\/ictdf.synergyecosys.io\/#organization\",\"name\":\"ICTDF\",\"url\":\"https:\/\/ictdf.synergyecosys.io\/\",\"logo\":{\"@type\":\"ImageObject\",\"inLanguage\":\"pt-BR\",\"@id\":\"https:\/\/ictdf.synergyecosys.io\/#\/schema\/logo\/image\/\",\"url\":\"https:\/\/ictdf.synergyecosys.io\/wp-content\/uploads\/2026\/02\/cropped-cropped-ICTDF_logo_transparente.png\",\"contentUrl\":\"https:\/\/ictdf.synergyecosys.io\/wp-content\/uploads\/2026\/02\/cropped-cropped-ICTDF_logo_transparente.png\",\"width\":450,\"height\":141,\"caption\":\"ICTDF\"},\"image\":{\"@id\":\"https:\/\/ictdf.synergyecosys.io\/#\/schema\/logo\/image\/\"}},{\"@type\":\"Person\",\"@id\":\"https:\/\/ictdf.synergyecosys.io\/#\/schema\/person\/0b4488974b7b485188c0c01cb9f95b21\",\"name\":\"admin\",\"image\":{\"@type\":\"ImageObject\",\"inLanguage\":\"pt-BR\",\"@id\":\"https:\/\/ictdf.synergyecosys.io\/#\/schema\/person\/image\/\",\"url\":\"https:\/\/secure.gravatar.com\/avatar\/ee6b87b4bde4f4817334740781bdb6e270748065085879a5aa2018d8006922fa?s=96&d=mm&r=g\",\"contentUrl\":\"https:\/\/secure.gravatar.com\/avatar\/ee6b87b4bde4f4817334740781bdb6e270748065085879a5aa2018d8006922fa?s=96&d=mm&r=g\",\"caption\":\"admin\"},\"sameAs\":[\"https:\/\/ictdf.synergyecosys.io\"],\"url\":\"https:\/\/ictdf.synergyecosys.io\/?author=1\"}]}<\/script>\n<!-- \/ Yoast SEO plugin. -->","yoast_head_json":{"title":"Relembrando os Problemas de Sa\u00fade de Oscar Schmidt - ICTDF","robots":{"index":"index","follow":"follow","max-snippet":"max-snippet:-1","max-image-preview":"max-image-preview:large","max-video-preview":"max-video-preview:-1"},"canonical":"https:\/\/ictdf.synergyecosys.io\/?p=749","og_locale":"pt_BR","og_type":"article","og_title":"Relembrando os Problemas de Sa\u00fade de Oscar Schmidt - ICTDF","og_description":"Relembre os desafios de sa\u00fade enfrentados por Oscar Schmidt, o M\u00e3o Santa, que faleceu aos 68 anos. Uma jornada de supera\u00e7\u00e3o contra o c\u00e2ncer e les\u00f5es que inspirou muitos f\u00e3s do basquete brasileiro.","og_url":"https:\/\/ictdf.synergyecosys.io\/?p=749","og_site_name":"ICTDF","article_published_time":"2026-04-18T02:32:16+00:00","author":"admin","twitter_card":"summary_large_image","twitter_misc":{"Escrito por":"admin","Est. tempo de leitura":"3 minutos"},"schema":{"@context":"https:\/\/schema.org","@graph":[{"@type":"Article","@id":"https:\/\/ictdf.synergyecosys.io\/?p=749#article","isPartOf":{"@id":"https:\/\/ictdf.synergyecosys.io\/?p=749"},"author":{"name":"admin","@id":"https:\/\/ictdf.synergyecosys.io\/#\/schema\/person\/0b4488974b7b485188c0c01cb9f95b21"},"headline":"Relembrando os Problemas de Sa\u00fade de Oscar Schmidt","datePublished":"2026-04-18T02:32:16+00:00","mainEntityOfPage":{"@id":"https:\/\/ictdf.synergyecosys.io\/?p=749"},"wordCount":678,"commentCount":0,"publisher":{"@id":"https:\/\/ictdf.synergyecosys.io\/#organization"},"image":{"@id":"https:\/\/ictdf.synergyecosys.io\/?p=749#primaryimage"},"thumbnailUrl":"https:\/\/ictdf.synergyecosys.io\/wp-content\/uploads\/2026\/04\/imagem-Problemas-de-Sayde-de-Oscar-Schmidt-aos-68-Anos.png","articleSection":["Bem-estar"],"inLanguage":"pt-BR","potentialAction":[{"@type":"CommentAction","name":"Comment","target":["https:\/\/ictdf.synergyecosys.io\/?p=749#respond"]}]},{"@type":"WebPage","@id":"https:\/\/ictdf.synergyecosys.io\/?p=749","url":"https:\/\/ictdf.synergyecosys.io\/?p=749","name":"Relembrando os Problemas de Sa\u00fade de Oscar Schmidt - ICTDF","isPartOf":{"@id":"https:\/\/ictdf.synergyecosys.io\/#website"},"primaryImageOfPage":{"@id":"https:\/\/ictdf.synergyecosys.io\/?p=749#primaryimage"},"image":{"@id":"https:\/\/ictdf.synergyecosys.io\/?p=749#primaryimage"},"thumbnailUrl":"https:\/\/ictdf.synergyecosys.io\/wp-content\/uploads\/2026\/04\/imagem-Problemas-de-Sayde-de-Oscar-Schmidt-aos-68-Anos.png","datePublished":"2026-04-18T02:32:16+00:00","breadcrumb":{"@id":"https:\/\/ictdf.synergyecosys.io\/?p=749#breadcrumb"},"inLanguage":"pt-BR","potentialAction":[{"@type":"ReadAction","target":["https:\/\/ictdf.synergyecosys.io\/?p=749"]}]},{"@type":"ImageObject","inLanguage":"pt-BR","@id":"https:\/\/ictdf.synergyecosys.io\/?p=749#primaryimage","url":"https:\/\/ictdf.synergyecosys.io\/wp-content\/uploads\/2026\/04\/imagem-Problemas-de-Sayde-de-Oscar-Schmidt-aos-68-Anos.png","contentUrl":"https:\/\/ictdf.synergyecosys.io\/wp-content\/uploads\/2026\/04\/imagem-Problemas-de-Sayde-de-Oscar-Schmidt-aos-68-Anos.png","width":1696,"height":960},{"@type":"BreadcrumbList","@id":"https:\/\/ictdf.synergyecosys.io\/?p=749#breadcrumb","itemListElement":[{"@type":"ListItem","position":1,"name":"In\u00edcio","item":"https:\/\/ictdf.synergyecosys.io\/"},{"@type":"ListItem","position":2,"name":"Relembrando os Problemas de Sa\u00fade de Oscar Schmidt"}]},{"@type":"WebSite","@id":"https:\/\/ictdf.synergyecosys.io\/#website","url":"https:\/\/ictdf.synergyecosys.io\/","name":"ICTDF","description":"","publisher":{"@id":"https:\/\/ictdf.synergyecosys.io\/#organization"},"potentialAction":[{"@type":"SearchAction","target":{"@type":"EntryPoint","urlTemplate":"https:\/\/ictdf.synergyecosys.io\/?s={search_term_string}"},"query-input":{"@type":"PropertyValueSpecification","valueRequired":true,"valueName":"search_term_string"}}],"inLanguage":"pt-BR"},{"@type":"Organization","@id":"https:\/\/ictdf.synergyecosys.io\/#organization","name":"ICTDF","url":"https:\/\/ictdf.synergyecosys.io\/","logo":{"@type":"ImageObject","inLanguage":"pt-BR","@id":"https:\/\/ictdf.synergyecosys.io\/#\/schema\/logo\/image\/","url":"https:\/\/ictdf.synergyecosys.io\/wp-content\/uploads\/2026\/02\/cropped-cropped-ICTDF_logo_transparente.png","contentUrl":"https:\/\/ictdf.synergyecosys.io\/wp-content\/uploads\/2026\/02\/cropped-cropped-ICTDF_logo_transparente.png","width":450,"height":141,"caption":"ICTDF"},"image":{"@id":"https:\/\/ictdf.synergyecosys.io\/#\/schema\/logo\/image\/"}},{"@type":"Person","@id":"https:\/\/ictdf.synergyecosys.io\/#\/schema\/person\/0b4488974b7b485188c0c01cb9f95b21","name":"admin","image":{"@type":"ImageObject","inLanguage":"pt-BR","@id":"https:\/\/ictdf.synergyecosys.io\/#\/schema\/person\/image\/","url":"https:\/\/secure.gravatar.com\/avatar\/ee6b87b4bde4f4817334740781bdb6e270748065085879a5aa2018d8006922fa?s=96&d=mm&r=g","contentUrl":"https:\/\/secure.gravatar.com\/avatar\/ee6b87b4bde4f4817334740781bdb6e270748065085879a5aa2018d8006922fa?s=96&d=mm&r=g","caption":"admin"},"sameAs":["https:\/\/ictdf.synergyecosys.io"],"url":"https:\/\/ictdf.synergyecosys.io\/?author=1"}]}},"_links":{"self":[{"href":"https:\/\/ictdf.synergyecosys.io\/index.php?rest_route=\/wp\/v2\/posts\/749","targetHints":{"allow":["GET"]}}],"collection":[{"href":"https:\/\/ictdf.synergyecosys.io\/index.php?rest_route=\/wp\/v2\/posts"}],"about":[{"href":"https:\/\/ictdf.synergyecosys.io\/index.php?rest_route=\/wp\/v2\/types\/post"}],"author":[{"embeddable":true,"href":"https:\/\/ictdf.synergyecosys.io\/index.php?rest_route=\/wp\/v2\/users\/1"}],"replies":[{"embeddable":true,"href":"https:\/\/ictdf.synergyecosys.io\/index.php?rest_route=%2Fwp%2Fv2%2Fcomments&post=749"}],"version-history":[{"count":0,"href":"https:\/\/ictdf.synergyecosys.io\/index.php?rest_route=\/wp\/v2\/posts\/749\/revisions"}],"wp:featuredmedia":[{"embeddable":true,"href":"https:\/\/ictdf.synergyecosys.io\/index.php?rest_route=\/wp\/v2\/media\/748"}],"wp:attachment":[{"href":"https:\/\/ictdf.synergyecosys.io\/index.php?rest_route=%2Fwp%2Fv2%2Fmedia&parent=749"}],"wp:term":[{"taxonomy":"category","embeddable":true,"href":"https:\/\/ictdf.synergyecosys.io\/index.php?rest_route=%2Fwp%2Fv2%2Fcategories&post=749"},{"taxonomy":"post_tag","embeddable":true,"href":"https:\/\/ictdf.synergyecosys.io\/index.php?rest_route=%2Fwp%2Fv2%2Ftags&post=749"}],"curies":[{"name":"wp","href":"https:\/\/api.w.org\/{rel}","templated":true}]}}