{"id":747,"date":"2026-04-17T19:33:28","date_gmt":"2026-04-17T22:33:28","guid":{"rendered":"https:\/\/ictdf.synergyecosys.io\/?p=747"},"modified":"2026-04-17T19:33:28","modified_gmt":"2026-04-17T22:33:28","slug":"fiocruz-e-ministerio-das-cidades-lancam-editais-inovadores-unindo-cultura-e-saude","status":"publish","type":"post","link":"https:\/\/ictdf.synergyecosys.io\/?p=747","title":{"rendered":"Fiocruz e Minist\u00e9rio das Cidades Lan\u00e7am Editais Inovadores Unindo Cultura e Sa\u00fade"},"content":{"rendered":"<p>Recentemente, a Funda\u00e7\u00e3o Oswaldo Cruz (Fiocruz) e o Minist\u00e9rio das Cidades anunciaram o lan\u00e7amento de editais que buscam integrar cultura e sa\u00fade em projetos urbanos. Essa iniciativa promete transformar o bem-estar das comunidades brasileiras, especialmente nas grandes cidades. Como especialista em jornalismo did\u00e1tico, eu vejo nisso uma oportunidade \u00fanica para promover sa\u00fade por meio da arte e da cultura.<\/p>\n<p>Imagine ruas cheias de vida, onde dan\u00e7as, m\u00fasicas e artes visuais n\u00e3o s\u00f3 entret\u00eam, mas tamb\u00e9m previnem doen\u00e7as e fortalecem la\u00e7os sociais. \u00c9 exatamente isso que esses editais visam fomentar.<\/p>\n<h2>O Que Representa Essa Parceria?<\/h2>\n<p>A Fiocruz, que na pr\u00e1tica \u00e9 uma das principais institui\u00e7\u00f5es de pesquisa em sa\u00fade p\u00fablica do Brasil, fundada em 1900 por Oswaldo Cruz, tem um hist\u00f3rico de inova\u00e7\u00e3o em vacinas e controle de epidemias. J\u00e1 o Minist\u00e9rio das Cidades cuida de pol\u00edticas para o desenvolvimento urbano, como habita\u00e7\u00e3o e mobilidade sustent\u00e1vel.<\/p>\n<p>Juntas, essas institui\u00e7\u00f5es lan\u00e7aram editais para financiar projetos que unem elementos culturais a a\u00e7\u00f5es de sa\u00fade. Por exemplo, programas que usam teatro para discutir sa\u00fade mental ou grafite para conscientizar sobre preven\u00e7\u00e3o de doen\u00e7as.<\/p>\n<h3>Detalhes dos Editais<\/h3>\n<p>Os editais abrem chamadas para organiza\u00e7\u00f5es, artistas e coletivos que proponham iniciativas inovadoras. O foco \u00e9 em \u00e1reas urbanas vulner\u00e1veis, onde a cultura pode ser uma ferramenta poderosa para o cuidado integral \u00e0 sa\u00fade.<\/p>\n<p>Eu analisei os documentos e percebo que h\u00e1 \u00eanfase em inclus\u00e3o social, com prioridade para projetos em periferias e comunidades tradicionais.<\/p>\n<h2>Por Que Essa Uni\u00e3o Importa Agora?<\/h2>\n<p>No contexto p\u00f3s-pandemia, a sa\u00fade mental e o isolamento social s\u00e3o desafios urgentes nas cidades brasileiras. A cultura, nesse sentido, atua como rem\u00e9dio acess\u00edvel e coletivo.<\/p>\n<p>Estudos mostram que atividades art\u00edsticas reduzem estresse e melhoram a ades\u00e3o a h\u00e1bitos saud\u00e1veis. Essa iniciativa alinha-se a tend\u00eancias globais de sa\u00fade hol\u00edstica, onde o bem-estar vai al\u00e9m do f\u00edsico.<\/p>\n<ul>\n<li>Benef\u00edcios para indiv\u00edduos: Melhora na autoestima e redes de apoio.<\/li>\n<li>Para comunidades: Fortalecimento de identidades culturais locais.<\/li>\n<li>Para a sociedade: Redu\u00e7\u00e3o de custos em sa\u00fade p\u00fablica a longo prazo.<\/li>\n<\/ul>\n<h2>Impactos Pr\u00e1ticos no Dia a Dia<\/h2>\n<p>Para o cidad\u00e3o comum, isso significa mais eventos culturais gratuitos que educam sobre sa\u00fade. Empresas podem se envolver via patroc\u00ednios, e escolas urbanas ganhar\u00e3o ferramentas para integrar arte e educa\u00e7\u00e3o sanit\u00e1ria.<\/p>\n<p>Eu percebo que, em cidades como Rio de Janeiro e S\u00e3o Paulo, onde a Fiocruz tem forte presen\u00e7a, esses projetos podem revitalizar espa\u00e7os p\u00fablicos.<\/p>\n<h3>Exemplos de Projetos Poss\u00edveis<\/h3>\n<p>Um festival de m\u00fasica que promove vacina\u00e7\u00e3o, ou oficinas de dan\u00e7a para idosos combatendo sedentarismo. S\u00e3o ideias simples, mas transformadoras.<\/p>\n<h2>Perspectivas Futuras e Como se Envolver<\/h2>\n<p>Esses editais s\u00e3o o in\u00edcio de uma tend\u00eancia maior, possivelmente expandindo para parcerias com secretarias de cultura estaduais. Recomendo que artistas e ONGs fiquem atentos aos prazos de inscri\u00e7\u00e3o no site oficial da Fiocruz.<\/p>\n<p>Na minha opini\u00e3o, investir em cultura como aliada da sa\u00fade \u00e9 um caminho inteligente para um Brasil mais saud\u00e1vel e criativo.<\/p>\n<h2>Reflex\u00f5es Finais: Um Passo para Cidades Mais Humanas<\/h2>\n<p>Essa parceria entre Fiocruz e Minist\u00e9rio das Cidades nos lembra que sa\u00fade n\u00e3o \u00e9 s\u00f3 rem\u00e9dio, mas tamb\u00e9m express\u00e3o e conex\u00e3o. Convido voc\u00ea a explorar esses editais e, quem sabe, contribuir para um futuro onde cultura e sa\u00fade andem de m\u00e3os dadas. O que voc\u00ea acha dessa iniciativa? Compartilhe nos coment\u00e1rios!<\/p>\n","protected":false},"excerpt":{"rendered":"<p>Descubra como Fiocruz e Minist\u00e9rio das Cidades unem cultura e sa\u00fade em novos editais. Projetos inovadores para comunidades urbanas. Saiba mais!<\/p>\n","protected":false},"author":1,"featured_media":746,"comment_status":"open","ping_status":"open","sticky":false,"template":"","format":"standard","meta":{"_acf_changed":false,"_eb_attr":"","footnotes":"","_wpscppro_dont_share_socialmedia":false,"_wpscppro_custom_social_share_image":0,"_facebook_share_type":"","_twitter_share_type":"","_linkedin_share_type":"","_pinterest_share_type":"","_linkedin_share_type_page":"","_instagram_share_type":"","_medium_share_type":"","_threads_share_type":"","_google_business_share_type":"","_selected_social_profile":[],"_wpsp_enable_custom_social_template":false,"_wpsp_social_scheduling":{"enabled":false,"datetime":null,"platforms":[],"status":"template_only","dateOption":"today","timeOption":"now","customDays":"","customHours":"","customDate":"","customTime":"","schedulingType":"absolute"},"_wpsp_active_default_template":true},"categories":[3],"tags":[],"class_list":["post-747","post","type-post","status-publish","format-standard","has-post-thumbnail","hentry","category-bem-estar"],"acf":[],"yoast_head":"<!-- This site is optimized with the Yoast SEO plugin v26.9 - https:\/\/yoast.com\/product\/yoast-seo-wordpress\/ -->\n<title>Fiocruz e Minist\u00e9rio das Cidades Lan\u00e7am Editais Inovadores Unindo Cultura e Sa\u00fade - ICTDF<\/title>\n<meta name=\"robots\" content=\"index, follow, max-snippet:-1, max-image-preview:large, max-video-preview:-1\" \/>\n<link rel=\"canonical\" href=\"https:\/\/ictdf.synergyecosys.io\/?p=747\" \/>\n<meta property=\"og:locale\" content=\"pt_BR\" \/>\n<meta property=\"og:type\" content=\"article\" \/>\n<meta property=\"og:title\" content=\"Fiocruz e Minist\u00e9rio das Cidades Lan\u00e7am Editais Inovadores Unindo Cultura e Sa\u00fade - ICTDF\" \/>\n<meta property=\"og:description\" content=\"Descubra como Fiocruz e Minist\u00e9rio das Cidades unem cultura e sa\u00fade em novos editais. Projetos inovadores para comunidades urbanas. Saiba mais!\" \/>\n<meta property=\"og:url\" content=\"https:\/\/ictdf.synergyecosys.io\/?p=747\" \/>\n<meta property=\"og:site_name\" content=\"ICTDF\" \/>\n<meta property=\"article:published_time\" content=\"2026-04-17T22:33:28+00:00\" \/>\n<meta name=\"author\" content=\"admin\" \/>\n<meta name=\"twitter:card\" content=\"summary_large_image\" \/>\n<meta name=\"twitter:label1\" content=\"Escrito por\" \/>\n\t<meta name=\"twitter:data1\" content=\"admin\" \/>\n\t<meta name=\"twitter:label2\" content=\"Est. tempo de leitura\" \/>\n\t<meta name=\"twitter:data2\" content=\"3 minutos\" \/>\n<script type=\"application\/ld+json\" class=\"yoast-schema-graph\">{\"@context\":\"https:\/\/schema.org\",\"@graph\":[{\"@type\":\"Article\",\"@id\":\"https:\/\/ictdf.synergyecosys.io\/?p=747#article\",\"isPartOf\":{\"@id\":\"https:\/\/ictdf.synergyecosys.io\/?p=747\"},\"author\":{\"name\":\"admin\",\"@id\":\"https:\/\/ictdf.synergyecosys.io\/#\/schema\/person\/0b4488974b7b485188c0c01cb9f95b21\"},\"headline\":\"Fiocruz e Minist\u00e9rio das Cidades Lan\u00e7am Editais Inovadores Unindo Cultura e Sa\u00fade\",\"datePublished\":\"2026-04-17T22:33:28+00:00\",\"mainEntityOfPage\":{\"@id\":\"https:\/\/ictdf.synergyecosys.io\/?p=747\"},\"wordCount\":629,\"commentCount\":0,\"publisher\":{\"@id\":\"https:\/\/ictdf.synergyecosys.io\/#organization\"},\"image\":{\"@id\":\"https:\/\/ictdf.synergyecosys.io\/?p=747#primaryimage\"},\"thumbnailUrl\":\"https:\/\/ictdf.synergyecosys.io\/wp-content\/uploads\/2026\/04\/imagem-Fiocruz-e-Ministyrio-das-Cidades-Editais-de-Cultura-e-Sayde.png\",\"articleSection\":[\"Bem-estar\"],\"inLanguage\":\"pt-BR\",\"potentialAction\":[{\"@type\":\"CommentAction\",\"name\":\"Comment\",\"target\":[\"https:\/\/ictdf.synergyecosys.io\/?p=747#respond\"]}]},{\"@type\":\"WebPage\",\"@id\":\"https:\/\/ictdf.synergyecosys.io\/?p=747\",\"url\":\"https:\/\/ictdf.synergyecosys.io\/?p=747\",\"name\":\"Fiocruz e Minist\u00e9rio das Cidades Lan\u00e7am Editais Inovadores Unindo Cultura e Sa\u00fade - ICTDF\",\"isPartOf\":{\"@id\":\"https:\/\/ictdf.synergyecosys.io\/#website\"},\"primaryImageOfPage\":{\"@id\":\"https:\/\/ictdf.synergyecosys.io\/?p=747#primaryimage\"},\"image\":{\"@id\":\"https:\/\/ictdf.synergyecosys.io\/?p=747#primaryimage\"},\"thumbnailUrl\":\"https:\/\/ictdf.synergyecosys.io\/wp-content\/uploads\/2026\/04\/imagem-Fiocruz-e-Ministyrio-das-Cidades-Editais-de-Cultura-e-Sayde.png\",\"datePublished\":\"2026-04-17T22:33:28+00:00\",\"breadcrumb\":{\"@id\":\"https:\/\/ictdf.synergyecosys.io\/?p=747#breadcrumb\"},\"inLanguage\":\"pt-BR\",\"potentialAction\":[{\"@type\":\"ReadAction\",\"target\":[\"https:\/\/ictdf.synergyecosys.io\/?p=747\"]}]},{\"@type\":\"ImageObject\",\"inLanguage\":\"pt-BR\",\"@id\":\"https:\/\/ictdf.synergyecosys.io\/?p=747#primaryimage\",\"url\":\"https:\/\/ictdf.synergyecosys.io\/wp-content\/uploads\/2026\/04\/imagem-Fiocruz-e-Ministyrio-das-Cidades-Editais-de-Cultura-e-Sayde.png\",\"contentUrl\":\"https:\/\/ictdf.synergyecosys.io\/wp-content\/uploads\/2026\/04\/imagem-Fiocruz-e-Ministyrio-das-Cidades-Editais-de-Cultura-e-Sayde.png\",\"width\":1696,\"height\":960},{\"@type\":\"BreadcrumbList\",\"@id\":\"https:\/\/ictdf.synergyecosys.io\/?p=747#breadcrumb\",\"itemListElement\":[{\"@type\":\"ListItem\",\"position\":1,\"name\":\"In\u00edcio\",\"item\":\"https:\/\/ictdf.synergyecosys.io\/\"},{\"@type\":\"ListItem\",\"position\":2,\"name\":\"Fiocruz e Minist\u00e9rio das Cidades Lan\u00e7am Editais Inovadores Unindo Cultura e Sa\u00fade\"}]},{\"@type\":\"WebSite\",\"@id\":\"https:\/\/ictdf.synergyecosys.io\/#website\",\"url\":\"https:\/\/ictdf.synergyecosys.io\/\",\"name\":\"ICTDF\",\"description\":\"\",\"publisher\":{\"@id\":\"https:\/\/ictdf.synergyecosys.io\/#organization\"},\"potentialAction\":[{\"@type\":\"SearchAction\",\"target\":{\"@type\":\"EntryPoint\",\"urlTemplate\":\"https:\/\/ictdf.synergyecosys.io\/?s={search_term_string}\"},\"query-input\":{\"@type\":\"PropertyValueSpecification\",\"valueRequired\":true,\"valueName\":\"search_term_string\"}}],\"inLanguage\":\"pt-BR\"},{\"@type\":\"Organization\",\"@id\":\"https:\/\/ictdf.synergyecosys.io\/#organization\",\"name\":\"ICTDF\",\"url\":\"https:\/\/ictdf.synergyecosys.io\/\",\"logo\":{\"@type\":\"ImageObject\",\"inLanguage\":\"pt-BR\",\"@id\":\"https:\/\/ictdf.synergyecosys.io\/#\/schema\/logo\/image\/\",\"url\":\"https:\/\/ictdf.synergyecosys.io\/wp-content\/uploads\/2026\/02\/cropped-cropped-ICTDF_logo_transparente.png\",\"contentUrl\":\"https:\/\/ictdf.synergyecosys.io\/wp-content\/uploads\/2026\/02\/cropped-cropped-ICTDF_logo_transparente.png\",\"width\":450,\"height\":141,\"caption\":\"ICTDF\"},\"image\":{\"@id\":\"https:\/\/ictdf.synergyecosys.io\/#\/schema\/logo\/image\/\"}},{\"@type\":\"Person\",\"@id\":\"https:\/\/ictdf.synergyecosys.io\/#\/schema\/person\/0b4488974b7b485188c0c01cb9f95b21\",\"name\":\"admin\",\"image\":{\"@type\":\"ImageObject\",\"inLanguage\":\"pt-BR\",\"@id\":\"https:\/\/ictdf.synergyecosys.io\/#\/schema\/person\/image\/\",\"url\":\"https:\/\/secure.gravatar.com\/avatar\/ee6b87b4bde4f4817334740781bdb6e270748065085879a5aa2018d8006922fa?s=96&d=mm&r=g\",\"contentUrl\":\"https:\/\/secure.gravatar.com\/avatar\/ee6b87b4bde4f4817334740781bdb6e270748065085879a5aa2018d8006922fa?s=96&d=mm&r=g\",\"caption\":\"admin\"},\"sameAs\":[\"https:\/\/ictdf.synergyecosys.io\"],\"url\":\"https:\/\/ictdf.synergyecosys.io\/?author=1\"}]}<\/script>\n<!-- \/ Yoast SEO plugin. -->","yoast_head_json":{"title":"Fiocruz e Minist\u00e9rio das Cidades Lan\u00e7am Editais Inovadores Unindo Cultura e Sa\u00fade - ICTDF","robots":{"index":"index","follow":"follow","max-snippet":"max-snippet:-1","max-image-preview":"max-image-preview:large","max-video-preview":"max-video-preview:-1"},"canonical":"https:\/\/ictdf.synergyecosys.io\/?p=747","og_locale":"pt_BR","og_type":"article","og_title":"Fiocruz e Minist\u00e9rio das Cidades Lan\u00e7am Editais Inovadores Unindo Cultura e Sa\u00fade - ICTDF","og_description":"Descubra como Fiocruz e Minist\u00e9rio das Cidades unem cultura e sa\u00fade em novos editais. Projetos inovadores para comunidades urbanas. Saiba mais!","og_url":"https:\/\/ictdf.synergyecosys.io\/?p=747","og_site_name":"ICTDF","article_published_time":"2026-04-17T22:33:28+00:00","author":"admin","twitter_card":"summary_large_image","twitter_misc":{"Escrito por":"admin","Est. tempo de leitura":"3 minutos"},"schema":{"@context":"https:\/\/schema.org","@graph":[{"@type":"Article","@id":"https:\/\/ictdf.synergyecosys.io\/?p=747#article","isPartOf":{"@id":"https:\/\/ictdf.synergyecosys.io\/?p=747"},"author":{"name":"admin","@id":"https:\/\/ictdf.synergyecosys.io\/#\/schema\/person\/0b4488974b7b485188c0c01cb9f95b21"},"headline":"Fiocruz e Minist\u00e9rio das Cidades Lan\u00e7am Editais Inovadores Unindo Cultura e Sa\u00fade","datePublished":"2026-04-17T22:33:28+00:00","mainEntityOfPage":{"@id":"https:\/\/ictdf.synergyecosys.io\/?p=747"},"wordCount":629,"commentCount":0,"publisher":{"@id":"https:\/\/ictdf.synergyecosys.io\/#organization"},"image":{"@id":"https:\/\/ictdf.synergyecosys.io\/?p=747#primaryimage"},"thumbnailUrl":"https:\/\/ictdf.synergyecosys.io\/wp-content\/uploads\/2026\/04\/imagem-Fiocruz-e-Ministyrio-das-Cidades-Editais-de-Cultura-e-Sayde.png","articleSection":["Bem-estar"],"inLanguage":"pt-BR","potentialAction":[{"@type":"CommentAction","name":"Comment","target":["https:\/\/ictdf.synergyecosys.io\/?p=747#respond"]}]},{"@type":"WebPage","@id":"https:\/\/ictdf.synergyecosys.io\/?p=747","url":"https:\/\/ictdf.synergyecosys.io\/?p=747","name":"Fiocruz e Minist\u00e9rio das Cidades Lan\u00e7am Editais Inovadores Unindo Cultura e Sa\u00fade - ICTDF","isPartOf":{"@id":"https:\/\/ictdf.synergyecosys.io\/#website"},"primaryImageOfPage":{"@id":"https:\/\/ictdf.synergyecosys.io\/?p=747#primaryimage"},"image":{"@id":"https:\/\/ictdf.synergyecosys.io\/?p=747#primaryimage"},"thumbnailUrl":"https:\/\/ictdf.synergyecosys.io\/wp-content\/uploads\/2026\/04\/imagem-Fiocruz-e-Ministyrio-das-Cidades-Editais-de-Cultura-e-Sayde.png","datePublished":"2026-04-17T22:33:28+00:00","breadcrumb":{"@id":"https:\/\/ictdf.synergyecosys.io\/?p=747#breadcrumb"},"inLanguage":"pt-BR","potentialAction":[{"@type":"ReadAction","target":["https:\/\/ictdf.synergyecosys.io\/?p=747"]}]},{"@type":"ImageObject","inLanguage":"pt-BR","@id":"https:\/\/ictdf.synergyecosys.io\/?p=747#primaryimage","url":"https:\/\/ictdf.synergyecosys.io\/wp-content\/uploads\/2026\/04\/imagem-Fiocruz-e-Ministyrio-das-Cidades-Editais-de-Cultura-e-Sayde.png","contentUrl":"https:\/\/ictdf.synergyecosys.io\/wp-content\/uploads\/2026\/04\/imagem-Fiocruz-e-Ministyrio-das-Cidades-Editais-de-Cultura-e-Sayde.png","width":1696,"height":960},{"@type":"BreadcrumbList","@id":"https:\/\/ictdf.synergyecosys.io\/?p=747#breadcrumb","itemListElement":[{"@type":"ListItem","position":1,"name":"In\u00edcio","item":"https:\/\/ictdf.synergyecosys.io\/"},{"@type":"ListItem","position":2,"name":"Fiocruz e Minist\u00e9rio das Cidades Lan\u00e7am Editais Inovadores Unindo Cultura e Sa\u00fade"}]},{"@type":"WebSite","@id":"https:\/\/ictdf.synergyecosys.io\/#website","url":"https:\/\/ictdf.synergyecosys.io\/","name":"ICTDF","description":"","publisher":{"@id":"https:\/\/ictdf.synergyecosys.io\/#organization"},"potentialAction":[{"@type":"SearchAction","target":{"@type":"EntryPoint","urlTemplate":"https:\/\/ictdf.synergyecosys.io\/?s={search_term_string}"},"query-input":{"@type":"PropertyValueSpecification","valueRequired":true,"valueName":"search_term_string"}}],"inLanguage":"pt-BR"},{"@type":"Organization","@id":"https:\/\/ictdf.synergyecosys.io\/#organization","name":"ICTDF","url":"https:\/\/ictdf.synergyecosys.io\/","logo":{"@type":"ImageObject","inLanguage":"pt-BR","@id":"https:\/\/ictdf.synergyecosys.io\/#\/schema\/logo\/image\/","url":"https:\/\/ictdf.synergyecosys.io\/wp-content\/uploads\/2026\/02\/cropped-cropped-ICTDF_logo_transparente.png","contentUrl":"https:\/\/ictdf.synergyecosys.io\/wp-content\/uploads\/2026\/02\/cropped-cropped-ICTDF_logo_transparente.png","width":450,"height":141,"caption":"ICTDF"},"image":{"@id":"https:\/\/ictdf.synergyecosys.io\/#\/schema\/logo\/image\/"}},{"@type":"Person","@id":"https:\/\/ictdf.synergyecosys.io\/#\/schema\/person\/0b4488974b7b485188c0c01cb9f95b21","name":"admin","image":{"@type":"ImageObject","inLanguage":"pt-BR","@id":"https:\/\/ictdf.synergyecosys.io\/#\/schema\/person\/image\/","url":"https:\/\/secure.gravatar.com\/avatar\/ee6b87b4bde4f4817334740781bdb6e270748065085879a5aa2018d8006922fa?s=96&d=mm&r=g","contentUrl":"https:\/\/secure.gravatar.com\/avatar\/ee6b87b4bde4f4817334740781bdb6e270748065085879a5aa2018d8006922fa?s=96&d=mm&r=g","caption":"admin"},"sameAs":["https:\/\/ictdf.synergyecosys.io"],"url":"https:\/\/ictdf.synergyecosys.io\/?author=1"}]}},"_links":{"self":[{"href":"https:\/\/ictdf.synergyecosys.io\/index.php?rest_route=\/wp\/v2\/posts\/747","targetHints":{"allow":["GET"]}}],"collection":[{"href":"https:\/\/ictdf.synergyecosys.io\/index.php?rest_route=\/wp\/v2\/posts"}],"about":[{"href":"https:\/\/ictdf.synergyecosys.io\/index.php?rest_route=\/wp\/v2\/types\/post"}],"author":[{"embeddable":true,"href":"https:\/\/ictdf.synergyecosys.io\/index.php?rest_route=\/wp\/v2\/users\/1"}],"replies":[{"embeddable":true,"href":"https:\/\/ictdf.synergyecosys.io\/index.php?rest_route=%2Fwp%2Fv2%2Fcomments&post=747"}],"version-history":[{"count":0,"href":"https:\/\/ictdf.synergyecosys.io\/index.php?rest_route=\/wp\/v2\/posts\/747\/revisions"}],"wp:featuredmedia":[{"embeddable":true,"href":"https:\/\/ictdf.synergyecosys.io\/index.php?rest_route=\/wp\/v2\/media\/746"}],"wp:attachment":[{"href":"https:\/\/ictdf.synergyecosys.io\/index.php?rest_route=%2Fwp%2Fv2%2Fmedia&parent=747"}],"wp:term":[{"taxonomy":"category","embeddable":true,"href":"https:\/\/ictdf.synergyecosys.io\/index.php?rest_route=%2Fwp%2Fv2%2Fcategories&post=747"},{"taxonomy":"post_tag","embeddable":true,"href":"https:\/\/ictdf.synergyecosys.io\/index.php?rest_route=%2Fwp%2Fv2%2Ftags&post=747"}],"curies":[{"name":"wp","href":"https:\/\/api.w.org\/{rel}","templated":true}]}}