{"id":743,"date":"2026-04-17T16:32:20","date_gmt":"2026-04-17T19:32:20","guid":{"rendered":"https:\/\/ictdf.synergyecosys.io\/?p=743"},"modified":"2026-04-17T16:32:20","modified_gmt":"2026-04-17T19:32:20","slug":"dia-mundial-da-hemofilia-entendendo-a-campanha-pela-importancia-do-diagnostico","status":"publish","type":"post","link":"https:\/\/ictdf.synergyecosys.io\/?p=743","title":{"rendered":"Dia Mundial da Hemofilia: Entendendo a Campanha pela Import\u00e2ncia do Diagn\u00f3stico"},"content":{"rendered":"<p>Todo ano, no dia 17 de abril, o mundo para para lembrar do Dia Mundial da Hemofilia. Essa data \u00e9 uma oportunidade para falar sobre uma condi\u00e7\u00e3o gen\u00e9tica que afeta a coagula\u00e7\u00e3o do sangue e, principalmente, para refor\u00e7ar a import\u00e2ncia do diagn\u00f3stico precoce. Como especialista em jornalismo did\u00e1tico, eu vejo como campanhas como essa podem mudar vidas, tornando informa\u00e7\u00f5es acess\u00edveis e incentivando a\u00e7\u00f5es preventivas.<\/p>\n<p>A hemofilia, que na pr\u00e1tica significa um dist\u00farbio heredit\u00e1rio onde o sangue demora mais para coagular, impacta milhares de pessoas globalmente. Sem tratamento adequado, pequenos machucados podem virar problemas s\u00e9rios. Mas com diagn\u00f3stico cedo, \u00e9 poss\u00edvel gerenciar a condi\u00e7\u00e3o de forma eficaz.<\/p>\n<h2>O Que \u00c9 a Hemofilia e Por Que Ela Importa?<\/h2>\n<p>A hemofilia \u00e9 causada por uma muta\u00e7\u00e3o gen\u00e9tica que afeta prote\u00ednas essenciais para a coagula\u00e7\u00e3o sangu\u00ednea, chamadas fatores de coagula\u00e7\u00e3o. Existem dois tipos principais: a hemofilia A, por defici\u00eancia no fator VIII, e a hemofilia B, no fator IX. Ela \u00e9 mais comum em homens, pois \u00e9 ligada ao cromossomo X.<\/p>\n<p>Imagine que, em vez de o sangue formar um tamp\u00e3o r\u00e1pido em um corte, ele continua sangrando por horas. Isso pode levar a hemorragias internas, especialmente nas articula\u00e7\u00f5es, causando dor e danos permanentes. Eu analisei dados da Federa\u00e7\u00e3o Mundial da Hemofilia (FMH), e cerca de 75% das pessoas com dist\u00farbios de sangramento no mundo nem sabem que t\u00eam a condi\u00e7\u00e3o.<\/p>\n<h3>Sintomas Comuns que Devem Alertar<\/h3>\n<p>Os sinais variam de acordo com a gravidade. Em casos leves, s\u00f3 aparecem ap\u00f3s traumas ou cirurgias. Mas em formas graves, sangramentos espont\u00e2neos s\u00e3o comuns. Hematomas frequentes, sangramento prolongado ap\u00f3s extra\u00e7\u00f5es dent\u00e1rias ou at\u00e9 sangramento nasal excessivo podem ser ind\u00edcios.<\/p>\n<p>Diagn\u00f3stico \u00e9 feito por exames de sangue que medem os n\u00edveis de fatores de coagula\u00e7\u00e3o. Quanto mais cedo, melhor, pois permite iniciar reposi\u00e7\u00e3o de fatores e evitar complica\u00e7\u00f5es.<\/p>\n<h2>A Campanha Atual e Seu Foco no Diagn\u00f3stico<\/h2>\n<p>A campanha do Dia Mundial da Hemofilia deste ano, promovida pela FMH, enfatiza o acesso equitativo para todos, reconhecendo todos os dist\u00farbios hemorr\u00e1gicos. No Brasil, iniciativas locais refor\u00e7am a import\u00e2ncia do diagn\u00f3stico precoce, especialmente em regi\u00f5es com menor acesso a servi\u00e7os de sa\u00fade.<\/p>\n<p>Por que isso \u00e9 crucial agora? Porque o diagn\u00f3stico tardio leva a tratamentos mais caros e complica\u00e7\u00f5es evit\u00e1veis. Programas de triagem em rec\u00e9m-nascidos est\u00e3o sendo expandidos, e campanhas educativas visam reduzir o estigma e incentivar testes familiares.<\/p>\n<h2>Impactos na Vida Cotidiana e na Sociedade<\/h2>\n<p>Para quem tem hemofilia, o diagn\u00f3stico precoce muda tudo. Permite atividades di\u00e1rias mais seguras, como esportes com prote\u00e7\u00e3o, e acesso a terapias que previnem sangramentos. Fam\u00edlias ganham tranquilidade, e o sistema de sa\u00fade economiza com preven\u00e7\u00f5es em vez de curas emergenciais.<\/p>\n<p>Na sociedade, isso significa inclus\u00e3o. Pessoas com hemofilia podem trabalhar, estudar e viver plenamente. No Brasil, associa\u00e7\u00f5es como a ABHH trabalham para que mais centros de tratamento sejam criados, impactando positivamente milhares de vidas.<\/p>\n<ul>\n<li>Melhor qualidade de vida: Menos hospitaliza\u00e7\u00f5es.<\/li>\n<li>Redu\u00e7\u00e3o de custos: Preven\u00e7\u00e3o \u00e9 mais barata que tratamento de crises.<\/li>\n<li>Conscientiza\u00e7\u00e3o: Quebra mitos e promove empatia.<\/li>\n<\/ul>\n<h2>Olhando para o Futuro: Tend\u00eancias e Recomenda\u00e7\u00f5es<\/h2>\n<p>O futuro da hemofilia \u00e9 promissor. Terapias gen\u00e9ticas est\u00e3o em testes, podendo curar a condi\u00e7\u00e3o em vez de apenas trat\u00e1-la. Campanhas continuam a pressionar governos por pol\u00edticas inclusivas, como a integra\u00e7\u00e3o de dist\u00farbios hemorr\u00e1gicos em planos nacionais de sa\u00fade.<\/p>\n<p>Minha recomenda\u00e7\u00e3o? Se h\u00e1 hist\u00f3rico familiar, fa\u00e7a testes. Incentive amigos e familiares a se informarem. Participe de eventos do Dia Mundial para apoiar a causa. Juntos, podemos garantir que ningu\u00e9m fique sem diagn\u00f3stico.<\/p>\n<h2>Reflex\u00f5es Finais: Um Chamado \u00e0 A\u00e7\u00e3o<\/h2>\n<p>Refletindo sobre o Dia Mundial da Hemofilia, fica claro que o diagn\u00f3stico n\u00e3o \u00e9 s\u00f3 um exame, mas uma porta para uma vida melhor. Ao refor\u00e7ar essa import\u00e2ncia, estamos construindo um mundo mais justo e saud\u00e1vel. Vamos nos envolver nessa campanha e fazer a diferen\u00e7a hoje.<\/p>\n","protected":false},"excerpt":{"rendered":"<p>Descubra o Dia Mundial da Hemofilia e como a campanha atual refor\u00e7a a import\u00e2ncia do diagn\u00f3stico precoce para melhorar a vida de quem convive com essa condi\u00e7\u00e3o gen\u00e9tica. Saiba mais sobre sintomas e tratamentos.<\/p>\n","protected":false},"author":1,"featured_media":742,"comment_status":"open","ping_status":"open","sticky":false,"template":"","format":"standard","meta":{"_acf_changed":false,"_eb_attr":"","footnotes":"","_wpscppro_dont_share_socialmedia":false,"_wpscppro_custom_social_share_image":0,"_facebook_share_type":"","_twitter_share_type":"","_linkedin_share_type":"","_pinterest_share_type":"","_linkedin_share_type_page":"","_instagram_share_type":"","_medium_share_type":"","_threads_share_type":"","_google_business_share_type":"","_selected_social_profile":[],"_wpsp_enable_custom_social_template":false,"_wpsp_social_scheduling":{"enabled":false,"datetime":null,"platforms":[],"status":"template_only","dateOption":"today","timeOption":"now","customDays":"","customHours":"","customDate":"","customTime":"","schedulingType":"absolute"},"_wpsp_active_default_template":true},"categories":[3],"tags":[],"class_list":["post-743","post","type-post","status-publish","format-standard","has-post-thumbnail","hentry","category-bem-estar"],"acf":[],"yoast_head":"<!-- This site is optimized with the Yoast SEO plugin v26.9 - https:\/\/yoast.com\/product\/yoast-seo-wordpress\/ -->\n<title>Dia Mundial da Hemofilia: Entendendo a Campanha pela Import\u00e2ncia do Diagn\u00f3stico - ICTDF<\/title>\n<meta name=\"robots\" content=\"index, follow, max-snippet:-1, max-image-preview:large, max-video-preview:-1\" \/>\n<link rel=\"canonical\" href=\"https:\/\/ictdf.synergyecosys.io\/?p=743\" \/>\n<meta property=\"og:locale\" content=\"pt_BR\" \/>\n<meta property=\"og:type\" content=\"article\" \/>\n<meta property=\"og:title\" content=\"Dia Mundial da Hemofilia: Entendendo a Campanha pela Import\u00e2ncia do Diagn\u00f3stico - ICTDF\" \/>\n<meta property=\"og:description\" content=\"Descubra o Dia Mundial da Hemofilia e como a campanha atual refor\u00e7a a import\u00e2ncia do diagn\u00f3stico precoce para melhorar a vida de quem convive com essa condi\u00e7\u00e3o gen\u00e9tica. Saiba mais sobre sintomas e tratamentos.\" \/>\n<meta property=\"og:url\" content=\"https:\/\/ictdf.synergyecosys.io\/?p=743\" \/>\n<meta property=\"og:site_name\" content=\"ICTDF\" \/>\n<meta property=\"article:published_time\" content=\"2026-04-17T19:32:20+00:00\" \/>\n<meta name=\"author\" content=\"admin\" \/>\n<meta name=\"twitter:card\" content=\"summary_large_image\" \/>\n<meta name=\"twitter:label1\" content=\"Escrito por\" \/>\n\t<meta name=\"twitter:data1\" content=\"admin\" \/>\n\t<meta name=\"twitter:label2\" content=\"Est. tempo de leitura\" \/>\n\t<meta name=\"twitter:data2\" content=\"3 minutos\" \/>\n<script type=\"application\/ld+json\" class=\"yoast-schema-graph\">{\"@context\":\"https:\/\/schema.org\",\"@graph\":[{\"@type\":\"Article\",\"@id\":\"https:\/\/ictdf.synergyecosys.io\/?p=743#article\",\"isPartOf\":{\"@id\":\"https:\/\/ictdf.synergyecosys.io\/?p=743\"},\"author\":{\"name\":\"admin\",\"@id\":\"https:\/\/ictdf.synergyecosys.io\/#\/schema\/person\/0b4488974b7b485188c0c01cb9f95b21\"},\"headline\":\"Dia Mundial da Hemofilia: Entendendo a Campanha pela Import\u00e2ncia do Diagn\u00f3stico\",\"datePublished\":\"2026-04-17T19:32:20+00:00\",\"mainEntityOfPage\":{\"@id\":\"https:\/\/ictdf.synergyecosys.io\/?p=743\"},\"wordCount\":716,\"commentCount\":0,\"publisher\":{\"@id\":\"https:\/\/ictdf.synergyecosys.io\/#organization\"},\"image\":{\"@id\":\"https:\/\/ictdf.synergyecosys.io\/?p=743#primaryimage\"},\"thumbnailUrl\":\"https:\/\/ictdf.synergyecosys.io\/wp-content\/uploads\/2026\/04\/imagem-Dia-Mundial-da-Hemofilia-Campanha-pelo-Diagnystico-Precoce.png\",\"articleSection\":[\"Bem-estar\"],\"inLanguage\":\"pt-BR\",\"potentialAction\":[{\"@type\":\"CommentAction\",\"name\":\"Comment\",\"target\":[\"https:\/\/ictdf.synergyecosys.io\/?p=743#respond\"]}]},{\"@type\":\"WebPage\",\"@id\":\"https:\/\/ictdf.synergyecosys.io\/?p=743\",\"url\":\"https:\/\/ictdf.synergyecosys.io\/?p=743\",\"name\":\"Dia Mundial da Hemofilia: Entendendo a Campanha pela Import\u00e2ncia do Diagn\u00f3stico - ICTDF\",\"isPartOf\":{\"@id\":\"https:\/\/ictdf.synergyecosys.io\/#website\"},\"primaryImageOfPage\":{\"@id\":\"https:\/\/ictdf.synergyecosys.io\/?p=743#primaryimage\"},\"image\":{\"@id\":\"https:\/\/ictdf.synergyecosys.io\/?p=743#primaryimage\"},\"thumbnailUrl\":\"https:\/\/ictdf.synergyecosys.io\/wp-content\/uploads\/2026\/04\/imagem-Dia-Mundial-da-Hemofilia-Campanha-pelo-Diagnystico-Precoce.png\",\"datePublished\":\"2026-04-17T19:32:20+00:00\",\"breadcrumb\":{\"@id\":\"https:\/\/ictdf.synergyecosys.io\/?p=743#breadcrumb\"},\"inLanguage\":\"pt-BR\",\"potentialAction\":[{\"@type\":\"ReadAction\",\"target\":[\"https:\/\/ictdf.synergyecosys.io\/?p=743\"]}]},{\"@type\":\"ImageObject\",\"inLanguage\":\"pt-BR\",\"@id\":\"https:\/\/ictdf.synergyecosys.io\/?p=743#primaryimage\",\"url\":\"https:\/\/ictdf.synergyecosys.io\/wp-content\/uploads\/2026\/04\/imagem-Dia-Mundial-da-Hemofilia-Campanha-pelo-Diagnystico-Precoce.png\",\"contentUrl\":\"https:\/\/ictdf.synergyecosys.io\/wp-content\/uploads\/2026\/04\/imagem-Dia-Mundial-da-Hemofilia-Campanha-pelo-Diagnystico-Precoce.png\",\"width\":1696,\"height\":960},{\"@type\":\"BreadcrumbList\",\"@id\":\"https:\/\/ictdf.synergyecosys.io\/?p=743#breadcrumb\",\"itemListElement\":[{\"@type\":\"ListItem\",\"position\":1,\"name\":\"In\u00edcio\",\"item\":\"https:\/\/ictdf.synergyecosys.io\/\"},{\"@type\":\"ListItem\",\"position\":2,\"name\":\"Dia Mundial da Hemofilia: Entendendo a Campanha pela Import\u00e2ncia do Diagn\u00f3stico\"}]},{\"@type\":\"WebSite\",\"@id\":\"https:\/\/ictdf.synergyecosys.io\/#website\",\"url\":\"https:\/\/ictdf.synergyecosys.io\/\",\"name\":\"ICTDF\",\"description\":\"\",\"publisher\":{\"@id\":\"https:\/\/ictdf.synergyecosys.io\/#organization\"},\"potentialAction\":[{\"@type\":\"SearchAction\",\"target\":{\"@type\":\"EntryPoint\",\"urlTemplate\":\"https:\/\/ictdf.synergyecosys.io\/?s={search_term_string}\"},\"query-input\":{\"@type\":\"PropertyValueSpecification\",\"valueRequired\":true,\"valueName\":\"search_term_string\"}}],\"inLanguage\":\"pt-BR\"},{\"@type\":\"Organization\",\"@id\":\"https:\/\/ictdf.synergyecosys.io\/#organization\",\"name\":\"ICTDF\",\"url\":\"https:\/\/ictdf.synergyecosys.io\/\",\"logo\":{\"@type\":\"ImageObject\",\"inLanguage\":\"pt-BR\",\"@id\":\"https:\/\/ictdf.synergyecosys.io\/#\/schema\/logo\/image\/\",\"url\":\"https:\/\/ictdf.synergyecosys.io\/wp-content\/uploads\/2026\/02\/cropped-cropped-ICTDF_logo_transparente.png\",\"contentUrl\":\"https:\/\/ictdf.synergyecosys.io\/wp-content\/uploads\/2026\/02\/cropped-cropped-ICTDF_logo_transparente.png\",\"width\":450,\"height\":141,\"caption\":\"ICTDF\"},\"image\":{\"@id\":\"https:\/\/ictdf.synergyecosys.io\/#\/schema\/logo\/image\/\"}},{\"@type\":\"Person\",\"@id\":\"https:\/\/ictdf.synergyecosys.io\/#\/schema\/person\/0b4488974b7b485188c0c01cb9f95b21\",\"name\":\"admin\",\"image\":{\"@type\":\"ImageObject\",\"inLanguage\":\"pt-BR\",\"@id\":\"https:\/\/ictdf.synergyecosys.io\/#\/schema\/person\/image\/\",\"url\":\"https:\/\/secure.gravatar.com\/avatar\/ee6b87b4bde4f4817334740781bdb6e270748065085879a5aa2018d8006922fa?s=96&d=mm&r=g\",\"contentUrl\":\"https:\/\/secure.gravatar.com\/avatar\/ee6b87b4bde4f4817334740781bdb6e270748065085879a5aa2018d8006922fa?s=96&d=mm&r=g\",\"caption\":\"admin\"},\"sameAs\":[\"https:\/\/ictdf.synergyecosys.io\"],\"url\":\"https:\/\/ictdf.synergyecosys.io\/?author=1\"}]}<\/script>\n<!-- \/ Yoast SEO plugin. -->","yoast_head_json":{"title":"Dia Mundial da Hemofilia: Entendendo a Campanha pela Import\u00e2ncia do Diagn\u00f3stico - ICTDF","robots":{"index":"index","follow":"follow","max-snippet":"max-snippet:-1","max-image-preview":"max-image-preview:large","max-video-preview":"max-video-preview:-1"},"canonical":"https:\/\/ictdf.synergyecosys.io\/?p=743","og_locale":"pt_BR","og_type":"article","og_title":"Dia Mundial da Hemofilia: Entendendo a Campanha pela Import\u00e2ncia do Diagn\u00f3stico - ICTDF","og_description":"Descubra o Dia Mundial da Hemofilia e como a campanha atual refor\u00e7a a import\u00e2ncia do diagn\u00f3stico precoce para melhorar a vida de quem convive com essa condi\u00e7\u00e3o gen\u00e9tica. Saiba mais sobre sintomas e tratamentos.","og_url":"https:\/\/ictdf.synergyecosys.io\/?p=743","og_site_name":"ICTDF","article_published_time":"2026-04-17T19:32:20+00:00","author":"admin","twitter_card":"summary_large_image","twitter_misc":{"Escrito por":"admin","Est. tempo de leitura":"3 minutos"},"schema":{"@context":"https:\/\/schema.org","@graph":[{"@type":"Article","@id":"https:\/\/ictdf.synergyecosys.io\/?p=743#article","isPartOf":{"@id":"https:\/\/ictdf.synergyecosys.io\/?p=743"},"author":{"name":"admin","@id":"https:\/\/ictdf.synergyecosys.io\/#\/schema\/person\/0b4488974b7b485188c0c01cb9f95b21"},"headline":"Dia Mundial da Hemofilia: Entendendo a Campanha pela Import\u00e2ncia do Diagn\u00f3stico","datePublished":"2026-04-17T19:32:20+00:00","mainEntityOfPage":{"@id":"https:\/\/ictdf.synergyecosys.io\/?p=743"},"wordCount":716,"commentCount":0,"publisher":{"@id":"https:\/\/ictdf.synergyecosys.io\/#organization"},"image":{"@id":"https:\/\/ictdf.synergyecosys.io\/?p=743#primaryimage"},"thumbnailUrl":"https:\/\/ictdf.synergyecosys.io\/wp-content\/uploads\/2026\/04\/imagem-Dia-Mundial-da-Hemofilia-Campanha-pelo-Diagnystico-Precoce.png","articleSection":["Bem-estar"],"inLanguage":"pt-BR","potentialAction":[{"@type":"CommentAction","name":"Comment","target":["https:\/\/ictdf.synergyecosys.io\/?p=743#respond"]}]},{"@type":"WebPage","@id":"https:\/\/ictdf.synergyecosys.io\/?p=743","url":"https:\/\/ictdf.synergyecosys.io\/?p=743","name":"Dia Mundial da Hemofilia: Entendendo a Campanha pela Import\u00e2ncia do Diagn\u00f3stico - ICTDF","isPartOf":{"@id":"https:\/\/ictdf.synergyecosys.io\/#website"},"primaryImageOfPage":{"@id":"https:\/\/ictdf.synergyecosys.io\/?p=743#primaryimage"},"image":{"@id":"https:\/\/ictdf.synergyecosys.io\/?p=743#primaryimage"},"thumbnailUrl":"https:\/\/ictdf.synergyecosys.io\/wp-content\/uploads\/2026\/04\/imagem-Dia-Mundial-da-Hemofilia-Campanha-pelo-Diagnystico-Precoce.png","datePublished":"2026-04-17T19:32:20+00:00","breadcrumb":{"@id":"https:\/\/ictdf.synergyecosys.io\/?p=743#breadcrumb"},"inLanguage":"pt-BR","potentialAction":[{"@type":"ReadAction","target":["https:\/\/ictdf.synergyecosys.io\/?p=743"]}]},{"@type":"ImageObject","inLanguage":"pt-BR","@id":"https:\/\/ictdf.synergyecosys.io\/?p=743#primaryimage","url":"https:\/\/ictdf.synergyecosys.io\/wp-content\/uploads\/2026\/04\/imagem-Dia-Mundial-da-Hemofilia-Campanha-pelo-Diagnystico-Precoce.png","contentUrl":"https:\/\/ictdf.synergyecosys.io\/wp-content\/uploads\/2026\/04\/imagem-Dia-Mundial-da-Hemofilia-Campanha-pelo-Diagnystico-Precoce.png","width":1696,"height":960},{"@type":"BreadcrumbList","@id":"https:\/\/ictdf.synergyecosys.io\/?p=743#breadcrumb","itemListElement":[{"@type":"ListItem","position":1,"name":"In\u00edcio","item":"https:\/\/ictdf.synergyecosys.io\/"},{"@type":"ListItem","position":2,"name":"Dia Mundial da Hemofilia: Entendendo a Campanha pela Import\u00e2ncia do Diagn\u00f3stico"}]},{"@type":"WebSite","@id":"https:\/\/ictdf.synergyecosys.io\/#website","url":"https:\/\/ictdf.synergyecosys.io\/","name":"ICTDF","description":"","publisher":{"@id":"https:\/\/ictdf.synergyecosys.io\/#organization"},"potentialAction":[{"@type":"SearchAction","target":{"@type":"EntryPoint","urlTemplate":"https:\/\/ictdf.synergyecosys.io\/?s={search_term_string}"},"query-input":{"@type":"PropertyValueSpecification","valueRequired":true,"valueName":"search_term_string"}}],"inLanguage":"pt-BR"},{"@type":"Organization","@id":"https:\/\/ictdf.synergyecosys.io\/#organization","name":"ICTDF","url":"https:\/\/ictdf.synergyecosys.io\/","logo":{"@type":"ImageObject","inLanguage":"pt-BR","@id":"https:\/\/ictdf.synergyecosys.io\/#\/schema\/logo\/image\/","url":"https:\/\/ictdf.synergyecosys.io\/wp-content\/uploads\/2026\/02\/cropped-cropped-ICTDF_logo_transparente.png","contentUrl":"https:\/\/ictdf.synergyecosys.io\/wp-content\/uploads\/2026\/02\/cropped-cropped-ICTDF_logo_transparente.png","width":450,"height":141,"caption":"ICTDF"},"image":{"@id":"https:\/\/ictdf.synergyecosys.io\/#\/schema\/logo\/image\/"}},{"@type":"Person","@id":"https:\/\/ictdf.synergyecosys.io\/#\/schema\/person\/0b4488974b7b485188c0c01cb9f95b21","name":"admin","image":{"@type":"ImageObject","inLanguage":"pt-BR","@id":"https:\/\/ictdf.synergyecosys.io\/#\/schema\/person\/image\/","url":"https:\/\/secure.gravatar.com\/avatar\/ee6b87b4bde4f4817334740781bdb6e270748065085879a5aa2018d8006922fa?s=96&d=mm&r=g","contentUrl":"https:\/\/secure.gravatar.com\/avatar\/ee6b87b4bde4f4817334740781bdb6e270748065085879a5aa2018d8006922fa?s=96&d=mm&r=g","caption":"admin"},"sameAs":["https:\/\/ictdf.synergyecosys.io"],"url":"https:\/\/ictdf.synergyecosys.io\/?author=1"}]}},"_links":{"self":[{"href":"https:\/\/ictdf.synergyecosys.io\/index.php?rest_route=\/wp\/v2\/posts\/743","targetHints":{"allow":["GET"]}}],"collection":[{"href":"https:\/\/ictdf.synergyecosys.io\/index.php?rest_route=\/wp\/v2\/posts"}],"about":[{"href":"https:\/\/ictdf.synergyecosys.io\/index.php?rest_route=\/wp\/v2\/types\/post"}],"author":[{"embeddable":true,"href":"https:\/\/ictdf.synergyecosys.io\/index.php?rest_route=\/wp\/v2\/users\/1"}],"replies":[{"embeddable":true,"href":"https:\/\/ictdf.synergyecosys.io\/index.php?rest_route=%2Fwp%2Fv2%2Fcomments&post=743"}],"version-history":[{"count":0,"href":"https:\/\/ictdf.synergyecosys.io\/index.php?rest_route=\/wp\/v2\/posts\/743\/revisions"}],"wp:featuredmedia":[{"embeddable":true,"href":"https:\/\/ictdf.synergyecosys.io\/index.php?rest_route=\/wp\/v2\/media\/742"}],"wp:attachment":[{"href":"https:\/\/ictdf.synergyecosys.io\/index.php?rest_route=%2Fwp%2Fv2%2Fmedia&parent=743"}],"wp:term":[{"taxonomy":"category","embeddable":true,"href":"https:\/\/ictdf.synergyecosys.io\/index.php?rest_route=%2Fwp%2Fv2%2Fcategories&post=743"},{"taxonomy":"post_tag","embeddable":true,"href":"https:\/\/ictdf.synergyecosys.io\/index.php?rest_route=%2Fwp%2Fv2%2Ftags&post=743"}],"curies":[{"name":"wp","href":"https:\/\/api.w.org\/{rel}","templated":true}]}}