{"id":741,"date":"2026-04-17T01:32:24","date_gmt":"2026-04-17T04:32:24","guid":{"rendered":"https:\/\/ictdf.synergyecosys.io\/?p=741"},"modified":"2026-04-17T01:32:24","modified_gmt":"2026-04-17T04:32:24","slug":"trump-indica-dra-erica-schwartz-defensora-de-vacinas-como-nova-diretora-do-cdc","status":"publish","type":"post","link":"https:\/\/ictdf.synergyecosys.io\/?p=741","title":{"rendered":"Trump Indica Dra. Erica Schwartz, Defensora de Vacinas, como Nova Diretora do CDC"},"content":{"rendered":"<p>Recentemente, uma not\u00edcia importante agitou o mundo da sa\u00fade p\u00fablica: o presidente eleito Donald Trump anunciou a indica\u00e7\u00e3o da Dra. Erica Schwartz para o cargo de diretora do CDC. Como especialista em jornalismo did\u00e1tico, eu analisei essa escolha e percebo que ela pode trazer mudan\u00e7as significativas na forma como os Estados Unidos lidam com epidemias e vacina\u00e7\u00e3o. Vamos descomplicar isso juntos?<\/p>\n<h2>Por Que Essa Indica\u00e7\u00e3o Est\u00e1 Gerando Debate Agora<\/h2>\n<p>No contexto do retorno de Trump \u00e0 Casa Branca, as nomea\u00e7\u00f5es para ag\u00eancias chave como o CDC s\u00e3o vistas como um sinal das prioridades da nova administra\u00e7\u00e3o. O CDC, ou <strong>Centros de Controle e Preven\u00e7\u00e3o de Doen\u00e7as<\/strong>, \u00e9 a ag\u00eancia federal americana respons\u00e1vel por proteger a sa\u00fade p\u00fablica contra amea\u00e7as como pandemias, doen\u00e7as infecciosas e les\u00f5es. Fundado em 1946, ele atua em pesquisas, vigil\u00e2ncia e educa\u00e7\u00e3o em sa\u00fade, com sede em Atlanta, Ge\u00f3rgia.<\/p>\n<p>A Dra. Schwartz \u00e9 conhecida por seu apoio firme \u00e0s vacinas, o que contrasta com algumas vis\u00f5es c\u00e9ticas sobre imuniza\u00e7\u00f5es que circularam durante gest\u00f5es anteriores. Na minha opini\u00e3o, isso pode sinalizar um foco renovado na ci\u00eancia baseada em evid\u00eancias.<\/p>\n<h2>O Papel Crucial do CDC na Sa\u00fade Americana<\/h2>\n<p>Para entender o peso dessa nomea\u00e7\u00e3o, vale explicar o que o CDC faz no dia a dia. Imagine uma ag\u00eancia que monitora surtos de gripe, investiga causas de doen\u00e7as cr\u00f4nicas como obesidade e diabetes, e coordena respostas a emerg\u00eancias globais, como a COVID-19. Sem o CDC, os esfor\u00e7os de vacina\u00e7\u00e3o em massa, por exemplo, seriam muito mais ca\u00f3ticos.<\/p>\n<h3>Hist\u00f3rico de Nomea\u00e7\u00f5es sob Trump<\/h3>\n<p>Durante seu primeiro mandato, Trump nomeou figuras como o Dr. Jerome Adams para cargos de sa\u00fade, que lidaram com a crise de opioides e a pandemia. Agora, com Schwartz, h\u00e1 uma \u00eanfase em vacinas, essenciais para prevenir doen\u00e7as como sarampo e poliomielite.<\/p>\n<p>Termos como &#8216;vacinas&#8217; podem soar t\u00e9cnicos, mas na pr\u00e1tica, elas s\u00e3o inje\u00e7\u00f5es que treinam nosso sistema imunol\u00f3gico a combater v\u00edrus sem nos deixar doentes \u2013 uma vit\u00f3ria da ci\u00eancia que salvou milh\u00f5es de vidas.<\/p>\n<h2>Impactos Pr\u00e1ticos para a Sociedade e Empresas<\/h2>\n<p>Essa indica\u00e7\u00e3o afeta todos n\u00f3s, mesmo fora dos EUA. Para o p\u00fablico, pode significar pol\u00edticas mais robustas de vacina\u00e7\u00e3o, reduzindo riscos de surtos. Empresas de sa\u00fade e farmac\u00eauticas ver\u00e3o oportunidades em parcerias com o CDC para novos programas.<\/p>\n<ul>\n<li>Maior \u00eanfase em imuniza\u00e7\u00f5es escolares e adultas.<\/li>\n<li>Poss\u00edveis investimentos em pesquisa de vacinas contra novas amea\u00e7as.<\/li>\n<li>Impacto global, j\u00e1 que o CDC colabora com organiza\u00e7\u00f5es internacionais.<\/li>\n<\/ul>\n<p>Eu percebo que, em um mundo p\u00f3s-pandemia, escolhas como essa restauram confian\u00e7a na sa\u00fade p\u00fablica, beneficiando desde fam\u00edlias at\u00e9 economias inteiras.<\/p>\n<h2>Possibilidades Futuras e Recomenda\u00e7\u00f5es<\/h2>\n<p>Olhando adiante, a lideran\u00e7a de Schwartz pode impulsionar tend\u00eancias como vacinas de mRNA mais acess\u00edveis e respostas r\u00e1pidas a variantes virais. Recomendo que profissionais de sa\u00fade fiquem atentos \u00e0s audi\u00eancias de confirma\u00e7\u00e3o no Senado, que decidir\u00e3o se ela assume o cargo.<\/p>\n<p>Para o cidad\u00e3o comum, o caminho \u00e9 simples: informe-se sobre vacinas e apoie pol\u00edticas baseadas em ci\u00eancia. Isso n\u00e3o \u00e9 s\u00f3 sobre os EUA; \u00e9 sobre um mundo mais saud\u00e1vel.<\/p>\n<h2>Reflex\u00f5es Finais sobre Sa\u00fade P\u00fablica e Lideran\u00e7a<\/h2>\n<p>Em resumo, a indica\u00e7\u00e3o de Trump para o CDC destaca a interse\u00e7\u00e3o entre pol\u00edtica e ci\u00eancia. Como vimos, a Dra. Schwartz traz expertise em vacinas para uma ag\u00eancia vital. Vamos torcer por decis\u00f5es que priorizem a evid\u00eancia \u2013 afinal, nossa sa\u00fade depende disso. O que voc\u00ea acha dessa nomea\u00e7\u00e3o? Compartilhe nos coment\u00e1rios!<\/p>\n","protected":false},"excerpt":{"rendered":"<p>Descubra quem \u00e9 a Dra. Erica Schwartz, apoiadora de vacinas, indicada por Trump para liderar o CDC. Entenda o impacto na sa\u00fade p\u00fablica dos EUA e o que isso significa para o futuro.<\/p>\n","protected":false},"author":1,"featured_media":740,"comment_status":"open","ping_status":"open","sticky":false,"template":"","format":"standard","meta":{"_acf_changed":false,"_eb_attr":"","footnotes":"","_wpscppro_dont_share_socialmedia":false,"_wpscppro_custom_social_share_image":0,"_facebook_share_type":"","_twitter_share_type":"","_linkedin_share_type":"","_pinterest_share_type":"","_linkedin_share_type_page":"","_instagram_share_type":"","_medium_share_type":"","_threads_share_type":"","_google_business_share_type":"","_selected_social_profile":[],"_wpsp_enable_custom_social_template":false,"_wpsp_social_scheduling":{"enabled":false,"datetime":null,"platforms":[],"status":"template_only","dateOption":"today","timeOption":"now","customDays":"","customHours":"","customDate":"","customTime":"","schedulingType":"absolute"},"_wpsp_active_default_template":true},"categories":[3],"tags":[],"class_list":["post-741","post","type-post","status-publish","format-standard","has-post-thumbnail","hentry","category-bem-estar"],"acf":[],"yoast_head":"<!-- This site is optimized with the Yoast SEO plugin v26.9 - https:\/\/yoast.com\/product\/yoast-seo-wordpress\/ -->\n<title>Trump Indica Dra. Erica Schwartz, Defensora de Vacinas, como Nova Diretora do CDC - ICTDF<\/title>\n<meta name=\"robots\" content=\"index, follow, max-snippet:-1, max-image-preview:large, max-video-preview:-1\" \/>\n<link rel=\"canonical\" href=\"https:\/\/ictdf.synergyecosys.io\/?p=741\" \/>\n<meta property=\"og:locale\" content=\"pt_BR\" \/>\n<meta property=\"og:type\" content=\"article\" \/>\n<meta property=\"og:title\" content=\"Trump Indica Dra. Erica Schwartz, Defensora de Vacinas, como Nova Diretora do CDC - ICTDF\" \/>\n<meta property=\"og:description\" content=\"Descubra quem \u00e9 a Dra. Erica Schwartz, apoiadora de vacinas, indicada por Trump para liderar o CDC. Entenda o impacto na sa\u00fade p\u00fablica dos EUA e o que isso significa para o futuro.\" \/>\n<meta property=\"og:url\" content=\"https:\/\/ictdf.synergyecosys.io\/?p=741\" \/>\n<meta property=\"og:site_name\" content=\"ICTDF\" \/>\n<meta property=\"article:published_time\" content=\"2026-04-17T04:32:24+00:00\" \/>\n<meta name=\"author\" content=\"admin\" \/>\n<meta name=\"twitter:card\" content=\"summary_large_image\" \/>\n<meta name=\"twitter:label1\" content=\"Escrito por\" \/>\n\t<meta name=\"twitter:data1\" content=\"admin\" \/>\n\t<meta name=\"twitter:label2\" content=\"Est. tempo de leitura\" \/>\n\t<meta name=\"twitter:data2\" content=\"3 minutos\" \/>\n<script type=\"application\/ld+json\" class=\"yoast-schema-graph\">{\"@context\":\"https:\/\/schema.org\",\"@graph\":[{\"@type\":\"Article\",\"@id\":\"https:\/\/ictdf.synergyecosys.io\/?p=741#article\",\"isPartOf\":{\"@id\":\"https:\/\/ictdf.synergyecosys.io\/?p=741\"},\"author\":{\"name\":\"admin\",\"@id\":\"https:\/\/ictdf.synergyecosys.io\/#\/schema\/person\/0b4488974b7b485188c0c01cb9f95b21\"},\"headline\":\"Trump Indica Dra. Erica Schwartz, Defensora de Vacinas, como Nova Diretora do CDC\",\"datePublished\":\"2026-04-17T04:32:24+00:00\",\"mainEntityOfPage\":{\"@id\":\"https:\/\/ictdf.synergyecosys.io\/?p=741\"},\"wordCount\":658,\"commentCount\":0,\"publisher\":{\"@id\":\"https:\/\/ictdf.synergyecosys.io\/#organization\"},\"image\":{\"@id\":\"https:\/\/ictdf.synergyecosys.io\/?p=741#primaryimage\"},\"thumbnailUrl\":\"https:\/\/ictdf.synergyecosys.io\/wp-content\/uploads\/2026\/04\/imagem-Trump-Nomeia-Dra.-Erica-Schwartz-para-Diretora-do-CDC.png\",\"articleSection\":[\"Bem-estar\"],\"inLanguage\":\"pt-BR\",\"potentialAction\":[{\"@type\":\"CommentAction\",\"name\":\"Comment\",\"target\":[\"https:\/\/ictdf.synergyecosys.io\/?p=741#respond\"]}]},{\"@type\":\"WebPage\",\"@id\":\"https:\/\/ictdf.synergyecosys.io\/?p=741\",\"url\":\"https:\/\/ictdf.synergyecosys.io\/?p=741\",\"name\":\"Trump Indica Dra. Erica Schwartz, Defensora de Vacinas, como Nova Diretora do CDC - ICTDF\",\"isPartOf\":{\"@id\":\"https:\/\/ictdf.synergyecosys.io\/#website\"},\"primaryImageOfPage\":{\"@id\":\"https:\/\/ictdf.synergyecosys.io\/?p=741#primaryimage\"},\"image\":{\"@id\":\"https:\/\/ictdf.synergyecosys.io\/?p=741#primaryimage\"},\"thumbnailUrl\":\"https:\/\/ictdf.synergyecosys.io\/wp-content\/uploads\/2026\/04\/imagem-Trump-Nomeia-Dra.-Erica-Schwartz-para-Diretora-do-CDC.png\",\"datePublished\":\"2026-04-17T04:32:24+00:00\",\"breadcrumb\":{\"@id\":\"https:\/\/ictdf.synergyecosys.io\/?p=741#breadcrumb\"},\"inLanguage\":\"pt-BR\",\"potentialAction\":[{\"@type\":\"ReadAction\",\"target\":[\"https:\/\/ictdf.synergyecosys.io\/?p=741\"]}]},{\"@type\":\"ImageObject\",\"inLanguage\":\"pt-BR\",\"@id\":\"https:\/\/ictdf.synergyecosys.io\/?p=741#primaryimage\",\"url\":\"https:\/\/ictdf.synergyecosys.io\/wp-content\/uploads\/2026\/04\/imagem-Trump-Nomeia-Dra.-Erica-Schwartz-para-Diretora-do-CDC.png\",\"contentUrl\":\"https:\/\/ictdf.synergyecosys.io\/wp-content\/uploads\/2026\/04\/imagem-Trump-Nomeia-Dra.-Erica-Schwartz-para-Diretora-do-CDC.png\",\"width\":1696,\"height\":960},{\"@type\":\"BreadcrumbList\",\"@id\":\"https:\/\/ictdf.synergyecosys.io\/?p=741#breadcrumb\",\"itemListElement\":[{\"@type\":\"ListItem\",\"position\":1,\"name\":\"In\u00edcio\",\"item\":\"https:\/\/ictdf.synergyecosys.io\/\"},{\"@type\":\"ListItem\",\"position\":2,\"name\":\"Trump Indica Dra. Erica Schwartz, Defensora de Vacinas, como Nova Diretora do CDC\"}]},{\"@type\":\"WebSite\",\"@id\":\"https:\/\/ictdf.synergyecosys.io\/#website\",\"url\":\"https:\/\/ictdf.synergyecosys.io\/\",\"name\":\"ICTDF\",\"description\":\"\",\"publisher\":{\"@id\":\"https:\/\/ictdf.synergyecosys.io\/#organization\"},\"potentialAction\":[{\"@type\":\"SearchAction\",\"target\":{\"@type\":\"EntryPoint\",\"urlTemplate\":\"https:\/\/ictdf.synergyecosys.io\/?s={search_term_string}\"},\"query-input\":{\"@type\":\"PropertyValueSpecification\",\"valueRequired\":true,\"valueName\":\"search_term_string\"}}],\"inLanguage\":\"pt-BR\"},{\"@type\":\"Organization\",\"@id\":\"https:\/\/ictdf.synergyecosys.io\/#organization\",\"name\":\"ICTDF\",\"url\":\"https:\/\/ictdf.synergyecosys.io\/\",\"logo\":{\"@type\":\"ImageObject\",\"inLanguage\":\"pt-BR\",\"@id\":\"https:\/\/ictdf.synergyecosys.io\/#\/schema\/logo\/image\/\",\"url\":\"https:\/\/ictdf.synergyecosys.io\/wp-content\/uploads\/2026\/02\/cropped-cropped-ICTDF_logo_transparente.png\",\"contentUrl\":\"https:\/\/ictdf.synergyecosys.io\/wp-content\/uploads\/2026\/02\/cropped-cropped-ICTDF_logo_transparente.png\",\"width\":450,\"height\":141,\"caption\":\"ICTDF\"},\"image\":{\"@id\":\"https:\/\/ictdf.synergyecosys.io\/#\/schema\/logo\/image\/\"}},{\"@type\":\"Person\",\"@id\":\"https:\/\/ictdf.synergyecosys.io\/#\/schema\/person\/0b4488974b7b485188c0c01cb9f95b21\",\"name\":\"admin\",\"image\":{\"@type\":\"ImageObject\",\"inLanguage\":\"pt-BR\",\"@id\":\"https:\/\/ictdf.synergyecosys.io\/#\/schema\/person\/image\/\",\"url\":\"https:\/\/secure.gravatar.com\/avatar\/ee6b87b4bde4f4817334740781bdb6e270748065085879a5aa2018d8006922fa?s=96&d=mm&r=g\",\"contentUrl\":\"https:\/\/secure.gravatar.com\/avatar\/ee6b87b4bde4f4817334740781bdb6e270748065085879a5aa2018d8006922fa?s=96&d=mm&r=g\",\"caption\":\"admin\"},\"sameAs\":[\"https:\/\/ictdf.synergyecosys.io\"],\"url\":\"https:\/\/ictdf.synergyecosys.io\/?author=1\"}]}<\/script>\n<!-- \/ Yoast SEO plugin. -->","yoast_head_json":{"title":"Trump Indica Dra. Erica Schwartz, Defensora de Vacinas, como Nova Diretora do CDC - ICTDF","robots":{"index":"index","follow":"follow","max-snippet":"max-snippet:-1","max-image-preview":"max-image-preview:large","max-video-preview":"max-video-preview:-1"},"canonical":"https:\/\/ictdf.synergyecosys.io\/?p=741","og_locale":"pt_BR","og_type":"article","og_title":"Trump Indica Dra. Erica Schwartz, Defensora de Vacinas, como Nova Diretora do CDC - ICTDF","og_description":"Descubra quem \u00e9 a Dra. Erica Schwartz, apoiadora de vacinas, indicada por Trump para liderar o CDC. Entenda o impacto na sa\u00fade p\u00fablica dos EUA e o que isso significa para o futuro.","og_url":"https:\/\/ictdf.synergyecosys.io\/?p=741","og_site_name":"ICTDF","article_published_time":"2026-04-17T04:32:24+00:00","author":"admin","twitter_card":"summary_large_image","twitter_misc":{"Escrito por":"admin","Est. tempo de leitura":"3 minutos"},"schema":{"@context":"https:\/\/schema.org","@graph":[{"@type":"Article","@id":"https:\/\/ictdf.synergyecosys.io\/?p=741#article","isPartOf":{"@id":"https:\/\/ictdf.synergyecosys.io\/?p=741"},"author":{"name":"admin","@id":"https:\/\/ictdf.synergyecosys.io\/#\/schema\/person\/0b4488974b7b485188c0c01cb9f95b21"},"headline":"Trump Indica Dra. Erica Schwartz, Defensora de Vacinas, como Nova Diretora do CDC","datePublished":"2026-04-17T04:32:24+00:00","mainEntityOfPage":{"@id":"https:\/\/ictdf.synergyecosys.io\/?p=741"},"wordCount":658,"commentCount":0,"publisher":{"@id":"https:\/\/ictdf.synergyecosys.io\/#organization"},"image":{"@id":"https:\/\/ictdf.synergyecosys.io\/?p=741#primaryimage"},"thumbnailUrl":"https:\/\/ictdf.synergyecosys.io\/wp-content\/uploads\/2026\/04\/imagem-Trump-Nomeia-Dra.-Erica-Schwartz-para-Diretora-do-CDC.png","articleSection":["Bem-estar"],"inLanguage":"pt-BR","potentialAction":[{"@type":"CommentAction","name":"Comment","target":["https:\/\/ictdf.synergyecosys.io\/?p=741#respond"]}]},{"@type":"WebPage","@id":"https:\/\/ictdf.synergyecosys.io\/?p=741","url":"https:\/\/ictdf.synergyecosys.io\/?p=741","name":"Trump Indica Dra. Erica Schwartz, Defensora de Vacinas, como Nova Diretora do CDC - ICTDF","isPartOf":{"@id":"https:\/\/ictdf.synergyecosys.io\/#website"},"primaryImageOfPage":{"@id":"https:\/\/ictdf.synergyecosys.io\/?p=741#primaryimage"},"image":{"@id":"https:\/\/ictdf.synergyecosys.io\/?p=741#primaryimage"},"thumbnailUrl":"https:\/\/ictdf.synergyecosys.io\/wp-content\/uploads\/2026\/04\/imagem-Trump-Nomeia-Dra.-Erica-Schwartz-para-Diretora-do-CDC.png","datePublished":"2026-04-17T04:32:24+00:00","breadcrumb":{"@id":"https:\/\/ictdf.synergyecosys.io\/?p=741#breadcrumb"},"inLanguage":"pt-BR","potentialAction":[{"@type":"ReadAction","target":["https:\/\/ictdf.synergyecosys.io\/?p=741"]}]},{"@type":"ImageObject","inLanguage":"pt-BR","@id":"https:\/\/ictdf.synergyecosys.io\/?p=741#primaryimage","url":"https:\/\/ictdf.synergyecosys.io\/wp-content\/uploads\/2026\/04\/imagem-Trump-Nomeia-Dra.-Erica-Schwartz-para-Diretora-do-CDC.png","contentUrl":"https:\/\/ictdf.synergyecosys.io\/wp-content\/uploads\/2026\/04\/imagem-Trump-Nomeia-Dra.-Erica-Schwartz-para-Diretora-do-CDC.png","width":1696,"height":960},{"@type":"BreadcrumbList","@id":"https:\/\/ictdf.synergyecosys.io\/?p=741#breadcrumb","itemListElement":[{"@type":"ListItem","position":1,"name":"In\u00edcio","item":"https:\/\/ictdf.synergyecosys.io\/"},{"@type":"ListItem","position":2,"name":"Trump Indica Dra. Erica Schwartz, Defensora de Vacinas, como Nova Diretora do CDC"}]},{"@type":"WebSite","@id":"https:\/\/ictdf.synergyecosys.io\/#website","url":"https:\/\/ictdf.synergyecosys.io\/","name":"ICTDF","description":"","publisher":{"@id":"https:\/\/ictdf.synergyecosys.io\/#organization"},"potentialAction":[{"@type":"SearchAction","target":{"@type":"EntryPoint","urlTemplate":"https:\/\/ictdf.synergyecosys.io\/?s={search_term_string}"},"query-input":{"@type":"PropertyValueSpecification","valueRequired":true,"valueName":"search_term_string"}}],"inLanguage":"pt-BR"},{"@type":"Organization","@id":"https:\/\/ictdf.synergyecosys.io\/#organization","name":"ICTDF","url":"https:\/\/ictdf.synergyecosys.io\/","logo":{"@type":"ImageObject","inLanguage":"pt-BR","@id":"https:\/\/ictdf.synergyecosys.io\/#\/schema\/logo\/image\/","url":"https:\/\/ictdf.synergyecosys.io\/wp-content\/uploads\/2026\/02\/cropped-cropped-ICTDF_logo_transparente.png","contentUrl":"https:\/\/ictdf.synergyecosys.io\/wp-content\/uploads\/2026\/02\/cropped-cropped-ICTDF_logo_transparente.png","width":450,"height":141,"caption":"ICTDF"},"image":{"@id":"https:\/\/ictdf.synergyecosys.io\/#\/schema\/logo\/image\/"}},{"@type":"Person","@id":"https:\/\/ictdf.synergyecosys.io\/#\/schema\/person\/0b4488974b7b485188c0c01cb9f95b21","name":"admin","image":{"@type":"ImageObject","inLanguage":"pt-BR","@id":"https:\/\/ictdf.synergyecosys.io\/#\/schema\/person\/image\/","url":"https:\/\/secure.gravatar.com\/avatar\/ee6b87b4bde4f4817334740781bdb6e270748065085879a5aa2018d8006922fa?s=96&d=mm&r=g","contentUrl":"https:\/\/secure.gravatar.com\/avatar\/ee6b87b4bde4f4817334740781bdb6e270748065085879a5aa2018d8006922fa?s=96&d=mm&r=g","caption":"admin"},"sameAs":["https:\/\/ictdf.synergyecosys.io"],"url":"https:\/\/ictdf.synergyecosys.io\/?author=1"}]}},"_links":{"self":[{"href":"https:\/\/ictdf.synergyecosys.io\/index.php?rest_route=\/wp\/v2\/posts\/741","targetHints":{"allow":["GET"]}}],"collection":[{"href":"https:\/\/ictdf.synergyecosys.io\/index.php?rest_route=\/wp\/v2\/posts"}],"about":[{"href":"https:\/\/ictdf.synergyecosys.io\/index.php?rest_route=\/wp\/v2\/types\/post"}],"author":[{"embeddable":true,"href":"https:\/\/ictdf.synergyecosys.io\/index.php?rest_route=\/wp\/v2\/users\/1"}],"replies":[{"embeddable":true,"href":"https:\/\/ictdf.synergyecosys.io\/index.php?rest_route=%2Fwp%2Fv2%2Fcomments&post=741"}],"version-history":[{"count":0,"href":"https:\/\/ictdf.synergyecosys.io\/index.php?rest_route=\/wp\/v2\/posts\/741\/revisions"}],"wp:featuredmedia":[{"embeddable":true,"href":"https:\/\/ictdf.synergyecosys.io\/index.php?rest_route=\/wp\/v2\/media\/740"}],"wp:attachment":[{"href":"https:\/\/ictdf.synergyecosys.io\/index.php?rest_route=%2Fwp%2Fv2%2Fmedia&parent=741"}],"wp:term":[{"taxonomy":"category","embeddable":true,"href":"https:\/\/ictdf.synergyecosys.io\/index.php?rest_route=%2Fwp%2Fv2%2Fcategories&post=741"},{"taxonomy":"post_tag","embeddable":true,"href":"https:\/\/ictdf.synergyecosys.io\/index.php?rest_route=%2Fwp%2Fv2%2Ftags&post=741"}],"curies":[{"name":"wp","href":"https:\/\/api.w.org\/{rel}","templated":true}]}}