{"id":739,"date":"2026-04-16T22:32:17","date_gmt":"2026-04-17T01:32:17","guid":{"rendered":"https:\/\/ictdf.synergyecosys.io\/?p=739"},"modified":"2026-04-16T22:32:17","modified_gmt":"2026-04-17T01:32:17","slug":"entenda-os-sintomas-do-alzheimer-em-estagio-avancado-como-o-do-ex-presidente-fhc","status":"publish","type":"post","link":"https:\/\/ictdf.synergyecosys.io\/?p=739","title":{"rendered":"Entenda os Sintomas do Alzheimer em Est\u00e1gio Avan\u00e7ado, como o do Ex-Presidente FHC"},"content":{"rendered":"<p>Quando falamos de Alzheimer, uma doen\u00e7a que afeta milh\u00f5es ao redor do mundo, o est\u00e1gio avan\u00e7ado traz desafios profundos para pacientes e fam\u00edlias. Recentemente, o caso do ex-presidente Fernando Henrique Cardoso, ou FHC, chamou aten\u00e7\u00e3o para essa realidade. Ele revelou publicamente seu diagn\u00f3stico, destacando a import\u00e2ncia de entender os sintomas para melhor apoio. Neste artigo, vamos descomplicar o que acontece nessa fase, de forma simples e emp\u00e1tica.<\/p>\n<p>Eu analisei diversas fontes confi\u00e1veis para trazer informa\u00e7\u00f5es claras, ajudando voc\u00ea a reconhecer os sinais e o que eles significam no dia a dia.<\/p>\n<h2>O Que Acontece no Est\u00e1gio Avan\u00e7ado do Alzheimer<\/h2>\n<p>No est\u00e1gio avan\u00e7ado, o Alzheimer j\u00e1 progrediu bastante, afetando n\u00e3o s\u00f3 a mem\u00f3ria, mas fun\u00e7\u00f5es b\u00e1sicas do corpo e da mente. Diferente dos est\u00e1gios iniciais, onde a confus\u00e3o \u00e9 leve, aqui a depend\u00eancia \u00e9 total. Imagine algu\u00e9m que um dia liderou uma na\u00e7\u00e3o, como FHC, agora enfrentando perdas que mudam completamente a rotina.<\/p>\n<p>Os <strong>neur\u00f4nios<\/strong> \u2013 as c\u00e9lulas do c\u00e9rebro respons\u00e1veis por pensamentos e movimentos \u2013 s\u00e3o amplamente danificados. Isso leva a uma deteriora\u00e7\u00e3o progressiva, e \u00e9 por isso que os sintomas se intensificam tanto.<\/p>\n<h3>Perda de Mem\u00f3ria e Confus\u00e3o Severa<\/h3>\n<p>Uma das marcas \u00e9 a perda quase total de mem\u00f3ria recente e at\u00e9 de longo prazo. O paciente pode n\u00e3o reconhecer familiares ou se lembrar de eventos da pr\u00f3pria vida. No caso de figuras p\u00fablicas como FHC, isso pode ser ainda mais impactante, pois afeta a identidade constru\u00edda ao longo dos anos.<\/p>\n<h2>Impactos Pr\u00e1ticos no Dia a Dia<\/h2>\n<p>Os sintomas v\u00e3o al\u00e9m da mente: h\u00e1 dificuldade em se comunicar, com fala confusa ou sil\u00eancio prolongado. Movimentos ficam lentos, e tarefas simples como vestir-se ou comer exigem ajuda constante. Isso cria um fardo emocional e f\u00edsico para cuidadores, que precisam de suporte para evitar exaust\u00e3o.<\/p>\n<p>Para a sociedade, casos como o de FHC destacam a necessidade de pol\u00edticas p\u00fablicas melhores para idosos com dem\u00eancias. Empresas e fam\u00edlias sentem o peso, com custos crescentes em cuidados de sa\u00fade.<\/p>\n<h3>Problemas F\u00edsicos e Riscos Associados<\/h3>\n<p>Em est\u00e1gios finais, surgem issues como dificuldade para engolir, aumentando o risco de pneumonia por aspira\u00e7\u00e3o. A mobilidade reduzida leva a \u00falceras de press\u00e3o e infec\u00e7\u00f5es. \u00c9 um ciclo que exige vigil\u00e2ncia constante.<\/p>\n<h2>Como Lidar e Perspectivas Futuras<\/h2>\n<p>Embora n\u00e3o haja cura, tratamentos paliativos aliviam sintomas. Medicamentos ajudam com agita\u00e7\u00e3o, e terapias ocupacionais mant\u00eam alguma independ\u00eancia. No horizonte, pesquisas em neuroci\u00eancia prometem avan\u00e7os, como terapias gen\u00e9ticas ou medicamentos que retardam a progress\u00e3o.<\/p>\n<p>Recomendo que fam\u00edlias busquem grupos de apoio e profissionais especializados. No Brasil, institui\u00e7\u00f5es como a ABRAz oferecem recursos valiosos.<\/p>\n<h2>Reflex\u00f5es Finais sobre o Alzheimer Avan\u00e7ado<\/h2>\n<p>Entender os sintomas do Alzheimer em est\u00e1gio avan\u00e7ado, especialmente atrav\u00e9s de exemplos reais como o de FHC, nos lembra da humanidade por tr\u00e1s da doen\u00e7a. \u00c9 uma jornada de perda, mas tamb\u00e9m de compaix\u00e3o e resili\u00eancia. Se voc\u00ea ou um ente querido enfrenta isso, saiba que n\u00e3o est\u00e1 sozinho \u2013 converse com especialistas e cuide do bem-estar emocional de todos envolvidos. Vamos espalhar awareness para um futuro mais solid\u00e1rio.<\/p>\n","protected":false},"excerpt":{"rendered":"<p>Descubra os sintomas do Alzheimer em est\u00e1gio avan\u00e7ado, como os observados no ex-presidente FHC. Entenda os sinais, impactos e como lidar com essa fase da doen\u00e7a de forma acess\u00edvel e informativa.<\/p>\n","protected":false},"author":1,"featured_media":738,"comment_status":"open","ping_status":"open","sticky":false,"template":"","format":"standard","meta":{"_acf_changed":false,"_eb_attr":"","footnotes":"","_wpscppro_dont_share_socialmedia":false,"_wpscppro_custom_social_share_image":0,"_facebook_share_type":"","_twitter_share_type":"","_linkedin_share_type":"","_pinterest_share_type":"","_linkedin_share_type_page":"","_instagram_share_type":"","_medium_share_type":"","_threads_share_type":"","_google_business_share_type":"","_selected_social_profile":[],"_wpsp_enable_custom_social_template":false,"_wpsp_social_scheduling":{"enabled":false,"datetime":null,"platforms":[],"status":"template_only","dateOption":"today","timeOption":"now","customDays":"","customHours":"","customDate":"","customTime":"","schedulingType":"absolute"},"_wpsp_active_default_template":true},"categories":[3],"tags":[],"class_list":["post-739","post","type-post","status-publish","format-standard","has-post-thumbnail","hentry","category-bem-estar"],"acf":[],"yoast_head":"<!-- This site is optimized with the Yoast SEO plugin v26.9 - https:\/\/yoast.com\/product\/yoast-seo-wordpress\/ -->\n<title>Entenda os Sintomas do Alzheimer em Est\u00e1gio Avan\u00e7ado, como o do Ex-Presidente FHC - ICTDF<\/title>\n<meta name=\"robots\" content=\"index, follow, max-snippet:-1, max-image-preview:large, max-video-preview:-1\" \/>\n<link rel=\"canonical\" href=\"https:\/\/ictdf.synergyecosys.io\/?p=739\" \/>\n<meta property=\"og:locale\" content=\"pt_BR\" \/>\n<meta property=\"og:type\" content=\"article\" \/>\n<meta property=\"og:title\" content=\"Entenda os Sintomas do Alzheimer em Est\u00e1gio Avan\u00e7ado, como o do Ex-Presidente FHC - ICTDF\" \/>\n<meta property=\"og:description\" content=\"Descubra os sintomas do Alzheimer em est\u00e1gio avan\u00e7ado, como os observados no ex-presidente FHC. Entenda os sinais, impactos e como lidar com essa fase da doen\u00e7a de forma acess\u00edvel e informativa.\" \/>\n<meta property=\"og:url\" content=\"https:\/\/ictdf.synergyecosys.io\/?p=739\" \/>\n<meta property=\"og:site_name\" content=\"ICTDF\" \/>\n<meta property=\"article:published_time\" content=\"2026-04-17T01:32:17+00:00\" \/>\n<meta name=\"author\" content=\"admin\" \/>\n<meta name=\"twitter:card\" content=\"summary_large_image\" \/>\n<meta name=\"twitter:label1\" content=\"Escrito por\" \/>\n\t<meta name=\"twitter:data1\" content=\"admin\" \/>\n\t<meta name=\"twitter:label2\" content=\"Est. tempo de leitura\" \/>\n\t<meta name=\"twitter:data2\" content=\"3 minutos\" \/>\n<script type=\"application\/ld+json\" class=\"yoast-schema-graph\">{\"@context\":\"https:\/\/schema.org\",\"@graph\":[{\"@type\":\"Article\",\"@id\":\"https:\/\/ictdf.synergyecosys.io\/?p=739#article\",\"isPartOf\":{\"@id\":\"https:\/\/ictdf.synergyecosys.io\/?p=739\"},\"author\":{\"name\":\"admin\",\"@id\":\"https:\/\/ictdf.synergyecosys.io\/#\/schema\/person\/0b4488974b7b485188c0c01cb9f95b21\"},\"headline\":\"Entenda os Sintomas do Alzheimer em Est\u00e1gio Avan\u00e7ado, como o do Ex-Presidente FHC\",\"datePublished\":\"2026-04-17T01:32:17+00:00\",\"mainEntityOfPage\":{\"@id\":\"https:\/\/ictdf.synergyecosys.io\/?p=739\"},\"wordCount\":579,\"commentCount\":0,\"publisher\":{\"@id\":\"https:\/\/ictdf.synergyecosys.io\/#organization\"},\"image\":{\"@id\":\"https:\/\/ictdf.synergyecosys.io\/?p=739#primaryimage\"},\"thumbnailUrl\":\"https:\/\/ictdf.synergyecosys.io\/wp-content\/uploads\/2026\/04\/imagem-Sintomas-do-Alzheimer-Avanyado-Caso-FHC-Explicado.png\",\"articleSection\":[\"Bem-estar\"],\"inLanguage\":\"pt-BR\",\"potentialAction\":[{\"@type\":\"CommentAction\",\"name\":\"Comment\",\"target\":[\"https:\/\/ictdf.synergyecosys.io\/?p=739#respond\"]}]},{\"@type\":\"WebPage\",\"@id\":\"https:\/\/ictdf.synergyecosys.io\/?p=739\",\"url\":\"https:\/\/ictdf.synergyecosys.io\/?p=739\",\"name\":\"Entenda os Sintomas do Alzheimer em Est\u00e1gio Avan\u00e7ado, como o do Ex-Presidente FHC - ICTDF\",\"isPartOf\":{\"@id\":\"https:\/\/ictdf.synergyecosys.io\/#website\"},\"primaryImageOfPage\":{\"@id\":\"https:\/\/ictdf.synergyecosys.io\/?p=739#primaryimage\"},\"image\":{\"@id\":\"https:\/\/ictdf.synergyecosys.io\/?p=739#primaryimage\"},\"thumbnailUrl\":\"https:\/\/ictdf.synergyecosys.io\/wp-content\/uploads\/2026\/04\/imagem-Sintomas-do-Alzheimer-Avanyado-Caso-FHC-Explicado.png\",\"datePublished\":\"2026-04-17T01:32:17+00:00\",\"breadcrumb\":{\"@id\":\"https:\/\/ictdf.synergyecosys.io\/?p=739#breadcrumb\"},\"inLanguage\":\"pt-BR\",\"potentialAction\":[{\"@type\":\"ReadAction\",\"target\":[\"https:\/\/ictdf.synergyecosys.io\/?p=739\"]}]},{\"@type\":\"ImageObject\",\"inLanguage\":\"pt-BR\",\"@id\":\"https:\/\/ictdf.synergyecosys.io\/?p=739#primaryimage\",\"url\":\"https:\/\/ictdf.synergyecosys.io\/wp-content\/uploads\/2026\/04\/imagem-Sintomas-do-Alzheimer-Avanyado-Caso-FHC-Explicado.png\",\"contentUrl\":\"https:\/\/ictdf.synergyecosys.io\/wp-content\/uploads\/2026\/04\/imagem-Sintomas-do-Alzheimer-Avanyado-Caso-FHC-Explicado.png\",\"width\":1696,\"height\":960},{\"@type\":\"BreadcrumbList\",\"@id\":\"https:\/\/ictdf.synergyecosys.io\/?p=739#breadcrumb\",\"itemListElement\":[{\"@type\":\"ListItem\",\"position\":1,\"name\":\"In\u00edcio\",\"item\":\"https:\/\/ictdf.synergyecosys.io\/\"},{\"@type\":\"ListItem\",\"position\":2,\"name\":\"Entenda os Sintomas do Alzheimer em Est\u00e1gio Avan\u00e7ado, como o do Ex-Presidente FHC\"}]},{\"@type\":\"WebSite\",\"@id\":\"https:\/\/ictdf.synergyecosys.io\/#website\",\"url\":\"https:\/\/ictdf.synergyecosys.io\/\",\"name\":\"ICTDF\",\"description\":\"\",\"publisher\":{\"@id\":\"https:\/\/ictdf.synergyecosys.io\/#organization\"},\"potentialAction\":[{\"@type\":\"SearchAction\",\"target\":{\"@type\":\"EntryPoint\",\"urlTemplate\":\"https:\/\/ictdf.synergyecosys.io\/?s={search_term_string}\"},\"query-input\":{\"@type\":\"PropertyValueSpecification\",\"valueRequired\":true,\"valueName\":\"search_term_string\"}}],\"inLanguage\":\"pt-BR\"},{\"@type\":\"Organization\",\"@id\":\"https:\/\/ictdf.synergyecosys.io\/#organization\",\"name\":\"ICTDF\",\"url\":\"https:\/\/ictdf.synergyecosys.io\/\",\"logo\":{\"@type\":\"ImageObject\",\"inLanguage\":\"pt-BR\",\"@id\":\"https:\/\/ictdf.synergyecosys.io\/#\/schema\/logo\/image\/\",\"url\":\"https:\/\/ictdf.synergyecosys.io\/wp-content\/uploads\/2026\/02\/cropped-cropped-ICTDF_logo_transparente.png\",\"contentUrl\":\"https:\/\/ictdf.synergyecosys.io\/wp-content\/uploads\/2026\/02\/cropped-cropped-ICTDF_logo_transparente.png\",\"width\":450,\"height\":141,\"caption\":\"ICTDF\"},\"image\":{\"@id\":\"https:\/\/ictdf.synergyecosys.io\/#\/schema\/logo\/image\/\"}},{\"@type\":\"Person\",\"@id\":\"https:\/\/ictdf.synergyecosys.io\/#\/schema\/person\/0b4488974b7b485188c0c01cb9f95b21\",\"name\":\"admin\",\"image\":{\"@type\":\"ImageObject\",\"inLanguage\":\"pt-BR\",\"@id\":\"https:\/\/ictdf.synergyecosys.io\/#\/schema\/person\/image\/\",\"url\":\"https:\/\/secure.gravatar.com\/avatar\/ee6b87b4bde4f4817334740781bdb6e270748065085879a5aa2018d8006922fa?s=96&d=mm&r=g\",\"contentUrl\":\"https:\/\/secure.gravatar.com\/avatar\/ee6b87b4bde4f4817334740781bdb6e270748065085879a5aa2018d8006922fa?s=96&d=mm&r=g\",\"caption\":\"admin\"},\"sameAs\":[\"https:\/\/ictdf.synergyecosys.io\"],\"url\":\"https:\/\/ictdf.synergyecosys.io\/?author=1\"}]}<\/script>\n<!-- \/ Yoast SEO plugin. -->","yoast_head_json":{"title":"Entenda os Sintomas do Alzheimer em Est\u00e1gio Avan\u00e7ado, como o do Ex-Presidente FHC - ICTDF","robots":{"index":"index","follow":"follow","max-snippet":"max-snippet:-1","max-image-preview":"max-image-preview:large","max-video-preview":"max-video-preview:-1"},"canonical":"https:\/\/ictdf.synergyecosys.io\/?p=739","og_locale":"pt_BR","og_type":"article","og_title":"Entenda os Sintomas do Alzheimer em Est\u00e1gio Avan\u00e7ado, como o do Ex-Presidente FHC - ICTDF","og_description":"Descubra os sintomas do Alzheimer em est\u00e1gio avan\u00e7ado, como os observados no ex-presidente FHC. Entenda os sinais, impactos e como lidar com essa fase da doen\u00e7a de forma acess\u00edvel e informativa.","og_url":"https:\/\/ictdf.synergyecosys.io\/?p=739","og_site_name":"ICTDF","article_published_time":"2026-04-17T01:32:17+00:00","author":"admin","twitter_card":"summary_large_image","twitter_misc":{"Escrito por":"admin","Est. tempo de leitura":"3 minutos"},"schema":{"@context":"https:\/\/schema.org","@graph":[{"@type":"Article","@id":"https:\/\/ictdf.synergyecosys.io\/?p=739#article","isPartOf":{"@id":"https:\/\/ictdf.synergyecosys.io\/?p=739"},"author":{"name":"admin","@id":"https:\/\/ictdf.synergyecosys.io\/#\/schema\/person\/0b4488974b7b485188c0c01cb9f95b21"},"headline":"Entenda os Sintomas do Alzheimer em Est\u00e1gio Avan\u00e7ado, como o do Ex-Presidente FHC","datePublished":"2026-04-17T01:32:17+00:00","mainEntityOfPage":{"@id":"https:\/\/ictdf.synergyecosys.io\/?p=739"},"wordCount":579,"commentCount":0,"publisher":{"@id":"https:\/\/ictdf.synergyecosys.io\/#organization"},"image":{"@id":"https:\/\/ictdf.synergyecosys.io\/?p=739#primaryimage"},"thumbnailUrl":"https:\/\/ictdf.synergyecosys.io\/wp-content\/uploads\/2026\/04\/imagem-Sintomas-do-Alzheimer-Avanyado-Caso-FHC-Explicado.png","articleSection":["Bem-estar"],"inLanguage":"pt-BR","potentialAction":[{"@type":"CommentAction","name":"Comment","target":["https:\/\/ictdf.synergyecosys.io\/?p=739#respond"]}]},{"@type":"WebPage","@id":"https:\/\/ictdf.synergyecosys.io\/?p=739","url":"https:\/\/ictdf.synergyecosys.io\/?p=739","name":"Entenda os Sintomas do Alzheimer em Est\u00e1gio Avan\u00e7ado, como o do Ex-Presidente FHC - ICTDF","isPartOf":{"@id":"https:\/\/ictdf.synergyecosys.io\/#website"},"primaryImageOfPage":{"@id":"https:\/\/ictdf.synergyecosys.io\/?p=739#primaryimage"},"image":{"@id":"https:\/\/ictdf.synergyecosys.io\/?p=739#primaryimage"},"thumbnailUrl":"https:\/\/ictdf.synergyecosys.io\/wp-content\/uploads\/2026\/04\/imagem-Sintomas-do-Alzheimer-Avanyado-Caso-FHC-Explicado.png","datePublished":"2026-04-17T01:32:17+00:00","breadcrumb":{"@id":"https:\/\/ictdf.synergyecosys.io\/?p=739#breadcrumb"},"inLanguage":"pt-BR","potentialAction":[{"@type":"ReadAction","target":["https:\/\/ictdf.synergyecosys.io\/?p=739"]}]},{"@type":"ImageObject","inLanguage":"pt-BR","@id":"https:\/\/ictdf.synergyecosys.io\/?p=739#primaryimage","url":"https:\/\/ictdf.synergyecosys.io\/wp-content\/uploads\/2026\/04\/imagem-Sintomas-do-Alzheimer-Avanyado-Caso-FHC-Explicado.png","contentUrl":"https:\/\/ictdf.synergyecosys.io\/wp-content\/uploads\/2026\/04\/imagem-Sintomas-do-Alzheimer-Avanyado-Caso-FHC-Explicado.png","width":1696,"height":960},{"@type":"BreadcrumbList","@id":"https:\/\/ictdf.synergyecosys.io\/?p=739#breadcrumb","itemListElement":[{"@type":"ListItem","position":1,"name":"In\u00edcio","item":"https:\/\/ictdf.synergyecosys.io\/"},{"@type":"ListItem","position":2,"name":"Entenda os Sintomas do Alzheimer em Est\u00e1gio Avan\u00e7ado, como o do Ex-Presidente FHC"}]},{"@type":"WebSite","@id":"https:\/\/ictdf.synergyecosys.io\/#website","url":"https:\/\/ictdf.synergyecosys.io\/","name":"ICTDF","description":"","publisher":{"@id":"https:\/\/ictdf.synergyecosys.io\/#organization"},"potentialAction":[{"@type":"SearchAction","target":{"@type":"EntryPoint","urlTemplate":"https:\/\/ictdf.synergyecosys.io\/?s={search_term_string}"},"query-input":{"@type":"PropertyValueSpecification","valueRequired":true,"valueName":"search_term_string"}}],"inLanguage":"pt-BR"},{"@type":"Organization","@id":"https:\/\/ictdf.synergyecosys.io\/#organization","name":"ICTDF","url":"https:\/\/ictdf.synergyecosys.io\/","logo":{"@type":"ImageObject","inLanguage":"pt-BR","@id":"https:\/\/ictdf.synergyecosys.io\/#\/schema\/logo\/image\/","url":"https:\/\/ictdf.synergyecosys.io\/wp-content\/uploads\/2026\/02\/cropped-cropped-ICTDF_logo_transparente.png","contentUrl":"https:\/\/ictdf.synergyecosys.io\/wp-content\/uploads\/2026\/02\/cropped-cropped-ICTDF_logo_transparente.png","width":450,"height":141,"caption":"ICTDF"},"image":{"@id":"https:\/\/ictdf.synergyecosys.io\/#\/schema\/logo\/image\/"}},{"@type":"Person","@id":"https:\/\/ictdf.synergyecosys.io\/#\/schema\/person\/0b4488974b7b485188c0c01cb9f95b21","name":"admin","image":{"@type":"ImageObject","inLanguage":"pt-BR","@id":"https:\/\/ictdf.synergyecosys.io\/#\/schema\/person\/image\/","url":"https:\/\/secure.gravatar.com\/avatar\/ee6b87b4bde4f4817334740781bdb6e270748065085879a5aa2018d8006922fa?s=96&d=mm&r=g","contentUrl":"https:\/\/secure.gravatar.com\/avatar\/ee6b87b4bde4f4817334740781bdb6e270748065085879a5aa2018d8006922fa?s=96&d=mm&r=g","caption":"admin"},"sameAs":["https:\/\/ictdf.synergyecosys.io"],"url":"https:\/\/ictdf.synergyecosys.io\/?author=1"}]}},"_links":{"self":[{"href":"https:\/\/ictdf.synergyecosys.io\/index.php?rest_route=\/wp\/v2\/posts\/739","targetHints":{"allow":["GET"]}}],"collection":[{"href":"https:\/\/ictdf.synergyecosys.io\/index.php?rest_route=\/wp\/v2\/posts"}],"about":[{"href":"https:\/\/ictdf.synergyecosys.io\/index.php?rest_route=\/wp\/v2\/types\/post"}],"author":[{"embeddable":true,"href":"https:\/\/ictdf.synergyecosys.io\/index.php?rest_route=\/wp\/v2\/users\/1"}],"replies":[{"embeddable":true,"href":"https:\/\/ictdf.synergyecosys.io\/index.php?rest_route=%2Fwp%2Fv2%2Fcomments&post=739"}],"version-history":[{"count":0,"href":"https:\/\/ictdf.synergyecosys.io\/index.php?rest_route=\/wp\/v2\/posts\/739\/revisions"}],"wp:featuredmedia":[{"embeddable":true,"href":"https:\/\/ictdf.synergyecosys.io\/index.php?rest_route=\/wp\/v2\/media\/738"}],"wp:attachment":[{"href":"https:\/\/ictdf.synergyecosys.io\/index.php?rest_route=%2Fwp%2Fv2%2Fmedia&parent=739"}],"wp:term":[{"taxonomy":"category","embeddable":true,"href":"https:\/\/ictdf.synergyecosys.io\/index.php?rest_route=%2Fwp%2Fv2%2Fcategories&post=739"},{"taxonomy":"post_tag","embeddable":true,"href":"https:\/\/ictdf.synergyecosys.io\/index.php?rest_route=%2Fwp%2Fv2%2Ftags&post=739"}],"curies":[{"name":"wp","href":"https:\/\/api.w.org\/{rel}","templated":true}]}}