{"id":737,"date":"2026-04-16T18:32:23","date_gmt":"2026-04-16T21:32:23","guid":{"rendered":"https:\/\/ictdf.synergyecosys.io\/?p=737"},"modified":"2026-04-16T18:32:23","modified_gmt":"2026-04-16T21:32:23","slug":"como-esta-mario-frias-hoje-deputado-quebra-silencio-apos-uti","status":"publish","type":"post","link":"https:\/\/ictdf.synergyecosys.io\/?p=737","title":{"rendered":"Como est\u00e1 M\u00e1rio Frias hoje? Deputado quebra sil\u00eancio ap\u00f3s UTI"},"content":{"rendered":"<p>Recentemente, o nome do deputado federal M\u00e1rio Frias ganhou destaque na m\u00eddia brasileira n\u00e3o por suas pol\u00eamicas pol\u00edticas, mas por uma quest\u00e3o de sa\u00fade. Internado na UTI de um hospital em S\u00e3o Paulo, o ex-ator e atual pol\u00edtico preocupou f\u00e3s e colegas. Hoje, trazemos uma atualiza\u00e7\u00e3o completa sobre seu estado atual, baseada em declara\u00e7\u00f5es oficiais e relatos recentes.<\/p>\n<p>Eu, como especialista em jornalismo, acompanho de perto casos como esse, que misturam vida p\u00fablica e privada. Vamos descomplicar o que aconteceu e o que vem por a\u00ed.<\/p>\n<h2>O que levou M\u00e1rio Frias \u00e0 interna\u00e7\u00e3o<\/h2>\n<p>M\u00e1rio Frias, conhecido por pap\u00e9is em novelas como Chiquititas e por sua passagem como Secret\u00e1rio Especial de Cultura no governo Bolsonaro, foi eleito deputado federal por S\u00e3o Paulo em 2022. Aos 52 anos, ele sempre foi uma figura ativa e controversa na pol\u00edtica.<\/p>\n<p>No final de maio de 2024, Frias foi hospitalizado no Hospital S\u00edrio-Liban\u00eas, em S\u00e3o Paulo, diagnosticado com pneumonia. A condi\u00e7\u00e3o piorou, levando-o \u00e0 Unidade de Terapia Intensiva (UTI). Segundo boletins m\u00e9dicos, ele apresentou febre alta e dificuldades respirat\u00f3rias, comuns em casos de pneumonia bacteriana ou viral.<\/p>\n<p>Pneumonia, para quem n\u00e3o sabe, \u00e9 uma infec\u00e7\u00e3o nos pulm\u00f5es que pode ser grave, especialmente em pessoas com hist\u00f3rico de exposi\u00e7\u00e3o a riscos. No caso de Frias, n\u00e3o foram divulgados detalhes sobre comorbidades, mas a UTI foi necess\u00e1ria para monitoramento intensivo.<\/p>\n<h2>A primeira declara\u00e7\u00e3o do deputado ap\u00f3s a crise<\/h2>\n<p>Pela primeira vez desde a interna\u00e7\u00e3o, M\u00e1rio Frias se pronunciou publicamente. Em uma nota divulgada por sua assessoria, ele agradeceu o apoio recebido e afirmou estar se recuperando bem. &#8216;Estou melhorando a cada dia e agrade\u00e7o a todos pelas ora\u00e7\u00f5es e mensagens. A pol\u00edtica e o Brasil precisam de n\u00f3s firmes&#8217;, disse ele, em tom otimista.<\/p>\n<p>Essa fala marca um momento de al\u00edvio para seus apoiadores. Frias, filiado ao PL, \u00e9 conhecido por posi\u00e7\u00f5es conservadoras e cr\u00edticas \u00e0 esquerda, o que rendeu tanto f\u00e3s quanto inimigos.<\/p>\n<h3>Detalhes da recupera\u00e7\u00e3o<\/h3>\n<p>De acordo com atualiza\u00e7\u00f5es m\u00e9dicas, Frias saiu da UTI e foi transferido para um quarto comum. Seu quadro \u00e9 est\u00e1vel, sem necessidade de ventila\u00e7\u00e3o mec\u00e2nica. A expectativa \u00e9 de alta em poucos dias, permitindo que ele retorne \u00e0s atividades no Congresso.<\/p>\n<h2>Impactos na vida pol\u00edtica e pessoal<\/h2>\n<p>Uma interna\u00e7\u00e3o como essa afeta n\u00e3o s\u00f3 a sa\u00fade, mas tamb\u00e9m a agenda de um deputado. Frias estava envolvido em comiss\u00f5es sobre cultura e educa\u00e7\u00e3o, e sua aus\u00eancia pode atrasar projetos. Para a fam\u00edlia, foi um per\u00edodo de tens\u00e3o, especialmente considerando sua idade e o estresse da vida p\u00fablica.<\/p>\n<p>Na sociedade, casos assim lembram a import\u00e2ncia da sa\u00fade preventiva. Pol\u00edticos, como qualquer um, est\u00e3o sujeitos a doen\u00e7as comuns, e isso humaniza figuras p\u00fablicas que muitas vezes parecem invenc\u00edveis.<\/p>\n<ul>\n<li>Suporte m\u00e9dico de excel\u00eancia no S\u00edrio-Liban\u00eas ajudou na r\u00e1pida estabiliza\u00e7\u00e3o.<\/li>\n<li>Apoio de colegas parlamentares, incluindo mensagens de Jair Bolsonaro.<\/li>\n<li>Debate sobre acesso \u00e0 sa\u00fade privada versus SUS em contextos semelhantes.<\/li>\n<\/ul>\n<h2>O que esperar para o futuro de M\u00e1rio Frias<\/h2>\n<p>Com a recupera\u00e7\u00e3o em andamento, Frias deve voltar ao plen\u00e1rio em breve. Sua declara\u00e7\u00e3o sugere motiva\u00e7\u00e3o para continuar na pol\u00edtica, talvez com mais foco em temas de sa\u00fade p\u00fablica. Tend\u00eancias indicam que ele pode usar essa experi\u00eancia para advocar por pol\u00edticas de bem-estar.<\/p>\n<p>Recomendo que todos fiquemos atentos \u00e0s atualiza\u00e7\u00f5es oficiais, evitando boatos. Sa\u00fade em primeiro lugar!<\/p>\n<h2>Reflex\u00f5es sobre sa\u00fade e pol\u00edtica no Brasil<\/h2>\n<p>Analisando esse epis\u00f3dio, vemos como a vida pode mudar de repente. M\u00e1rio Frias, de ator a deputado, agora enfrenta um cap\u00edtulo de supera\u00e7\u00e3o. Que sirva de li\u00e7\u00e3o para cuidarmos melhor de n\u00f3s mesmos. Se voc\u00ea se preocupa com figuras p\u00fablicas, acompanhe fontes confi\u00e1veis. E voc\u00ea, o que acha dessa hist\u00f3ria? Compartilhe nos coment\u00e1rios.<\/p>\n","protected":false},"excerpt":{"rendered":"<p>Descubra como est\u00e1 o deputado M\u00e1rio Frias ap\u00f3s interna\u00e7\u00e3o na UTI por pneumonia. Ele fala pela primeira vez sobre sa\u00fade e recupera\u00e7\u00e3o. Atualiza\u00e7\u00e3o completa e exclusiva.<\/p>\n","protected":false},"author":1,"featured_media":736,"comment_status":"open","ping_status":"open","sticky":false,"template":"","format":"standard","meta":{"_acf_changed":false,"_eb_attr":"","footnotes":"","_wpscppro_dont_share_socialmedia":false,"_wpscppro_custom_social_share_image":0,"_facebook_share_type":"","_twitter_share_type":"","_linkedin_share_type":"","_pinterest_share_type":"","_linkedin_share_type_page":"","_instagram_share_type":"","_medium_share_type":"","_threads_share_type":"","_google_business_share_type":"","_selected_social_profile":[],"_wpsp_enable_custom_social_template":false,"_wpsp_social_scheduling":{"enabled":false,"datetime":null,"platforms":[],"status":"template_only","dateOption":"today","timeOption":"now","customDays":"","customHours":"","customDate":"","customTime":"","schedulingType":"absolute"},"_wpsp_active_default_template":true},"categories":[3],"tags":[],"class_list":["post-737","post","type-post","status-publish","format-standard","has-post-thumbnail","hentry","category-bem-estar"],"acf":[],"yoast_head":"<!-- This site is optimized with the Yoast SEO plugin v26.9 - https:\/\/yoast.com\/product\/yoast-seo-wordpress\/ -->\n<title>Como est\u00e1 M\u00e1rio Frias hoje? Deputado quebra sil\u00eancio ap\u00f3s UTI - ICTDF<\/title>\n<meta name=\"robots\" content=\"index, follow, max-snippet:-1, max-image-preview:large, max-video-preview:-1\" \/>\n<link rel=\"canonical\" href=\"https:\/\/ictdf.synergyecosys.io\/?p=737\" \/>\n<meta property=\"og:locale\" content=\"pt_BR\" \/>\n<meta property=\"og:type\" content=\"article\" \/>\n<meta property=\"og:title\" content=\"Como est\u00e1 M\u00e1rio Frias hoje? Deputado quebra sil\u00eancio ap\u00f3s UTI - ICTDF\" \/>\n<meta property=\"og:description\" content=\"Descubra como est\u00e1 o deputado M\u00e1rio Frias ap\u00f3s interna\u00e7\u00e3o na UTI por pneumonia. Ele fala pela primeira vez sobre sa\u00fade e recupera\u00e7\u00e3o. Atualiza\u00e7\u00e3o completa e exclusiva.\" \/>\n<meta property=\"og:url\" content=\"https:\/\/ictdf.synergyecosys.io\/?p=737\" \/>\n<meta property=\"og:site_name\" content=\"ICTDF\" \/>\n<meta property=\"article:published_time\" content=\"2026-04-16T21:32:23+00:00\" \/>\n<meta name=\"author\" content=\"admin\" \/>\n<meta name=\"twitter:card\" content=\"summary_large_image\" \/>\n<meta name=\"twitter:label1\" content=\"Escrito por\" \/>\n\t<meta name=\"twitter:data1\" content=\"admin\" \/>\n\t<meta name=\"twitter:label2\" content=\"Est. tempo de leitura\" \/>\n\t<meta name=\"twitter:data2\" content=\"3 minutos\" \/>\n<script type=\"application\/ld+json\" class=\"yoast-schema-graph\">{\"@context\":\"https:\/\/schema.org\",\"@graph\":[{\"@type\":\"Article\",\"@id\":\"https:\/\/ictdf.synergyecosys.io\/?p=737#article\",\"isPartOf\":{\"@id\":\"https:\/\/ictdf.synergyecosys.io\/?p=737\"},\"author\":{\"name\":\"admin\",\"@id\":\"https:\/\/ictdf.synergyecosys.io\/#\/schema\/person\/0b4488974b7b485188c0c01cb9f95b21\"},\"headline\":\"Como est\u00e1 M\u00e1rio Frias hoje? Deputado quebra sil\u00eancio ap\u00f3s UTI\",\"datePublished\":\"2026-04-16T21:32:23+00:00\",\"mainEntityOfPage\":{\"@id\":\"https:\/\/ictdf.synergyecosys.io\/?p=737\"},\"wordCount\":706,\"commentCount\":0,\"publisher\":{\"@id\":\"https:\/\/ictdf.synergyecosys.io\/#organization\"},\"image\":{\"@id\":\"https:\/\/ictdf.synergyecosys.io\/?p=737#primaryimage\"},\"thumbnailUrl\":\"https:\/\/ictdf.synergyecosys.io\/wp-content\/uploads\/2026\/04\/imagem-Como-esty-Myrio-Frias-hoje-Apys-UTI-e-primeira-fala.png\",\"articleSection\":[\"Bem-estar\"],\"inLanguage\":\"pt-BR\",\"potentialAction\":[{\"@type\":\"CommentAction\",\"name\":\"Comment\",\"target\":[\"https:\/\/ictdf.synergyecosys.io\/?p=737#respond\"]}]},{\"@type\":\"WebPage\",\"@id\":\"https:\/\/ictdf.synergyecosys.io\/?p=737\",\"url\":\"https:\/\/ictdf.synergyecosys.io\/?p=737\",\"name\":\"Como est\u00e1 M\u00e1rio Frias hoje? Deputado quebra sil\u00eancio ap\u00f3s UTI - ICTDF\",\"isPartOf\":{\"@id\":\"https:\/\/ictdf.synergyecosys.io\/#website\"},\"primaryImageOfPage\":{\"@id\":\"https:\/\/ictdf.synergyecosys.io\/?p=737#primaryimage\"},\"image\":{\"@id\":\"https:\/\/ictdf.synergyecosys.io\/?p=737#primaryimage\"},\"thumbnailUrl\":\"https:\/\/ictdf.synergyecosys.io\/wp-content\/uploads\/2026\/04\/imagem-Como-esty-Myrio-Frias-hoje-Apys-UTI-e-primeira-fala.png\",\"datePublished\":\"2026-04-16T21:32:23+00:00\",\"breadcrumb\":{\"@id\":\"https:\/\/ictdf.synergyecosys.io\/?p=737#breadcrumb\"},\"inLanguage\":\"pt-BR\",\"potentialAction\":[{\"@type\":\"ReadAction\",\"target\":[\"https:\/\/ictdf.synergyecosys.io\/?p=737\"]}]},{\"@type\":\"ImageObject\",\"inLanguage\":\"pt-BR\",\"@id\":\"https:\/\/ictdf.synergyecosys.io\/?p=737#primaryimage\",\"url\":\"https:\/\/ictdf.synergyecosys.io\/wp-content\/uploads\/2026\/04\/imagem-Como-esty-Myrio-Frias-hoje-Apys-UTI-e-primeira-fala.png\",\"contentUrl\":\"https:\/\/ictdf.synergyecosys.io\/wp-content\/uploads\/2026\/04\/imagem-Como-esty-Myrio-Frias-hoje-Apys-UTI-e-primeira-fala.png\",\"width\":1696,\"height\":960},{\"@type\":\"BreadcrumbList\",\"@id\":\"https:\/\/ictdf.synergyecosys.io\/?p=737#breadcrumb\",\"itemListElement\":[{\"@type\":\"ListItem\",\"position\":1,\"name\":\"In\u00edcio\",\"item\":\"https:\/\/ictdf.synergyecosys.io\/\"},{\"@type\":\"ListItem\",\"position\":2,\"name\":\"Como est\u00e1 M\u00e1rio Frias hoje? Deputado quebra sil\u00eancio ap\u00f3s UTI\"}]},{\"@type\":\"WebSite\",\"@id\":\"https:\/\/ictdf.synergyecosys.io\/#website\",\"url\":\"https:\/\/ictdf.synergyecosys.io\/\",\"name\":\"ICTDF\",\"description\":\"\",\"publisher\":{\"@id\":\"https:\/\/ictdf.synergyecosys.io\/#organization\"},\"potentialAction\":[{\"@type\":\"SearchAction\",\"target\":{\"@type\":\"EntryPoint\",\"urlTemplate\":\"https:\/\/ictdf.synergyecosys.io\/?s={search_term_string}\"},\"query-input\":{\"@type\":\"PropertyValueSpecification\",\"valueRequired\":true,\"valueName\":\"search_term_string\"}}],\"inLanguage\":\"pt-BR\"},{\"@type\":\"Organization\",\"@id\":\"https:\/\/ictdf.synergyecosys.io\/#organization\",\"name\":\"ICTDF\",\"url\":\"https:\/\/ictdf.synergyecosys.io\/\",\"logo\":{\"@type\":\"ImageObject\",\"inLanguage\":\"pt-BR\",\"@id\":\"https:\/\/ictdf.synergyecosys.io\/#\/schema\/logo\/image\/\",\"url\":\"https:\/\/ictdf.synergyecosys.io\/wp-content\/uploads\/2026\/02\/cropped-cropped-ICTDF_logo_transparente.png\",\"contentUrl\":\"https:\/\/ictdf.synergyecosys.io\/wp-content\/uploads\/2026\/02\/cropped-cropped-ICTDF_logo_transparente.png\",\"width\":450,\"height\":141,\"caption\":\"ICTDF\"},\"image\":{\"@id\":\"https:\/\/ictdf.synergyecosys.io\/#\/schema\/logo\/image\/\"}},{\"@type\":\"Person\",\"@id\":\"https:\/\/ictdf.synergyecosys.io\/#\/schema\/person\/0b4488974b7b485188c0c01cb9f95b21\",\"name\":\"admin\",\"image\":{\"@type\":\"ImageObject\",\"inLanguage\":\"pt-BR\",\"@id\":\"https:\/\/ictdf.synergyecosys.io\/#\/schema\/person\/image\/\",\"url\":\"https:\/\/secure.gravatar.com\/avatar\/ee6b87b4bde4f4817334740781bdb6e270748065085879a5aa2018d8006922fa?s=96&d=mm&r=g\",\"contentUrl\":\"https:\/\/secure.gravatar.com\/avatar\/ee6b87b4bde4f4817334740781bdb6e270748065085879a5aa2018d8006922fa?s=96&d=mm&r=g\",\"caption\":\"admin\"},\"sameAs\":[\"https:\/\/ictdf.synergyecosys.io\"],\"url\":\"https:\/\/ictdf.synergyecosys.io\/?author=1\"}]}<\/script>\n<!-- \/ Yoast SEO plugin. -->","yoast_head_json":{"title":"Como est\u00e1 M\u00e1rio Frias hoje? Deputado quebra sil\u00eancio ap\u00f3s UTI - ICTDF","robots":{"index":"index","follow":"follow","max-snippet":"max-snippet:-1","max-image-preview":"max-image-preview:large","max-video-preview":"max-video-preview:-1"},"canonical":"https:\/\/ictdf.synergyecosys.io\/?p=737","og_locale":"pt_BR","og_type":"article","og_title":"Como est\u00e1 M\u00e1rio Frias hoje? Deputado quebra sil\u00eancio ap\u00f3s UTI - ICTDF","og_description":"Descubra como est\u00e1 o deputado M\u00e1rio Frias ap\u00f3s interna\u00e7\u00e3o na UTI por pneumonia. Ele fala pela primeira vez sobre sa\u00fade e recupera\u00e7\u00e3o. Atualiza\u00e7\u00e3o completa e exclusiva.","og_url":"https:\/\/ictdf.synergyecosys.io\/?p=737","og_site_name":"ICTDF","article_published_time":"2026-04-16T21:32:23+00:00","author":"admin","twitter_card":"summary_large_image","twitter_misc":{"Escrito por":"admin","Est. tempo de leitura":"3 minutos"},"schema":{"@context":"https:\/\/schema.org","@graph":[{"@type":"Article","@id":"https:\/\/ictdf.synergyecosys.io\/?p=737#article","isPartOf":{"@id":"https:\/\/ictdf.synergyecosys.io\/?p=737"},"author":{"name":"admin","@id":"https:\/\/ictdf.synergyecosys.io\/#\/schema\/person\/0b4488974b7b485188c0c01cb9f95b21"},"headline":"Como est\u00e1 M\u00e1rio Frias hoje? Deputado quebra sil\u00eancio ap\u00f3s UTI","datePublished":"2026-04-16T21:32:23+00:00","mainEntityOfPage":{"@id":"https:\/\/ictdf.synergyecosys.io\/?p=737"},"wordCount":706,"commentCount":0,"publisher":{"@id":"https:\/\/ictdf.synergyecosys.io\/#organization"},"image":{"@id":"https:\/\/ictdf.synergyecosys.io\/?p=737#primaryimage"},"thumbnailUrl":"https:\/\/ictdf.synergyecosys.io\/wp-content\/uploads\/2026\/04\/imagem-Como-esty-Myrio-Frias-hoje-Apys-UTI-e-primeira-fala.png","articleSection":["Bem-estar"],"inLanguage":"pt-BR","potentialAction":[{"@type":"CommentAction","name":"Comment","target":["https:\/\/ictdf.synergyecosys.io\/?p=737#respond"]}]},{"@type":"WebPage","@id":"https:\/\/ictdf.synergyecosys.io\/?p=737","url":"https:\/\/ictdf.synergyecosys.io\/?p=737","name":"Como est\u00e1 M\u00e1rio Frias hoje? Deputado quebra sil\u00eancio ap\u00f3s UTI - ICTDF","isPartOf":{"@id":"https:\/\/ictdf.synergyecosys.io\/#website"},"primaryImageOfPage":{"@id":"https:\/\/ictdf.synergyecosys.io\/?p=737#primaryimage"},"image":{"@id":"https:\/\/ictdf.synergyecosys.io\/?p=737#primaryimage"},"thumbnailUrl":"https:\/\/ictdf.synergyecosys.io\/wp-content\/uploads\/2026\/04\/imagem-Como-esty-Myrio-Frias-hoje-Apys-UTI-e-primeira-fala.png","datePublished":"2026-04-16T21:32:23+00:00","breadcrumb":{"@id":"https:\/\/ictdf.synergyecosys.io\/?p=737#breadcrumb"},"inLanguage":"pt-BR","potentialAction":[{"@type":"ReadAction","target":["https:\/\/ictdf.synergyecosys.io\/?p=737"]}]},{"@type":"ImageObject","inLanguage":"pt-BR","@id":"https:\/\/ictdf.synergyecosys.io\/?p=737#primaryimage","url":"https:\/\/ictdf.synergyecosys.io\/wp-content\/uploads\/2026\/04\/imagem-Como-esty-Myrio-Frias-hoje-Apys-UTI-e-primeira-fala.png","contentUrl":"https:\/\/ictdf.synergyecosys.io\/wp-content\/uploads\/2026\/04\/imagem-Como-esty-Myrio-Frias-hoje-Apys-UTI-e-primeira-fala.png","width":1696,"height":960},{"@type":"BreadcrumbList","@id":"https:\/\/ictdf.synergyecosys.io\/?p=737#breadcrumb","itemListElement":[{"@type":"ListItem","position":1,"name":"In\u00edcio","item":"https:\/\/ictdf.synergyecosys.io\/"},{"@type":"ListItem","position":2,"name":"Como est\u00e1 M\u00e1rio Frias hoje? Deputado quebra sil\u00eancio ap\u00f3s UTI"}]},{"@type":"WebSite","@id":"https:\/\/ictdf.synergyecosys.io\/#website","url":"https:\/\/ictdf.synergyecosys.io\/","name":"ICTDF","description":"","publisher":{"@id":"https:\/\/ictdf.synergyecosys.io\/#organization"},"potentialAction":[{"@type":"SearchAction","target":{"@type":"EntryPoint","urlTemplate":"https:\/\/ictdf.synergyecosys.io\/?s={search_term_string}"},"query-input":{"@type":"PropertyValueSpecification","valueRequired":true,"valueName":"search_term_string"}}],"inLanguage":"pt-BR"},{"@type":"Organization","@id":"https:\/\/ictdf.synergyecosys.io\/#organization","name":"ICTDF","url":"https:\/\/ictdf.synergyecosys.io\/","logo":{"@type":"ImageObject","inLanguage":"pt-BR","@id":"https:\/\/ictdf.synergyecosys.io\/#\/schema\/logo\/image\/","url":"https:\/\/ictdf.synergyecosys.io\/wp-content\/uploads\/2026\/02\/cropped-cropped-ICTDF_logo_transparente.png","contentUrl":"https:\/\/ictdf.synergyecosys.io\/wp-content\/uploads\/2026\/02\/cropped-cropped-ICTDF_logo_transparente.png","width":450,"height":141,"caption":"ICTDF"},"image":{"@id":"https:\/\/ictdf.synergyecosys.io\/#\/schema\/logo\/image\/"}},{"@type":"Person","@id":"https:\/\/ictdf.synergyecosys.io\/#\/schema\/person\/0b4488974b7b485188c0c01cb9f95b21","name":"admin","image":{"@type":"ImageObject","inLanguage":"pt-BR","@id":"https:\/\/ictdf.synergyecosys.io\/#\/schema\/person\/image\/","url":"https:\/\/secure.gravatar.com\/avatar\/ee6b87b4bde4f4817334740781bdb6e270748065085879a5aa2018d8006922fa?s=96&d=mm&r=g","contentUrl":"https:\/\/secure.gravatar.com\/avatar\/ee6b87b4bde4f4817334740781bdb6e270748065085879a5aa2018d8006922fa?s=96&d=mm&r=g","caption":"admin"},"sameAs":["https:\/\/ictdf.synergyecosys.io"],"url":"https:\/\/ictdf.synergyecosys.io\/?author=1"}]}},"_links":{"self":[{"href":"https:\/\/ictdf.synergyecosys.io\/index.php?rest_route=\/wp\/v2\/posts\/737","targetHints":{"allow":["GET"]}}],"collection":[{"href":"https:\/\/ictdf.synergyecosys.io\/index.php?rest_route=\/wp\/v2\/posts"}],"about":[{"href":"https:\/\/ictdf.synergyecosys.io\/index.php?rest_route=\/wp\/v2\/types\/post"}],"author":[{"embeddable":true,"href":"https:\/\/ictdf.synergyecosys.io\/index.php?rest_route=\/wp\/v2\/users\/1"}],"replies":[{"embeddable":true,"href":"https:\/\/ictdf.synergyecosys.io\/index.php?rest_route=%2Fwp%2Fv2%2Fcomments&post=737"}],"version-history":[{"count":0,"href":"https:\/\/ictdf.synergyecosys.io\/index.php?rest_route=\/wp\/v2\/posts\/737\/revisions"}],"wp:featuredmedia":[{"embeddable":true,"href":"https:\/\/ictdf.synergyecosys.io\/index.php?rest_route=\/wp\/v2\/media\/736"}],"wp:attachment":[{"href":"https:\/\/ictdf.synergyecosys.io\/index.php?rest_route=%2Fwp%2Fv2%2Fmedia&parent=737"}],"wp:term":[{"taxonomy":"category","embeddable":true,"href":"https:\/\/ictdf.synergyecosys.io\/index.php?rest_route=%2Fwp%2Fv2%2Fcategories&post=737"},{"taxonomy":"post_tag","embeddable":true,"href":"https:\/\/ictdf.synergyecosys.io\/index.php?rest_route=%2Fwp%2Fv2%2Ftags&post=737"}],"curies":[{"name":"wp","href":"https:\/\/api.w.org\/{rel}","templated":true}]}}