{"id":733,"date":"2026-04-16T15:32:15","date_gmt":"2026-04-16T18:32:15","guid":{"rendered":"https:\/\/ictdf.synergyecosys.io\/?p=733"},"modified":"2026-04-16T15:32:15","modified_gmt":"2026-04-16T18:32:15","slug":"programa-de-saude-do-governo-mais-de-24-mil-indigenas-atendidos","status":"publish","type":"post","link":"https:\/\/ictdf.synergyecosys.io\/?p=733","title":{"rendered":"Programa de Sa\u00fade do Governo: Mais de 24 Mil Ind\u00edgenas Atendidos"},"content":{"rendered":"<p>Imagine viver em uma comunidade ind\u00edgena, longe dos grandes centros urbanos, onde o acesso \u00e0 sa\u00fade \u00e9 um desafio di\u00e1rio. \u00c9 nesse contexto que o programa de sa\u00fade do governo entra em cena, trazendo al\u00edvio e cuidados essenciais. Recentemente, essa iniciativa j\u00e1 atendeu mais de 24 mil ind\u00edgenas, marcando um avan\u00e7o significativo na prote\u00e7\u00e3o da sa\u00fade dessas popula\u00e7\u00f5es.<\/p>\n<p>Eu analisei os dados e relatos sobre esse programa, e o que mais me impressiona \u00e9 o compromisso em respeitar as particularidades culturais e geogr\u00e1ficas das comunidades ind\u00edgenas. Vamos explorar juntos o que isso significa na pr\u00e1tica.<\/p>\n<h2>A Evolu\u00e7\u00e3o da Sa\u00fade Ind\u00edgena no Brasil<\/h2>\n<p>A jornada para melhorar a sa\u00fade dos povos ind\u00edgenas no Brasil come\u00e7ou h\u00e1 d\u00e9cadas. Desde a Constitui\u00e7\u00e3o de 1988, o pa\u00eds reconhece os direitos espec\u00edficos desses grupos, incluindo o acesso a servi\u00e7os de sa\u00fade adaptados \u00e0s suas necessidades.<\/p>\n<p>Em 1994, foi aprovado o Modelo de Aten\u00e7\u00e3o Integral \u00e0 Sa\u00fade Ind\u00edgena, que dividiu responsabilidades entre institui\u00e7\u00f5es como a FUNAI e o Minist\u00e9rio da Sa\u00fade. Mas foi em 2010 que tudo ganhou for\u00e7a com a cria\u00e7\u00e3o da Secretaria Especial de Sa\u00fade Ind\u00edgena (SESAI).<\/p>\n<h3>O Papel da SESAI<\/h3>\n<p>A SESAI coordena a Pol\u00edtica Nacional de Aten\u00e7\u00e3o \u00e0 Sa\u00fade dos Povos Ind\u00edgenas (PNASPI) e o Subsistema de Aten\u00e7\u00e3o \u00e0 Sa\u00fade Ind\u00edgena (SasiSUS). Esses mecanismos garantem atendimento prim\u00e1rio a mais de 750 mil ind\u00edgenas em vilas e aldeias, considerando as caracter\u00edsticas epidemiol\u00f3gicas e socioculturais de cada etnia.<\/p>\n<p>Hoje, com Distritos Sanit\u00e1rios Especiais Ind\u00edgenas (DSEIs), o programa leva m\u00e9dicos, enfermeiros e vacinas diretamente para as comunidades, superando barreiras como rios e florestas.<\/p>\n<h2>Os Impactos Pr\u00e1ticos para as Comunidades<\/h2>\n<p>Atender mais de 24 mil ind\u00edgenas n\u00e3o \u00e9 s\u00f3 um n\u00famero; \u00e9 uma transforma\u00e7\u00e3o real. Pense nas fam\u00edlias que agora t\u00eam acesso a consultas preventivas, tratamentos para doen\u00e7as end\u00eamicas como mal\u00e1ria e tuberculose, e campanhas de vacina\u00e7\u00e3o que salvam vidas.<\/p>\n<p>Para as comunidades, isso significa menos mortalidade infantil, melhor controle de epidemias e empoderamento cultural, j\u00e1 que os profissionais de sa\u00fade s\u00e3o treinados para trabalhar em parceria com os l\u00edderes ind\u00edgenas.<\/p>\n<ul>\n<li>Redu\u00e7\u00e3o de doen\u00e7as infecciosas em \u00e1reas remotas.<\/li>\n<li>Atendimento humanizado que respeita tradi\u00e7\u00f5es.<\/li>\n<li>Investimento em saneamento b\u00e1sico nas aldeias.<\/li>\n<\/ul>\n<h3>Desafios Enfrentados<\/h3>\n<p>No entanto, nem tudo s\u00e3o flores. A pandemia de COVID-19 exp\u00f4s vulnerabilidades, com ind\u00edgenas sofrendo taxas altas de infec\u00e7\u00e3o. O programa respondeu com a\u00e7\u00f5es emergenciais, mas quest\u00f5es como o decreto de 2019, que tentou descentralizar o controle para munic\u00edpios, geraram controv\u00e9rsias e lutas judiciais.<\/p>\n<p>Apesar disso, a resili\u00eancia das comunidades e o trabalho incans\u00e1vel das equipes de sa\u00fade mant\u00eam o programa vivo e impactante.<\/p>\n<h2>Perspectivas Futuras e Recomenda\u00e7\u00f5es<\/h2>\n<p>Olhando para frente, o programa de sa\u00fade ind\u00edgena tem um potencial enorme. Com mais recursos, poder\u00edamos expandir a telemedicina para \u00e1reas isoladas e integrar pr\u00e1ticas tradicionais de cura com a medicina ocidental.<\/p>\n<p>Eu recomendo que todos fiquemos atentos \u00e0s pol\u00edticas p\u00fablicas nessa \u00e1rea. Apoiar ONGs e fiscalizar o uso de verbas \u00e9 crucial para que mais ind\u00edgenas sejam atendidos.<\/p>\n<p>Al\u00e9m disso, tend\u00eancias como o uso de tecnologia para monitoramento de sa\u00fade podem revolucionar o acesso em regi\u00f5es amaz\u00f4nicas.<\/p>\n<h2>Reflex\u00f5es Finais: Um Compromisso Cont\u00ednuo<\/h2>\n<p>Em resumo, o programa de sa\u00fade do governo que j\u00e1 atendeu mais de 24 mil ind\u00edgenas \u00e9 um passo vital para a equidade no Brasil. Ele nos lembra que sa\u00fade \u00e9 direito de todos, especialmente dos mais vulner\u00e1veis. Vamos continuar pressionando por mais investimentos e respeito \u00e0s diversidades culturais. O que voc\u00ea acha? Compartilhe nos coment\u00e1rios sua vis\u00e3o sobre esse tema t\u00e3o importante.<\/p>\n","protected":false},"excerpt":{"rendered":"<p>Descubra como o programa de sa\u00fade do governo brasileiro j\u00e1 beneficiou mais de 24 mil ind\u00edgenas com cuidados essenciais. Entenda o impacto e a import\u00e2ncia dessa iniciativa para as comunidades.<\/p>\n","protected":false},"author":1,"featured_media":732,"comment_status":"open","ping_status":"open","sticky":false,"template":"","format":"standard","meta":{"_acf_changed":false,"_eb_attr":"","footnotes":"","_wpscppro_dont_share_socialmedia":false,"_wpscppro_custom_social_share_image":0,"_facebook_share_type":"","_twitter_share_type":"","_linkedin_share_type":"","_pinterest_share_type":"","_linkedin_share_type_page":"","_instagram_share_type":"","_medium_share_type":"","_threads_share_type":"","_google_business_share_type":"","_selected_social_profile":[],"_wpsp_enable_custom_social_template":false,"_wpsp_social_scheduling":{"enabled":false,"datetime":null,"platforms":[],"status":"template_only","dateOption":"today","timeOption":"now","customDays":"","customHours":"","customDate":"","customTime":"","schedulingType":"absolute"},"_wpsp_active_default_template":true},"categories":[3],"tags":[],"class_list":["post-733","post","type-post","status-publish","format-standard","has-post-thumbnail","hentry","category-bem-estar"],"acf":[],"yoast_head":"<!-- This site is optimized with the Yoast SEO plugin v26.9 - https:\/\/yoast.com\/product\/yoast-seo-wordpress\/ -->\n<title>Programa de Sa\u00fade do Governo: Mais de 24 Mil Ind\u00edgenas Atendidos - ICTDF<\/title>\n<meta name=\"robots\" content=\"index, follow, max-snippet:-1, max-image-preview:large, max-video-preview:-1\" \/>\n<link rel=\"canonical\" href=\"https:\/\/ictdf.synergyecosys.io\/?p=733\" \/>\n<meta property=\"og:locale\" content=\"pt_BR\" \/>\n<meta property=\"og:type\" content=\"article\" \/>\n<meta property=\"og:title\" content=\"Programa de Sa\u00fade do Governo: Mais de 24 Mil Ind\u00edgenas Atendidos - ICTDF\" \/>\n<meta property=\"og:description\" content=\"Descubra como o programa de sa\u00fade do governo brasileiro j\u00e1 beneficiou mais de 24 mil ind\u00edgenas com cuidados essenciais. Entenda o impacto e a import\u00e2ncia dessa iniciativa para as comunidades.\" \/>\n<meta property=\"og:url\" content=\"https:\/\/ictdf.synergyecosys.io\/?p=733\" \/>\n<meta property=\"og:site_name\" content=\"ICTDF\" \/>\n<meta property=\"article:published_time\" content=\"2026-04-16T18:32:15+00:00\" \/>\n<meta name=\"author\" content=\"admin\" \/>\n<meta name=\"twitter:card\" content=\"summary_large_image\" \/>\n<meta name=\"twitter:label1\" content=\"Escrito por\" \/>\n\t<meta name=\"twitter:data1\" content=\"admin\" \/>\n\t<meta name=\"twitter:label2\" content=\"Est. tempo de leitura\" \/>\n\t<meta name=\"twitter:data2\" content=\"3 minutos\" \/>\n<script type=\"application\/ld+json\" class=\"yoast-schema-graph\">{\"@context\":\"https:\/\/schema.org\",\"@graph\":[{\"@type\":\"Article\",\"@id\":\"https:\/\/ictdf.synergyecosys.io\/?p=733#article\",\"isPartOf\":{\"@id\":\"https:\/\/ictdf.synergyecosys.io\/?p=733\"},\"author\":{\"name\":\"admin\",\"@id\":\"https:\/\/ictdf.synergyecosys.io\/#\/schema\/person\/0b4488974b7b485188c0c01cb9f95b21\"},\"headline\":\"Programa de Sa\u00fade do Governo: Mais de 24 Mil Ind\u00edgenas Atendidos\",\"datePublished\":\"2026-04-16T18:32:15+00:00\",\"mainEntityOfPage\":{\"@id\":\"https:\/\/ictdf.synergyecosys.io\/?p=733\"},\"wordCount\":663,\"commentCount\":0,\"publisher\":{\"@id\":\"https:\/\/ictdf.synergyecosys.io\/#organization\"},\"image\":{\"@id\":\"https:\/\/ictdf.synergyecosys.io\/?p=733#primaryimage\"},\"thumbnailUrl\":\"https:\/\/ictdf.synergyecosys.io\/wp-content\/uploads\/2026\/04\/imagem-Programa-de-Sayde-Indygena-Atendeu-Mais-de-24-Mil-Pessoas.png\",\"articleSection\":[\"Bem-estar\"],\"inLanguage\":\"pt-BR\",\"potentialAction\":[{\"@type\":\"CommentAction\",\"name\":\"Comment\",\"target\":[\"https:\/\/ictdf.synergyecosys.io\/?p=733#respond\"]}]},{\"@type\":\"WebPage\",\"@id\":\"https:\/\/ictdf.synergyecosys.io\/?p=733\",\"url\":\"https:\/\/ictdf.synergyecosys.io\/?p=733\",\"name\":\"Programa de Sa\u00fade do Governo: Mais de 24 Mil Ind\u00edgenas Atendidos - ICTDF\",\"isPartOf\":{\"@id\":\"https:\/\/ictdf.synergyecosys.io\/#website\"},\"primaryImageOfPage\":{\"@id\":\"https:\/\/ictdf.synergyecosys.io\/?p=733#primaryimage\"},\"image\":{\"@id\":\"https:\/\/ictdf.synergyecosys.io\/?p=733#primaryimage\"},\"thumbnailUrl\":\"https:\/\/ictdf.synergyecosys.io\/wp-content\/uploads\/2026\/04\/imagem-Programa-de-Sayde-Indygena-Atendeu-Mais-de-24-Mil-Pessoas.png\",\"datePublished\":\"2026-04-16T18:32:15+00:00\",\"breadcrumb\":{\"@id\":\"https:\/\/ictdf.synergyecosys.io\/?p=733#breadcrumb\"},\"inLanguage\":\"pt-BR\",\"potentialAction\":[{\"@type\":\"ReadAction\",\"target\":[\"https:\/\/ictdf.synergyecosys.io\/?p=733\"]}]},{\"@type\":\"ImageObject\",\"inLanguage\":\"pt-BR\",\"@id\":\"https:\/\/ictdf.synergyecosys.io\/?p=733#primaryimage\",\"url\":\"https:\/\/ictdf.synergyecosys.io\/wp-content\/uploads\/2026\/04\/imagem-Programa-de-Sayde-Indygena-Atendeu-Mais-de-24-Mil-Pessoas.png\",\"contentUrl\":\"https:\/\/ictdf.synergyecosys.io\/wp-content\/uploads\/2026\/04\/imagem-Programa-de-Sayde-Indygena-Atendeu-Mais-de-24-Mil-Pessoas.png\",\"width\":1696,\"height\":960},{\"@type\":\"BreadcrumbList\",\"@id\":\"https:\/\/ictdf.synergyecosys.io\/?p=733#breadcrumb\",\"itemListElement\":[{\"@type\":\"ListItem\",\"position\":1,\"name\":\"In\u00edcio\",\"item\":\"https:\/\/ictdf.synergyecosys.io\/\"},{\"@type\":\"ListItem\",\"position\":2,\"name\":\"Programa de Sa\u00fade do Governo: Mais de 24 Mil Ind\u00edgenas Atendidos\"}]},{\"@type\":\"WebSite\",\"@id\":\"https:\/\/ictdf.synergyecosys.io\/#website\",\"url\":\"https:\/\/ictdf.synergyecosys.io\/\",\"name\":\"ICTDF\",\"description\":\"\",\"publisher\":{\"@id\":\"https:\/\/ictdf.synergyecosys.io\/#organization\"},\"potentialAction\":[{\"@type\":\"SearchAction\",\"target\":{\"@type\":\"EntryPoint\",\"urlTemplate\":\"https:\/\/ictdf.synergyecosys.io\/?s={search_term_string}\"},\"query-input\":{\"@type\":\"PropertyValueSpecification\",\"valueRequired\":true,\"valueName\":\"search_term_string\"}}],\"inLanguage\":\"pt-BR\"},{\"@type\":\"Organization\",\"@id\":\"https:\/\/ictdf.synergyecosys.io\/#organization\",\"name\":\"ICTDF\",\"url\":\"https:\/\/ictdf.synergyecosys.io\/\",\"logo\":{\"@type\":\"ImageObject\",\"inLanguage\":\"pt-BR\",\"@id\":\"https:\/\/ictdf.synergyecosys.io\/#\/schema\/logo\/image\/\",\"url\":\"https:\/\/ictdf.synergyecosys.io\/wp-content\/uploads\/2026\/02\/cropped-cropped-ICTDF_logo_transparente.png\",\"contentUrl\":\"https:\/\/ictdf.synergyecosys.io\/wp-content\/uploads\/2026\/02\/cropped-cropped-ICTDF_logo_transparente.png\",\"width\":450,\"height\":141,\"caption\":\"ICTDF\"},\"image\":{\"@id\":\"https:\/\/ictdf.synergyecosys.io\/#\/schema\/logo\/image\/\"}},{\"@type\":\"Person\",\"@id\":\"https:\/\/ictdf.synergyecosys.io\/#\/schema\/person\/0b4488974b7b485188c0c01cb9f95b21\",\"name\":\"admin\",\"image\":{\"@type\":\"ImageObject\",\"inLanguage\":\"pt-BR\",\"@id\":\"https:\/\/ictdf.synergyecosys.io\/#\/schema\/person\/image\/\",\"url\":\"https:\/\/secure.gravatar.com\/avatar\/ee6b87b4bde4f4817334740781bdb6e270748065085879a5aa2018d8006922fa?s=96&d=mm&r=g\",\"contentUrl\":\"https:\/\/secure.gravatar.com\/avatar\/ee6b87b4bde4f4817334740781bdb6e270748065085879a5aa2018d8006922fa?s=96&d=mm&r=g\",\"caption\":\"admin\"},\"sameAs\":[\"https:\/\/ictdf.synergyecosys.io\"],\"url\":\"https:\/\/ictdf.synergyecosys.io\/?author=1\"}]}<\/script>\n<!-- \/ Yoast SEO plugin. -->","yoast_head_json":{"title":"Programa de Sa\u00fade do Governo: Mais de 24 Mil Ind\u00edgenas Atendidos - ICTDF","robots":{"index":"index","follow":"follow","max-snippet":"max-snippet:-1","max-image-preview":"max-image-preview:large","max-video-preview":"max-video-preview:-1"},"canonical":"https:\/\/ictdf.synergyecosys.io\/?p=733","og_locale":"pt_BR","og_type":"article","og_title":"Programa de Sa\u00fade do Governo: Mais de 24 Mil Ind\u00edgenas Atendidos - ICTDF","og_description":"Descubra como o programa de sa\u00fade do governo brasileiro j\u00e1 beneficiou mais de 24 mil ind\u00edgenas com cuidados essenciais. Entenda o impacto e a import\u00e2ncia dessa iniciativa para as comunidades.","og_url":"https:\/\/ictdf.synergyecosys.io\/?p=733","og_site_name":"ICTDF","article_published_time":"2026-04-16T18:32:15+00:00","author":"admin","twitter_card":"summary_large_image","twitter_misc":{"Escrito por":"admin","Est. tempo de leitura":"3 minutos"},"schema":{"@context":"https:\/\/schema.org","@graph":[{"@type":"Article","@id":"https:\/\/ictdf.synergyecosys.io\/?p=733#article","isPartOf":{"@id":"https:\/\/ictdf.synergyecosys.io\/?p=733"},"author":{"name":"admin","@id":"https:\/\/ictdf.synergyecosys.io\/#\/schema\/person\/0b4488974b7b485188c0c01cb9f95b21"},"headline":"Programa de Sa\u00fade do Governo: Mais de 24 Mil Ind\u00edgenas Atendidos","datePublished":"2026-04-16T18:32:15+00:00","mainEntityOfPage":{"@id":"https:\/\/ictdf.synergyecosys.io\/?p=733"},"wordCount":663,"commentCount":0,"publisher":{"@id":"https:\/\/ictdf.synergyecosys.io\/#organization"},"image":{"@id":"https:\/\/ictdf.synergyecosys.io\/?p=733#primaryimage"},"thumbnailUrl":"https:\/\/ictdf.synergyecosys.io\/wp-content\/uploads\/2026\/04\/imagem-Programa-de-Sayde-Indygena-Atendeu-Mais-de-24-Mil-Pessoas.png","articleSection":["Bem-estar"],"inLanguage":"pt-BR","potentialAction":[{"@type":"CommentAction","name":"Comment","target":["https:\/\/ictdf.synergyecosys.io\/?p=733#respond"]}]},{"@type":"WebPage","@id":"https:\/\/ictdf.synergyecosys.io\/?p=733","url":"https:\/\/ictdf.synergyecosys.io\/?p=733","name":"Programa de Sa\u00fade do Governo: Mais de 24 Mil Ind\u00edgenas Atendidos - ICTDF","isPartOf":{"@id":"https:\/\/ictdf.synergyecosys.io\/#website"},"primaryImageOfPage":{"@id":"https:\/\/ictdf.synergyecosys.io\/?p=733#primaryimage"},"image":{"@id":"https:\/\/ictdf.synergyecosys.io\/?p=733#primaryimage"},"thumbnailUrl":"https:\/\/ictdf.synergyecosys.io\/wp-content\/uploads\/2026\/04\/imagem-Programa-de-Sayde-Indygena-Atendeu-Mais-de-24-Mil-Pessoas.png","datePublished":"2026-04-16T18:32:15+00:00","breadcrumb":{"@id":"https:\/\/ictdf.synergyecosys.io\/?p=733#breadcrumb"},"inLanguage":"pt-BR","potentialAction":[{"@type":"ReadAction","target":["https:\/\/ictdf.synergyecosys.io\/?p=733"]}]},{"@type":"ImageObject","inLanguage":"pt-BR","@id":"https:\/\/ictdf.synergyecosys.io\/?p=733#primaryimage","url":"https:\/\/ictdf.synergyecosys.io\/wp-content\/uploads\/2026\/04\/imagem-Programa-de-Sayde-Indygena-Atendeu-Mais-de-24-Mil-Pessoas.png","contentUrl":"https:\/\/ictdf.synergyecosys.io\/wp-content\/uploads\/2026\/04\/imagem-Programa-de-Sayde-Indygena-Atendeu-Mais-de-24-Mil-Pessoas.png","width":1696,"height":960},{"@type":"BreadcrumbList","@id":"https:\/\/ictdf.synergyecosys.io\/?p=733#breadcrumb","itemListElement":[{"@type":"ListItem","position":1,"name":"In\u00edcio","item":"https:\/\/ictdf.synergyecosys.io\/"},{"@type":"ListItem","position":2,"name":"Programa de Sa\u00fade do Governo: Mais de 24 Mil Ind\u00edgenas Atendidos"}]},{"@type":"WebSite","@id":"https:\/\/ictdf.synergyecosys.io\/#website","url":"https:\/\/ictdf.synergyecosys.io\/","name":"ICTDF","description":"","publisher":{"@id":"https:\/\/ictdf.synergyecosys.io\/#organization"},"potentialAction":[{"@type":"SearchAction","target":{"@type":"EntryPoint","urlTemplate":"https:\/\/ictdf.synergyecosys.io\/?s={search_term_string}"},"query-input":{"@type":"PropertyValueSpecification","valueRequired":true,"valueName":"search_term_string"}}],"inLanguage":"pt-BR"},{"@type":"Organization","@id":"https:\/\/ictdf.synergyecosys.io\/#organization","name":"ICTDF","url":"https:\/\/ictdf.synergyecosys.io\/","logo":{"@type":"ImageObject","inLanguage":"pt-BR","@id":"https:\/\/ictdf.synergyecosys.io\/#\/schema\/logo\/image\/","url":"https:\/\/ictdf.synergyecosys.io\/wp-content\/uploads\/2026\/02\/cropped-cropped-ICTDF_logo_transparente.png","contentUrl":"https:\/\/ictdf.synergyecosys.io\/wp-content\/uploads\/2026\/02\/cropped-cropped-ICTDF_logo_transparente.png","width":450,"height":141,"caption":"ICTDF"},"image":{"@id":"https:\/\/ictdf.synergyecosys.io\/#\/schema\/logo\/image\/"}},{"@type":"Person","@id":"https:\/\/ictdf.synergyecosys.io\/#\/schema\/person\/0b4488974b7b485188c0c01cb9f95b21","name":"admin","image":{"@type":"ImageObject","inLanguage":"pt-BR","@id":"https:\/\/ictdf.synergyecosys.io\/#\/schema\/person\/image\/","url":"https:\/\/secure.gravatar.com\/avatar\/ee6b87b4bde4f4817334740781bdb6e270748065085879a5aa2018d8006922fa?s=96&d=mm&r=g","contentUrl":"https:\/\/secure.gravatar.com\/avatar\/ee6b87b4bde4f4817334740781bdb6e270748065085879a5aa2018d8006922fa?s=96&d=mm&r=g","caption":"admin"},"sameAs":["https:\/\/ictdf.synergyecosys.io"],"url":"https:\/\/ictdf.synergyecosys.io\/?author=1"}]}},"_links":{"self":[{"href":"https:\/\/ictdf.synergyecosys.io\/index.php?rest_route=\/wp\/v2\/posts\/733","targetHints":{"allow":["GET"]}}],"collection":[{"href":"https:\/\/ictdf.synergyecosys.io\/index.php?rest_route=\/wp\/v2\/posts"}],"about":[{"href":"https:\/\/ictdf.synergyecosys.io\/index.php?rest_route=\/wp\/v2\/types\/post"}],"author":[{"embeddable":true,"href":"https:\/\/ictdf.synergyecosys.io\/index.php?rest_route=\/wp\/v2\/users\/1"}],"replies":[{"embeddable":true,"href":"https:\/\/ictdf.synergyecosys.io\/index.php?rest_route=%2Fwp%2Fv2%2Fcomments&post=733"}],"version-history":[{"count":0,"href":"https:\/\/ictdf.synergyecosys.io\/index.php?rest_route=\/wp\/v2\/posts\/733\/revisions"}],"wp:featuredmedia":[{"embeddable":true,"href":"https:\/\/ictdf.synergyecosys.io\/index.php?rest_route=\/wp\/v2\/media\/732"}],"wp:attachment":[{"href":"https:\/\/ictdf.synergyecosys.io\/index.php?rest_route=%2Fwp%2Fv2%2Fmedia&parent=733"}],"wp:term":[{"taxonomy":"category","embeddable":true,"href":"https:\/\/ictdf.synergyecosys.io\/index.php?rest_route=%2Fwp%2Fv2%2Fcategories&post=733"},{"taxonomy":"post_tag","embeddable":true,"href":"https:\/\/ictdf.synergyecosys.io\/index.php?rest_route=%2Fwp%2Fv2%2Ftags&post=733"}],"curies":[{"name":"wp","href":"https:\/\/api.w.org\/{rel}","templated":true}]}}