{"id":731,"date":"2026-04-16T08:32:20","date_gmt":"2026-04-16T11:32:20","guid":{"rendered":"https:\/\/ictdf.synergyecosys.io\/?p=731"},"modified":"2026-04-16T08:32:20","modified_gmt":"2026-04-16T11:32:20","slug":"os-problemas-que-as-redes-sociais-fizeram-voce-acreditar-que-tem","status":"publish","type":"post","link":"https:\/\/ictdf.synergyecosys.io\/?p=731","title":{"rendered":"Os Problemas que as Redes Sociais Fizeram Voc\u00ea Acreditar que Tem"},"content":{"rendered":"<p>Voc\u00ea j\u00e1 parou para pensar quantas vezes o scroll infinito no Instagram ou no TikTok te deixou com a sensa\u00e7\u00e3o de que algo est\u00e1 errado na sua vida? Eu sei, \u00e9 comum. As redes sociais s\u00e3o mestres em nos fazer acreditar que temos problemas que, na verdade, nem existem. Neste artigo, vamos desmascarar isso tudo de forma simples e pr\u00e1tica.<\/p>\n<p>Com bilh\u00f5es de usu\u00e1rios ao redor do mundo, plataformas como Facebook, Twitter e companhia moldam nossa percep\u00e7\u00e3o di\u00e1ria. Mas ser\u00e1 que elas est\u00e3o nos ajudando ou nos iludindo? Vamos explorar isso juntos.<\/p>\n<h2>Como as Redes Sociais Distorcem Nossa Realidade<\/h2>\n<p>As redes sociais mostram uma vers\u00e3o editada da vida das pessoas: fotos perfeitas, viagens incr\u00edveis e corpos ideais. Isso cria um <strong>vi\u00e9s de compara\u00e7\u00e3o social<\/strong>, onde nos medimos pelos highlights dos outros, ignorando os bastidores bagun\u00e7ados.<\/p>\n<p>Estudos mostram que o tempo excessivo nessas plataformas pode aumentar a ansiedade. Por exemplo, o termo <em>FOMO<\/em> \u2013 Fear Of Missing Out, ou medo de ficar de fora \u2013 \u00e9 um cl\u00e1ssico. Voc\u00ea v\u00ea amigos em festas e acha que sua vida \u00e9 chata, mas na real, eles tamb\u00e9m t\u00eam dias ruins.<\/p>\n<h3>O Que \u00e9 FOMO na Pr\u00e1tica?<\/h3>\n<p>Imagine ver stories de todo mundo se divertindo enquanto voc\u00ea est\u00e1 em casa. Isso te faz acreditar que tem um problema de socializa\u00e7\u00e3o, quando talvez voc\u00ea s\u00f3 precise de um descanso. \u00c9 uma ilus\u00e3o criada pelo algoritmo que prioriza conte\u00fado chamativo.<\/p>\n<h2>Problemas &#8216;Invis\u00edveis&#8217; que Elas Plantam em N\u00f3s<\/h2>\n<p>Um dos grandes truques \u00e9 nos fazer duvidar da nossa <strong>autoestima<\/strong>. Vemos influenciadores com vidas &#8216;perfeitas&#8217; e pensamos: &#8216;Por que eu n\u00e3o sou assim?&#8217; Mas lembre-se: filtros e edi\u00e7\u00f5es s\u00e3o a norma.<\/p>\n<p>Outro issue \u00e9 a sensa\u00e7\u00e3o de solid\u00e3o. Apesar de conectados, muitos se sentem isolados porque as intera\u00e7\u00f5es online n\u00e3o substituem conversas reais. As redes nos fazem acreditar que temos poucos amigos ou que n\u00e3o somos amados o suficiente.<\/p>\n<ul>\n<li><strong>Ansiedade constante:<\/strong> Notifica\u00e7\u00f5es e likes viram medidores de valor pessoal.<\/li>\n<li><strong>Ins\u00f4nia:<\/strong> Scroll noturno rouba o sono, criando um ciclo de cansa\u00e7o.<\/li>\n<li><strong>Compara\u00e7\u00e3o t\u00f3xica:<\/strong> Leva a depress\u00e3o leve por se sentir &#8216;atrasado&#8217; na vida.<\/li>\n<\/ul>\n<p>Esses n\u00e3o s\u00e3o problemas reais para todos, mas as redes amplificam eles, fazendo voc\u00ea achar que sim.<\/p>\n<h2>Os Impactos no Seu Dia a Dia e na Sociedade<\/h2>\n<p>No cotidiano, isso se traduz em estresse desnecess\u00e1rio. Eu j\u00e1 vi amigos cancelando planos reais por medo de n\u00e3o &#8216;performar&#8217; como nas redes. Para empresas, h\u00e1 um boom de marketing digital que explora essas inseguran\u00e7as.<\/p>\n<p>Em escala maior, a sociedade v\u00ea um aumento em transtornos mentais ligados ao uso excessivo. Relat\u00f3rios da OMS destacam como jovens s\u00e3o mais afetados, com taxas de depress\u00e3o subindo junto com o tempo online.<\/p>\n<h3>Como Isso Afeta Relacionamentos?<\/h3>\n<p>Relacionamentos sofrem quando priorizamos likes sobre presen\u00e7a. Parceiros se sentem negligenciados, e amizades viram competi\u00e7\u00f5es silenciosas.<\/p>\n<h2>Caminhos para uma Vida Mais Aut\u00eantica Offline<\/h2>\n<p>A boa not\u00edcia? Voc\u00ea pode quebrar esse ciclo. Comece limitando o tempo nas apps \u2013 apps como Screen Time ajudam nisso. Foque em hobbies reais e conex\u00f5es face a face.<\/p>\n<p>Recomendo curadoria: siga contas que inspiram, n\u00e3o que deprimem. E pratique gratid\u00e3o: anote tr\u00eas coisas boas do seu dia, sem filtro digital.<\/p>\n<ol>\n<li>Desative notifica\u00e7\u00f5es desnecess\u00e1rias.<\/li>\n<li>Fa\u00e7a detox digital semanal.<\/li>\n<li>Converse com amigos sobre sentimentos reais.<\/li>\n<\/ol>\n<p>Tend\u00eancias futuras apontam para redes mais &#8216;saud\u00e1veis&#8217;, com algoritmos que promovem bem-estar. Mas cabe a n\u00f3s escolher o uso consciente.<\/p>\n<h2>Reflex\u00f5es Finais: Reclame Sua Narrativa<\/h2>\n<p>As redes sociais n\u00e3o definem voc\u00ea. Elas podem criar ilus\u00f5es de problemas, mas a realidade \u00e9 moldada pelas suas escolhas. Ao entender isso, voc\u00ea ganha liberdade para viver sem pesos falsos. O que voc\u00ea vai fazer hoje para desconectar e reconectar de verdade? Experimente e veja a diferen\u00e7a.<\/p>\n","protected":false},"excerpt":{"rendered":"<p>Voc\u00ea se sente ansioso ou inadequado por causa das redes sociais? Descubra os problemas falsos que elas criam na sua mente e como super\u00e1-los para uma vida mais real e feliz.<\/p>\n","protected":false},"author":1,"featured_media":730,"comment_status":"open","ping_status":"open","sticky":false,"template":"","format":"standard","meta":{"_acf_changed":false,"_eb_attr":"","footnotes":"","_wpscppro_dont_share_socialmedia":false,"_wpscppro_custom_social_share_image":0,"_facebook_share_type":"","_twitter_share_type":"","_linkedin_share_type":"","_pinterest_share_type":"","_linkedin_share_type_page":"","_instagram_share_type":"","_medium_share_type":"","_threads_share_type":"","_google_business_share_type":"","_selected_social_profile":[],"_wpsp_enable_custom_social_template":false,"_wpsp_social_scheduling":{"enabled":false,"datetime":null,"platforms":[],"status":"template_only","dateOption":"today","timeOption":"now","customDays":"","customHours":"","customDate":"","customTime":"","schedulingType":"absolute"},"_wpsp_active_default_template":true},"categories":[3],"tags":[],"class_list":["post-731","post","type-post","status-publish","format-standard","has-post-thumbnail","hentry","category-bem-estar"],"acf":[],"yoast_head":"<!-- This site is optimized with the Yoast SEO plugin v26.9 - https:\/\/yoast.com\/product\/yoast-seo-wordpress\/ -->\n<title>Os Problemas que as Redes Sociais Fizeram Voc\u00ea Acreditar que Tem - ICTDF<\/title>\n<meta name=\"robots\" content=\"index, follow, max-snippet:-1, max-image-preview:large, max-video-preview:-1\" \/>\n<link rel=\"canonical\" href=\"https:\/\/ictdf.synergyecosys.io\/?p=731\" \/>\n<meta property=\"og:locale\" content=\"pt_BR\" \/>\n<meta property=\"og:type\" content=\"article\" \/>\n<meta property=\"og:title\" content=\"Os Problemas que as Redes Sociais Fizeram Voc\u00ea Acreditar que Tem - ICTDF\" \/>\n<meta property=\"og:description\" content=\"Voc\u00ea se sente ansioso ou inadequado por causa das redes sociais? Descubra os problemas falsos que elas criam na sua mente e como super\u00e1-los para uma vida mais real e feliz.\" \/>\n<meta property=\"og:url\" content=\"https:\/\/ictdf.synergyecosys.io\/?p=731\" \/>\n<meta property=\"og:site_name\" content=\"ICTDF\" \/>\n<meta property=\"article:published_time\" content=\"2026-04-16T11:32:20+00:00\" \/>\n<meta name=\"author\" content=\"admin\" \/>\n<meta name=\"twitter:card\" content=\"summary_large_image\" \/>\n<meta name=\"twitter:label1\" content=\"Escrito por\" \/>\n\t<meta name=\"twitter:data1\" content=\"admin\" \/>\n\t<meta name=\"twitter:label2\" content=\"Est. tempo de leitura\" \/>\n\t<meta name=\"twitter:data2\" content=\"3 minutos\" \/>\n<script type=\"application\/ld+json\" class=\"yoast-schema-graph\">{\"@context\":\"https:\/\/schema.org\",\"@graph\":[{\"@type\":\"Article\",\"@id\":\"https:\/\/ictdf.synergyecosys.io\/?p=731#article\",\"isPartOf\":{\"@id\":\"https:\/\/ictdf.synergyecosys.io\/?p=731\"},\"author\":{\"name\":\"admin\",\"@id\":\"https:\/\/ictdf.synergyecosys.io\/#\/schema\/person\/0b4488974b7b485188c0c01cb9f95b21\"},\"headline\":\"Os Problemas que as Redes Sociais Fizeram Voc\u00ea Acreditar que Tem\",\"datePublished\":\"2026-04-16T11:32:20+00:00\",\"mainEntityOfPage\":{\"@id\":\"https:\/\/ictdf.synergyecosys.io\/?p=731\"},\"wordCount\":667,\"commentCount\":0,\"publisher\":{\"@id\":\"https:\/\/ictdf.synergyecosys.io\/#organization\"},\"image\":{\"@id\":\"https:\/\/ictdf.synergyecosys.io\/?p=731#primaryimage\"},\"thumbnailUrl\":\"https:\/\/ictdf.synergyecosys.io\/wp-content\/uploads\/2026\/04\/imagem-Os-Problemas-que-as-Redes-Sociais-Fizeram-Vocy-Acreditar-que-Tem.png\",\"articleSection\":[\"Bem-estar\"],\"inLanguage\":\"pt-BR\",\"potentialAction\":[{\"@type\":\"CommentAction\",\"name\":\"Comment\",\"target\":[\"https:\/\/ictdf.synergyecosys.io\/?p=731#respond\"]}]},{\"@type\":\"WebPage\",\"@id\":\"https:\/\/ictdf.synergyecosys.io\/?p=731\",\"url\":\"https:\/\/ictdf.synergyecosys.io\/?p=731\",\"name\":\"Os Problemas que as Redes Sociais Fizeram Voc\u00ea Acreditar que Tem - ICTDF\",\"isPartOf\":{\"@id\":\"https:\/\/ictdf.synergyecosys.io\/#website\"},\"primaryImageOfPage\":{\"@id\":\"https:\/\/ictdf.synergyecosys.io\/?p=731#primaryimage\"},\"image\":{\"@id\":\"https:\/\/ictdf.synergyecosys.io\/?p=731#primaryimage\"},\"thumbnailUrl\":\"https:\/\/ictdf.synergyecosys.io\/wp-content\/uploads\/2026\/04\/imagem-Os-Problemas-que-as-Redes-Sociais-Fizeram-Vocy-Acreditar-que-Tem.png\",\"datePublished\":\"2026-04-16T11:32:20+00:00\",\"breadcrumb\":{\"@id\":\"https:\/\/ictdf.synergyecosys.io\/?p=731#breadcrumb\"},\"inLanguage\":\"pt-BR\",\"potentialAction\":[{\"@type\":\"ReadAction\",\"target\":[\"https:\/\/ictdf.synergyecosys.io\/?p=731\"]}]},{\"@type\":\"ImageObject\",\"inLanguage\":\"pt-BR\",\"@id\":\"https:\/\/ictdf.synergyecosys.io\/?p=731#primaryimage\",\"url\":\"https:\/\/ictdf.synergyecosys.io\/wp-content\/uploads\/2026\/04\/imagem-Os-Problemas-que-as-Redes-Sociais-Fizeram-Vocy-Acreditar-que-Tem.png\",\"contentUrl\":\"https:\/\/ictdf.synergyecosys.io\/wp-content\/uploads\/2026\/04\/imagem-Os-Problemas-que-as-Redes-Sociais-Fizeram-Vocy-Acreditar-que-Tem.png\",\"width\":1696,\"height\":960},{\"@type\":\"BreadcrumbList\",\"@id\":\"https:\/\/ictdf.synergyecosys.io\/?p=731#breadcrumb\",\"itemListElement\":[{\"@type\":\"ListItem\",\"position\":1,\"name\":\"In\u00edcio\",\"item\":\"https:\/\/ictdf.synergyecosys.io\/\"},{\"@type\":\"ListItem\",\"position\":2,\"name\":\"Os Problemas que as Redes Sociais Fizeram Voc\u00ea Acreditar que Tem\"}]},{\"@type\":\"WebSite\",\"@id\":\"https:\/\/ictdf.synergyecosys.io\/#website\",\"url\":\"https:\/\/ictdf.synergyecosys.io\/\",\"name\":\"ICTDF\",\"description\":\"\",\"publisher\":{\"@id\":\"https:\/\/ictdf.synergyecosys.io\/#organization\"},\"potentialAction\":[{\"@type\":\"SearchAction\",\"target\":{\"@type\":\"EntryPoint\",\"urlTemplate\":\"https:\/\/ictdf.synergyecosys.io\/?s={search_term_string}\"},\"query-input\":{\"@type\":\"PropertyValueSpecification\",\"valueRequired\":true,\"valueName\":\"search_term_string\"}}],\"inLanguage\":\"pt-BR\"},{\"@type\":\"Organization\",\"@id\":\"https:\/\/ictdf.synergyecosys.io\/#organization\",\"name\":\"ICTDF\",\"url\":\"https:\/\/ictdf.synergyecosys.io\/\",\"logo\":{\"@type\":\"ImageObject\",\"inLanguage\":\"pt-BR\",\"@id\":\"https:\/\/ictdf.synergyecosys.io\/#\/schema\/logo\/image\/\",\"url\":\"https:\/\/ictdf.synergyecosys.io\/wp-content\/uploads\/2026\/02\/cropped-cropped-ICTDF_logo_transparente.png\",\"contentUrl\":\"https:\/\/ictdf.synergyecosys.io\/wp-content\/uploads\/2026\/02\/cropped-cropped-ICTDF_logo_transparente.png\",\"width\":450,\"height\":141,\"caption\":\"ICTDF\"},\"image\":{\"@id\":\"https:\/\/ictdf.synergyecosys.io\/#\/schema\/logo\/image\/\"}},{\"@type\":\"Person\",\"@id\":\"https:\/\/ictdf.synergyecosys.io\/#\/schema\/person\/0b4488974b7b485188c0c01cb9f95b21\",\"name\":\"admin\",\"image\":{\"@type\":\"ImageObject\",\"inLanguage\":\"pt-BR\",\"@id\":\"https:\/\/ictdf.synergyecosys.io\/#\/schema\/person\/image\/\",\"url\":\"https:\/\/secure.gravatar.com\/avatar\/ee6b87b4bde4f4817334740781bdb6e270748065085879a5aa2018d8006922fa?s=96&d=mm&r=g\",\"contentUrl\":\"https:\/\/secure.gravatar.com\/avatar\/ee6b87b4bde4f4817334740781bdb6e270748065085879a5aa2018d8006922fa?s=96&d=mm&r=g\",\"caption\":\"admin\"},\"sameAs\":[\"https:\/\/ictdf.synergyecosys.io\"],\"url\":\"https:\/\/ictdf.synergyecosys.io\/?author=1\"}]}<\/script>\n<!-- \/ Yoast SEO plugin. -->","yoast_head_json":{"title":"Os Problemas que as Redes Sociais Fizeram Voc\u00ea Acreditar que Tem - ICTDF","robots":{"index":"index","follow":"follow","max-snippet":"max-snippet:-1","max-image-preview":"max-image-preview:large","max-video-preview":"max-video-preview:-1"},"canonical":"https:\/\/ictdf.synergyecosys.io\/?p=731","og_locale":"pt_BR","og_type":"article","og_title":"Os Problemas que as Redes Sociais Fizeram Voc\u00ea Acreditar que Tem - ICTDF","og_description":"Voc\u00ea se sente ansioso ou inadequado por causa das redes sociais? Descubra os problemas falsos que elas criam na sua mente e como super\u00e1-los para uma vida mais real e feliz.","og_url":"https:\/\/ictdf.synergyecosys.io\/?p=731","og_site_name":"ICTDF","article_published_time":"2026-04-16T11:32:20+00:00","author":"admin","twitter_card":"summary_large_image","twitter_misc":{"Escrito por":"admin","Est. tempo de leitura":"3 minutos"},"schema":{"@context":"https:\/\/schema.org","@graph":[{"@type":"Article","@id":"https:\/\/ictdf.synergyecosys.io\/?p=731#article","isPartOf":{"@id":"https:\/\/ictdf.synergyecosys.io\/?p=731"},"author":{"name":"admin","@id":"https:\/\/ictdf.synergyecosys.io\/#\/schema\/person\/0b4488974b7b485188c0c01cb9f95b21"},"headline":"Os Problemas que as Redes Sociais Fizeram Voc\u00ea Acreditar que Tem","datePublished":"2026-04-16T11:32:20+00:00","mainEntityOfPage":{"@id":"https:\/\/ictdf.synergyecosys.io\/?p=731"},"wordCount":667,"commentCount":0,"publisher":{"@id":"https:\/\/ictdf.synergyecosys.io\/#organization"},"image":{"@id":"https:\/\/ictdf.synergyecosys.io\/?p=731#primaryimage"},"thumbnailUrl":"https:\/\/ictdf.synergyecosys.io\/wp-content\/uploads\/2026\/04\/imagem-Os-Problemas-que-as-Redes-Sociais-Fizeram-Vocy-Acreditar-que-Tem.png","articleSection":["Bem-estar"],"inLanguage":"pt-BR","potentialAction":[{"@type":"CommentAction","name":"Comment","target":["https:\/\/ictdf.synergyecosys.io\/?p=731#respond"]}]},{"@type":"WebPage","@id":"https:\/\/ictdf.synergyecosys.io\/?p=731","url":"https:\/\/ictdf.synergyecosys.io\/?p=731","name":"Os Problemas que as Redes Sociais Fizeram Voc\u00ea Acreditar que Tem - ICTDF","isPartOf":{"@id":"https:\/\/ictdf.synergyecosys.io\/#website"},"primaryImageOfPage":{"@id":"https:\/\/ictdf.synergyecosys.io\/?p=731#primaryimage"},"image":{"@id":"https:\/\/ictdf.synergyecosys.io\/?p=731#primaryimage"},"thumbnailUrl":"https:\/\/ictdf.synergyecosys.io\/wp-content\/uploads\/2026\/04\/imagem-Os-Problemas-que-as-Redes-Sociais-Fizeram-Vocy-Acreditar-que-Tem.png","datePublished":"2026-04-16T11:32:20+00:00","breadcrumb":{"@id":"https:\/\/ictdf.synergyecosys.io\/?p=731#breadcrumb"},"inLanguage":"pt-BR","potentialAction":[{"@type":"ReadAction","target":["https:\/\/ictdf.synergyecosys.io\/?p=731"]}]},{"@type":"ImageObject","inLanguage":"pt-BR","@id":"https:\/\/ictdf.synergyecosys.io\/?p=731#primaryimage","url":"https:\/\/ictdf.synergyecosys.io\/wp-content\/uploads\/2026\/04\/imagem-Os-Problemas-que-as-Redes-Sociais-Fizeram-Vocy-Acreditar-que-Tem.png","contentUrl":"https:\/\/ictdf.synergyecosys.io\/wp-content\/uploads\/2026\/04\/imagem-Os-Problemas-que-as-Redes-Sociais-Fizeram-Vocy-Acreditar-que-Tem.png","width":1696,"height":960},{"@type":"BreadcrumbList","@id":"https:\/\/ictdf.synergyecosys.io\/?p=731#breadcrumb","itemListElement":[{"@type":"ListItem","position":1,"name":"In\u00edcio","item":"https:\/\/ictdf.synergyecosys.io\/"},{"@type":"ListItem","position":2,"name":"Os Problemas que as Redes Sociais Fizeram Voc\u00ea Acreditar que Tem"}]},{"@type":"WebSite","@id":"https:\/\/ictdf.synergyecosys.io\/#website","url":"https:\/\/ictdf.synergyecosys.io\/","name":"ICTDF","description":"","publisher":{"@id":"https:\/\/ictdf.synergyecosys.io\/#organization"},"potentialAction":[{"@type":"SearchAction","target":{"@type":"EntryPoint","urlTemplate":"https:\/\/ictdf.synergyecosys.io\/?s={search_term_string}"},"query-input":{"@type":"PropertyValueSpecification","valueRequired":true,"valueName":"search_term_string"}}],"inLanguage":"pt-BR"},{"@type":"Organization","@id":"https:\/\/ictdf.synergyecosys.io\/#organization","name":"ICTDF","url":"https:\/\/ictdf.synergyecosys.io\/","logo":{"@type":"ImageObject","inLanguage":"pt-BR","@id":"https:\/\/ictdf.synergyecosys.io\/#\/schema\/logo\/image\/","url":"https:\/\/ictdf.synergyecosys.io\/wp-content\/uploads\/2026\/02\/cropped-cropped-ICTDF_logo_transparente.png","contentUrl":"https:\/\/ictdf.synergyecosys.io\/wp-content\/uploads\/2026\/02\/cropped-cropped-ICTDF_logo_transparente.png","width":450,"height":141,"caption":"ICTDF"},"image":{"@id":"https:\/\/ictdf.synergyecosys.io\/#\/schema\/logo\/image\/"}},{"@type":"Person","@id":"https:\/\/ictdf.synergyecosys.io\/#\/schema\/person\/0b4488974b7b485188c0c01cb9f95b21","name":"admin","image":{"@type":"ImageObject","inLanguage":"pt-BR","@id":"https:\/\/ictdf.synergyecosys.io\/#\/schema\/person\/image\/","url":"https:\/\/secure.gravatar.com\/avatar\/ee6b87b4bde4f4817334740781bdb6e270748065085879a5aa2018d8006922fa?s=96&d=mm&r=g","contentUrl":"https:\/\/secure.gravatar.com\/avatar\/ee6b87b4bde4f4817334740781bdb6e270748065085879a5aa2018d8006922fa?s=96&d=mm&r=g","caption":"admin"},"sameAs":["https:\/\/ictdf.synergyecosys.io"],"url":"https:\/\/ictdf.synergyecosys.io\/?author=1"}]}},"_links":{"self":[{"href":"https:\/\/ictdf.synergyecosys.io\/index.php?rest_route=\/wp\/v2\/posts\/731","targetHints":{"allow":["GET"]}}],"collection":[{"href":"https:\/\/ictdf.synergyecosys.io\/index.php?rest_route=\/wp\/v2\/posts"}],"about":[{"href":"https:\/\/ictdf.synergyecosys.io\/index.php?rest_route=\/wp\/v2\/types\/post"}],"author":[{"embeddable":true,"href":"https:\/\/ictdf.synergyecosys.io\/index.php?rest_route=\/wp\/v2\/users\/1"}],"replies":[{"embeddable":true,"href":"https:\/\/ictdf.synergyecosys.io\/index.php?rest_route=%2Fwp%2Fv2%2Fcomments&post=731"}],"version-history":[{"count":0,"href":"https:\/\/ictdf.synergyecosys.io\/index.php?rest_route=\/wp\/v2\/posts\/731\/revisions"}],"wp:featuredmedia":[{"embeddable":true,"href":"https:\/\/ictdf.synergyecosys.io\/index.php?rest_route=\/wp\/v2\/media\/730"}],"wp:attachment":[{"href":"https:\/\/ictdf.synergyecosys.io\/index.php?rest_route=%2Fwp%2Fv2%2Fmedia&parent=731"}],"wp:term":[{"taxonomy":"category","embeddable":true,"href":"https:\/\/ictdf.synergyecosys.io\/index.php?rest_route=%2Fwp%2Fv2%2Fcategories&post=731"},{"taxonomy":"post_tag","embeddable":true,"href":"https:\/\/ictdf.synergyecosys.io\/index.php?rest_route=%2Fwp%2Fv2%2Ftags&post=731"}],"curies":[{"name":"wp","href":"https:\/\/api.w.org\/{rel}","templated":true}]}}