{"id":725,"date":"2026-04-15T08:32:13","date_gmt":"2026-04-15T11:32:13","guid":{"rendered":"https:\/\/ictdf.synergyecosys.io\/?p=725"},"modified":"2026-04-15T08:32:13","modified_gmt":"2026-04-15T11:32:13","slug":"balsamo-para-labios-nu-skin-sunright-a-protecao-solar-que-seus-labios-precisam","status":"publish","type":"post","link":"https:\/\/ictdf.synergyecosys.io\/?p=725","title":{"rendered":"B\u00e1lsamo para L\u00e1bios Nu Skin Sunright: A Prote\u00e7\u00e3o Solar que Seus L\u00e1bios Precisam"},"content":{"rendered":"<h2>O que \u00e9 o B\u00e1lsamo Nu Skin Sunright FPS 15?<\/h2>\n<p>Eu sempre me pergunto por que as pessoas se preocupam tanto com protetor solar para o corpo, mas esquecem dos l\u00e1bios. Eles s\u00e3o super sens\u00edveis e sofrem muito com os raios UV. O B\u00e1lsamo para L\u00e1bios Nu Skin Sunright Broad Spectrum SPF 15 \u00e9 uma solu\u00e7\u00e3o pr\u00e1tica e eficaz. Produzido pela NSE Products, Inc., parte da Nu Skin Enterprises, esse produto em formato de bast\u00e3o oferece prote\u00e7\u00e3o contra raios UVA e UVB.<\/p>\n<p>Com ingredientes como <strong>octinoxato<\/strong>, <strong>avobenzona<\/strong> e <strong>octocrileno<\/strong>, ele garante uma barreira invis\u00edvel. Vamos entender melhor o que cada um faz?<\/p>\n<h3>Entendendo os Ingredientes Ativos<\/h3>\n<p>O <strong>octinoxato<\/strong>, tamb\u00e9m conhecido como octil metoxicinamato, \u00e9 um filtro qu\u00edmico que absorve os raios UVB, aqueles respons\u00e1veis pelas queimaduras solares. Na pr\u00e1tica, ele age como um escudo que transforma a energia UV em calor inofensivo.<\/p>\n<p>J\u00e1 a <strong>avobenzona<\/strong> \u00e9 especialista em bloquear os raios UVA, que penetram mais fundo na pele e aceleram o envelhecimento. \u00c9 o que d\u00e1 ao produto o selo de &#8216;espectro amplo&#8217;, protegendo contra ambos os tipos de radia\u00e7\u00e3o.<\/p>\n<p>Por fim, o <strong>octocrileno<\/strong> n\u00e3o s\u00f3 ajuda a absorver UV, mas tamb\u00e9m estabiliza os outros ingredientes, evitando que se degradem com a luz solar. \u00c9 como um guardi\u00e3o que mant\u00e9m a prote\u00e7\u00e3o ativa por mais tempo.<\/p>\n<h2>Por Que Proteger os L\u00e1bios do Sol \u00e9 Essencial Hoje?<\/h2>\n<p>Nos \u00faltimos anos, com mais exposi\u00e7\u00e3o ao sol devido a estilos de vida ao ar livre, os cuidados com a pele ganharam destaque. Mas os l\u00e1bios? Eles t\u00eam menos melanina que o resto do rosto, tornando-os vulner\u00e1veis a ressecamento, rachaduras e at\u00e9 c\u00e2ncer de pele.<\/p>\n<p>Estudos mostram que o uso di\u00e1rio de protetores labiais com FPS pode reduzir significativamente esses riscos. Eu analisei dados da American Cancer Society, e eles recomendam prote\u00e7\u00e3o broad spectrum para prevenir carcinomas.<\/p>\n<p>Esse b\u00e1lsamo da Nu Skin \u00e9 leve, n\u00e3o deixa res\u00edduo branco e hidrata ao mesmo tempo. Perfeito para o dia a dia, seja na praia ou no escrit\u00f3rio.<\/p>\n<h2>Impactos Pr\u00e1ticos no Seu Dia a Dia<\/h2>\n<p>Imagine aplicar algo simples pela manh\u00e3 e esquecer dos l\u00e1bios queimados \u00e0 tarde. Com o Sunright FPS 15, voc\u00ea mant\u00e9m a hidrata\u00e7\u00e3o natural enquanto protege da radia\u00e7\u00e3o prejudicial.<\/p>\n<p>Para empresas como a Nu Skin, que focam em produtos naturais e eficazes desde 1984, isso significa oferecer solu\u00e7\u00f5es acess\u00edveis via marketing multin\u00edvel. Mas para voc\u00ea, o impacto \u00e9 real: l\u00e1bios saud\u00e1veis, menos visitas ao dermatologista e confian\u00e7a no visual.<\/p>\n<ul>\n<li>Prote\u00e7\u00e3o contra envelhecimento precoce nos l\u00e1bios.<\/li>\n<li>Hidrata\u00e7\u00e3o duradoura sem oleosidade.<\/li>\n<li>F\u00e1cil aplica\u00e7\u00e3o em bast\u00e3o, ideal para viagens.<\/li>\n<\/ul>\n<p>Contudo, lembre-se: embora seguro na maioria dos casos, alguns estudos apontam preocupa\u00e7\u00f5es com filtros qu\u00edmicos em \u00e1guas marinhas, afetando corais. Use com modera\u00e7\u00e3o em praias sens\u00edveis.<\/p>\n<h2>Tend\u00eancias e Cuidados Futuros com a Prote\u00e7\u00e3o Labial<\/h2>\n<p>O futuro dos cuidados solares aponta para f\u00f3rmulas mais ecol\u00f3gicas e est\u00e1veis. A Nu Skin, com sua linha ageLOC, j\u00e1 investe em inova\u00e7\u00f5es gen\u00e9ticas para produtos anti-idade.<\/p>\n<p>Minha recomenda\u00e7\u00e3o? Integre esse b\u00e1lsamo \u00e0 rotina matinal. Reaplique a cada duas horas ao ar livre. E combine com chap\u00e9u e \u00f3culos para prote\u00e7\u00e3o total.<\/p>\n<p>Com o aumento da conscientiza\u00e7\u00e3o sobre sa\u00fade da pele, produtos como esse se tornam indispens\u00e1veis. Escolha marcas confi\u00e1veis para evitar irrita\u00e7\u00f5es.<\/p>\n<h2>Reflex\u00f5es Finais sobre Cuidados com os L\u00e1bios<\/h2>\n<p>Em resumo, o B\u00e1lsamo Nu Skin Sunright FPS 15 \u00e9 mais que um hidratante; \u00e9 uma barreira essencial contra o sol. Ao priorizar prote\u00e7\u00e3o, voc\u00ea investe na sa\u00fade a longo prazo. Experimente e sinta a diferen\u00e7a \u2013 seus l\u00e1bios agradecem!<\/p>\n","protected":false},"excerpt":{"rendered":"<p>Descubra o B\u00e1lsamo para L\u00e1bios Nu Skin Sunright FPS 15 com espectro amplo. Proteja seus l\u00e1bios do sol com octinoxato, avobenzona e octocrileno. Ideal para uso di\u00e1rio!<\/p>\n","protected":false},"author":1,"featured_media":724,"comment_status":"open","ping_status":"open","sticky":false,"template":"","format":"standard","meta":{"_acf_changed":false,"_eb_attr":"","footnotes":"","_wpscppro_dont_share_socialmedia":false,"_wpscppro_custom_social_share_image":0,"_facebook_share_type":"","_twitter_share_type":"","_linkedin_share_type":"","_pinterest_share_type":"","_linkedin_share_type_page":"","_instagram_share_type":"","_medium_share_type":"","_threads_share_type":"","_google_business_share_type":"","_selected_social_profile":[],"_wpsp_enable_custom_social_template":false,"_wpsp_social_scheduling":{"enabled":false,"datetime":null,"platforms":[],"status":"template_only","dateOption":"today","timeOption":"now","customDays":"","customHours":"","customDate":"","customTime":"","schedulingType":"absolute"},"_wpsp_active_default_template":true},"categories":[3],"tags":[],"class_list":["post-725","post","type-post","status-publish","format-standard","has-post-thumbnail","hentry","category-bem-estar"],"acf":[],"yoast_head":"<!-- This site is optimized with the Yoast SEO plugin v26.9 - https:\/\/yoast.com\/product\/yoast-seo-wordpress\/ -->\n<title>B\u00e1lsamo para L\u00e1bios Nu Skin Sunright: A Prote\u00e7\u00e3o Solar que Seus L\u00e1bios Precisam - ICTDF<\/title>\n<meta name=\"robots\" content=\"index, follow, max-snippet:-1, max-image-preview:large, max-video-preview:-1\" \/>\n<link rel=\"canonical\" href=\"https:\/\/ictdf.synergyecosys.io\/?p=725\" \/>\n<meta property=\"og:locale\" content=\"pt_BR\" \/>\n<meta property=\"og:type\" content=\"article\" \/>\n<meta property=\"og:title\" content=\"B\u00e1lsamo para L\u00e1bios Nu Skin Sunright: A Prote\u00e7\u00e3o Solar que Seus L\u00e1bios Precisam - ICTDF\" \/>\n<meta property=\"og:description\" content=\"Descubra o B\u00e1lsamo para L\u00e1bios Nu Skin Sunright FPS 15 com espectro amplo. Proteja seus l\u00e1bios do sol com octinoxato, avobenzona e octocrileno. Ideal para uso di\u00e1rio!\" \/>\n<meta property=\"og:url\" content=\"https:\/\/ictdf.synergyecosys.io\/?p=725\" \/>\n<meta property=\"og:site_name\" content=\"ICTDF\" \/>\n<meta property=\"article:published_time\" content=\"2026-04-15T11:32:13+00:00\" \/>\n<meta name=\"author\" content=\"admin\" \/>\n<meta name=\"twitter:card\" content=\"summary_large_image\" \/>\n<meta name=\"twitter:label1\" content=\"Escrito por\" \/>\n\t<meta name=\"twitter:data1\" content=\"admin\" \/>\n\t<meta name=\"twitter:label2\" content=\"Est. tempo de leitura\" \/>\n\t<meta name=\"twitter:data2\" content=\"3 minutos\" \/>\n<script type=\"application\/ld+json\" class=\"yoast-schema-graph\">{\"@context\":\"https:\/\/schema.org\",\"@graph\":[{\"@type\":\"Article\",\"@id\":\"https:\/\/ictdf.synergyecosys.io\/?p=725#article\",\"isPartOf\":{\"@id\":\"https:\/\/ictdf.synergyecosys.io\/?p=725\"},\"author\":{\"name\":\"admin\",\"@id\":\"https:\/\/ictdf.synergyecosys.io\/#\/schema\/person\/0b4488974b7b485188c0c01cb9f95b21\"},\"headline\":\"B\u00e1lsamo para L\u00e1bios Nu Skin Sunright: A Prote\u00e7\u00e3o Solar que Seus L\u00e1bios Precisam\",\"datePublished\":\"2026-04-15T11:32:13+00:00\",\"mainEntityOfPage\":{\"@id\":\"https:\/\/ictdf.synergyecosys.io\/?p=725\"},\"wordCount\":652,\"commentCount\":0,\"publisher\":{\"@id\":\"https:\/\/ictdf.synergyecosys.io\/#organization\"},\"image\":{\"@id\":\"https:\/\/ictdf.synergyecosys.io\/?p=725#primaryimage\"},\"thumbnailUrl\":\"https:\/\/ictdf.synergyecosys.io\/wp-content\/uploads\/2026\/04\/imagem-Bylsamo-Nu-Skin-Sunright-FPS-15-Proteyyo-para-Lybios.png\",\"articleSection\":[\"Bem-estar\"],\"inLanguage\":\"pt-BR\",\"potentialAction\":[{\"@type\":\"CommentAction\",\"name\":\"Comment\",\"target\":[\"https:\/\/ictdf.synergyecosys.io\/?p=725#respond\"]}]},{\"@type\":\"WebPage\",\"@id\":\"https:\/\/ictdf.synergyecosys.io\/?p=725\",\"url\":\"https:\/\/ictdf.synergyecosys.io\/?p=725\",\"name\":\"B\u00e1lsamo para L\u00e1bios Nu Skin Sunright: A Prote\u00e7\u00e3o Solar que Seus L\u00e1bios Precisam - ICTDF\",\"isPartOf\":{\"@id\":\"https:\/\/ictdf.synergyecosys.io\/#website\"},\"primaryImageOfPage\":{\"@id\":\"https:\/\/ictdf.synergyecosys.io\/?p=725#primaryimage\"},\"image\":{\"@id\":\"https:\/\/ictdf.synergyecosys.io\/?p=725#primaryimage\"},\"thumbnailUrl\":\"https:\/\/ictdf.synergyecosys.io\/wp-content\/uploads\/2026\/04\/imagem-Bylsamo-Nu-Skin-Sunright-FPS-15-Proteyyo-para-Lybios.png\",\"datePublished\":\"2026-04-15T11:32:13+00:00\",\"breadcrumb\":{\"@id\":\"https:\/\/ictdf.synergyecosys.io\/?p=725#breadcrumb\"},\"inLanguage\":\"pt-BR\",\"potentialAction\":[{\"@type\":\"ReadAction\",\"target\":[\"https:\/\/ictdf.synergyecosys.io\/?p=725\"]}]},{\"@type\":\"ImageObject\",\"inLanguage\":\"pt-BR\",\"@id\":\"https:\/\/ictdf.synergyecosys.io\/?p=725#primaryimage\",\"url\":\"https:\/\/ictdf.synergyecosys.io\/wp-content\/uploads\/2026\/04\/imagem-Bylsamo-Nu-Skin-Sunright-FPS-15-Proteyyo-para-Lybios.png\",\"contentUrl\":\"https:\/\/ictdf.synergyecosys.io\/wp-content\/uploads\/2026\/04\/imagem-Bylsamo-Nu-Skin-Sunright-FPS-15-Proteyyo-para-Lybios.png\",\"width\":1696,\"height\":960},{\"@type\":\"BreadcrumbList\",\"@id\":\"https:\/\/ictdf.synergyecosys.io\/?p=725#breadcrumb\",\"itemListElement\":[{\"@type\":\"ListItem\",\"position\":1,\"name\":\"In\u00edcio\",\"item\":\"https:\/\/ictdf.synergyecosys.io\/\"},{\"@type\":\"ListItem\",\"position\":2,\"name\":\"B\u00e1lsamo para L\u00e1bios Nu Skin Sunright: A Prote\u00e7\u00e3o Solar que Seus L\u00e1bios Precisam\"}]},{\"@type\":\"WebSite\",\"@id\":\"https:\/\/ictdf.synergyecosys.io\/#website\",\"url\":\"https:\/\/ictdf.synergyecosys.io\/\",\"name\":\"ICTDF\",\"description\":\"\",\"publisher\":{\"@id\":\"https:\/\/ictdf.synergyecosys.io\/#organization\"},\"potentialAction\":[{\"@type\":\"SearchAction\",\"target\":{\"@type\":\"EntryPoint\",\"urlTemplate\":\"https:\/\/ictdf.synergyecosys.io\/?s={search_term_string}\"},\"query-input\":{\"@type\":\"PropertyValueSpecification\",\"valueRequired\":true,\"valueName\":\"search_term_string\"}}],\"inLanguage\":\"pt-BR\"},{\"@type\":\"Organization\",\"@id\":\"https:\/\/ictdf.synergyecosys.io\/#organization\",\"name\":\"ICTDF\",\"url\":\"https:\/\/ictdf.synergyecosys.io\/\",\"logo\":{\"@type\":\"ImageObject\",\"inLanguage\":\"pt-BR\",\"@id\":\"https:\/\/ictdf.synergyecosys.io\/#\/schema\/logo\/image\/\",\"url\":\"https:\/\/ictdf.synergyecosys.io\/wp-content\/uploads\/2026\/02\/cropped-cropped-ICTDF_logo_transparente.png\",\"contentUrl\":\"https:\/\/ictdf.synergyecosys.io\/wp-content\/uploads\/2026\/02\/cropped-cropped-ICTDF_logo_transparente.png\",\"width\":450,\"height\":141,\"caption\":\"ICTDF\"},\"image\":{\"@id\":\"https:\/\/ictdf.synergyecosys.io\/#\/schema\/logo\/image\/\"}},{\"@type\":\"Person\",\"@id\":\"https:\/\/ictdf.synergyecosys.io\/#\/schema\/person\/0b4488974b7b485188c0c01cb9f95b21\",\"name\":\"admin\",\"image\":{\"@type\":\"ImageObject\",\"inLanguage\":\"pt-BR\",\"@id\":\"https:\/\/ictdf.synergyecosys.io\/#\/schema\/person\/image\/\",\"url\":\"https:\/\/secure.gravatar.com\/avatar\/ee6b87b4bde4f4817334740781bdb6e270748065085879a5aa2018d8006922fa?s=96&d=mm&r=g\",\"contentUrl\":\"https:\/\/secure.gravatar.com\/avatar\/ee6b87b4bde4f4817334740781bdb6e270748065085879a5aa2018d8006922fa?s=96&d=mm&r=g\",\"caption\":\"admin\"},\"sameAs\":[\"https:\/\/ictdf.synergyecosys.io\"],\"url\":\"https:\/\/ictdf.synergyecosys.io\/?author=1\"}]}<\/script>\n<!-- \/ Yoast SEO plugin. -->","yoast_head_json":{"title":"B\u00e1lsamo para L\u00e1bios Nu Skin Sunright: A Prote\u00e7\u00e3o Solar que Seus L\u00e1bios Precisam - ICTDF","robots":{"index":"index","follow":"follow","max-snippet":"max-snippet:-1","max-image-preview":"max-image-preview:large","max-video-preview":"max-video-preview:-1"},"canonical":"https:\/\/ictdf.synergyecosys.io\/?p=725","og_locale":"pt_BR","og_type":"article","og_title":"B\u00e1lsamo para L\u00e1bios Nu Skin Sunright: A Prote\u00e7\u00e3o Solar que Seus L\u00e1bios Precisam - ICTDF","og_description":"Descubra o B\u00e1lsamo para L\u00e1bios Nu Skin Sunright FPS 15 com espectro amplo. Proteja seus l\u00e1bios do sol com octinoxato, avobenzona e octocrileno. Ideal para uso di\u00e1rio!","og_url":"https:\/\/ictdf.synergyecosys.io\/?p=725","og_site_name":"ICTDF","article_published_time":"2026-04-15T11:32:13+00:00","author":"admin","twitter_card":"summary_large_image","twitter_misc":{"Escrito por":"admin","Est. tempo de leitura":"3 minutos"},"schema":{"@context":"https:\/\/schema.org","@graph":[{"@type":"Article","@id":"https:\/\/ictdf.synergyecosys.io\/?p=725#article","isPartOf":{"@id":"https:\/\/ictdf.synergyecosys.io\/?p=725"},"author":{"name":"admin","@id":"https:\/\/ictdf.synergyecosys.io\/#\/schema\/person\/0b4488974b7b485188c0c01cb9f95b21"},"headline":"B\u00e1lsamo para L\u00e1bios Nu Skin Sunright: A Prote\u00e7\u00e3o Solar que Seus L\u00e1bios Precisam","datePublished":"2026-04-15T11:32:13+00:00","mainEntityOfPage":{"@id":"https:\/\/ictdf.synergyecosys.io\/?p=725"},"wordCount":652,"commentCount":0,"publisher":{"@id":"https:\/\/ictdf.synergyecosys.io\/#organization"},"image":{"@id":"https:\/\/ictdf.synergyecosys.io\/?p=725#primaryimage"},"thumbnailUrl":"https:\/\/ictdf.synergyecosys.io\/wp-content\/uploads\/2026\/04\/imagem-Bylsamo-Nu-Skin-Sunright-FPS-15-Proteyyo-para-Lybios.png","articleSection":["Bem-estar"],"inLanguage":"pt-BR","potentialAction":[{"@type":"CommentAction","name":"Comment","target":["https:\/\/ictdf.synergyecosys.io\/?p=725#respond"]}]},{"@type":"WebPage","@id":"https:\/\/ictdf.synergyecosys.io\/?p=725","url":"https:\/\/ictdf.synergyecosys.io\/?p=725","name":"B\u00e1lsamo para L\u00e1bios Nu Skin Sunright: A Prote\u00e7\u00e3o Solar que Seus L\u00e1bios Precisam - ICTDF","isPartOf":{"@id":"https:\/\/ictdf.synergyecosys.io\/#website"},"primaryImageOfPage":{"@id":"https:\/\/ictdf.synergyecosys.io\/?p=725#primaryimage"},"image":{"@id":"https:\/\/ictdf.synergyecosys.io\/?p=725#primaryimage"},"thumbnailUrl":"https:\/\/ictdf.synergyecosys.io\/wp-content\/uploads\/2026\/04\/imagem-Bylsamo-Nu-Skin-Sunright-FPS-15-Proteyyo-para-Lybios.png","datePublished":"2026-04-15T11:32:13+00:00","breadcrumb":{"@id":"https:\/\/ictdf.synergyecosys.io\/?p=725#breadcrumb"},"inLanguage":"pt-BR","potentialAction":[{"@type":"ReadAction","target":["https:\/\/ictdf.synergyecosys.io\/?p=725"]}]},{"@type":"ImageObject","inLanguage":"pt-BR","@id":"https:\/\/ictdf.synergyecosys.io\/?p=725#primaryimage","url":"https:\/\/ictdf.synergyecosys.io\/wp-content\/uploads\/2026\/04\/imagem-Bylsamo-Nu-Skin-Sunright-FPS-15-Proteyyo-para-Lybios.png","contentUrl":"https:\/\/ictdf.synergyecosys.io\/wp-content\/uploads\/2026\/04\/imagem-Bylsamo-Nu-Skin-Sunright-FPS-15-Proteyyo-para-Lybios.png","width":1696,"height":960},{"@type":"BreadcrumbList","@id":"https:\/\/ictdf.synergyecosys.io\/?p=725#breadcrumb","itemListElement":[{"@type":"ListItem","position":1,"name":"In\u00edcio","item":"https:\/\/ictdf.synergyecosys.io\/"},{"@type":"ListItem","position":2,"name":"B\u00e1lsamo para L\u00e1bios Nu Skin Sunright: A Prote\u00e7\u00e3o Solar que Seus L\u00e1bios Precisam"}]},{"@type":"WebSite","@id":"https:\/\/ictdf.synergyecosys.io\/#website","url":"https:\/\/ictdf.synergyecosys.io\/","name":"ICTDF","description":"","publisher":{"@id":"https:\/\/ictdf.synergyecosys.io\/#organization"},"potentialAction":[{"@type":"SearchAction","target":{"@type":"EntryPoint","urlTemplate":"https:\/\/ictdf.synergyecosys.io\/?s={search_term_string}"},"query-input":{"@type":"PropertyValueSpecification","valueRequired":true,"valueName":"search_term_string"}}],"inLanguage":"pt-BR"},{"@type":"Organization","@id":"https:\/\/ictdf.synergyecosys.io\/#organization","name":"ICTDF","url":"https:\/\/ictdf.synergyecosys.io\/","logo":{"@type":"ImageObject","inLanguage":"pt-BR","@id":"https:\/\/ictdf.synergyecosys.io\/#\/schema\/logo\/image\/","url":"https:\/\/ictdf.synergyecosys.io\/wp-content\/uploads\/2026\/02\/cropped-cropped-ICTDF_logo_transparente.png","contentUrl":"https:\/\/ictdf.synergyecosys.io\/wp-content\/uploads\/2026\/02\/cropped-cropped-ICTDF_logo_transparente.png","width":450,"height":141,"caption":"ICTDF"},"image":{"@id":"https:\/\/ictdf.synergyecosys.io\/#\/schema\/logo\/image\/"}},{"@type":"Person","@id":"https:\/\/ictdf.synergyecosys.io\/#\/schema\/person\/0b4488974b7b485188c0c01cb9f95b21","name":"admin","image":{"@type":"ImageObject","inLanguage":"pt-BR","@id":"https:\/\/ictdf.synergyecosys.io\/#\/schema\/person\/image\/","url":"https:\/\/secure.gravatar.com\/avatar\/ee6b87b4bde4f4817334740781bdb6e270748065085879a5aa2018d8006922fa?s=96&d=mm&r=g","contentUrl":"https:\/\/secure.gravatar.com\/avatar\/ee6b87b4bde4f4817334740781bdb6e270748065085879a5aa2018d8006922fa?s=96&d=mm&r=g","caption":"admin"},"sameAs":["https:\/\/ictdf.synergyecosys.io"],"url":"https:\/\/ictdf.synergyecosys.io\/?author=1"}]}},"_links":{"self":[{"href":"https:\/\/ictdf.synergyecosys.io\/index.php?rest_route=\/wp\/v2\/posts\/725","targetHints":{"allow":["GET"]}}],"collection":[{"href":"https:\/\/ictdf.synergyecosys.io\/index.php?rest_route=\/wp\/v2\/posts"}],"about":[{"href":"https:\/\/ictdf.synergyecosys.io\/index.php?rest_route=\/wp\/v2\/types\/post"}],"author":[{"embeddable":true,"href":"https:\/\/ictdf.synergyecosys.io\/index.php?rest_route=\/wp\/v2\/users\/1"}],"replies":[{"embeddable":true,"href":"https:\/\/ictdf.synergyecosys.io\/index.php?rest_route=%2Fwp%2Fv2%2Fcomments&post=725"}],"version-history":[{"count":0,"href":"https:\/\/ictdf.synergyecosys.io\/index.php?rest_route=\/wp\/v2\/posts\/725\/revisions"}],"wp:featuredmedia":[{"embeddable":true,"href":"https:\/\/ictdf.synergyecosys.io\/index.php?rest_route=\/wp\/v2\/media\/724"}],"wp:attachment":[{"href":"https:\/\/ictdf.synergyecosys.io\/index.php?rest_route=%2Fwp%2Fv2%2Fmedia&parent=725"}],"wp:term":[{"taxonomy":"category","embeddable":true,"href":"https:\/\/ictdf.synergyecosys.io\/index.php?rest_route=%2Fwp%2Fv2%2Fcategories&post=725"},{"taxonomy":"post_tag","embeddable":true,"href":"https:\/\/ictdf.synergyecosys.io\/index.php?rest_route=%2Fwp%2Fv2%2Ftags&post=725"}],"curies":[{"name":"wp","href":"https:\/\/api.w.org\/{rel}","templated":true}]}}