{"id":717,"date":"2026-04-14T13:32:12","date_gmt":"2026-04-14T16:32:12","guid":{"rendered":"https:\/\/ictdf.synergyecosys.io\/?p=717"},"modified":"2026-04-14T13:32:12","modified_gmt":"2026-04-14T16:32:12","slug":"governo-abre-consulta-publica-sobre-genericos-e-similares-veterinarios","status":"publish","type":"post","link":"https:\/\/ictdf.synergyecosys.io\/?p=717","title":{"rendered":"Governo Abre Consulta P\u00fablica sobre Gen\u00e9ricos e Similares Veterin\u00e1rios"},"content":{"rendered":"<p>Voc\u00ea j\u00e1 parou para pensar no custo dos medicamentos para os seus animais? Se voc\u00ea \u00e9 criador de gado, dono de pet ou trabalha no agro, uma not\u00edcia recente pode impactar diretamente o seu dia a dia. O governo brasileiro, por meio do Minist\u00e9rio da Agricultura, Pecu\u00e1ria e Abastecimento (MAPA), acaba de abrir uma consulta p\u00fablica sobre a regulamenta\u00e7\u00e3o de medicamentos gen\u00e9ricos e similares para uso veterin\u00e1rio. Eu analisei o tema e vou explicar tudo de forma simples, para que voc\u00ea entenda o que est\u00e1 em jogo.<\/p>\n<p>Essa iniciativa visa tornar esses rem\u00e9dios mais acess\u00edveis e padronizados, beneficiando o setor inteiro. Vamos mergulhar no assunto?<\/p>\n<h2>O que s\u00e3o gen\u00e9ricos e similares veterin\u00e1rios?<\/h2>\n<p>Primeiro, vamos esclarecer os termos. <strong>Medicamentos gen\u00e9ricos<\/strong> s\u00e3o vers\u00f5es mais baratas de rem\u00e9dios j\u00e1 existentes. Eles t\u00eam o mesmo princ\u00edpio ativo do medicamento original (chamado de refer\u00eancia), mas sem a marca famosa. Na pr\u00e1tica, \u00e9 como ter o rem\u00e9dio &#8216;gen\u00e9rico&#8217; do paracetamol para humanos, mas para vacas, cavalos ou c\u00e3es. Eles precisam provar que s\u00e3o bioequivalentes, ou seja, funcionam da mesma forma no corpo do animal.<\/p>\n<p>J\u00e1 os <strong>similares<\/strong> s\u00e3o parecidos, mas com uma diferen\u00e7a: eles n\u00e3o precisam passar por testes t\u00e3o rigorosos de equival\u00eancia. S\u00e3o como &#8216;irm\u00e3os mais novos&#8217; dos gen\u00e9ricos, ainda acess\u00edveis, mas com menos garantias iniciais. No contexto veterin\u00e1rio, isso \u00e9 crucial porque afeta desde a preven\u00e7\u00e3o de doen\u00e7as em rebanhos at\u00e9 o tratamento de pets.<\/p>\n<p>Eu percebo que muitos produtores ainda confundem os dois, mas entender isso ajuda a escolher o melhor para os animais.<\/p>\n<h2>Por que essa consulta p\u00fablica est\u00e1 acontecendo agora?<\/h2>\n<p>O cen\u00e1rio no Brasil \u00e9 de crescimento no setor agropecu\u00e1rio, mas com desafios como altos custos de medicamentos importados. O MAPA identificou que a falta de regula\u00e7\u00e3o clara para gen\u00e9ricos e similares veterin\u00e1rios trava o mercado. Essa consulta, aberta recentemente, busca opini\u00f5es de veterin\u00e1rios, ind\u00fastrias, criadores e sociedade para refinar as normas.<\/p>\n<p>\u00c9 uma oportunidade para democratizar o processo regulat\u00f3rio. Na minha vis\u00e3o, isso reflete uma tend\u00eancia global de baratear tratamentos animais, especialmente ap\u00f3s a pandemia, que destacou a import\u00e2ncia da sa\u00fade animal para a seguran\u00e7a alimentar.<\/p>\n<h3>Os antecedentes regulat\u00f3rios<\/h3>\n<p>Historicamente, os medicamentos veterin\u00e1rios no Brasil s\u00e3o regulados pela ANVISA e MAPA. Gen\u00e9ricos humanos existem desde os anos 90, mas para veterin\u00e1ria, o caminho \u00e9 mais lento. Essa consulta pode ser o passo para equiparar as regras, inspirando-se em modelos de pa\u00edses como os EUA e Europa.<\/p>\n<h2>Os impactos pr\u00e1ticos para criadores e empresas<\/h2>\n<p>Imagine reduzir em at\u00e9 30% o custo de vacinas e antibi\u00f3ticos para seu rebanho. Para pequenos produtores, isso pode ser a diferen\u00e7a entre lucro e preju\u00edzo. Empresas do agro ganham com mais op\u00e7\u00f5es no mercado, fomentando competi\u00e7\u00e3o e inova\u00e7\u00e3o local.<\/p>\n<p>Para donos de pets, significa rem\u00e9dios mais baratos e dispon\u00edveis. Mas h\u00e1 riscos: se a regula\u00e7\u00e3o for frouxa, pode haver produtos de qualidade inferior, afetando a sa\u00fade animal e, consequentemente, a humana via cadeia alimentar.<\/p>\n<ul>\n<li>Benef\u00edcios: Pre\u00e7os mais baixos e maior acesso.<\/li>\n<li>Riscos: Necessidade de fiscaliza\u00e7\u00e3o rigorosa.<\/li>\n<li>Impacto social: Fortalecimento da agricultura familiar.<\/li>\n<\/ul>\n<h3>Consequ\u00eancias para a sociedade<\/h3>\n<p>No todo, isso impulsiona a economia rural e reduz a depend\u00eancia de importa\u00e7\u00f5es, fortalecendo a soberania alimentar do Brasil.<\/p>\n<h2>Perspectivas futuras e como se envolver<\/h2>\n<p>Olhando adiante, experts preveem um boom no mercado de gen\u00e9ricos veterin\u00e1rios nos pr\u00f3ximos anos. Recomendo que voc\u00ea, como leitor, participe da consulta p\u00fablica \u2013 \u00e9 simples, online, e sua voz conta. Acesse o site do MAPA e envie contribui\u00e7\u00f5es at\u00e9 a data limite.<\/p>\n<p>Eu acredito que essa \u00e9 uma chance de moldar um setor mais justo e eficiente. Fique de olho nas atualiza\u00e7\u00f5es regulat\u00f3rias.<\/p>\n<h2>Reflex\u00f5es finais: Um passo para o futuro da veterin\u00e1ria brasileira<\/h2>\n<p>Em resumo, essa consulta p\u00fablica sobre gen\u00e9ricos e similares veterin\u00e1rios \u00e9 mais que uma burocracia \u2013 \u00e9 uma porta para acessibilidade e inova\u00e7\u00e3o. Ao participar, voc\u00ea ajuda a construir um Brasil onde a sa\u00fade animal seja prioridade acess\u00edvel. O que voc\u00ea acha? Deixe seu coment\u00e1rio abaixo e vamos discutir!<\/p>\n","protected":false},"excerpt":{"rendered":"<p>O governo abre consulta p\u00fablica sobre gen\u00e9ricos e similares veterin\u00e1rios. Entenda o que isso significa para o setor agropecu\u00e1rio, criadores de animais e a acessibilidade de medicamentos. Saiba como participar!<\/p>\n","protected":false},"author":1,"featured_media":716,"comment_status":"open","ping_status":"open","sticky":false,"template":"","format":"standard","meta":{"_acf_changed":false,"_eb_attr":"","footnotes":"","_wpscppro_dont_share_socialmedia":false,"_wpscppro_custom_social_share_image":0,"_facebook_share_type":"","_twitter_share_type":"","_linkedin_share_type":"","_pinterest_share_type":"","_linkedin_share_type_page":"","_instagram_share_type":"","_medium_share_type":"","_threads_share_type":"","_google_business_share_type":"","_selected_social_profile":[],"_wpsp_enable_custom_social_template":false,"_wpsp_social_scheduling":{"enabled":false,"datetime":null,"platforms":[],"status":"template_only","dateOption":"today","timeOption":"now","customDays":"","customHours":"","customDate":"","customTime":"","schedulingType":"absolute"},"_wpsp_active_default_template":true},"categories":[3],"tags":[],"class_list":["post-717","post","type-post","status-publish","format-standard","has-post-thumbnail","hentry","category-bem-estar"],"acf":[],"yoast_head":"<!-- This site is optimized with the Yoast SEO plugin v26.9 - https:\/\/yoast.com\/product\/yoast-seo-wordpress\/ -->\n<title>Governo Abre Consulta P\u00fablica sobre Gen\u00e9ricos e Similares Veterin\u00e1rios - ICTDF<\/title>\n<meta name=\"robots\" content=\"index, follow, max-snippet:-1, max-image-preview:large, max-video-preview:-1\" \/>\n<link rel=\"canonical\" href=\"https:\/\/ictdf.synergyecosys.io\/?p=717\" \/>\n<meta property=\"og:locale\" content=\"pt_BR\" \/>\n<meta property=\"og:type\" content=\"article\" \/>\n<meta property=\"og:title\" content=\"Governo Abre Consulta P\u00fablica sobre Gen\u00e9ricos e Similares Veterin\u00e1rios - ICTDF\" \/>\n<meta property=\"og:description\" content=\"O governo abre consulta p\u00fablica sobre gen\u00e9ricos e similares veterin\u00e1rios. Entenda o que isso significa para o setor agropecu\u00e1rio, criadores de animais e a acessibilidade de medicamentos. Saiba como participar!\" \/>\n<meta property=\"og:url\" content=\"https:\/\/ictdf.synergyecosys.io\/?p=717\" \/>\n<meta property=\"og:site_name\" content=\"ICTDF\" \/>\n<meta property=\"article:published_time\" content=\"2026-04-14T16:32:12+00:00\" \/>\n<meta name=\"author\" content=\"admin\" \/>\n<meta name=\"twitter:card\" content=\"summary_large_image\" \/>\n<meta name=\"twitter:label1\" content=\"Escrito por\" \/>\n\t<meta name=\"twitter:data1\" content=\"admin\" \/>\n\t<meta name=\"twitter:label2\" content=\"Est. tempo de leitura\" \/>\n\t<meta name=\"twitter:data2\" content=\"4 minutos\" \/>\n<script type=\"application\/ld+json\" class=\"yoast-schema-graph\">{\"@context\":\"https:\/\/schema.org\",\"@graph\":[{\"@type\":\"Article\",\"@id\":\"https:\/\/ictdf.synergyecosys.io\/?p=717#article\",\"isPartOf\":{\"@id\":\"https:\/\/ictdf.synergyecosys.io\/?p=717\"},\"author\":{\"name\":\"admin\",\"@id\":\"https:\/\/ictdf.synergyecosys.io\/#\/schema\/person\/0b4488974b7b485188c0c01cb9f95b21\"},\"headline\":\"Governo Abre Consulta P\u00fablica sobre Gen\u00e9ricos e Similares Veterin\u00e1rios\",\"datePublished\":\"2026-04-14T16:32:12+00:00\",\"mainEntityOfPage\":{\"@id\":\"https:\/\/ictdf.synergyecosys.io\/?p=717\"},\"wordCount\":737,\"commentCount\":0,\"publisher\":{\"@id\":\"https:\/\/ictdf.synergyecosys.io\/#organization\"},\"image\":{\"@id\":\"https:\/\/ictdf.synergyecosys.io\/?p=717#primaryimage\"},\"thumbnailUrl\":\"https:\/\/ictdf.synergyecosys.io\/wp-content\/uploads\/2026\/04\/imagem-Consulta-Pyblica-Genyricos-Veterinyrios-O-Que-Muda.png\",\"articleSection\":[\"Bem-estar\"],\"inLanguage\":\"pt-BR\",\"potentialAction\":[{\"@type\":\"CommentAction\",\"name\":\"Comment\",\"target\":[\"https:\/\/ictdf.synergyecosys.io\/?p=717#respond\"]}]},{\"@type\":\"WebPage\",\"@id\":\"https:\/\/ictdf.synergyecosys.io\/?p=717\",\"url\":\"https:\/\/ictdf.synergyecosys.io\/?p=717\",\"name\":\"Governo Abre Consulta P\u00fablica sobre Gen\u00e9ricos e Similares Veterin\u00e1rios - ICTDF\",\"isPartOf\":{\"@id\":\"https:\/\/ictdf.synergyecosys.io\/#website\"},\"primaryImageOfPage\":{\"@id\":\"https:\/\/ictdf.synergyecosys.io\/?p=717#primaryimage\"},\"image\":{\"@id\":\"https:\/\/ictdf.synergyecosys.io\/?p=717#primaryimage\"},\"thumbnailUrl\":\"https:\/\/ictdf.synergyecosys.io\/wp-content\/uploads\/2026\/04\/imagem-Consulta-Pyblica-Genyricos-Veterinyrios-O-Que-Muda.png\",\"datePublished\":\"2026-04-14T16:32:12+00:00\",\"breadcrumb\":{\"@id\":\"https:\/\/ictdf.synergyecosys.io\/?p=717#breadcrumb\"},\"inLanguage\":\"pt-BR\",\"potentialAction\":[{\"@type\":\"ReadAction\",\"target\":[\"https:\/\/ictdf.synergyecosys.io\/?p=717\"]}]},{\"@type\":\"ImageObject\",\"inLanguage\":\"pt-BR\",\"@id\":\"https:\/\/ictdf.synergyecosys.io\/?p=717#primaryimage\",\"url\":\"https:\/\/ictdf.synergyecosys.io\/wp-content\/uploads\/2026\/04\/imagem-Consulta-Pyblica-Genyricos-Veterinyrios-O-Que-Muda.png\",\"contentUrl\":\"https:\/\/ictdf.synergyecosys.io\/wp-content\/uploads\/2026\/04\/imagem-Consulta-Pyblica-Genyricos-Veterinyrios-O-Que-Muda.png\",\"width\":1696,\"height\":960},{\"@type\":\"BreadcrumbList\",\"@id\":\"https:\/\/ictdf.synergyecosys.io\/?p=717#breadcrumb\",\"itemListElement\":[{\"@type\":\"ListItem\",\"position\":1,\"name\":\"In\u00edcio\",\"item\":\"https:\/\/ictdf.synergyecosys.io\/\"},{\"@type\":\"ListItem\",\"position\":2,\"name\":\"Governo Abre Consulta P\u00fablica sobre Gen\u00e9ricos e Similares Veterin\u00e1rios\"}]},{\"@type\":\"WebSite\",\"@id\":\"https:\/\/ictdf.synergyecosys.io\/#website\",\"url\":\"https:\/\/ictdf.synergyecosys.io\/\",\"name\":\"ICTDF\",\"description\":\"\",\"publisher\":{\"@id\":\"https:\/\/ictdf.synergyecosys.io\/#organization\"},\"potentialAction\":[{\"@type\":\"SearchAction\",\"target\":{\"@type\":\"EntryPoint\",\"urlTemplate\":\"https:\/\/ictdf.synergyecosys.io\/?s={search_term_string}\"},\"query-input\":{\"@type\":\"PropertyValueSpecification\",\"valueRequired\":true,\"valueName\":\"search_term_string\"}}],\"inLanguage\":\"pt-BR\"},{\"@type\":\"Organization\",\"@id\":\"https:\/\/ictdf.synergyecosys.io\/#organization\",\"name\":\"ICTDF\",\"url\":\"https:\/\/ictdf.synergyecosys.io\/\",\"logo\":{\"@type\":\"ImageObject\",\"inLanguage\":\"pt-BR\",\"@id\":\"https:\/\/ictdf.synergyecosys.io\/#\/schema\/logo\/image\/\",\"url\":\"https:\/\/ictdf.synergyecosys.io\/wp-content\/uploads\/2026\/02\/cropped-cropped-ICTDF_logo_transparente.png\",\"contentUrl\":\"https:\/\/ictdf.synergyecosys.io\/wp-content\/uploads\/2026\/02\/cropped-cropped-ICTDF_logo_transparente.png\",\"width\":450,\"height\":141,\"caption\":\"ICTDF\"},\"image\":{\"@id\":\"https:\/\/ictdf.synergyecosys.io\/#\/schema\/logo\/image\/\"}},{\"@type\":\"Person\",\"@id\":\"https:\/\/ictdf.synergyecosys.io\/#\/schema\/person\/0b4488974b7b485188c0c01cb9f95b21\",\"name\":\"admin\",\"image\":{\"@type\":\"ImageObject\",\"inLanguage\":\"pt-BR\",\"@id\":\"https:\/\/ictdf.synergyecosys.io\/#\/schema\/person\/image\/\",\"url\":\"https:\/\/secure.gravatar.com\/avatar\/ee6b87b4bde4f4817334740781bdb6e270748065085879a5aa2018d8006922fa?s=96&d=mm&r=g\",\"contentUrl\":\"https:\/\/secure.gravatar.com\/avatar\/ee6b87b4bde4f4817334740781bdb6e270748065085879a5aa2018d8006922fa?s=96&d=mm&r=g\",\"caption\":\"admin\"},\"sameAs\":[\"https:\/\/ictdf.synergyecosys.io\"],\"url\":\"https:\/\/ictdf.synergyecosys.io\/?author=1\"}]}<\/script>\n<!-- \/ Yoast SEO plugin. -->","yoast_head_json":{"title":"Governo Abre Consulta P\u00fablica sobre Gen\u00e9ricos e Similares Veterin\u00e1rios - ICTDF","robots":{"index":"index","follow":"follow","max-snippet":"max-snippet:-1","max-image-preview":"max-image-preview:large","max-video-preview":"max-video-preview:-1"},"canonical":"https:\/\/ictdf.synergyecosys.io\/?p=717","og_locale":"pt_BR","og_type":"article","og_title":"Governo Abre Consulta P\u00fablica sobre Gen\u00e9ricos e Similares Veterin\u00e1rios - ICTDF","og_description":"O governo abre consulta p\u00fablica sobre gen\u00e9ricos e similares veterin\u00e1rios. Entenda o que isso significa para o setor agropecu\u00e1rio, criadores de animais e a acessibilidade de medicamentos. Saiba como participar!","og_url":"https:\/\/ictdf.synergyecosys.io\/?p=717","og_site_name":"ICTDF","article_published_time":"2026-04-14T16:32:12+00:00","author":"admin","twitter_card":"summary_large_image","twitter_misc":{"Escrito por":"admin","Est. tempo de leitura":"4 minutos"},"schema":{"@context":"https:\/\/schema.org","@graph":[{"@type":"Article","@id":"https:\/\/ictdf.synergyecosys.io\/?p=717#article","isPartOf":{"@id":"https:\/\/ictdf.synergyecosys.io\/?p=717"},"author":{"name":"admin","@id":"https:\/\/ictdf.synergyecosys.io\/#\/schema\/person\/0b4488974b7b485188c0c01cb9f95b21"},"headline":"Governo Abre Consulta P\u00fablica sobre Gen\u00e9ricos e Similares Veterin\u00e1rios","datePublished":"2026-04-14T16:32:12+00:00","mainEntityOfPage":{"@id":"https:\/\/ictdf.synergyecosys.io\/?p=717"},"wordCount":737,"commentCount":0,"publisher":{"@id":"https:\/\/ictdf.synergyecosys.io\/#organization"},"image":{"@id":"https:\/\/ictdf.synergyecosys.io\/?p=717#primaryimage"},"thumbnailUrl":"https:\/\/ictdf.synergyecosys.io\/wp-content\/uploads\/2026\/04\/imagem-Consulta-Pyblica-Genyricos-Veterinyrios-O-Que-Muda.png","articleSection":["Bem-estar"],"inLanguage":"pt-BR","potentialAction":[{"@type":"CommentAction","name":"Comment","target":["https:\/\/ictdf.synergyecosys.io\/?p=717#respond"]}]},{"@type":"WebPage","@id":"https:\/\/ictdf.synergyecosys.io\/?p=717","url":"https:\/\/ictdf.synergyecosys.io\/?p=717","name":"Governo Abre Consulta P\u00fablica sobre Gen\u00e9ricos e Similares Veterin\u00e1rios - ICTDF","isPartOf":{"@id":"https:\/\/ictdf.synergyecosys.io\/#website"},"primaryImageOfPage":{"@id":"https:\/\/ictdf.synergyecosys.io\/?p=717#primaryimage"},"image":{"@id":"https:\/\/ictdf.synergyecosys.io\/?p=717#primaryimage"},"thumbnailUrl":"https:\/\/ictdf.synergyecosys.io\/wp-content\/uploads\/2026\/04\/imagem-Consulta-Pyblica-Genyricos-Veterinyrios-O-Que-Muda.png","datePublished":"2026-04-14T16:32:12+00:00","breadcrumb":{"@id":"https:\/\/ictdf.synergyecosys.io\/?p=717#breadcrumb"},"inLanguage":"pt-BR","potentialAction":[{"@type":"ReadAction","target":["https:\/\/ictdf.synergyecosys.io\/?p=717"]}]},{"@type":"ImageObject","inLanguage":"pt-BR","@id":"https:\/\/ictdf.synergyecosys.io\/?p=717#primaryimage","url":"https:\/\/ictdf.synergyecosys.io\/wp-content\/uploads\/2026\/04\/imagem-Consulta-Pyblica-Genyricos-Veterinyrios-O-Que-Muda.png","contentUrl":"https:\/\/ictdf.synergyecosys.io\/wp-content\/uploads\/2026\/04\/imagem-Consulta-Pyblica-Genyricos-Veterinyrios-O-Que-Muda.png","width":1696,"height":960},{"@type":"BreadcrumbList","@id":"https:\/\/ictdf.synergyecosys.io\/?p=717#breadcrumb","itemListElement":[{"@type":"ListItem","position":1,"name":"In\u00edcio","item":"https:\/\/ictdf.synergyecosys.io\/"},{"@type":"ListItem","position":2,"name":"Governo Abre Consulta P\u00fablica sobre Gen\u00e9ricos e Similares Veterin\u00e1rios"}]},{"@type":"WebSite","@id":"https:\/\/ictdf.synergyecosys.io\/#website","url":"https:\/\/ictdf.synergyecosys.io\/","name":"ICTDF","description":"","publisher":{"@id":"https:\/\/ictdf.synergyecosys.io\/#organization"},"potentialAction":[{"@type":"SearchAction","target":{"@type":"EntryPoint","urlTemplate":"https:\/\/ictdf.synergyecosys.io\/?s={search_term_string}"},"query-input":{"@type":"PropertyValueSpecification","valueRequired":true,"valueName":"search_term_string"}}],"inLanguage":"pt-BR"},{"@type":"Organization","@id":"https:\/\/ictdf.synergyecosys.io\/#organization","name":"ICTDF","url":"https:\/\/ictdf.synergyecosys.io\/","logo":{"@type":"ImageObject","inLanguage":"pt-BR","@id":"https:\/\/ictdf.synergyecosys.io\/#\/schema\/logo\/image\/","url":"https:\/\/ictdf.synergyecosys.io\/wp-content\/uploads\/2026\/02\/cropped-cropped-ICTDF_logo_transparente.png","contentUrl":"https:\/\/ictdf.synergyecosys.io\/wp-content\/uploads\/2026\/02\/cropped-cropped-ICTDF_logo_transparente.png","width":450,"height":141,"caption":"ICTDF"},"image":{"@id":"https:\/\/ictdf.synergyecosys.io\/#\/schema\/logo\/image\/"}},{"@type":"Person","@id":"https:\/\/ictdf.synergyecosys.io\/#\/schema\/person\/0b4488974b7b485188c0c01cb9f95b21","name":"admin","image":{"@type":"ImageObject","inLanguage":"pt-BR","@id":"https:\/\/ictdf.synergyecosys.io\/#\/schema\/person\/image\/","url":"https:\/\/secure.gravatar.com\/avatar\/ee6b87b4bde4f4817334740781bdb6e270748065085879a5aa2018d8006922fa?s=96&d=mm&r=g","contentUrl":"https:\/\/secure.gravatar.com\/avatar\/ee6b87b4bde4f4817334740781bdb6e270748065085879a5aa2018d8006922fa?s=96&d=mm&r=g","caption":"admin"},"sameAs":["https:\/\/ictdf.synergyecosys.io"],"url":"https:\/\/ictdf.synergyecosys.io\/?author=1"}]}},"_links":{"self":[{"href":"https:\/\/ictdf.synergyecosys.io\/index.php?rest_route=\/wp\/v2\/posts\/717","targetHints":{"allow":["GET"]}}],"collection":[{"href":"https:\/\/ictdf.synergyecosys.io\/index.php?rest_route=\/wp\/v2\/posts"}],"about":[{"href":"https:\/\/ictdf.synergyecosys.io\/index.php?rest_route=\/wp\/v2\/types\/post"}],"author":[{"embeddable":true,"href":"https:\/\/ictdf.synergyecosys.io\/index.php?rest_route=\/wp\/v2\/users\/1"}],"replies":[{"embeddable":true,"href":"https:\/\/ictdf.synergyecosys.io\/index.php?rest_route=%2Fwp%2Fv2%2Fcomments&post=717"}],"version-history":[{"count":0,"href":"https:\/\/ictdf.synergyecosys.io\/index.php?rest_route=\/wp\/v2\/posts\/717\/revisions"}],"wp:featuredmedia":[{"embeddable":true,"href":"https:\/\/ictdf.synergyecosys.io\/index.php?rest_route=\/wp\/v2\/media\/716"}],"wp:attachment":[{"href":"https:\/\/ictdf.synergyecosys.io\/index.php?rest_route=%2Fwp%2Fv2%2Fmedia&parent=717"}],"wp:term":[{"taxonomy":"category","embeddable":true,"href":"https:\/\/ictdf.synergyecosys.io\/index.php?rest_route=%2Fwp%2Fv2%2Fcategories&post=717"},{"taxonomy":"post_tag","embeddable":true,"href":"https:\/\/ictdf.synergyecosys.io\/index.php?rest_route=%2Fwp%2Fv2%2Ftags&post=717"}],"curies":[{"name":"wp","href":"https:\/\/api.w.org\/{rel}","templated":true}]}}