{"id":713,"date":"2026-04-14T04:32:20","date_gmt":"2026-04-14T07:32:20","guid":{"rendered":"https:\/\/ictdf.synergyecosys.io\/?p=713"},"modified":"2026-04-14T04:32:20","modified_gmt":"2026-04-14T07:32:20","slug":"1-em-cada-5-gestantes-nao-conclui-o-pre-natal-no-brasil-alerta-para-a-saude-materna","status":"publish","type":"post","link":"https:\/\/ictdf.synergyecosys.io\/?p=713","title":{"rendered":"1 em Cada 5 Gestantes N\u00e3o Conclui o Pr\u00e9-Natal no Brasil: Alerta para a Sa\u00fade Materna"},"content":{"rendered":"<p>Voc\u00ea sabia que no Brasil, uma em cada cinco mulheres gr\u00e1vidas n\u00e3o termina o acompanhamento pr\u00e9-natal? Essa estat\u00edstica alarmante vem de uma pesquisa recente e me deixou preocupado ao analisar os dados. O pr\u00e9-natal \u00e9 fundamental para garantir uma gesta\u00e7\u00e3o saud\u00e1vel, mas barreiras como acesso e conscientiza\u00e7\u00e3o est\u00e3o impedindo muitas mulheres de complet\u00e1-lo.<\/p>\n<p>Hoje, vamos descomplicar esse tema. Vou explicar o que significa n\u00e3o concluir o pr\u00e9-natal, por que isso acontece e o que podemos fazer para mudar essa realidade. Se voc\u00ea \u00e9 gestante ou conhece algu\u00e9m que est\u00e1, este artigo \u00e9 para voc\u00ea.<\/p>\n<h2>O Que \u00c9 o Pr\u00e9-Natal e Por Que Ele \u00c9 Essencial?<\/h2>\n<p>O <strong>pr\u00e9-natal<\/strong>, ou cuidado pr\u00e9-natal, \u00e9 o conjunto de consultas e exames m\u00e9dicos realizados durante a gravidez para monitorar a sa\u00fade da m\u00e3e e do beb\u00ea. Na pr\u00e1tica, significa visitas regulares ao m\u00e9dico para checar press\u00e3o arterial, peso, desenvolvimento fetal e prevenir complica\u00e7\u00f5es.<\/p>\n<p>De acordo com o Minist\u00e9rio da Sa\u00fade, o ideal \u00e9 pelo menos seis consultas, come\u00e7ando no primeiro trimestre. Sem isso, riscos como pr\u00e9-ecl\u00e2mpsia ou parto prematuro aumentam significativamente.<\/p>\n<h2>A Pesquisa Que Revela o Alarme no Brasil<\/h2>\n<p>Uma pesquisa recente, apontada por institui\u00e7\u00f5es como a Fiocruz, mostra que cerca de 20% das gestantes no Brasil n\u00e3o concluem o pr\u00e9-natal. Isso equivale a 1 em cada 5 mulheres deixando o acompanhamento pela metade.<\/p>\n<p>Os dados v\u00eam de estudos nacionais que analisam o Sistema \u00danico de Sa\u00fade (SUS). Eu percebi, ao ler relat\u00f3rios, que regi\u00f5es Norte e Nordeste s\u00e3o as mais afetadas, onde o acesso a servi\u00e7os \u00e9 mais limitado.<\/p>\n<h3>Motivos Detr\u00e1s das Estat\u00edsticas<\/h3>\n<p>Fatores como dist\u00e2ncia das unidades de sa\u00fade, falta de transporte e hor\u00e1rios incompat\u00edveis com o trabalho contribuem para o abandono. Al\u00e9m disso, a pandemia de COVID-19 agravou o problema, reduzindo atendimentos presenciais.<\/p>\n<h2>Os Impactos na Sa\u00fade da M\u00e3e e do Beb\u00ea<\/h2>\n<p>N\u00e3o completar o pr\u00e9-natal pode ter consequ\u00eancias graves. Para a m\u00e3e, aumenta o risco de anemia, infec\u00e7\u00f5es e problemas no parto. Para o beb\u00ea, h\u00e1 maior chance de baixo peso ao nascer ou malforma\u00e7\u00f5es n\u00e3o detectadas.<\/p>\n<p>Em termos sociais, isso afeta fam\u00edlias e o sistema de sa\u00fade, gerando custos extras com interna\u00e7\u00f5es de emerg\u00eancia. Na minha vis\u00e3o, \u00e9 um ciclo que perpetua desigualdades, especialmente em comunidades vulner\u00e1veis.<\/p>\n<ul>\n<li>Risco de mortalidade materna: at\u00e9 30% maior sem pr\u00e9-natal completo.<\/li>\n<li>Beb\u00eas com baixo peso: 50% mais propensos.<\/li>\n<li>Custos para o SUS: bilh\u00f5es em tratamentos evit\u00e1veis.<\/li>\n<\/ul>\n<h2>Barreiras e Desafios no Acesso ao Cuidado<\/h2>\n<p>Muitas gestantes enfrentam obst\u00e1culos log\u00edsticos. Em \u00e1reas rurais, viajar para uma consulta pode levar horas. A conscientiza\u00e7\u00e3o tamb\u00e9m \u00e9 baixa; algumas mulheres n\u00e3o sabem da import\u00e2ncia ou temem julgamentos.<\/p>\n<p>Al\u00e9m disso, quest\u00f5es culturais e econ\u00f4micas, como a necessidade de trabalhar at\u00e9 o fim da gesta\u00e7\u00e3o, complicam. Programas como o Bolsa Fam\u00edlia tentam ajudar, mas ainda h\u00e1 gaps.<\/p>\n<h2>Caminhos para Melhorar o Cen\u00e1rio<\/h2>\n<p>Para reverter isso, precisamos de mais investimento em sa\u00fade p\u00fablica. Telemedicina pode ser uma solu\u00e7\u00e3o para consultas remotas, especialmente p\u00f3s-pandemia.<\/p>\n<p>Recomendo que gestantes busquem o posto de sa\u00fade mais pr\u00f3ximo logo no in\u00edcio da gravidez. Comunidades podem se organizar para apoio m\u00fatuo, como grupos de gestantes.<\/p>\n<h3>Tend\u00eancias Futuras na Sa\u00fade Gestacional<\/h3>\n<p>Com avan\u00e7os em apps de monitoramento e pol\u00edticas inclusivas, espero ver uma redu\u00e7\u00e3o nessa taxa nos pr\u00f3ximos anos. O governo tem metas para 2030, visando cobertura universal.<\/p>\n<h2>Reflex\u00f5es Finais: Priorize Sua Gravidez<\/h2>\n<p>Essa pesquisa \u00e9 um chamado \u00e0 a\u00e7\u00e3o. 1 em 5 \u00e9 demais; cada gesta\u00e7\u00e3o merece cuidado integral. Se voc\u00ea est\u00e1 gr\u00e1vida, marque sua consulta hoje. Juntos, podemos construir um Brasil mais saud\u00e1vel para m\u00e3es e beb\u00eas. Compartilhe este artigo e ajude a espalhar awareness!<\/p>\n","protected":false},"excerpt":{"rendered":"<p>Uma pesquisa revela que 1 em cada 5 gestantes brasileiras n\u00e3o completa o pr\u00e9-natal. Entenda os motivos, impactos e como isso afeta a sa\u00fade materna. Dicas para uma gravidez saud\u00e1vel.<\/p>\n","protected":false},"author":1,"featured_media":712,"comment_status":"open","ping_status":"open","sticky":false,"template":"","format":"standard","meta":{"_acf_changed":false,"_eb_attr":"","footnotes":"","_wpscppro_dont_share_socialmedia":false,"_wpscppro_custom_social_share_image":0,"_facebook_share_type":"","_twitter_share_type":"","_linkedin_share_type":"","_pinterest_share_type":"","_linkedin_share_type_page":"","_instagram_share_type":"","_medium_share_type":"","_threads_share_type":"","_google_business_share_type":"","_selected_social_profile":[],"_wpsp_enable_custom_social_template":false,"_wpsp_social_scheduling":{"enabled":false,"datetime":null,"platforms":[],"status":"template_only","dateOption":"today","timeOption":"now","customDays":"","customHours":"","customDate":"","customTime":"","schedulingType":"absolute"},"_wpsp_active_default_template":true},"categories":[3],"tags":[],"class_list":["post-713","post","type-post","status-publish","format-standard","has-post-thumbnail","hentry","category-bem-estar"],"acf":[],"yoast_head":"<!-- This site is optimized with the Yoast SEO plugin v26.9 - https:\/\/yoast.com\/product\/yoast-seo-wordpress\/ -->\n<title>1 em Cada 5 Gestantes N\u00e3o Conclui o Pr\u00e9-Natal no Brasil: Alerta para a Sa\u00fade Materna - ICTDF<\/title>\n<meta name=\"robots\" content=\"index, follow, max-snippet:-1, max-image-preview:large, max-video-preview:-1\" \/>\n<link rel=\"canonical\" href=\"https:\/\/ictdf.synergyecosys.io\/?p=713\" \/>\n<meta property=\"og:locale\" content=\"pt_BR\" \/>\n<meta property=\"og:type\" content=\"article\" \/>\n<meta property=\"og:title\" content=\"1 em Cada 5 Gestantes N\u00e3o Conclui o Pr\u00e9-Natal no Brasil: Alerta para a Sa\u00fade Materna - ICTDF\" \/>\n<meta property=\"og:description\" content=\"Uma pesquisa revela que 1 em cada 5 gestantes brasileiras n\u00e3o completa o pr\u00e9-natal. Entenda os motivos, impactos e como isso afeta a sa\u00fade materna. Dicas para uma gravidez saud\u00e1vel.\" \/>\n<meta property=\"og:url\" content=\"https:\/\/ictdf.synergyecosys.io\/?p=713\" \/>\n<meta property=\"og:site_name\" content=\"ICTDF\" \/>\n<meta property=\"article:published_time\" content=\"2026-04-14T07:32:20+00:00\" \/>\n<meta name=\"author\" content=\"admin\" \/>\n<meta name=\"twitter:card\" content=\"summary_large_image\" \/>\n<meta name=\"twitter:label1\" content=\"Escrito por\" \/>\n\t<meta name=\"twitter:data1\" content=\"admin\" \/>\n\t<meta name=\"twitter:label2\" content=\"Est. tempo de leitura\" \/>\n\t<meta name=\"twitter:data2\" content=\"3 minutos\" \/>\n<script type=\"application\/ld+json\" class=\"yoast-schema-graph\">{\"@context\":\"https:\/\/schema.org\",\"@graph\":[{\"@type\":\"Article\",\"@id\":\"https:\/\/ictdf.synergyecosys.io\/?p=713#article\",\"isPartOf\":{\"@id\":\"https:\/\/ictdf.synergyecosys.io\/?p=713\"},\"author\":{\"name\":\"admin\",\"@id\":\"https:\/\/ictdf.synergyecosys.io\/#\/schema\/person\/0b4488974b7b485188c0c01cb9f95b21\"},\"headline\":\"1 em Cada 5 Gestantes N\u00e3o Conclui o Pr\u00e9-Natal no Brasil: Alerta para a Sa\u00fade Materna\",\"datePublished\":\"2026-04-14T07:32:20+00:00\",\"mainEntityOfPage\":{\"@id\":\"https:\/\/ictdf.synergyecosys.io\/?p=713\"},\"wordCount\":680,\"commentCount\":0,\"publisher\":{\"@id\":\"https:\/\/ictdf.synergyecosys.io\/#organization\"},\"image\":{\"@id\":\"https:\/\/ictdf.synergyecosys.io\/?p=713#primaryimage\"},\"thumbnailUrl\":\"https:\/\/ictdf.synergyecosys.io\/wp-content\/uploads\/2026\/04\/imagem-1-em-5-Gestantes-Nyo-Conclui-Pry-Natal-no-Brasil.png\",\"articleSection\":[\"Bem-estar\"],\"inLanguage\":\"pt-BR\",\"potentialAction\":[{\"@type\":\"CommentAction\",\"name\":\"Comment\",\"target\":[\"https:\/\/ictdf.synergyecosys.io\/?p=713#respond\"]}]},{\"@type\":\"WebPage\",\"@id\":\"https:\/\/ictdf.synergyecosys.io\/?p=713\",\"url\":\"https:\/\/ictdf.synergyecosys.io\/?p=713\",\"name\":\"1 em Cada 5 Gestantes N\u00e3o Conclui o Pr\u00e9-Natal no Brasil: Alerta para a Sa\u00fade Materna - ICTDF\",\"isPartOf\":{\"@id\":\"https:\/\/ictdf.synergyecosys.io\/#website\"},\"primaryImageOfPage\":{\"@id\":\"https:\/\/ictdf.synergyecosys.io\/?p=713#primaryimage\"},\"image\":{\"@id\":\"https:\/\/ictdf.synergyecosys.io\/?p=713#primaryimage\"},\"thumbnailUrl\":\"https:\/\/ictdf.synergyecosys.io\/wp-content\/uploads\/2026\/04\/imagem-1-em-5-Gestantes-Nyo-Conclui-Pry-Natal-no-Brasil.png\",\"datePublished\":\"2026-04-14T07:32:20+00:00\",\"breadcrumb\":{\"@id\":\"https:\/\/ictdf.synergyecosys.io\/?p=713#breadcrumb\"},\"inLanguage\":\"pt-BR\",\"potentialAction\":[{\"@type\":\"ReadAction\",\"target\":[\"https:\/\/ictdf.synergyecosys.io\/?p=713\"]}]},{\"@type\":\"ImageObject\",\"inLanguage\":\"pt-BR\",\"@id\":\"https:\/\/ictdf.synergyecosys.io\/?p=713#primaryimage\",\"url\":\"https:\/\/ictdf.synergyecosys.io\/wp-content\/uploads\/2026\/04\/imagem-1-em-5-Gestantes-Nyo-Conclui-Pry-Natal-no-Brasil.png\",\"contentUrl\":\"https:\/\/ictdf.synergyecosys.io\/wp-content\/uploads\/2026\/04\/imagem-1-em-5-Gestantes-Nyo-Conclui-Pry-Natal-no-Brasil.png\",\"width\":1696,\"height\":960},{\"@type\":\"BreadcrumbList\",\"@id\":\"https:\/\/ictdf.synergyecosys.io\/?p=713#breadcrumb\",\"itemListElement\":[{\"@type\":\"ListItem\",\"position\":1,\"name\":\"In\u00edcio\",\"item\":\"https:\/\/ictdf.synergyecosys.io\/\"},{\"@type\":\"ListItem\",\"position\":2,\"name\":\"1 em Cada 5 Gestantes N\u00e3o Conclui o Pr\u00e9-Natal no Brasil: Alerta para a Sa\u00fade Materna\"}]},{\"@type\":\"WebSite\",\"@id\":\"https:\/\/ictdf.synergyecosys.io\/#website\",\"url\":\"https:\/\/ictdf.synergyecosys.io\/\",\"name\":\"ICTDF\",\"description\":\"\",\"publisher\":{\"@id\":\"https:\/\/ictdf.synergyecosys.io\/#organization\"},\"potentialAction\":[{\"@type\":\"SearchAction\",\"target\":{\"@type\":\"EntryPoint\",\"urlTemplate\":\"https:\/\/ictdf.synergyecosys.io\/?s={search_term_string}\"},\"query-input\":{\"@type\":\"PropertyValueSpecification\",\"valueRequired\":true,\"valueName\":\"search_term_string\"}}],\"inLanguage\":\"pt-BR\"},{\"@type\":\"Organization\",\"@id\":\"https:\/\/ictdf.synergyecosys.io\/#organization\",\"name\":\"ICTDF\",\"url\":\"https:\/\/ictdf.synergyecosys.io\/\",\"logo\":{\"@type\":\"ImageObject\",\"inLanguage\":\"pt-BR\",\"@id\":\"https:\/\/ictdf.synergyecosys.io\/#\/schema\/logo\/image\/\",\"url\":\"https:\/\/ictdf.synergyecosys.io\/wp-content\/uploads\/2026\/02\/cropped-cropped-ICTDF_logo_transparente.png\",\"contentUrl\":\"https:\/\/ictdf.synergyecosys.io\/wp-content\/uploads\/2026\/02\/cropped-cropped-ICTDF_logo_transparente.png\",\"width\":450,\"height\":141,\"caption\":\"ICTDF\"},\"image\":{\"@id\":\"https:\/\/ictdf.synergyecosys.io\/#\/schema\/logo\/image\/\"}},{\"@type\":\"Person\",\"@id\":\"https:\/\/ictdf.synergyecosys.io\/#\/schema\/person\/0b4488974b7b485188c0c01cb9f95b21\",\"name\":\"admin\",\"image\":{\"@type\":\"ImageObject\",\"inLanguage\":\"pt-BR\",\"@id\":\"https:\/\/ictdf.synergyecosys.io\/#\/schema\/person\/image\/\",\"url\":\"https:\/\/secure.gravatar.com\/avatar\/ee6b87b4bde4f4817334740781bdb6e270748065085879a5aa2018d8006922fa?s=96&d=mm&r=g\",\"contentUrl\":\"https:\/\/secure.gravatar.com\/avatar\/ee6b87b4bde4f4817334740781bdb6e270748065085879a5aa2018d8006922fa?s=96&d=mm&r=g\",\"caption\":\"admin\"},\"sameAs\":[\"https:\/\/ictdf.synergyecosys.io\"],\"url\":\"https:\/\/ictdf.synergyecosys.io\/?author=1\"}]}<\/script>\n<!-- \/ Yoast SEO plugin. -->","yoast_head_json":{"title":"1 em Cada 5 Gestantes N\u00e3o Conclui o Pr\u00e9-Natal no Brasil: Alerta para a Sa\u00fade Materna - ICTDF","robots":{"index":"index","follow":"follow","max-snippet":"max-snippet:-1","max-image-preview":"max-image-preview:large","max-video-preview":"max-video-preview:-1"},"canonical":"https:\/\/ictdf.synergyecosys.io\/?p=713","og_locale":"pt_BR","og_type":"article","og_title":"1 em Cada 5 Gestantes N\u00e3o Conclui o Pr\u00e9-Natal no Brasil: Alerta para a Sa\u00fade Materna - ICTDF","og_description":"Uma pesquisa revela que 1 em cada 5 gestantes brasileiras n\u00e3o completa o pr\u00e9-natal. Entenda os motivos, impactos e como isso afeta a sa\u00fade materna. Dicas para uma gravidez saud\u00e1vel.","og_url":"https:\/\/ictdf.synergyecosys.io\/?p=713","og_site_name":"ICTDF","article_published_time":"2026-04-14T07:32:20+00:00","author":"admin","twitter_card":"summary_large_image","twitter_misc":{"Escrito por":"admin","Est. tempo de leitura":"3 minutos"},"schema":{"@context":"https:\/\/schema.org","@graph":[{"@type":"Article","@id":"https:\/\/ictdf.synergyecosys.io\/?p=713#article","isPartOf":{"@id":"https:\/\/ictdf.synergyecosys.io\/?p=713"},"author":{"name":"admin","@id":"https:\/\/ictdf.synergyecosys.io\/#\/schema\/person\/0b4488974b7b485188c0c01cb9f95b21"},"headline":"1 em Cada 5 Gestantes N\u00e3o Conclui o Pr\u00e9-Natal no Brasil: Alerta para a Sa\u00fade Materna","datePublished":"2026-04-14T07:32:20+00:00","mainEntityOfPage":{"@id":"https:\/\/ictdf.synergyecosys.io\/?p=713"},"wordCount":680,"commentCount":0,"publisher":{"@id":"https:\/\/ictdf.synergyecosys.io\/#organization"},"image":{"@id":"https:\/\/ictdf.synergyecosys.io\/?p=713#primaryimage"},"thumbnailUrl":"https:\/\/ictdf.synergyecosys.io\/wp-content\/uploads\/2026\/04\/imagem-1-em-5-Gestantes-Nyo-Conclui-Pry-Natal-no-Brasil.png","articleSection":["Bem-estar"],"inLanguage":"pt-BR","potentialAction":[{"@type":"CommentAction","name":"Comment","target":["https:\/\/ictdf.synergyecosys.io\/?p=713#respond"]}]},{"@type":"WebPage","@id":"https:\/\/ictdf.synergyecosys.io\/?p=713","url":"https:\/\/ictdf.synergyecosys.io\/?p=713","name":"1 em Cada 5 Gestantes N\u00e3o Conclui o Pr\u00e9-Natal no Brasil: Alerta para a Sa\u00fade Materna - ICTDF","isPartOf":{"@id":"https:\/\/ictdf.synergyecosys.io\/#website"},"primaryImageOfPage":{"@id":"https:\/\/ictdf.synergyecosys.io\/?p=713#primaryimage"},"image":{"@id":"https:\/\/ictdf.synergyecosys.io\/?p=713#primaryimage"},"thumbnailUrl":"https:\/\/ictdf.synergyecosys.io\/wp-content\/uploads\/2026\/04\/imagem-1-em-5-Gestantes-Nyo-Conclui-Pry-Natal-no-Brasil.png","datePublished":"2026-04-14T07:32:20+00:00","breadcrumb":{"@id":"https:\/\/ictdf.synergyecosys.io\/?p=713#breadcrumb"},"inLanguage":"pt-BR","potentialAction":[{"@type":"ReadAction","target":["https:\/\/ictdf.synergyecosys.io\/?p=713"]}]},{"@type":"ImageObject","inLanguage":"pt-BR","@id":"https:\/\/ictdf.synergyecosys.io\/?p=713#primaryimage","url":"https:\/\/ictdf.synergyecosys.io\/wp-content\/uploads\/2026\/04\/imagem-1-em-5-Gestantes-Nyo-Conclui-Pry-Natal-no-Brasil.png","contentUrl":"https:\/\/ictdf.synergyecosys.io\/wp-content\/uploads\/2026\/04\/imagem-1-em-5-Gestantes-Nyo-Conclui-Pry-Natal-no-Brasil.png","width":1696,"height":960},{"@type":"BreadcrumbList","@id":"https:\/\/ictdf.synergyecosys.io\/?p=713#breadcrumb","itemListElement":[{"@type":"ListItem","position":1,"name":"In\u00edcio","item":"https:\/\/ictdf.synergyecosys.io\/"},{"@type":"ListItem","position":2,"name":"1 em Cada 5 Gestantes N\u00e3o Conclui o Pr\u00e9-Natal no Brasil: Alerta para a Sa\u00fade Materna"}]},{"@type":"WebSite","@id":"https:\/\/ictdf.synergyecosys.io\/#website","url":"https:\/\/ictdf.synergyecosys.io\/","name":"ICTDF","description":"","publisher":{"@id":"https:\/\/ictdf.synergyecosys.io\/#organization"},"potentialAction":[{"@type":"SearchAction","target":{"@type":"EntryPoint","urlTemplate":"https:\/\/ictdf.synergyecosys.io\/?s={search_term_string}"},"query-input":{"@type":"PropertyValueSpecification","valueRequired":true,"valueName":"search_term_string"}}],"inLanguage":"pt-BR"},{"@type":"Organization","@id":"https:\/\/ictdf.synergyecosys.io\/#organization","name":"ICTDF","url":"https:\/\/ictdf.synergyecosys.io\/","logo":{"@type":"ImageObject","inLanguage":"pt-BR","@id":"https:\/\/ictdf.synergyecosys.io\/#\/schema\/logo\/image\/","url":"https:\/\/ictdf.synergyecosys.io\/wp-content\/uploads\/2026\/02\/cropped-cropped-ICTDF_logo_transparente.png","contentUrl":"https:\/\/ictdf.synergyecosys.io\/wp-content\/uploads\/2026\/02\/cropped-cropped-ICTDF_logo_transparente.png","width":450,"height":141,"caption":"ICTDF"},"image":{"@id":"https:\/\/ictdf.synergyecosys.io\/#\/schema\/logo\/image\/"}},{"@type":"Person","@id":"https:\/\/ictdf.synergyecosys.io\/#\/schema\/person\/0b4488974b7b485188c0c01cb9f95b21","name":"admin","image":{"@type":"ImageObject","inLanguage":"pt-BR","@id":"https:\/\/ictdf.synergyecosys.io\/#\/schema\/person\/image\/","url":"https:\/\/secure.gravatar.com\/avatar\/ee6b87b4bde4f4817334740781bdb6e270748065085879a5aa2018d8006922fa?s=96&d=mm&r=g","contentUrl":"https:\/\/secure.gravatar.com\/avatar\/ee6b87b4bde4f4817334740781bdb6e270748065085879a5aa2018d8006922fa?s=96&d=mm&r=g","caption":"admin"},"sameAs":["https:\/\/ictdf.synergyecosys.io"],"url":"https:\/\/ictdf.synergyecosys.io\/?author=1"}]}},"_links":{"self":[{"href":"https:\/\/ictdf.synergyecosys.io\/index.php?rest_route=\/wp\/v2\/posts\/713","targetHints":{"allow":["GET"]}}],"collection":[{"href":"https:\/\/ictdf.synergyecosys.io\/index.php?rest_route=\/wp\/v2\/posts"}],"about":[{"href":"https:\/\/ictdf.synergyecosys.io\/index.php?rest_route=\/wp\/v2\/types\/post"}],"author":[{"embeddable":true,"href":"https:\/\/ictdf.synergyecosys.io\/index.php?rest_route=\/wp\/v2\/users\/1"}],"replies":[{"embeddable":true,"href":"https:\/\/ictdf.synergyecosys.io\/index.php?rest_route=%2Fwp%2Fv2%2Fcomments&post=713"}],"version-history":[{"count":0,"href":"https:\/\/ictdf.synergyecosys.io\/index.php?rest_route=\/wp\/v2\/posts\/713\/revisions"}],"wp:featuredmedia":[{"embeddable":true,"href":"https:\/\/ictdf.synergyecosys.io\/index.php?rest_route=\/wp\/v2\/media\/712"}],"wp:attachment":[{"href":"https:\/\/ictdf.synergyecosys.io\/index.php?rest_route=%2Fwp%2Fv2%2Fmedia&parent=713"}],"wp:term":[{"taxonomy":"category","embeddable":true,"href":"https:\/\/ictdf.synergyecosys.io\/index.php?rest_route=%2Fwp%2Fv2%2Fcategories&post=713"},{"taxonomy":"post_tag","embeddable":true,"href":"https:\/\/ictdf.synergyecosys.io\/index.php?rest_route=%2Fwp%2Fv2%2Ftags&post=713"}],"curies":[{"name":"wp","href":"https:\/\/api.w.org\/{rel}","templated":true}]}}