{"id":707,"date":"2026-04-13T17:32:20","date_gmt":"2026-04-13T20:32:20","guid":{"rendered":"https:\/\/ictdf.synergyecosys.io\/?p=707"},"modified":"2026-04-13T17:32:20","modified_gmt":"2026-04-13T20:32:20","slug":"nova-lei-mais-acesso-a-tratamentos-contra-o-cancer-no-sus","status":"publish","type":"post","link":"https:\/\/ictdf.synergyecosys.io\/?p=707","title":{"rendered":"Nova Lei: Mais Acesso a Tratamentos Contra o C\u00e2ncer no SUS"},"content":{"rendered":"<p>Imagine poder acessar tratamentos avan\u00e7ados contra o c\u00e2ncer sem se preocupar com custos exorbitantes. Isso est\u00e1 mais perto da realidade gra\u00e7as a uma nova lei sancionada recentemente no Brasil. Eu analisei os detalhes dessa mudan\u00e7a e vou explicar tudo de forma simples para voc\u00ea entender como isso beneficia milh\u00f5es de pessoas.<\/p>\n<p>A <strong>Lei 14.954\/2024<\/strong>, assinada pelo presidente Lula em novembro de 2024, cria a Pol\u00edtica Nacional de Preven\u00e7\u00e3o e Controle do C\u00e2ncer. Ela garante que o SUS ofere\u00e7a mais op\u00e7\u00f5es de diagn\u00f3stico precoce, terapias inovadoras e vacinas para prevenir certos tipos de c\u00e2ncer.<\/p>\n<h2>Como Surgiu Essa Lei e Por Que Ela \u00c9 Necess\u00e1ria<\/h2>\n<p>O c\u00e2ncer \u00e9 a segunda maior causa de morte no Brasil, afetando milhares de fam\u00edlias todos os anos. At\u00e9 agora, o acesso a tratamentos no SUS era limitado por falta de diretrizes claras e recursos. Essa lei veio para mudar isso, inspirada em projetos aprovados no Congresso para fortalecer o sistema de sa\u00fade p\u00fablica.<\/p>\n<p>Na minha vis\u00e3o, essa iniciativa reflete um compromisso real com a equidade na sa\u00fade. Ela integra a\u00e7\u00f5es de preven\u00e7\u00e3o, desde vacina\u00e7\u00e3o at\u00e9 rastreamento, em um plano nacional coordenado.<\/p>\n<h3>Os Pilares da Nova Pol\u00edtica<\/h3>\n<p>A lei estabelece pilares como a promo\u00e7\u00e3o da sa\u00fade, detec\u00e7\u00e3o precoce e tratamento integral. Por exemplo, vacinas como a do HPV, que previne c\u00e2ncer de colo de \u00fatero, ser\u00e3o mais amplamente distribu\u00eddas.<\/p>\n<h2>O Impacto no Dia a Dia dos Pacientes<\/h2>\n<p>Para quem enfrenta o c\u00e2ncer, isso significa menos espera por exames e terapias como imunoterapia ou quimioterapia personalizada. Empresas farmac\u00eauticas tamb\u00e9m ser\u00e3o incentivadas a fornecer medicamentos a pre\u00e7os acess\u00edveis ao SUS.<\/p>\n<p>Pense nas fam\u00edlias de baixa renda: agora, elas t\u00eam mais chances de tratamento efetivo sem migra\u00e7\u00e3o para o privado. Estudos mostram que o diagn\u00f3stico precoce pode aumentar a sobrevida em at\u00e9 90% para alguns c\u00e2nceres.<\/p>\n<ul>\n<li>Amplia\u00e7\u00e3o de vacinas preventivas no calend\u00e1rio nacional.<\/li>\n<li>Protocolos unificados para todo o pa\u00eds.<\/li>\n<li>Monitoramento de indicadores de mortalidade por c\u00e2ncer.<\/li>\n<\/ul>\n<h3>Desafios na Implementa\u00e7\u00e3o<\/h3>\n<p>Claro, nem tudo \u00e9 perfeito. A lei prev\u00ea a cria\u00e7\u00e3o de um comit\u00ea gestor, mas o sucesso depende de investimentos. Eu percebo que estados e munic\u00edpios precisar\u00e3o se adaptar para tornar isso realidade.<\/p>\n<h2>Olhando para o Futuro: Tend\u00eancias e Recomenda\u00e7\u00f5es<\/h2>\n<p>No horizonte, esperamos uma redu\u00e7\u00e3o na incid\u00eancia de c\u00e2ncer gra\u00e7as \u00e0 preven\u00e7\u00e3o. Recomendo que voc\u00ea se informe sobre rastreamentos gratuitos no SUS e incentive amigos a vacinarem-se.<\/p>\n<p>Essa lei \u00e9 um passo gigante, mas a luta continua. Fique atento \u00e0s atualiza\u00e7\u00f5es e apoie pol\u00edticas de sa\u00fade p\u00fablica.<\/p>\n<h2>Reflex\u00f5es Finais Sobre Essa Vit\u00f3ria na Sa\u00fade<\/h2>\n<p>Em resumo, essa nova lei representa esperan\u00e7a para muitos brasileiros. Ela n\u00e3o s\u00f3 amplia o acesso, mas humaniza o combate ao c\u00e2ncer. Vamos valorizar e cobrar sua implementa\u00e7\u00e3o plena \u2013 sua sa\u00fade e a de entes queridos dependem disso.<\/p>\n","protected":false},"excerpt":{"rendered":"<p>Descubra como a nova lei de 2024 revoluciona o combate ao c\u00e2ncer no SUS, ampliando acesso a terapias avan\u00e7adas e vacinas preventivas. Saiba o impacto para pacientes brasileiros.<\/p>\n","protected":false},"author":1,"featured_media":706,"comment_status":"open","ping_status":"open","sticky":false,"template":"","format":"standard","meta":{"_acf_changed":false,"_eb_attr":"","footnotes":"","_wpscppro_dont_share_socialmedia":false,"_wpscppro_custom_social_share_image":0,"_facebook_share_type":"","_twitter_share_type":"","_linkedin_share_type":"","_pinterest_share_type":"","_linkedin_share_type_page":"","_instagram_share_type":"","_medium_share_type":"","_threads_share_type":"","_google_business_share_type":"","_selected_social_profile":[],"_wpsp_enable_custom_social_template":false,"_wpsp_social_scheduling":{"enabled":false,"datetime":null,"platforms":[],"status":"template_only","dateOption":"today","timeOption":"now","customDays":"","customHours":"","customDate":"","customTime":"","schedulingType":"absolute"},"_wpsp_active_default_template":true},"categories":[3],"tags":[],"class_list":["post-707","post","type-post","status-publish","format-standard","has-post-thumbnail","hentry","category-bem-estar"],"acf":[],"yoast_head":"<!-- This site is optimized with the Yoast SEO plugin v26.9 - https:\/\/yoast.com\/product\/yoast-seo-wordpress\/ -->\n<title>Nova Lei: Mais Acesso a Tratamentos Contra o C\u00e2ncer no SUS - ICTDF<\/title>\n<meta name=\"robots\" content=\"index, follow, max-snippet:-1, max-image-preview:large, max-video-preview:-1\" \/>\n<link rel=\"canonical\" href=\"https:\/\/ictdf.synergyecosys.io\/?p=707\" \/>\n<meta property=\"og:locale\" content=\"pt_BR\" \/>\n<meta property=\"og:type\" content=\"article\" \/>\n<meta property=\"og:title\" content=\"Nova Lei: Mais Acesso a Tratamentos Contra o C\u00e2ncer no SUS - ICTDF\" \/>\n<meta property=\"og:description\" content=\"Descubra como a nova lei de 2024 revoluciona o combate ao c\u00e2ncer no SUS, ampliando acesso a terapias avan\u00e7adas e vacinas preventivas. Saiba o impacto para pacientes brasileiros.\" \/>\n<meta property=\"og:url\" content=\"https:\/\/ictdf.synergyecosys.io\/?p=707\" \/>\n<meta property=\"og:site_name\" content=\"ICTDF\" \/>\n<meta property=\"article:published_time\" content=\"2026-04-13T20:32:20+00:00\" \/>\n<meta name=\"author\" content=\"admin\" \/>\n<meta name=\"twitter:card\" content=\"summary_large_image\" \/>\n<meta name=\"twitter:label1\" content=\"Escrito por\" \/>\n\t<meta name=\"twitter:data1\" content=\"admin\" \/>\n\t<meta name=\"twitter:label2\" content=\"Est. tempo de leitura\" \/>\n\t<meta name=\"twitter:data2\" content=\"3 minutos\" \/>\n<script type=\"application\/ld+json\" class=\"yoast-schema-graph\">{\"@context\":\"https:\/\/schema.org\",\"@graph\":[{\"@type\":\"Article\",\"@id\":\"https:\/\/ictdf.synergyecosys.io\/?p=707#article\",\"isPartOf\":{\"@id\":\"https:\/\/ictdf.synergyecosys.io\/?p=707\"},\"author\":{\"name\":\"admin\",\"@id\":\"https:\/\/ictdf.synergyecosys.io\/#\/schema\/person\/0b4488974b7b485188c0c01cb9f95b21\"},\"headline\":\"Nova Lei: Mais Acesso a Tratamentos Contra o C\u00e2ncer no SUS\",\"datePublished\":\"2026-04-13T20:32:20+00:00\",\"mainEntityOfPage\":{\"@id\":\"https:\/\/ictdf.synergyecosys.io\/?p=707\"},\"wordCount\":522,\"commentCount\":0,\"publisher\":{\"@id\":\"https:\/\/ictdf.synergyecosys.io\/#organization\"},\"image\":{\"@id\":\"https:\/\/ictdf.synergyecosys.io\/?p=707#primaryimage\"},\"thumbnailUrl\":\"https:\/\/ictdf.synergyecosys.io\/wp-content\/uploads\/2026\/04\/imagem-Nova-Lei-Amplia-Acesso-a-Terapias-e-Vacinas-contra-Cyncer-no-SUS.png\",\"articleSection\":[\"Bem-estar\"],\"inLanguage\":\"pt-BR\",\"potentialAction\":[{\"@type\":\"CommentAction\",\"name\":\"Comment\",\"target\":[\"https:\/\/ictdf.synergyecosys.io\/?p=707#respond\"]}]},{\"@type\":\"WebPage\",\"@id\":\"https:\/\/ictdf.synergyecosys.io\/?p=707\",\"url\":\"https:\/\/ictdf.synergyecosys.io\/?p=707\",\"name\":\"Nova Lei: Mais Acesso a Tratamentos Contra o C\u00e2ncer no SUS - ICTDF\",\"isPartOf\":{\"@id\":\"https:\/\/ictdf.synergyecosys.io\/#website\"},\"primaryImageOfPage\":{\"@id\":\"https:\/\/ictdf.synergyecosys.io\/?p=707#primaryimage\"},\"image\":{\"@id\":\"https:\/\/ictdf.synergyecosys.io\/?p=707#primaryimage\"},\"thumbnailUrl\":\"https:\/\/ictdf.synergyecosys.io\/wp-content\/uploads\/2026\/04\/imagem-Nova-Lei-Amplia-Acesso-a-Terapias-e-Vacinas-contra-Cyncer-no-SUS.png\",\"datePublished\":\"2026-04-13T20:32:20+00:00\",\"breadcrumb\":{\"@id\":\"https:\/\/ictdf.synergyecosys.io\/?p=707#breadcrumb\"},\"inLanguage\":\"pt-BR\",\"potentialAction\":[{\"@type\":\"ReadAction\",\"target\":[\"https:\/\/ictdf.synergyecosys.io\/?p=707\"]}]},{\"@type\":\"ImageObject\",\"inLanguage\":\"pt-BR\",\"@id\":\"https:\/\/ictdf.synergyecosys.io\/?p=707#primaryimage\",\"url\":\"https:\/\/ictdf.synergyecosys.io\/wp-content\/uploads\/2026\/04\/imagem-Nova-Lei-Amplia-Acesso-a-Terapias-e-Vacinas-contra-Cyncer-no-SUS.png\",\"contentUrl\":\"https:\/\/ictdf.synergyecosys.io\/wp-content\/uploads\/2026\/04\/imagem-Nova-Lei-Amplia-Acesso-a-Terapias-e-Vacinas-contra-Cyncer-no-SUS.png\",\"width\":1696,\"height\":960},{\"@type\":\"BreadcrumbList\",\"@id\":\"https:\/\/ictdf.synergyecosys.io\/?p=707#breadcrumb\",\"itemListElement\":[{\"@type\":\"ListItem\",\"position\":1,\"name\":\"In\u00edcio\",\"item\":\"https:\/\/ictdf.synergyecosys.io\/\"},{\"@type\":\"ListItem\",\"position\":2,\"name\":\"Nova Lei: Mais Acesso a Tratamentos Contra o C\u00e2ncer no SUS\"}]},{\"@type\":\"WebSite\",\"@id\":\"https:\/\/ictdf.synergyecosys.io\/#website\",\"url\":\"https:\/\/ictdf.synergyecosys.io\/\",\"name\":\"ICTDF\",\"description\":\"\",\"publisher\":{\"@id\":\"https:\/\/ictdf.synergyecosys.io\/#organization\"},\"potentialAction\":[{\"@type\":\"SearchAction\",\"target\":{\"@type\":\"EntryPoint\",\"urlTemplate\":\"https:\/\/ictdf.synergyecosys.io\/?s={search_term_string}\"},\"query-input\":{\"@type\":\"PropertyValueSpecification\",\"valueRequired\":true,\"valueName\":\"search_term_string\"}}],\"inLanguage\":\"pt-BR\"},{\"@type\":\"Organization\",\"@id\":\"https:\/\/ictdf.synergyecosys.io\/#organization\",\"name\":\"ICTDF\",\"url\":\"https:\/\/ictdf.synergyecosys.io\/\",\"logo\":{\"@type\":\"ImageObject\",\"inLanguage\":\"pt-BR\",\"@id\":\"https:\/\/ictdf.synergyecosys.io\/#\/schema\/logo\/image\/\",\"url\":\"https:\/\/ictdf.synergyecosys.io\/wp-content\/uploads\/2026\/02\/cropped-cropped-ICTDF_logo_transparente.png\",\"contentUrl\":\"https:\/\/ictdf.synergyecosys.io\/wp-content\/uploads\/2026\/02\/cropped-cropped-ICTDF_logo_transparente.png\",\"width\":450,\"height\":141,\"caption\":\"ICTDF\"},\"image\":{\"@id\":\"https:\/\/ictdf.synergyecosys.io\/#\/schema\/logo\/image\/\"}},{\"@type\":\"Person\",\"@id\":\"https:\/\/ictdf.synergyecosys.io\/#\/schema\/person\/0b4488974b7b485188c0c01cb9f95b21\",\"name\":\"admin\",\"image\":{\"@type\":\"ImageObject\",\"inLanguage\":\"pt-BR\",\"@id\":\"https:\/\/ictdf.synergyecosys.io\/#\/schema\/person\/image\/\",\"url\":\"https:\/\/secure.gravatar.com\/avatar\/ee6b87b4bde4f4817334740781bdb6e270748065085879a5aa2018d8006922fa?s=96&d=mm&r=g\",\"contentUrl\":\"https:\/\/secure.gravatar.com\/avatar\/ee6b87b4bde4f4817334740781bdb6e270748065085879a5aa2018d8006922fa?s=96&d=mm&r=g\",\"caption\":\"admin\"},\"sameAs\":[\"https:\/\/ictdf.synergyecosys.io\"],\"url\":\"https:\/\/ictdf.synergyecosys.io\/?author=1\"}]}<\/script>\n<!-- \/ Yoast SEO plugin. -->","yoast_head_json":{"title":"Nova Lei: Mais Acesso a Tratamentos Contra o C\u00e2ncer no SUS - ICTDF","robots":{"index":"index","follow":"follow","max-snippet":"max-snippet:-1","max-image-preview":"max-image-preview:large","max-video-preview":"max-video-preview:-1"},"canonical":"https:\/\/ictdf.synergyecosys.io\/?p=707","og_locale":"pt_BR","og_type":"article","og_title":"Nova Lei: Mais Acesso a Tratamentos Contra o C\u00e2ncer no SUS - ICTDF","og_description":"Descubra como a nova lei de 2024 revoluciona o combate ao c\u00e2ncer no SUS, ampliando acesso a terapias avan\u00e7adas e vacinas preventivas. Saiba o impacto para pacientes brasileiros.","og_url":"https:\/\/ictdf.synergyecosys.io\/?p=707","og_site_name":"ICTDF","article_published_time":"2026-04-13T20:32:20+00:00","author":"admin","twitter_card":"summary_large_image","twitter_misc":{"Escrito por":"admin","Est. tempo de leitura":"3 minutos"},"schema":{"@context":"https:\/\/schema.org","@graph":[{"@type":"Article","@id":"https:\/\/ictdf.synergyecosys.io\/?p=707#article","isPartOf":{"@id":"https:\/\/ictdf.synergyecosys.io\/?p=707"},"author":{"name":"admin","@id":"https:\/\/ictdf.synergyecosys.io\/#\/schema\/person\/0b4488974b7b485188c0c01cb9f95b21"},"headline":"Nova Lei: Mais Acesso a Tratamentos Contra o C\u00e2ncer no SUS","datePublished":"2026-04-13T20:32:20+00:00","mainEntityOfPage":{"@id":"https:\/\/ictdf.synergyecosys.io\/?p=707"},"wordCount":522,"commentCount":0,"publisher":{"@id":"https:\/\/ictdf.synergyecosys.io\/#organization"},"image":{"@id":"https:\/\/ictdf.synergyecosys.io\/?p=707#primaryimage"},"thumbnailUrl":"https:\/\/ictdf.synergyecosys.io\/wp-content\/uploads\/2026\/04\/imagem-Nova-Lei-Amplia-Acesso-a-Terapias-e-Vacinas-contra-Cyncer-no-SUS.png","articleSection":["Bem-estar"],"inLanguage":"pt-BR","potentialAction":[{"@type":"CommentAction","name":"Comment","target":["https:\/\/ictdf.synergyecosys.io\/?p=707#respond"]}]},{"@type":"WebPage","@id":"https:\/\/ictdf.synergyecosys.io\/?p=707","url":"https:\/\/ictdf.synergyecosys.io\/?p=707","name":"Nova Lei: Mais Acesso a Tratamentos Contra o C\u00e2ncer no SUS - ICTDF","isPartOf":{"@id":"https:\/\/ictdf.synergyecosys.io\/#website"},"primaryImageOfPage":{"@id":"https:\/\/ictdf.synergyecosys.io\/?p=707#primaryimage"},"image":{"@id":"https:\/\/ictdf.synergyecosys.io\/?p=707#primaryimage"},"thumbnailUrl":"https:\/\/ictdf.synergyecosys.io\/wp-content\/uploads\/2026\/04\/imagem-Nova-Lei-Amplia-Acesso-a-Terapias-e-Vacinas-contra-Cyncer-no-SUS.png","datePublished":"2026-04-13T20:32:20+00:00","breadcrumb":{"@id":"https:\/\/ictdf.synergyecosys.io\/?p=707#breadcrumb"},"inLanguage":"pt-BR","potentialAction":[{"@type":"ReadAction","target":["https:\/\/ictdf.synergyecosys.io\/?p=707"]}]},{"@type":"ImageObject","inLanguage":"pt-BR","@id":"https:\/\/ictdf.synergyecosys.io\/?p=707#primaryimage","url":"https:\/\/ictdf.synergyecosys.io\/wp-content\/uploads\/2026\/04\/imagem-Nova-Lei-Amplia-Acesso-a-Terapias-e-Vacinas-contra-Cyncer-no-SUS.png","contentUrl":"https:\/\/ictdf.synergyecosys.io\/wp-content\/uploads\/2026\/04\/imagem-Nova-Lei-Amplia-Acesso-a-Terapias-e-Vacinas-contra-Cyncer-no-SUS.png","width":1696,"height":960},{"@type":"BreadcrumbList","@id":"https:\/\/ictdf.synergyecosys.io\/?p=707#breadcrumb","itemListElement":[{"@type":"ListItem","position":1,"name":"In\u00edcio","item":"https:\/\/ictdf.synergyecosys.io\/"},{"@type":"ListItem","position":2,"name":"Nova Lei: Mais Acesso a Tratamentos Contra o C\u00e2ncer no SUS"}]},{"@type":"WebSite","@id":"https:\/\/ictdf.synergyecosys.io\/#website","url":"https:\/\/ictdf.synergyecosys.io\/","name":"ICTDF","description":"","publisher":{"@id":"https:\/\/ictdf.synergyecosys.io\/#organization"},"potentialAction":[{"@type":"SearchAction","target":{"@type":"EntryPoint","urlTemplate":"https:\/\/ictdf.synergyecosys.io\/?s={search_term_string}"},"query-input":{"@type":"PropertyValueSpecification","valueRequired":true,"valueName":"search_term_string"}}],"inLanguage":"pt-BR"},{"@type":"Organization","@id":"https:\/\/ictdf.synergyecosys.io\/#organization","name":"ICTDF","url":"https:\/\/ictdf.synergyecosys.io\/","logo":{"@type":"ImageObject","inLanguage":"pt-BR","@id":"https:\/\/ictdf.synergyecosys.io\/#\/schema\/logo\/image\/","url":"https:\/\/ictdf.synergyecosys.io\/wp-content\/uploads\/2026\/02\/cropped-cropped-ICTDF_logo_transparente.png","contentUrl":"https:\/\/ictdf.synergyecosys.io\/wp-content\/uploads\/2026\/02\/cropped-cropped-ICTDF_logo_transparente.png","width":450,"height":141,"caption":"ICTDF"},"image":{"@id":"https:\/\/ictdf.synergyecosys.io\/#\/schema\/logo\/image\/"}},{"@type":"Person","@id":"https:\/\/ictdf.synergyecosys.io\/#\/schema\/person\/0b4488974b7b485188c0c01cb9f95b21","name":"admin","image":{"@type":"ImageObject","inLanguage":"pt-BR","@id":"https:\/\/ictdf.synergyecosys.io\/#\/schema\/person\/image\/","url":"https:\/\/secure.gravatar.com\/avatar\/ee6b87b4bde4f4817334740781bdb6e270748065085879a5aa2018d8006922fa?s=96&d=mm&r=g","contentUrl":"https:\/\/secure.gravatar.com\/avatar\/ee6b87b4bde4f4817334740781bdb6e270748065085879a5aa2018d8006922fa?s=96&d=mm&r=g","caption":"admin"},"sameAs":["https:\/\/ictdf.synergyecosys.io"],"url":"https:\/\/ictdf.synergyecosys.io\/?author=1"}]}},"_links":{"self":[{"href":"https:\/\/ictdf.synergyecosys.io\/index.php?rest_route=\/wp\/v2\/posts\/707","targetHints":{"allow":["GET"]}}],"collection":[{"href":"https:\/\/ictdf.synergyecosys.io\/index.php?rest_route=\/wp\/v2\/posts"}],"about":[{"href":"https:\/\/ictdf.synergyecosys.io\/index.php?rest_route=\/wp\/v2\/types\/post"}],"author":[{"embeddable":true,"href":"https:\/\/ictdf.synergyecosys.io\/index.php?rest_route=\/wp\/v2\/users\/1"}],"replies":[{"embeddable":true,"href":"https:\/\/ictdf.synergyecosys.io\/index.php?rest_route=%2Fwp%2Fv2%2Fcomments&post=707"}],"version-history":[{"count":0,"href":"https:\/\/ictdf.synergyecosys.io\/index.php?rest_route=\/wp\/v2\/posts\/707\/revisions"}],"wp:featuredmedia":[{"embeddable":true,"href":"https:\/\/ictdf.synergyecosys.io\/index.php?rest_route=\/wp\/v2\/media\/706"}],"wp:attachment":[{"href":"https:\/\/ictdf.synergyecosys.io\/index.php?rest_route=%2Fwp%2Fv2%2Fmedia&parent=707"}],"wp:term":[{"taxonomy":"category","embeddable":true,"href":"https:\/\/ictdf.synergyecosys.io\/index.php?rest_route=%2Fwp%2Fv2%2Fcategories&post=707"},{"taxonomy":"post_tag","embeddable":true,"href":"https:\/\/ictdf.synergyecosys.io\/index.php?rest_route=%2Fwp%2Fv2%2Ftags&post=707"}],"curies":[{"name":"wp","href":"https:\/\/api.w.org\/{rel}","templated":true}]}}