{"id":705,"date":"2026-04-13T16:32:20","date_gmt":"2026-04-13T19:32:20","guid":{"rendered":"https:\/\/ictdf.synergyecosys.io\/?p=705"},"modified":"2026-04-13T16:32:20","modified_gmt":"2026-04-13T19:32:20","slug":"nova-carta-permite-que-rfk-jr-reivindique-politica-de-vacinas-apesar-de-decisao-da-corte","status":"publish","type":"post","link":"https:\/\/ictdf.synergyecosys.io\/?p=705","title":{"rendered":"Nova Carta Permite que RFK Jr. Reivindique Pol\u00edtica de Vacinas Apesar de Decis\u00e3o da Corte"},"content":{"rendered":"<p>Imagine um cen\u00e1rio onde decis\u00f5es judiciais s\u00e3o desafiadas por novas regras administrativas. \u00c9 exatamente isso que est\u00e1 acontecendo com Robert F. Kennedy Jr., conhecido como RFK Jr., o atual Secret\u00e1rio de Sa\u00fade e Servi\u00e7os Humanos dos EUA. Uma nova carta, ou charter, acaba de abrir caminho para que ele retome o controle sobre pol\u00edticas de vacina\u00e7\u00e3o, ignorando uma recente decis\u00e3o da corte.<\/p>\n<p>Eu analisei os detalhes dessa not\u00edcia e percebo que ela reflete as tens\u00f5es entre ci\u00eancia, pol\u00edtica e sa\u00fade p\u00fablica. Vamos descomplicar isso passo a passo, para que voc\u00ea entenda o que est\u00e1 em jogo.<\/p>\n<h2>O Surgimento da Nova Carta no Contexto Pol\u00edtico<\/h2>\n<p>RFK Jr. assumiu o cargo em 2025, sob a administra\u00e7\u00e3o Trump, trazendo suas vis\u00f5es controversas sobre vacinas. Ele \u00e9 um ativista ambiental e autor que, desde 2005, questiona a seguran\u00e7a das vacinas, promovendo ideias que muitos cientistas consideram desinforma\u00e7\u00e3o.<\/p>\n<p>Para contextualizar, o termo <strong>charter<\/strong> aqui se refere a um documento oficial que estabelece as diretrizes para uma organiza\u00e7\u00e3o ou departamento governamental. \u00c9 como um novo regulamento interno do Departamento de Sa\u00fade e Servi\u00e7os Humanos (HHS), permitindo maior autonomia em pol\u00edticas de sa\u00fade.<\/p>\n<p>Essa nova carta foi introduzida recentemente, ap\u00f3s uma corte federal bloquear tentativas de RFK Jr. de alterar recomenda\u00e7\u00f5es de vacina\u00e7\u00e3o, citando riscos \u00e0 sa\u00fade p\u00fablica e viola\u00e7\u00f5es de evid\u00eancias cient\u00edficas.<\/p>\n<h3>As Vis\u00f5es de RFK Jr. sobre Vacinas<\/h3>\n<p>RFK Jr. fundou o Children&#8217;s Health Defense, um grupo que advoga contra vacinas obrigat\u00f3rias. Ele argumenta que h\u00e1 liga\u00e7\u00f5es entre vacinas e autismo, uma alega\u00e7\u00e3o refutada por estudos globais. Na pr\u00e1tica, isso significa questionar programas de imuniza\u00e7\u00e3o que salvaram milh\u00f5es de vidas.<\/p>\n<h2>Por Que Essa Mudan\u00e7a Importa Agora<\/h2>\n<p>Com a nova carta, RFK Jr. pode implementar revis\u00f5es em pol\u00edticas de vacinas sem aprova\u00e7\u00e3o pr\u00e9via de ag\u00eancias como o CDC. Isso pode afetar desde campanhas de vacina\u00e7\u00e3o infantil at\u00e9 respostas a futuras pandemias.<\/p>\n<p>Analisando o impacto, vemos um risco de aumento na hesita\u00e7\u00e3o vacinal, que j\u00e1 causou surtos de sarampo em lugares como Samoa. Para empresas farmac\u00eauticas, isso sinaliza incertezas regulat\u00f3rias, potencialmente reduzindo investimentos em novas vacinas.<\/p>\n<p>A sociedade como um todo sente o peso: vacinas s\u00e3o uma das maiores conquistas da medicina moderna, prevenindo doen\u00e7as como poliomielite e caxumba.<\/p>\n<h3>Consequ\u00eancias Pr\u00e1ticas para a Popula\u00e7\u00e3o<\/h3>\n<p>No dia a dia, isso pode significar menos confian\u00e7a em programas de sa\u00fade p\u00fablica. Pais podem hesitar em vacinar filhos, levando a mais casos de doen\u00e7as evit\u00e1veis. Para profissionais de sa\u00fade, h\u00e1 o desafio de combater desinforma\u00e7\u00e3o em um ambiente pol\u00edtico polarizado.<\/p>\n<h2>Tend\u00eancias Futuras e Poss\u00edveis Caminhos<\/h2>\n<p>Olhando adiante, essa carta pode inspirar reformas em outros departamentos, ampliando o poder executivo sobre ag\u00eancias reguladoras. No entanto, cortes podem intervir novamente se houver viola\u00e7\u00f5es constitucionais.<\/p>\n<p>Minha recomenda\u00e7\u00e3o \u00e9 que o p\u00fablico se informe por fontes confi\u00e1veis, como a OMS e CDC. Engajar em debates democr\u00e1ticos \u00e9 essencial para equilibrar inova\u00e7\u00e3o e seguran\u00e7a.<\/p>\n<ul>\n<li>Monitore atualiza\u00e7\u00f5es do HHS.<\/li>\n<li>Consulte m\u00e9dicos para decis\u00f5es de vacina\u00e7\u00e3o.<\/li>\n<li>Apoie pesquisas independentes em sa\u00fade p\u00fablica.<\/li>\n<\/ul>\n<h2>Reflex\u00f5es Finais sobre o Equil\u00edbrio entre Pol\u00edtica e Sa\u00fade<\/h2>\n<p>Essa situa\u00e7\u00e3o com RFK Jr. nos lembra que a sa\u00fade p\u00fablica n\u00e3o \u00e9 s\u00f3 ci\u00eancia, mas tamb\u00e9m pol\u00edtica. Apesar da corte, a nova carta abre portas para mudan\u00e7as radicais. O que voc\u00ea acha? Fique atento e proteja sua sa\u00fade com informa\u00e7\u00f5es s\u00f3lidas. Se isso impacta voc\u00ea, compartilhe suas experi\u00eancias nos coment\u00e1rios.<\/p>\n","protected":false},"excerpt":{"rendered":"<p>Descubra como uma nova carta permite que RFK Jr. reassuma o controle da pol\u00edtica de vacinas nos EUA, mesmo ap\u00f3s decis\u00e3o judicial contr\u00e1ria. Entenda o impacto na sa\u00fade p\u00fablica.<\/p>\n","protected":false},"author":1,"featured_media":704,"comment_status":"open","ping_status":"open","sticky":false,"template":"","format":"standard","meta":{"_acf_changed":false,"_eb_attr":"","footnotes":"","_wpscppro_dont_share_socialmedia":false,"_wpscppro_custom_social_share_image":0,"_facebook_share_type":"","_twitter_share_type":"","_linkedin_share_type":"","_pinterest_share_type":"","_linkedin_share_type_page":"","_instagram_share_type":"","_medium_share_type":"","_threads_share_type":"","_google_business_share_type":"","_selected_social_profile":[],"_wpsp_enable_custom_social_template":false,"_wpsp_social_scheduling":{"enabled":false,"datetime":null,"platforms":[],"status":"template_only","dateOption":"today","timeOption":"now","customDays":"","customHours":"","customDate":"","customTime":"","schedulingType":"absolute"},"_wpsp_active_default_template":true},"categories":[3],"tags":[],"class_list":["post-705","post","type-post","status-publish","format-standard","has-post-thumbnail","hentry","category-bem-estar"],"acf":[],"yoast_head":"<!-- This site is optimized with the Yoast SEO plugin v26.9 - https:\/\/yoast.com\/product\/yoast-seo-wordpress\/ -->\n<title>Nova Carta Permite que RFK Jr. Reivindique Pol\u00edtica de Vacinas Apesar de Decis\u00e3o da Corte - ICTDF<\/title>\n<meta name=\"robots\" content=\"index, follow, max-snippet:-1, max-image-preview:large, max-video-preview:-1\" \/>\n<link rel=\"canonical\" href=\"https:\/\/ictdf.synergyecosys.io\/?p=705\" \/>\n<meta property=\"og:locale\" content=\"pt_BR\" \/>\n<meta property=\"og:type\" content=\"article\" \/>\n<meta property=\"og:title\" content=\"Nova Carta Permite que RFK Jr. Reivindique Pol\u00edtica de Vacinas Apesar de Decis\u00e3o da Corte - ICTDF\" \/>\n<meta property=\"og:description\" content=\"Descubra como uma nova carta permite que RFK Jr. reassuma o controle da pol\u00edtica de vacinas nos EUA, mesmo ap\u00f3s decis\u00e3o judicial contr\u00e1ria. Entenda o impacto na sa\u00fade p\u00fablica.\" \/>\n<meta property=\"og:url\" content=\"https:\/\/ictdf.synergyecosys.io\/?p=705\" \/>\n<meta property=\"og:site_name\" content=\"ICTDF\" \/>\n<meta property=\"article:published_time\" content=\"2026-04-13T19:32:20+00:00\" \/>\n<meta name=\"author\" content=\"admin\" \/>\n<meta name=\"twitter:card\" content=\"summary_large_image\" \/>\n<meta name=\"twitter:label1\" content=\"Escrito por\" \/>\n\t<meta name=\"twitter:data1\" content=\"admin\" \/>\n\t<meta name=\"twitter:label2\" content=\"Est. tempo de leitura\" \/>\n\t<meta name=\"twitter:data2\" content=\"3 minutos\" \/>\n<script type=\"application\/ld+json\" class=\"yoast-schema-graph\">{\"@context\":\"https:\/\/schema.org\",\"@graph\":[{\"@type\":\"Article\",\"@id\":\"https:\/\/ictdf.synergyecosys.io\/?p=705#article\",\"isPartOf\":{\"@id\":\"https:\/\/ictdf.synergyecosys.io\/?p=705\"},\"author\":{\"name\":\"admin\",\"@id\":\"https:\/\/ictdf.synergyecosys.io\/#\/schema\/person\/0b4488974b7b485188c0c01cb9f95b21\"},\"headline\":\"Nova Carta Permite que RFK Jr. Reivindique Pol\u00edtica de Vacinas Apesar de Decis\u00e3o da Corte\",\"datePublished\":\"2026-04-13T19:32:20+00:00\",\"mainEntityOfPage\":{\"@id\":\"https:\/\/ictdf.synergyecosys.io\/?p=705\"},\"wordCount\":649,\"commentCount\":0,\"publisher\":{\"@id\":\"https:\/\/ictdf.synergyecosys.io\/#organization\"},\"image\":{\"@id\":\"https:\/\/ictdf.synergyecosys.io\/?p=705#primaryimage\"},\"thumbnailUrl\":\"https:\/\/ictdf.synergyecosys.io\/wp-content\/uploads\/2026\/04\/imagem-Nova-Carta-RFK-Jr.-Recupera-Polytica-de-Vacinas-Apesar-de-Corte.png\",\"articleSection\":[\"Bem-estar\"],\"inLanguage\":\"pt-BR\",\"potentialAction\":[{\"@type\":\"CommentAction\",\"name\":\"Comment\",\"target\":[\"https:\/\/ictdf.synergyecosys.io\/?p=705#respond\"]}]},{\"@type\":\"WebPage\",\"@id\":\"https:\/\/ictdf.synergyecosys.io\/?p=705\",\"url\":\"https:\/\/ictdf.synergyecosys.io\/?p=705\",\"name\":\"Nova Carta Permite que RFK Jr. Reivindique Pol\u00edtica de Vacinas Apesar de Decis\u00e3o da Corte - ICTDF\",\"isPartOf\":{\"@id\":\"https:\/\/ictdf.synergyecosys.io\/#website\"},\"primaryImageOfPage\":{\"@id\":\"https:\/\/ictdf.synergyecosys.io\/?p=705#primaryimage\"},\"image\":{\"@id\":\"https:\/\/ictdf.synergyecosys.io\/?p=705#primaryimage\"},\"thumbnailUrl\":\"https:\/\/ictdf.synergyecosys.io\/wp-content\/uploads\/2026\/04\/imagem-Nova-Carta-RFK-Jr.-Recupera-Polytica-de-Vacinas-Apesar-de-Corte.png\",\"datePublished\":\"2026-04-13T19:32:20+00:00\",\"breadcrumb\":{\"@id\":\"https:\/\/ictdf.synergyecosys.io\/?p=705#breadcrumb\"},\"inLanguage\":\"pt-BR\",\"potentialAction\":[{\"@type\":\"ReadAction\",\"target\":[\"https:\/\/ictdf.synergyecosys.io\/?p=705\"]}]},{\"@type\":\"ImageObject\",\"inLanguage\":\"pt-BR\",\"@id\":\"https:\/\/ictdf.synergyecosys.io\/?p=705#primaryimage\",\"url\":\"https:\/\/ictdf.synergyecosys.io\/wp-content\/uploads\/2026\/04\/imagem-Nova-Carta-RFK-Jr.-Recupera-Polytica-de-Vacinas-Apesar-de-Corte.png\",\"contentUrl\":\"https:\/\/ictdf.synergyecosys.io\/wp-content\/uploads\/2026\/04\/imagem-Nova-Carta-RFK-Jr.-Recupera-Polytica-de-Vacinas-Apesar-de-Corte.png\",\"width\":1696,\"height\":960},{\"@type\":\"BreadcrumbList\",\"@id\":\"https:\/\/ictdf.synergyecosys.io\/?p=705#breadcrumb\",\"itemListElement\":[{\"@type\":\"ListItem\",\"position\":1,\"name\":\"In\u00edcio\",\"item\":\"https:\/\/ictdf.synergyecosys.io\/\"},{\"@type\":\"ListItem\",\"position\":2,\"name\":\"Nova Carta Permite que RFK Jr. Reivindique Pol\u00edtica de Vacinas Apesar de Decis\u00e3o da Corte\"}]},{\"@type\":\"WebSite\",\"@id\":\"https:\/\/ictdf.synergyecosys.io\/#website\",\"url\":\"https:\/\/ictdf.synergyecosys.io\/\",\"name\":\"ICTDF\",\"description\":\"\",\"publisher\":{\"@id\":\"https:\/\/ictdf.synergyecosys.io\/#organization\"},\"potentialAction\":[{\"@type\":\"SearchAction\",\"target\":{\"@type\":\"EntryPoint\",\"urlTemplate\":\"https:\/\/ictdf.synergyecosys.io\/?s={search_term_string}\"},\"query-input\":{\"@type\":\"PropertyValueSpecification\",\"valueRequired\":true,\"valueName\":\"search_term_string\"}}],\"inLanguage\":\"pt-BR\"},{\"@type\":\"Organization\",\"@id\":\"https:\/\/ictdf.synergyecosys.io\/#organization\",\"name\":\"ICTDF\",\"url\":\"https:\/\/ictdf.synergyecosys.io\/\",\"logo\":{\"@type\":\"ImageObject\",\"inLanguage\":\"pt-BR\",\"@id\":\"https:\/\/ictdf.synergyecosys.io\/#\/schema\/logo\/image\/\",\"url\":\"https:\/\/ictdf.synergyecosys.io\/wp-content\/uploads\/2026\/02\/cropped-cropped-ICTDF_logo_transparente.png\",\"contentUrl\":\"https:\/\/ictdf.synergyecosys.io\/wp-content\/uploads\/2026\/02\/cropped-cropped-ICTDF_logo_transparente.png\",\"width\":450,\"height\":141,\"caption\":\"ICTDF\"},\"image\":{\"@id\":\"https:\/\/ictdf.synergyecosys.io\/#\/schema\/logo\/image\/\"}},{\"@type\":\"Person\",\"@id\":\"https:\/\/ictdf.synergyecosys.io\/#\/schema\/person\/0b4488974b7b485188c0c01cb9f95b21\",\"name\":\"admin\",\"image\":{\"@type\":\"ImageObject\",\"inLanguage\":\"pt-BR\",\"@id\":\"https:\/\/ictdf.synergyecosys.io\/#\/schema\/person\/image\/\",\"url\":\"https:\/\/secure.gravatar.com\/avatar\/ee6b87b4bde4f4817334740781bdb6e270748065085879a5aa2018d8006922fa?s=96&d=mm&r=g\",\"contentUrl\":\"https:\/\/secure.gravatar.com\/avatar\/ee6b87b4bde4f4817334740781bdb6e270748065085879a5aa2018d8006922fa?s=96&d=mm&r=g\",\"caption\":\"admin\"},\"sameAs\":[\"https:\/\/ictdf.synergyecosys.io\"],\"url\":\"https:\/\/ictdf.synergyecosys.io\/?author=1\"}]}<\/script>\n<!-- \/ Yoast SEO plugin. -->","yoast_head_json":{"title":"Nova Carta Permite que RFK Jr. Reivindique Pol\u00edtica de Vacinas Apesar de Decis\u00e3o da Corte - ICTDF","robots":{"index":"index","follow":"follow","max-snippet":"max-snippet:-1","max-image-preview":"max-image-preview:large","max-video-preview":"max-video-preview:-1"},"canonical":"https:\/\/ictdf.synergyecosys.io\/?p=705","og_locale":"pt_BR","og_type":"article","og_title":"Nova Carta Permite que RFK Jr. Reivindique Pol\u00edtica de Vacinas Apesar de Decis\u00e3o da Corte - ICTDF","og_description":"Descubra como uma nova carta permite que RFK Jr. reassuma o controle da pol\u00edtica de vacinas nos EUA, mesmo ap\u00f3s decis\u00e3o judicial contr\u00e1ria. Entenda o impacto na sa\u00fade p\u00fablica.","og_url":"https:\/\/ictdf.synergyecosys.io\/?p=705","og_site_name":"ICTDF","article_published_time":"2026-04-13T19:32:20+00:00","author":"admin","twitter_card":"summary_large_image","twitter_misc":{"Escrito por":"admin","Est. tempo de leitura":"3 minutos"},"schema":{"@context":"https:\/\/schema.org","@graph":[{"@type":"Article","@id":"https:\/\/ictdf.synergyecosys.io\/?p=705#article","isPartOf":{"@id":"https:\/\/ictdf.synergyecosys.io\/?p=705"},"author":{"name":"admin","@id":"https:\/\/ictdf.synergyecosys.io\/#\/schema\/person\/0b4488974b7b485188c0c01cb9f95b21"},"headline":"Nova Carta Permite que RFK Jr. Reivindique Pol\u00edtica de Vacinas Apesar de Decis\u00e3o da Corte","datePublished":"2026-04-13T19:32:20+00:00","mainEntityOfPage":{"@id":"https:\/\/ictdf.synergyecosys.io\/?p=705"},"wordCount":649,"commentCount":0,"publisher":{"@id":"https:\/\/ictdf.synergyecosys.io\/#organization"},"image":{"@id":"https:\/\/ictdf.synergyecosys.io\/?p=705#primaryimage"},"thumbnailUrl":"https:\/\/ictdf.synergyecosys.io\/wp-content\/uploads\/2026\/04\/imagem-Nova-Carta-RFK-Jr.-Recupera-Polytica-de-Vacinas-Apesar-de-Corte.png","articleSection":["Bem-estar"],"inLanguage":"pt-BR","potentialAction":[{"@type":"CommentAction","name":"Comment","target":["https:\/\/ictdf.synergyecosys.io\/?p=705#respond"]}]},{"@type":"WebPage","@id":"https:\/\/ictdf.synergyecosys.io\/?p=705","url":"https:\/\/ictdf.synergyecosys.io\/?p=705","name":"Nova Carta Permite que RFK Jr. Reivindique Pol\u00edtica de Vacinas Apesar de Decis\u00e3o da Corte - ICTDF","isPartOf":{"@id":"https:\/\/ictdf.synergyecosys.io\/#website"},"primaryImageOfPage":{"@id":"https:\/\/ictdf.synergyecosys.io\/?p=705#primaryimage"},"image":{"@id":"https:\/\/ictdf.synergyecosys.io\/?p=705#primaryimage"},"thumbnailUrl":"https:\/\/ictdf.synergyecosys.io\/wp-content\/uploads\/2026\/04\/imagem-Nova-Carta-RFK-Jr.-Recupera-Polytica-de-Vacinas-Apesar-de-Corte.png","datePublished":"2026-04-13T19:32:20+00:00","breadcrumb":{"@id":"https:\/\/ictdf.synergyecosys.io\/?p=705#breadcrumb"},"inLanguage":"pt-BR","potentialAction":[{"@type":"ReadAction","target":["https:\/\/ictdf.synergyecosys.io\/?p=705"]}]},{"@type":"ImageObject","inLanguage":"pt-BR","@id":"https:\/\/ictdf.synergyecosys.io\/?p=705#primaryimage","url":"https:\/\/ictdf.synergyecosys.io\/wp-content\/uploads\/2026\/04\/imagem-Nova-Carta-RFK-Jr.-Recupera-Polytica-de-Vacinas-Apesar-de-Corte.png","contentUrl":"https:\/\/ictdf.synergyecosys.io\/wp-content\/uploads\/2026\/04\/imagem-Nova-Carta-RFK-Jr.-Recupera-Polytica-de-Vacinas-Apesar-de-Corte.png","width":1696,"height":960},{"@type":"BreadcrumbList","@id":"https:\/\/ictdf.synergyecosys.io\/?p=705#breadcrumb","itemListElement":[{"@type":"ListItem","position":1,"name":"In\u00edcio","item":"https:\/\/ictdf.synergyecosys.io\/"},{"@type":"ListItem","position":2,"name":"Nova Carta Permite que RFK Jr. Reivindique Pol\u00edtica de Vacinas Apesar de Decis\u00e3o da Corte"}]},{"@type":"WebSite","@id":"https:\/\/ictdf.synergyecosys.io\/#website","url":"https:\/\/ictdf.synergyecosys.io\/","name":"ICTDF","description":"","publisher":{"@id":"https:\/\/ictdf.synergyecosys.io\/#organization"},"potentialAction":[{"@type":"SearchAction","target":{"@type":"EntryPoint","urlTemplate":"https:\/\/ictdf.synergyecosys.io\/?s={search_term_string}"},"query-input":{"@type":"PropertyValueSpecification","valueRequired":true,"valueName":"search_term_string"}}],"inLanguage":"pt-BR"},{"@type":"Organization","@id":"https:\/\/ictdf.synergyecosys.io\/#organization","name":"ICTDF","url":"https:\/\/ictdf.synergyecosys.io\/","logo":{"@type":"ImageObject","inLanguage":"pt-BR","@id":"https:\/\/ictdf.synergyecosys.io\/#\/schema\/logo\/image\/","url":"https:\/\/ictdf.synergyecosys.io\/wp-content\/uploads\/2026\/02\/cropped-cropped-ICTDF_logo_transparente.png","contentUrl":"https:\/\/ictdf.synergyecosys.io\/wp-content\/uploads\/2026\/02\/cropped-cropped-ICTDF_logo_transparente.png","width":450,"height":141,"caption":"ICTDF"},"image":{"@id":"https:\/\/ictdf.synergyecosys.io\/#\/schema\/logo\/image\/"}},{"@type":"Person","@id":"https:\/\/ictdf.synergyecosys.io\/#\/schema\/person\/0b4488974b7b485188c0c01cb9f95b21","name":"admin","image":{"@type":"ImageObject","inLanguage":"pt-BR","@id":"https:\/\/ictdf.synergyecosys.io\/#\/schema\/person\/image\/","url":"https:\/\/secure.gravatar.com\/avatar\/ee6b87b4bde4f4817334740781bdb6e270748065085879a5aa2018d8006922fa?s=96&d=mm&r=g","contentUrl":"https:\/\/secure.gravatar.com\/avatar\/ee6b87b4bde4f4817334740781bdb6e270748065085879a5aa2018d8006922fa?s=96&d=mm&r=g","caption":"admin"},"sameAs":["https:\/\/ictdf.synergyecosys.io"],"url":"https:\/\/ictdf.synergyecosys.io\/?author=1"}]}},"_links":{"self":[{"href":"https:\/\/ictdf.synergyecosys.io\/index.php?rest_route=\/wp\/v2\/posts\/705","targetHints":{"allow":["GET"]}}],"collection":[{"href":"https:\/\/ictdf.synergyecosys.io\/index.php?rest_route=\/wp\/v2\/posts"}],"about":[{"href":"https:\/\/ictdf.synergyecosys.io\/index.php?rest_route=\/wp\/v2\/types\/post"}],"author":[{"embeddable":true,"href":"https:\/\/ictdf.synergyecosys.io\/index.php?rest_route=\/wp\/v2\/users\/1"}],"replies":[{"embeddable":true,"href":"https:\/\/ictdf.synergyecosys.io\/index.php?rest_route=%2Fwp%2Fv2%2Fcomments&post=705"}],"version-history":[{"count":0,"href":"https:\/\/ictdf.synergyecosys.io\/index.php?rest_route=\/wp\/v2\/posts\/705\/revisions"}],"wp:featuredmedia":[{"embeddable":true,"href":"https:\/\/ictdf.synergyecosys.io\/index.php?rest_route=\/wp\/v2\/media\/704"}],"wp:attachment":[{"href":"https:\/\/ictdf.synergyecosys.io\/index.php?rest_route=%2Fwp%2Fv2%2Fmedia&parent=705"}],"wp:term":[{"taxonomy":"category","embeddable":true,"href":"https:\/\/ictdf.synergyecosys.io\/index.php?rest_route=%2Fwp%2Fv2%2Fcategories&post=705"},{"taxonomy":"post_tag","embeddable":true,"href":"https:\/\/ictdf.synergyecosys.io\/index.php?rest_route=%2Fwp%2Fv2%2Ftags&post=705"}],"curies":[{"name":"wp","href":"https:\/\/api.w.org\/{rel}","templated":true}]}}