{"id":699,"date":"2026-04-13T12:15:58","date_gmt":"2026-04-13T15:15:58","guid":{"rendered":"https:\/\/ictdf.synergyecosys.io\/?p=699"},"modified":"2026-04-13T12:15:58","modified_gmt":"2026-04-13T15:15:58","slug":"neurologista-explica-principais-causas-da-dor-de-cabeca-constante-e-quando-acender-o-alerta","status":"publish","type":"post","link":"https:\/\/ictdf.synergyecosys.io\/?p=699","title":{"rendered":"Neurologista Explica Principais Causas da Dor de Cabe\u00e7a Constante e Quando Acender o Alerta"},"content":{"rendered":"<p>Voc\u00ea j\u00e1 acordou com aquela dor de cabe\u00e7a que n\u00e3o vai embora o dia todo? Ou sente uma press\u00e3o constante na testa que atrapalha o foco no trabalho? Como especialista em neurologia, eu vejo isso o tempo todo nos consult\u00f3rios. A dor de cabe\u00e7a constante, ou cefaleia cr\u00f4nica, afeta milh\u00f5es de pessoas e pode ser um sinal de algo simples ou mais s\u00e9rio. Neste artigo, vamos descomplicar isso tudo de forma leve e pr\u00e1tica, para voc\u00ea entender o que est\u00e1 acontecendo e saber quando procurar ajuda.<\/p>\n<h2>Por Que a Dor de Cabe\u00e7a Constante Acontece T\u00e3o Frequentemente?<\/h2>\n<p>A dor de cabe\u00e7a n\u00e3o \u00e9 s\u00f3 um inc\u00f4modo passageiro; quando ela se torna constante, geralmente dura mais de 15 dias por m\u00eas por pelo menos tr\u00eas meses. N\u00f3s, neurologistas, classificamos as dores de cabe\u00e7a em prim\u00e1rias e secund\u00e1rias. As prim\u00e1rias s\u00e3o aquelas que surgem por si s\u00f3, sem uma doen\u00e7a por tr\u00e1s, como a cefaleia tensional ou a enxaqueca cr\u00f4nica. J\u00e1 as secund\u00e1rias v\u00eam de outra condi\u00e7\u00e3o, como infec\u00e7\u00f5es ou problemas vasculares.<\/p>\n<p>De acordo com estudos, cerca de 90% das dores de cabe\u00e7a s\u00e3o prim\u00e1rias e benignas, mas o impacto no dia a dia \u00e9 real. Eu percebo que o estresse moderno contribui muito para isso \u2013 afinal, quem n\u00e3o vive correndo?<\/p>\n<h3>O Que \u00e9 Cefaleia Tensional Cr\u00f4nica?<\/h3>\n<p>A cefaleia tensional \u00e9 a mais comum, afetando bilh\u00f5es de pessoas no mundo. Ela se sente como uma faixa apertada ao redor da cabe\u00e7a, bilateral e n\u00e3o pulsante. O termo <strong>cefaleia tensional<\/strong>, que na pr\u00e1tica significa uma dor causada pela tens\u00e3o muscular no pesco\u00e7o e ombros, surge de fatores como ansiedade e m\u00e1 postura. N\u00e3o \u00e9 grave, mas pode virar cr\u00f4nica se n\u00e3o tratada.<\/p>\n<h2>Principais Causas Reveladas por um Neurologista<\/h2>\n<p>Analisando casos reais, as causas mais frequentes de dor de cabe\u00e7a constante incluem estresse emocional, falta de sono e desidrata\u00e7\u00e3o. Por exemplo, o estresse ativa o sistema nervoso, liberando subst\u00e2ncias que dilatam vasos sangu\u00edneos no c\u00e9rebro, causando dor.<\/p>\n<ul>\n<li><strong>Enxaqueca Cr\u00f4nica:<\/strong> Pulsante, geralmente unilateral, com n\u00e1useas e sensibilidade \u00e0 luz. Afeta mais mulheres e pode ser gen\u00e9tica.<\/li>\n<li><strong>Cefaleia em Salvas:<\/strong> Dor intensa e curta, mas recorrente, ao redor de um olho. \u00c9 rara, mas debilitante.<\/li>\n<li><strong>Nova Cefaleia Persistente Di\u00e1ria (NDPH):<\/strong> Come\u00e7a de repente e n\u00e3o para, muitas vezes ap\u00f3s uma infec\u00e7\u00e3o ou estresse.<\/li>\n<\/ul>\n<p>Outras causas secund\u00e1rias: overuse de medicamentos (dor rebote), sinusite ou at\u00e9 problemas dent\u00e1rios. Sempre investigamos isso para excluir algo s\u00e9rio.<\/p>\n<h2>Quando Acender o Alerta: Sinais de Perigo<\/h2>\n<p>Nem toda dor de cabe\u00e7a constante \u00e9 inofensiva. Como neurologista, eu sempre oriento sobre os <em>red flags<\/em> \u2013 sinais de alerta que indicam necessidade de avalia\u00e7\u00e3o urgente. Se a dor for a pior da sua vida, s\u00fabita como um trov\u00e3o, ou vier com febre, rigidez no pesco\u00e7o, vis\u00e3o dupla ou fraqueza, corra para o m\u00e9dico.<\/p>\n<p>Outros alertas: dor que piora com esfor\u00e7o, ap\u00f3s trauma na cabe\u00e7a, ou em pessoas acima de 50 anos sem hist\u00f3rico. Esses podem apontar para hemorragia, tumor ou infec\u00e7\u00e3o. Melhor prevenir do que remediar!<\/p>\n<h3>Impactos no Dia a Dia e na Sociedade<\/h3>\n<p>Uma dor constante rouba sua produtividade, afeta o humor e at\u00e9 relacionamentos. Estudos mostram que ela causa bilh\u00f5es em perdas econ\u00f4micas por faltas ao trabalho. Para empresas, funcion\u00e1rios com cefaleia cr\u00f4nica t\u00eam mais aus\u00eancias; para a sociedade, \u00e9 um fardo em sa\u00fade p\u00fablica.<\/p>\n<h2>Caminhos para Al\u00edvio e Preven\u00e7\u00e3o Futura<\/h2>\n<p>Boas not\u00edcias: a maioria responde bem a mudan\u00e7as simples. Comece hidratando-se bem (2 litros de \u00e1gua por dia), dormindo 7-8 horas e gerenciando estresse com medita\u00e7\u00e3o ou exerc\u00edcios. Para tensional, analg\u00e9sicos como ibuprofeno ajudam, mas evite overuse.<\/p>\n<p>Para enxaqueca, triptanos ou preventivos como betabloqueadores. Eu recomendo di\u00e1rio de dores para identificar gatilhos. Tend\u00eancias futuras incluem apps de monitoramento e terapias gen\u00e9ticas. Consulte um neurologista para plano personalizado.<\/p>\n<ol>\n<li>Mantenha rotina de sono regular.<\/li>\n<li>Evite \u00e1lcool e cafe\u00edna em excesso.<\/li>\n<li>Pratique relaxamento di\u00e1rio.<\/li>\n<\/ol>\n<h2>Reflex\u00f5es Finais: Tome as R\u00e9deas da Sua Sa\u00fade<\/h2>\n<p>Em resumo, a dor de cabe\u00e7a constante tem causas variadas, mas entender elas \u00e9 o primeiro passo para o al\u00edvio. Se persistir, n\u00e3o hesite em buscar ajuda profissional \u2013 sua qualidade de vida agradece. Vamos priorizar o bem-estar cerebral? Compartilhe sua experi\u00eancia nos coment\u00e1rios e cuide-se!<\/p>\n","protected":false},"excerpt":{"rendered":"<p>Descubra as principais causas da dor de cabe\u00e7a constante explicadas por um neurologista. Saiba quando acender o alerta e como aliviar esse inc\u00f4modo di\u00e1rio de forma simples e eficaz.<\/p>\n","protected":false},"author":1,"featured_media":698,"comment_status":"open","ping_status":"open","sticky":false,"template":"","format":"standard","meta":{"_acf_changed":false,"_eb_attr":"","footnotes":"","_wpscppro_dont_share_socialmedia":false,"_wpscppro_custom_social_share_image":0,"_facebook_share_type":"","_twitter_share_type":"","_linkedin_share_type":"","_pinterest_share_type":"","_linkedin_share_type_page":"","_instagram_share_type":"","_medium_share_type":"","_threads_share_type":"","_google_business_share_type":"","_selected_social_profile":[],"_wpsp_enable_custom_social_template":false,"_wpsp_social_scheduling":{"enabled":false,"datetime":null,"platforms":[],"status":"template_only","dateOption":"today","timeOption":"now","customDays":"","customHours":"","customDate":"","customTime":"","schedulingType":"absolute"},"_wpsp_active_default_template":true},"categories":[3],"tags":[],"class_list":["post-699","post","type-post","status-publish","format-standard","has-post-thumbnail","hentry","category-bem-estar"],"acf":[],"yoast_head":"<!-- This site is optimized with the Yoast SEO plugin v26.9 - https:\/\/yoast.com\/product\/yoast-seo-wordpress\/ -->\n<title>Neurologista Explica Principais Causas da Dor de Cabe\u00e7a Constante e Quando Acender o Alerta - ICTDF<\/title>\n<meta name=\"robots\" content=\"index, follow, max-snippet:-1, max-image-preview:large, max-video-preview:-1\" \/>\n<link rel=\"canonical\" href=\"https:\/\/ictdf.synergyecosys.io\/?p=699\" \/>\n<meta property=\"og:locale\" content=\"pt_BR\" \/>\n<meta property=\"og:type\" content=\"article\" \/>\n<meta property=\"og:title\" content=\"Neurologista Explica Principais Causas da Dor de Cabe\u00e7a Constante e Quando Acender o Alerta - ICTDF\" \/>\n<meta property=\"og:description\" content=\"Descubra as principais causas da dor de cabe\u00e7a constante explicadas por um neurologista. Saiba quando acender o alerta e como aliviar esse inc\u00f4modo di\u00e1rio de forma simples e eficaz.\" \/>\n<meta property=\"og:url\" content=\"https:\/\/ictdf.synergyecosys.io\/?p=699\" \/>\n<meta property=\"og:site_name\" content=\"ICTDF\" \/>\n<meta property=\"article:published_time\" content=\"2026-04-13T15:15:58+00:00\" \/>\n<meta name=\"author\" content=\"admin\" \/>\n<meta name=\"twitter:card\" content=\"summary_large_image\" \/>\n<meta name=\"twitter:label1\" content=\"Escrito por\" \/>\n\t<meta name=\"twitter:data1\" content=\"admin\" \/>\n\t<meta name=\"twitter:label2\" content=\"Est. tempo de leitura\" \/>\n\t<meta name=\"twitter:data2\" content=\"4 minutos\" \/>\n<script type=\"application\/ld+json\" class=\"yoast-schema-graph\">{\"@context\":\"https:\/\/schema.org\",\"@graph\":[{\"@type\":\"Article\",\"@id\":\"https:\/\/ictdf.synergyecosys.io\/?p=699#article\",\"isPartOf\":{\"@id\":\"https:\/\/ictdf.synergyecosys.io\/?p=699\"},\"author\":{\"name\":\"admin\",\"@id\":\"https:\/\/ictdf.synergyecosys.io\/#\/schema\/person\/0b4488974b7b485188c0c01cb9f95b21\"},\"headline\":\"Neurologista Explica Principais Causas da Dor de Cabe\u00e7a Constante e Quando Acender o Alerta\",\"datePublished\":\"2026-04-13T15:15:58+00:00\",\"mainEntityOfPage\":{\"@id\":\"https:\/\/ictdf.synergyecosys.io\/?p=699\"},\"wordCount\":781,\"commentCount\":0,\"publisher\":{\"@id\":\"https:\/\/ictdf.synergyecosys.io\/#organization\"},\"image\":{\"@id\":\"https:\/\/ictdf.synergyecosys.io\/?p=699#primaryimage\"},\"thumbnailUrl\":\"https:\/\/ictdf.synergyecosys.io\/wp-content\/uploads\/2026\/04\/imagem-Neurologista-Explica-Causas-da-Dor-de-Cabeya-Constante.png\",\"articleSection\":[\"Bem-estar\"],\"inLanguage\":\"pt-BR\",\"potentialAction\":[{\"@type\":\"CommentAction\",\"name\":\"Comment\",\"target\":[\"https:\/\/ictdf.synergyecosys.io\/?p=699#respond\"]}]},{\"@type\":\"WebPage\",\"@id\":\"https:\/\/ictdf.synergyecosys.io\/?p=699\",\"url\":\"https:\/\/ictdf.synergyecosys.io\/?p=699\",\"name\":\"Neurologista Explica Principais Causas da Dor de Cabe\u00e7a Constante e Quando Acender o Alerta - ICTDF\",\"isPartOf\":{\"@id\":\"https:\/\/ictdf.synergyecosys.io\/#website\"},\"primaryImageOfPage\":{\"@id\":\"https:\/\/ictdf.synergyecosys.io\/?p=699#primaryimage\"},\"image\":{\"@id\":\"https:\/\/ictdf.synergyecosys.io\/?p=699#primaryimage\"},\"thumbnailUrl\":\"https:\/\/ictdf.synergyecosys.io\/wp-content\/uploads\/2026\/04\/imagem-Neurologista-Explica-Causas-da-Dor-de-Cabeya-Constante.png\",\"datePublished\":\"2026-04-13T15:15:58+00:00\",\"breadcrumb\":{\"@id\":\"https:\/\/ictdf.synergyecosys.io\/?p=699#breadcrumb\"},\"inLanguage\":\"pt-BR\",\"potentialAction\":[{\"@type\":\"ReadAction\",\"target\":[\"https:\/\/ictdf.synergyecosys.io\/?p=699\"]}]},{\"@type\":\"ImageObject\",\"inLanguage\":\"pt-BR\",\"@id\":\"https:\/\/ictdf.synergyecosys.io\/?p=699#primaryimage\",\"url\":\"https:\/\/ictdf.synergyecosys.io\/wp-content\/uploads\/2026\/04\/imagem-Neurologista-Explica-Causas-da-Dor-de-Cabeya-Constante.png\",\"contentUrl\":\"https:\/\/ictdf.synergyecosys.io\/wp-content\/uploads\/2026\/04\/imagem-Neurologista-Explica-Causas-da-Dor-de-Cabeya-Constante.png\",\"width\":1696,\"height\":960},{\"@type\":\"BreadcrumbList\",\"@id\":\"https:\/\/ictdf.synergyecosys.io\/?p=699#breadcrumb\",\"itemListElement\":[{\"@type\":\"ListItem\",\"position\":1,\"name\":\"In\u00edcio\",\"item\":\"https:\/\/ictdf.synergyecosys.io\/\"},{\"@type\":\"ListItem\",\"position\":2,\"name\":\"Neurologista Explica Principais Causas da Dor de Cabe\u00e7a Constante e Quando Acender o Alerta\"}]},{\"@type\":\"WebSite\",\"@id\":\"https:\/\/ictdf.synergyecosys.io\/#website\",\"url\":\"https:\/\/ictdf.synergyecosys.io\/\",\"name\":\"ICTDF\",\"description\":\"\",\"publisher\":{\"@id\":\"https:\/\/ictdf.synergyecosys.io\/#organization\"},\"potentialAction\":[{\"@type\":\"SearchAction\",\"target\":{\"@type\":\"EntryPoint\",\"urlTemplate\":\"https:\/\/ictdf.synergyecosys.io\/?s={search_term_string}\"},\"query-input\":{\"@type\":\"PropertyValueSpecification\",\"valueRequired\":true,\"valueName\":\"search_term_string\"}}],\"inLanguage\":\"pt-BR\"},{\"@type\":\"Organization\",\"@id\":\"https:\/\/ictdf.synergyecosys.io\/#organization\",\"name\":\"ICTDF\",\"url\":\"https:\/\/ictdf.synergyecosys.io\/\",\"logo\":{\"@type\":\"ImageObject\",\"inLanguage\":\"pt-BR\",\"@id\":\"https:\/\/ictdf.synergyecosys.io\/#\/schema\/logo\/image\/\",\"url\":\"https:\/\/ictdf.synergyecosys.io\/wp-content\/uploads\/2026\/02\/cropped-cropped-ICTDF_logo_transparente.png\",\"contentUrl\":\"https:\/\/ictdf.synergyecosys.io\/wp-content\/uploads\/2026\/02\/cropped-cropped-ICTDF_logo_transparente.png\",\"width\":450,\"height\":141,\"caption\":\"ICTDF\"},\"image\":{\"@id\":\"https:\/\/ictdf.synergyecosys.io\/#\/schema\/logo\/image\/\"}},{\"@type\":\"Person\",\"@id\":\"https:\/\/ictdf.synergyecosys.io\/#\/schema\/person\/0b4488974b7b485188c0c01cb9f95b21\",\"name\":\"admin\",\"image\":{\"@type\":\"ImageObject\",\"inLanguage\":\"pt-BR\",\"@id\":\"https:\/\/ictdf.synergyecosys.io\/#\/schema\/person\/image\/\",\"url\":\"https:\/\/secure.gravatar.com\/avatar\/ee6b87b4bde4f4817334740781bdb6e270748065085879a5aa2018d8006922fa?s=96&d=mm&r=g\",\"contentUrl\":\"https:\/\/secure.gravatar.com\/avatar\/ee6b87b4bde4f4817334740781bdb6e270748065085879a5aa2018d8006922fa?s=96&d=mm&r=g\",\"caption\":\"admin\"},\"sameAs\":[\"https:\/\/ictdf.synergyecosys.io\"],\"url\":\"https:\/\/ictdf.synergyecosys.io\/?author=1\"}]}<\/script>\n<!-- \/ Yoast SEO plugin. -->","yoast_head_json":{"title":"Neurologista Explica Principais Causas da Dor de Cabe\u00e7a Constante e Quando Acender o Alerta - ICTDF","robots":{"index":"index","follow":"follow","max-snippet":"max-snippet:-1","max-image-preview":"max-image-preview:large","max-video-preview":"max-video-preview:-1"},"canonical":"https:\/\/ictdf.synergyecosys.io\/?p=699","og_locale":"pt_BR","og_type":"article","og_title":"Neurologista Explica Principais Causas da Dor de Cabe\u00e7a Constante e Quando Acender o Alerta - ICTDF","og_description":"Descubra as principais causas da dor de cabe\u00e7a constante explicadas por um neurologista. Saiba quando acender o alerta e como aliviar esse inc\u00f4modo di\u00e1rio de forma simples e eficaz.","og_url":"https:\/\/ictdf.synergyecosys.io\/?p=699","og_site_name":"ICTDF","article_published_time":"2026-04-13T15:15:58+00:00","author":"admin","twitter_card":"summary_large_image","twitter_misc":{"Escrito por":"admin","Est. tempo de leitura":"4 minutos"},"schema":{"@context":"https:\/\/schema.org","@graph":[{"@type":"Article","@id":"https:\/\/ictdf.synergyecosys.io\/?p=699#article","isPartOf":{"@id":"https:\/\/ictdf.synergyecosys.io\/?p=699"},"author":{"name":"admin","@id":"https:\/\/ictdf.synergyecosys.io\/#\/schema\/person\/0b4488974b7b485188c0c01cb9f95b21"},"headline":"Neurologista Explica Principais Causas da Dor de Cabe\u00e7a Constante e Quando Acender o Alerta","datePublished":"2026-04-13T15:15:58+00:00","mainEntityOfPage":{"@id":"https:\/\/ictdf.synergyecosys.io\/?p=699"},"wordCount":781,"commentCount":0,"publisher":{"@id":"https:\/\/ictdf.synergyecosys.io\/#organization"},"image":{"@id":"https:\/\/ictdf.synergyecosys.io\/?p=699#primaryimage"},"thumbnailUrl":"https:\/\/ictdf.synergyecosys.io\/wp-content\/uploads\/2026\/04\/imagem-Neurologista-Explica-Causas-da-Dor-de-Cabeya-Constante.png","articleSection":["Bem-estar"],"inLanguage":"pt-BR","potentialAction":[{"@type":"CommentAction","name":"Comment","target":["https:\/\/ictdf.synergyecosys.io\/?p=699#respond"]}]},{"@type":"WebPage","@id":"https:\/\/ictdf.synergyecosys.io\/?p=699","url":"https:\/\/ictdf.synergyecosys.io\/?p=699","name":"Neurologista Explica Principais Causas da Dor de Cabe\u00e7a Constante e Quando Acender o Alerta - ICTDF","isPartOf":{"@id":"https:\/\/ictdf.synergyecosys.io\/#website"},"primaryImageOfPage":{"@id":"https:\/\/ictdf.synergyecosys.io\/?p=699#primaryimage"},"image":{"@id":"https:\/\/ictdf.synergyecosys.io\/?p=699#primaryimage"},"thumbnailUrl":"https:\/\/ictdf.synergyecosys.io\/wp-content\/uploads\/2026\/04\/imagem-Neurologista-Explica-Causas-da-Dor-de-Cabeya-Constante.png","datePublished":"2026-04-13T15:15:58+00:00","breadcrumb":{"@id":"https:\/\/ictdf.synergyecosys.io\/?p=699#breadcrumb"},"inLanguage":"pt-BR","potentialAction":[{"@type":"ReadAction","target":["https:\/\/ictdf.synergyecosys.io\/?p=699"]}]},{"@type":"ImageObject","inLanguage":"pt-BR","@id":"https:\/\/ictdf.synergyecosys.io\/?p=699#primaryimage","url":"https:\/\/ictdf.synergyecosys.io\/wp-content\/uploads\/2026\/04\/imagem-Neurologista-Explica-Causas-da-Dor-de-Cabeya-Constante.png","contentUrl":"https:\/\/ictdf.synergyecosys.io\/wp-content\/uploads\/2026\/04\/imagem-Neurologista-Explica-Causas-da-Dor-de-Cabeya-Constante.png","width":1696,"height":960},{"@type":"BreadcrumbList","@id":"https:\/\/ictdf.synergyecosys.io\/?p=699#breadcrumb","itemListElement":[{"@type":"ListItem","position":1,"name":"In\u00edcio","item":"https:\/\/ictdf.synergyecosys.io\/"},{"@type":"ListItem","position":2,"name":"Neurologista Explica Principais Causas da Dor de Cabe\u00e7a Constante e Quando Acender o Alerta"}]},{"@type":"WebSite","@id":"https:\/\/ictdf.synergyecosys.io\/#website","url":"https:\/\/ictdf.synergyecosys.io\/","name":"ICTDF","description":"","publisher":{"@id":"https:\/\/ictdf.synergyecosys.io\/#organization"},"potentialAction":[{"@type":"SearchAction","target":{"@type":"EntryPoint","urlTemplate":"https:\/\/ictdf.synergyecosys.io\/?s={search_term_string}"},"query-input":{"@type":"PropertyValueSpecification","valueRequired":true,"valueName":"search_term_string"}}],"inLanguage":"pt-BR"},{"@type":"Organization","@id":"https:\/\/ictdf.synergyecosys.io\/#organization","name":"ICTDF","url":"https:\/\/ictdf.synergyecosys.io\/","logo":{"@type":"ImageObject","inLanguage":"pt-BR","@id":"https:\/\/ictdf.synergyecosys.io\/#\/schema\/logo\/image\/","url":"https:\/\/ictdf.synergyecosys.io\/wp-content\/uploads\/2026\/02\/cropped-cropped-ICTDF_logo_transparente.png","contentUrl":"https:\/\/ictdf.synergyecosys.io\/wp-content\/uploads\/2026\/02\/cropped-cropped-ICTDF_logo_transparente.png","width":450,"height":141,"caption":"ICTDF"},"image":{"@id":"https:\/\/ictdf.synergyecosys.io\/#\/schema\/logo\/image\/"}},{"@type":"Person","@id":"https:\/\/ictdf.synergyecosys.io\/#\/schema\/person\/0b4488974b7b485188c0c01cb9f95b21","name":"admin","image":{"@type":"ImageObject","inLanguage":"pt-BR","@id":"https:\/\/ictdf.synergyecosys.io\/#\/schema\/person\/image\/","url":"https:\/\/secure.gravatar.com\/avatar\/ee6b87b4bde4f4817334740781bdb6e270748065085879a5aa2018d8006922fa?s=96&d=mm&r=g","contentUrl":"https:\/\/secure.gravatar.com\/avatar\/ee6b87b4bde4f4817334740781bdb6e270748065085879a5aa2018d8006922fa?s=96&d=mm&r=g","caption":"admin"},"sameAs":["https:\/\/ictdf.synergyecosys.io"],"url":"https:\/\/ictdf.synergyecosys.io\/?author=1"}]}},"_links":{"self":[{"href":"https:\/\/ictdf.synergyecosys.io\/index.php?rest_route=\/wp\/v2\/posts\/699","targetHints":{"allow":["GET"]}}],"collection":[{"href":"https:\/\/ictdf.synergyecosys.io\/index.php?rest_route=\/wp\/v2\/posts"}],"about":[{"href":"https:\/\/ictdf.synergyecosys.io\/index.php?rest_route=\/wp\/v2\/types\/post"}],"author":[{"embeddable":true,"href":"https:\/\/ictdf.synergyecosys.io\/index.php?rest_route=\/wp\/v2\/users\/1"}],"replies":[{"embeddable":true,"href":"https:\/\/ictdf.synergyecosys.io\/index.php?rest_route=%2Fwp%2Fv2%2Fcomments&post=699"}],"version-history":[{"count":0,"href":"https:\/\/ictdf.synergyecosys.io\/index.php?rest_route=\/wp\/v2\/posts\/699\/revisions"}],"wp:featuredmedia":[{"embeddable":true,"href":"https:\/\/ictdf.synergyecosys.io\/index.php?rest_route=\/wp\/v2\/media\/698"}],"wp:attachment":[{"href":"https:\/\/ictdf.synergyecosys.io\/index.php?rest_route=%2Fwp%2Fv2%2Fmedia&parent=699"}],"wp:term":[{"taxonomy":"category","embeddable":true,"href":"https:\/\/ictdf.synergyecosys.io\/index.php?rest_route=%2Fwp%2Fv2%2Fcategories&post=699"},{"taxonomy":"post_tag","embeddable":true,"href":"https:\/\/ictdf.synergyecosys.io\/index.php?rest_route=%2Fwp%2Fv2%2Ftags&post=699"}],"curies":[{"name":"wp","href":"https:\/\/api.w.org\/{rel}","templated":true}]}}