{"id":689,"date":"2026-04-08T10:32:59","date_gmt":"2026-04-08T13:32:59","guid":{"rendered":"https:\/\/ictdf.synergyecosys.io\/?p=689"},"modified":"2026-04-08T10:32:59","modified_gmt":"2026-04-08T13:32:59","slug":"bailarinos-desafiam-o-preconceito-contra-diversidade-de-corpos-e-idades","status":"publish","type":"post","link":"https:\/\/ictdf.synergyecosys.io\/?p=689","title":{"rendered":"Bailarinos Desafiam o Preconceito Contra Diversidade de Corpos e Idades"},"content":{"rendered":"<p>Voc\u00ea j\u00e1 parou para pensar como o mundo da dan\u00e7a, especialmente o ballet, sempre foi visto como um espa\u00e7o exclusivo para corpos perfeitos e jovens? Pois \u00e9, isso est\u00e1 mudando. Bailarinos ao redor do mundo est\u00e3o desafiando esses preconceitos, abrindo portas para a diversidade de corpos e idades. Neste artigo, vamos mergulhar nessa revolu\u00e7\u00e3o que est\u00e1 tornando a dan\u00e7a mais inclusiva e representativa.<\/p>\n<p>Eu analisei v\u00e1rias hist\u00f3rias recentes e percebo que essa movimento n\u00e3o \u00e9 s\u00f3 uma tend\u00eancia passageira; \u00e9 uma transforma\u00e7\u00e3o profunda na arte da dan\u00e7a.<\/p>\n<h2>O Legado do Preconceito na Dan\u00e7a Cl\u00e1ssica<\/h2>\n<p>Historicamente, o ballet foi moldado por ideais europeus do s\u00e9culo XIX, onde o corpo ideal era magro, alto e jovem. Termos como <strong>corpo de bailarina<\/strong> \u2013 que na pr\u00e1tica significa um f\u00edsico esguio e flex\u00edvel, moldado por anos de treinamento rigoroso \u2013 ditavam quem poderia subir ao palco.<\/p>\n<p>Essa vis\u00e3o exclu\u00eda muitos talentos. Mulheres com curvas, homens mais robustos ou bailarinos mais velhos eram vistos como inadequados. Mas por qu\u00ea? Porque a dan\u00e7a era vista como uma forma de arte &#8216;perfeita&#8217;, sem espa\u00e7o para imperfei\u00e7\u00f5es humanas reais.<\/p>\n<h3>Exemplos Hist\u00f3ricos de Exclus\u00e3o<\/h3>\n<p>Pense em bailarinas como Isadora Duncan, que no in\u00edcio do s\u00e9culo XX desafiou as regras com movimentos livres, mas ainda assim, a rigidez corporal persistiu. Hoje, estamos vendo uma quebra disso.<\/p>\n<h2>Bailarinos que Est\u00e3o Mudando o Jogo<\/h2>\n<p>Conhe\u00e7o hist\u00f3rias incr\u00edveis de bailarinos que n\u00e3o se encaixam no molde tradicional e est\u00e3o brilhando. Por exemplo, a bailarina <strong>Misty Copeland<\/strong>, que n\u00e3o s\u00f3 \u00e9 de origem afro-americana, mas tamb\u00e9m tem um corpo atl\u00e9tico que difere do estere\u00f3tipo. Ela se tornou a primeira bailarina negra principal do American Ballet Theatre.<\/p>\n<p>No Brasil, grupos como o Bal\u00e9 da Cidade de S\u00e3o Paulo incluem bailarinos de idades variadas, de 20 a 50 anos, mostrando que a gra\u00e7a n\u00e3o tem data de validade.<\/p>\n<ul>\n<li>Prest\u00edgio para corpos plus-size: Bailarinas como Dana Rodney, que fundou a The Black Ballet, promovem dan\u00e7a para todos os tamanhos.<\/li>\n<li>Idade sem limites: Artistas como a core\u00f3grafa Twyla Tharp, que continua ativa aos 80 anos, inspiram gera\u00e7\u00f5es.<\/li>\n<li>Diversidade de g\u00eanero e etnia: Homens gays, trans e de origens diversas est\u00e3o redefinindo pap\u00e9is na dan\u00e7a.<\/li>\n<\/ul>\n<p>Ao analisar esses casos, vejo como a persist\u00eancia deles est\u00e1 inspirando academias e companhias a reverem suas pol\u00edticas de admiss\u00e3o.<\/p>\n<h2>Impactos Pr\u00e1ticos para a Sociedade e a Arte<\/h2>\n<p>Essa luta contra o preconceito afeta mais do que os palcos. Para as pessoas comuns, significa que a dan\u00e7a pode ser uma atividade acess\u00edvel para todos, ajudando na autoestima e sa\u00fade mental. Empresas de dan\u00e7a ganham com p\u00fablicos mais amplos, e a sociedade aprende sobre body positivity \u2013 o movimento que celebra todos os tipos de corpo.<\/p>\n<p>Estudos mostram que a inclus\u00e3o reduz transtornos alimentares entre bailarinos jovens, que antes sofriam press\u00e3o para manter um f\u00edsico irreal.<\/p>\n<h3>Desafios Ainda Existentes<\/h3>\n<p>Apesar dos avan\u00e7os, preconceitos persistem em audi\u00e7\u00f5es e m\u00eddia. Mas o impacto positivo \u00e9 claro: mais representatividade leva a uma arte mais rica e aut\u00eantica.<\/p>\n<h2>Tend\u00eancias Futuras e Como Participar<\/h2>\n<p>Olhando para frente, vejo um futuro onde a dan\u00e7a ser\u00e1 verdadeiramente democr\u00e1tica. Iniciativas como workshops inclusivos e coreografias adaptadas para idades avan\u00e7adas est\u00e3o crescendo. Recomendo que voc\u00ea experimente uma aula de dan\u00e7a local que valorize a diversidade \u2013 pode ser transformador!<\/p>\n<p>Empresas e escolas devem investir em treinamentos anti-preconceito. Como indiv\u00edduo, apoie companhias inclusivas assistindo espet\u00e1culos ou compartilhando hist\u00f3rias online.<\/p>\n<h2>Reflex\u00f5es Finais: Uma Dan\u00e7a para Todos<\/h2>\n<p>No fim das contas, a dan\u00e7a \u00e9 sobre express\u00e3o humana, n\u00e3o perfei\u00e7\u00e3o. Esses bailarinos nos lembram que a verdadeira beleza vem da diversidade. Vamos celebrar essa mudan\u00e7a e dan\u00e7ar juntos por um mundo mais inclusivo. O que voc\u00ea acha? J\u00e1 viu algo assim na sua cidade?<\/p>\n","protected":false},"excerpt":{"rendered":"<p>Explore como bailarinos est\u00e3o combatendo o preconceito contra diversidade de corpos e idades na dan\u00e7a. Hist\u00f3rias inspiradoras que promovem inclus\u00e3o e mudam o mundo da arte para melhor.<\/p>\n","protected":false},"author":1,"featured_media":688,"comment_status":"open","ping_status":"open","sticky":false,"template":"","format":"standard","meta":{"_acf_changed":false,"_eb_attr":"","footnotes":"","_wpscppro_dont_share_socialmedia":false,"_wpscppro_custom_social_share_image":0,"_facebook_share_type":"","_twitter_share_type":"","_linkedin_share_type":"","_pinterest_share_type":"","_linkedin_share_type_page":"","_instagram_share_type":"","_medium_share_type":"","_threads_share_type":"","_google_business_share_type":"","_selected_social_profile":[],"_wpsp_enable_custom_social_template":false,"_wpsp_social_scheduling":{"enabled":false,"datetime":null,"platforms":[],"status":"template_only","dateOption":"today","timeOption":"now","customDays":"","customHours":"","customDate":"","customTime":"","schedulingType":"absolute"},"_wpsp_active_default_template":true},"categories":[3],"tags":[],"class_list":["post-689","post","type-post","status-publish","format-standard","has-post-thumbnail","hentry","category-bem-estar"],"acf":[],"yoast_head":"<!-- This site is optimized with the Yoast SEO plugin v26.9 - https:\/\/yoast.com\/product\/yoast-seo-wordpress\/ -->\n<title>Bailarinos Desafiam o Preconceito Contra Diversidade de Corpos e Idades - ICTDF<\/title>\n<meta name=\"robots\" content=\"index, follow, max-snippet:-1, max-image-preview:large, max-video-preview:-1\" \/>\n<link rel=\"canonical\" href=\"https:\/\/ictdf.synergyecosys.io\/?p=689\" \/>\n<meta property=\"og:locale\" content=\"pt_BR\" \/>\n<meta property=\"og:type\" content=\"article\" \/>\n<meta property=\"og:title\" content=\"Bailarinos Desafiam o Preconceito Contra Diversidade de Corpos e Idades - ICTDF\" \/>\n<meta property=\"og:description\" content=\"Explore como bailarinos est\u00e3o combatendo o preconceito contra diversidade de corpos e idades na dan\u00e7a. Hist\u00f3rias inspiradoras que promovem inclus\u00e3o e mudam o mundo da arte para melhor.\" \/>\n<meta property=\"og:url\" content=\"https:\/\/ictdf.synergyecosys.io\/?p=689\" \/>\n<meta property=\"og:site_name\" content=\"ICTDF\" \/>\n<meta property=\"article:published_time\" content=\"2026-04-08T13:32:59+00:00\" \/>\n<meta name=\"author\" content=\"admin\" \/>\n<meta name=\"twitter:card\" content=\"summary_large_image\" \/>\n<meta name=\"twitter:label1\" content=\"Escrito por\" \/>\n\t<meta name=\"twitter:data1\" content=\"admin\" \/>\n\t<meta name=\"twitter:label2\" content=\"Est. tempo de leitura\" \/>\n\t<meta name=\"twitter:data2\" content=\"3 minutos\" \/>\n<script type=\"application\/ld+json\" class=\"yoast-schema-graph\">{\"@context\":\"https:\/\/schema.org\",\"@graph\":[{\"@type\":\"Article\",\"@id\":\"https:\/\/ictdf.synergyecosys.io\/?p=689#article\",\"isPartOf\":{\"@id\":\"https:\/\/ictdf.synergyecosys.io\/?p=689\"},\"author\":{\"name\":\"admin\",\"@id\":\"https:\/\/ictdf.synergyecosys.io\/#\/schema\/person\/0b4488974b7b485188c0c01cb9f95b21\"},\"headline\":\"Bailarinos Desafiam o Preconceito Contra Diversidade de Corpos e Idades\",\"datePublished\":\"2026-04-08T13:32:59+00:00\",\"mainEntityOfPage\":{\"@id\":\"https:\/\/ictdf.synergyecosys.io\/?p=689\"},\"wordCount\":683,\"commentCount\":0,\"publisher\":{\"@id\":\"https:\/\/ictdf.synergyecosys.io\/#organization\"},\"image\":{\"@id\":\"https:\/\/ictdf.synergyecosys.io\/?p=689#primaryimage\"},\"thumbnailUrl\":\"https:\/\/ictdf.synergyecosys.io\/wp-content\/uploads\/2026\/04\/imagem-Bailarinos-Desafiam-Preconceito-na-Danya-Diversidade-de-Corpos-e-Idades.png\",\"articleSection\":[\"Bem-estar\"],\"inLanguage\":\"pt-BR\",\"potentialAction\":[{\"@type\":\"CommentAction\",\"name\":\"Comment\",\"target\":[\"https:\/\/ictdf.synergyecosys.io\/?p=689#respond\"]}]},{\"@type\":\"WebPage\",\"@id\":\"https:\/\/ictdf.synergyecosys.io\/?p=689\",\"url\":\"https:\/\/ictdf.synergyecosys.io\/?p=689\",\"name\":\"Bailarinos Desafiam o Preconceito Contra Diversidade de Corpos e Idades - ICTDF\",\"isPartOf\":{\"@id\":\"https:\/\/ictdf.synergyecosys.io\/#website\"},\"primaryImageOfPage\":{\"@id\":\"https:\/\/ictdf.synergyecosys.io\/?p=689#primaryimage\"},\"image\":{\"@id\":\"https:\/\/ictdf.synergyecosys.io\/?p=689#primaryimage\"},\"thumbnailUrl\":\"https:\/\/ictdf.synergyecosys.io\/wp-content\/uploads\/2026\/04\/imagem-Bailarinos-Desafiam-Preconceito-na-Danya-Diversidade-de-Corpos-e-Idades.png\",\"datePublished\":\"2026-04-08T13:32:59+00:00\",\"breadcrumb\":{\"@id\":\"https:\/\/ictdf.synergyecosys.io\/?p=689#breadcrumb\"},\"inLanguage\":\"pt-BR\",\"potentialAction\":[{\"@type\":\"ReadAction\",\"target\":[\"https:\/\/ictdf.synergyecosys.io\/?p=689\"]}]},{\"@type\":\"ImageObject\",\"inLanguage\":\"pt-BR\",\"@id\":\"https:\/\/ictdf.synergyecosys.io\/?p=689#primaryimage\",\"url\":\"https:\/\/ictdf.synergyecosys.io\/wp-content\/uploads\/2026\/04\/imagem-Bailarinos-Desafiam-Preconceito-na-Danya-Diversidade-de-Corpos-e-Idades.png\",\"contentUrl\":\"https:\/\/ictdf.synergyecosys.io\/wp-content\/uploads\/2026\/04\/imagem-Bailarinos-Desafiam-Preconceito-na-Danya-Diversidade-de-Corpos-e-Idades.png\",\"width\":1696,\"height\":960},{\"@type\":\"BreadcrumbList\",\"@id\":\"https:\/\/ictdf.synergyecosys.io\/?p=689#breadcrumb\",\"itemListElement\":[{\"@type\":\"ListItem\",\"position\":1,\"name\":\"In\u00edcio\",\"item\":\"https:\/\/ictdf.synergyecosys.io\/\"},{\"@type\":\"ListItem\",\"position\":2,\"name\":\"Bailarinos Desafiam o Preconceito Contra Diversidade de Corpos e Idades\"}]},{\"@type\":\"WebSite\",\"@id\":\"https:\/\/ictdf.synergyecosys.io\/#website\",\"url\":\"https:\/\/ictdf.synergyecosys.io\/\",\"name\":\"ICTDF\",\"description\":\"\",\"publisher\":{\"@id\":\"https:\/\/ictdf.synergyecosys.io\/#organization\"},\"potentialAction\":[{\"@type\":\"SearchAction\",\"target\":{\"@type\":\"EntryPoint\",\"urlTemplate\":\"https:\/\/ictdf.synergyecosys.io\/?s={search_term_string}\"},\"query-input\":{\"@type\":\"PropertyValueSpecification\",\"valueRequired\":true,\"valueName\":\"search_term_string\"}}],\"inLanguage\":\"pt-BR\"},{\"@type\":\"Organization\",\"@id\":\"https:\/\/ictdf.synergyecosys.io\/#organization\",\"name\":\"ICTDF\",\"url\":\"https:\/\/ictdf.synergyecosys.io\/\",\"logo\":{\"@type\":\"ImageObject\",\"inLanguage\":\"pt-BR\",\"@id\":\"https:\/\/ictdf.synergyecosys.io\/#\/schema\/logo\/image\/\",\"url\":\"https:\/\/ictdf.synergyecosys.io\/wp-content\/uploads\/2026\/02\/cropped-cropped-ICTDF_logo_transparente.png\",\"contentUrl\":\"https:\/\/ictdf.synergyecosys.io\/wp-content\/uploads\/2026\/02\/cropped-cropped-ICTDF_logo_transparente.png\",\"width\":450,\"height\":141,\"caption\":\"ICTDF\"},\"image\":{\"@id\":\"https:\/\/ictdf.synergyecosys.io\/#\/schema\/logo\/image\/\"}},{\"@type\":\"Person\",\"@id\":\"https:\/\/ictdf.synergyecosys.io\/#\/schema\/person\/0b4488974b7b485188c0c01cb9f95b21\",\"name\":\"admin\",\"image\":{\"@type\":\"ImageObject\",\"inLanguage\":\"pt-BR\",\"@id\":\"https:\/\/ictdf.synergyecosys.io\/#\/schema\/person\/image\/\",\"url\":\"https:\/\/secure.gravatar.com\/avatar\/ee6b87b4bde4f4817334740781bdb6e270748065085879a5aa2018d8006922fa?s=96&d=mm&r=g\",\"contentUrl\":\"https:\/\/secure.gravatar.com\/avatar\/ee6b87b4bde4f4817334740781bdb6e270748065085879a5aa2018d8006922fa?s=96&d=mm&r=g\",\"caption\":\"admin\"},\"sameAs\":[\"https:\/\/ictdf.synergyecosys.io\"],\"url\":\"https:\/\/ictdf.synergyecosys.io\/?author=1\"}]}<\/script>\n<!-- \/ Yoast SEO plugin. -->","yoast_head_json":{"title":"Bailarinos Desafiam o Preconceito Contra Diversidade de Corpos e Idades - ICTDF","robots":{"index":"index","follow":"follow","max-snippet":"max-snippet:-1","max-image-preview":"max-image-preview:large","max-video-preview":"max-video-preview:-1"},"canonical":"https:\/\/ictdf.synergyecosys.io\/?p=689","og_locale":"pt_BR","og_type":"article","og_title":"Bailarinos Desafiam o Preconceito Contra Diversidade de Corpos e Idades - ICTDF","og_description":"Explore como bailarinos est\u00e3o combatendo o preconceito contra diversidade de corpos e idades na dan\u00e7a. Hist\u00f3rias inspiradoras que promovem inclus\u00e3o e mudam o mundo da arte para melhor.","og_url":"https:\/\/ictdf.synergyecosys.io\/?p=689","og_site_name":"ICTDF","article_published_time":"2026-04-08T13:32:59+00:00","author":"admin","twitter_card":"summary_large_image","twitter_misc":{"Escrito por":"admin","Est. tempo de leitura":"3 minutos"},"schema":{"@context":"https:\/\/schema.org","@graph":[{"@type":"Article","@id":"https:\/\/ictdf.synergyecosys.io\/?p=689#article","isPartOf":{"@id":"https:\/\/ictdf.synergyecosys.io\/?p=689"},"author":{"name":"admin","@id":"https:\/\/ictdf.synergyecosys.io\/#\/schema\/person\/0b4488974b7b485188c0c01cb9f95b21"},"headline":"Bailarinos Desafiam o Preconceito Contra Diversidade de Corpos e Idades","datePublished":"2026-04-08T13:32:59+00:00","mainEntityOfPage":{"@id":"https:\/\/ictdf.synergyecosys.io\/?p=689"},"wordCount":683,"commentCount":0,"publisher":{"@id":"https:\/\/ictdf.synergyecosys.io\/#organization"},"image":{"@id":"https:\/\/ictdf.synergyecosys.io\/?p=689#primaryimage"},"thumbnailUrl":"https:\/\/ictdf.synergyecosys.io\/wp-content\/uploads\/2026\/04\/imagem-Bailarinos-Desafiam-Preconceito-na-Danya-Diversidade-de-Corpos-e-Idades.png","articleSection":["Bem-estar"],"inLanguage":"pt-BR","potentialAction":[{"@type":"CommentAction","name":"Comment","target":["https:\/\/ictdf.synergyecosys.io\/?p=689#respond"]}]},{"@type":"WebPage","@id":"https:\/\/ictdf.synergyecosys.io\/?p=689","url":"https:\/\/ictdf.synergyecosys.io\/?p=689","name":"Bailarinos Desafiam o Preconceito Contra Diversidade de Corpos e Idades - ICTDF","isPartOf":{"@id":"https:\/\/ictdf.synergyecosys.io\/#website"},"primaryImageOfPage":{"@id":"https:\/\/ictdf.synergyecosys.io\/?p=689#primaryimage"},"image":{"@id":"https:\/\/ictdf.synergyecosys.io\/?p=689#primaryimage"},"thumbnailUrl":"https:\/\/ictdf.synergyecosys.io\/wp-content\/uploads\/2026\/04\/imagem-Bailarinos-Desafiam-Preconceito-na-Danya-Diversidade-de-Corpos-e-Idades.png","datePublished":"2026-04-08T13:32:59+00:00","breadcrumb":{"@id":"https:\/\/ictdf.synergyecosys.io\/?p=689#breadcrumb"},"inLanguage":"pt-BR","potentialAction":[{"@type":"ReadAction","target":["https:\/\/ictdf.synergyecosys.io\/?p=689"]}]},{"@type":"ImageObject","inLanguage":"pt-BR","@id":"https:\/\/ictdf.synergyecosys.io\/?p=689#primaryimage","url":"https:\/\/ictdf.synergyecosys.io\/wp-content\/uploads\/2026\/04\/imagem-Bailarinos-Desafiam-Preconceito-na-Danya-Diversidade-de-Corpos-e-Idades.png","contentUrl":"https:\/\/ictdf.synergyecosys.io\/wp-content\/uploads\/2026\/04\/imagem-Bailarinos-Desafiam-Preconceito-na-Danya-Diversidade-de-Corpos-e-Idades.png","width":1696,"height":960},{"@type":"BreadcrumbList","@id":"https:\/\/ictdf.synergyecosys.io\/?p=689#breadcrumb","itemListElement":[{"@type":"ListItem","position":1,"name":"In\u00edcio","item":"https:\/\/ictdf.synergyecosys.io\/"},{"@type":"ListItem","position":2,"name":"Bailarinos Desafiam o Preconceito Contra Diversidade de Corpos e Idades"}]},{"@type":"WebSite","@id":"https:\/\/ictdf.synergyecosys.io\/#website","url":"https:\/\/ictdf.synergyecosys.io\/","name":"ICTDF","description":"","publisher":{"@id":"https:\/\/ictdf.synergyecosys.io\/#organization"},"potentialAction":[{"@type":"SearchAction","target":{"@type":"EntryPoint","urlTemplate":"https:\/\/ictdf.synergyecosys.io\/?s={search_term_string}"},"query-input":{"@type":"PropertyValueSpecification","valueRequired":true,"valueName":"search_term_string"}}],"inLanguage":"pt-BR"},{"@type":"Organization","@id":"https:\/\/ictdf.synergyecosys.io\/#organization","name":"ICTDF","url":"https:\/\/ictdf.synergyecosys.io\/","logo":{"@type":"ImageObject","inLanguage":"pt-BR","@id":"https:\/\/ictdf.synergyecosys.io\/#\/schema\/logo\/image\/","url":"https:\/\/ictdf.synergyecosys.io\/wp-content\/uploads\/2026\/02\/cropped-cropped-ICTDF_logo_transparente.png","contentUrl":"https:\/\/ictdf.synergyecosys.io\/wp-content\/uploads\/2026\/02\/cropped-cropped-ICTDF_logo_transparente.png","width":450,"height":141,"caption":"ICTDF"},"image":{"@id":"https:\/\/ictdf.synergyecosys.io\/#\/schema\/logo\/image\/"}},{"@type":"Person","@id":"https:\/\/ictdf.synergyecosys.io\/#\/schema\/person\/0b4488974b7b485188c0c01cb9f95b21","name":"admin","image":{"@type":"ImageObject","inLanguage":"pt-BR","@id":"https:\/\/ictdf.synergyecosys.io\/#\/schema\/person\/image\/","url":"https:\/\/secure.gravatar.com\/avatar\/ee6b87b4bde4f4817334740781bdb6e270748065085879a5aa2018d8006922fa?s=96&d=mm&r=g","contentUrl":"https:\/\/secure.gravatar.com\/avatar\/ee6b87b4bde4f4817334740781bdb6e270748065085879a5aa2018d8006922fa?s=96&d=mm&r=g","caption":"admin"},"sameAs":["https:\/\/ictdf.synergyecosys.io"],"url":"https:\/\/ictdf.synergyecosys.io\/?author=1"}]}},"_links":{"self":[{"href":"https:\/\/ictdf.synergyecosys.io\/index.php?rest_route=\/wp\/v2\/posts\/689","targetHints":{"allow":["GET"]}}],"collection":[{"href":"https:\/\/ictdf.synergyecosys.io\/index.php?rest_route=\/wp\/v2\/posts"}],"about":[{"href":"https:\/\/ictdf.synergyecosys.io\/index.php?rest_route=\/wp\/v2\/types\/post"}],"author":[{"embeddable":true,"href":"https:\/\/ictdf.synergyecosys.io\/index.php?rest_route=\/wp\/v2\/users\/1"}],"replies":[{"embeddable":true,"href":"https:\/\/ictdf.synergyecosys.io\/index.php?rest_route=%2Fwp%2Fv2%2Fcomments&post=689"}],"version-history":[{"count":0,"href":"https:\/\/ictdf.synergyecosys.io\/index.php?rest_route=\/wp\/v2\/posts\/689\/revisions"}],"wp:featuredmedia":[{"embeddable":true,"href":"https:\/\/ictdf.synergyecosys.io\/index.php?rest_route=\/wp\/v2\/media\/688"}],"wp:attachment":[{"href":"https:\/\/ictdf.synergyecosys.io\/index.php?rest_route=%2Fwp%2Fv2%2Fmedia&parent=689"}],"wp:term":[{"taxonomy":"category","embeddable":true,"href":"https:\/\/ictdf.synergyecosys.io\/index.php?rest_route=%2Fwp%2Fv2%2Fcategories&post=689"},{"taxonomy":"post_tag","embeddable":true,"href":"https:\/\/ictdf.synergyecosys.io\/index.php?rest_route=%2Fwp%2Fv2%2Ftags&post=689"}],"curies":[{"name":"wp","href":"https:\/\/api.w.org\/{rel}","templated":true}]}}