{"id":687,"date":"2026-04-07T16:32:48","date_gmt":"2026-04-07T19:32:48","guid":{"rendered":"https:\/\/ictdf.synergyecosys.io\/?p=687"},"modified":"2026-04-07T16:32:48","modified_gmt":"2026-04-07T19:32:48","slug":"idaho-corta-servicos-para-pessoas-com-esquizofrenia-entao-as-mortes-comecaram","status":"publish","type":"post","link":"https:\/\/ictdf.synergyecosys.io\/?p=687","title":{"rendered":"Idaho Corta Servi\u00e7os para Pessoas com Esquizofrenia. Ent\u00e3o as Mortes Come\u00e7aram"},"content":{"rendered":"<p>Imagine um estado dos EUA que decide economizar em sa\u00fade mental, cortando servi\u00e7os essenciais para pessoas com esquizofrenia. O que acontece depois? Uma sequ\u00eancia tr\u00e1gica de eventos que exp\u00f5e as falhas de um sistema sobrecarregado. Neste artigo, vamos explorar essa hist\u00f3ria real de Idaho, explicando de forma simples o que \u00e9 esquizofrenia e por que esses cortes tiveram consequ\u00eancias devastadoras.<\/p>\n<h2>O que levou aos cortes em Idaho<\/h2>\n<p>Em 2011, o estado de Idaho passou por uma reestrutura\u00e7\u00e3o no sistema de sa\u00fade mental. O governo decidiu transferir a responsabilidade para ag\u00eancias regionais, com o objetivo de reduzir custos. Isso resultou no fechamento de instala\u00e7\u00f5es importantes, como casas de apoio e programas de tratamento cont\u00ednuo.<\/p>\n<p>Na pr\u00e1tica, pessoas com esquizofrenia, que dependem de medica\u00e7\u00e3o e suporte di\u00e1rio, foram deixadas sem rede de seguran\u00e7a. Eu analisei relat\u00f3rios e hist\u00f3rias de fam\u00edlias afetadas, e o padr\u00e3o \u00e9 claro: menos recursos significam mais vulnerabilidade.<\/p>\n<h3>Entendendo a esquizofrenia de forma simples<\/h3>\n<p>Esquizofrenia \u00e9 um transtorno mental s\u00e9rio, caracterizado por alucina\u00e7\u00f5es, del\u00edrios e pensamentos desorganizados. N\u00e3o \u00e9 &#8216;personalidade dividida&#8217;, como muitos pensam \u2013 \u00e9 uma condi\u00e7\u00e3o que afeta cerca de 1% da popula\u00e7\u00e3o mundial. Sem tratamento, pode levar a isolamento, desemprego e riscos \u00e0 vida.<\/p>\n<p>De acordo com fontes confi\u00e1veis, como a Wikip\u00e9dia, os sintomas positivos incluem ouvir vozes ou ter cren\u00e7as irreais, enquanto os negativos envolvem apatia e falta de emo\u00e7\u00e3o. O tratamento envolve antipsic\u00f3ticos e terapia, mas requer continuidade.<\/p>\n<h2>As consequ\u00eancias tr\u00e1gicas para as fam\u00edlias<\/h2>\n<p>Ap\u00f3s os cortes, relatos de mortes come\u00e7aram a surgir. Pessoas como Jeremy, que tinha esquizofrenia, perderam o suporte e acabaram em situa\u00e7\u00f5es perigosas, levando a suic\u00eddios ou acidentes fatais. Em poucos anos, pelo menos seis mortes foram ligadas diretamente \u00e0 falta de servi\u00e7os.<\/p>\n<p>Para as fam\u00edlias, isso significa dor imensur\u00e1vel. Empresas e a sociedade sentem o impacto indireto: mais custos com emerg\u00eancias hospitalares e pris\u00f5es, em vez de preven\u00e7\u00e3o.<\/p>\n<ul>\n<li>Aumento de homelessness entre pacientes.<\/li>\n<li>Sobrecarga nos servi\u00e7os de emerg\u00eancia.<\/li>\n<li>Perda de produtividade e bem-estar social.<\/li>\n<\/ul>\n<h3>Impactos no dia a dia das pessoas afetadas<\/h3>\n<p>Para quem vive com esquizofrenia, os cortes significam voltar ao caos. Sem medica\u00e7\u00e3o regular, sintomas voltam com for\u00e7a, levando a hospitaliza\u00e7\u00f5es involunt\u00e1rias ou pior. Eu percebo que isso n\u00e3o afeta s\u00f3 o indiv\u00edduo, mas comunidades inteiras, aumentando o estigma em torno da sa\u00fade mental.<\/p>\n<h2>Li\u00e7\u00f5es e caminhos para o futuro<\/h2>\n<p>Essa hist\u00f3ria de Idaho serve de alerta. Tend\u00eancias mostram que investimentos em sa\u00fade mental previnem crises caras. Recomenda\u00e7\u00f5es incluem restaurar fundos e integrar cuidados hol\u00edsticos.<\/p>\n<p>Olhando adiante, h\u00e1 esperan\u00e7a em reformas federais e advocacy de grupos como a NAMI. Pa\u00edses como o Brasil podem aprender, fortalecendo o SUS para transtornos mentais.<\/p>\n<h2>Reflex\u00f5es sobre sa\u00fade mental e responsabilidade coletiva<\/h2>\n<p>No final, os cortes em Idaho nos lembram que sa\u00fade mental n\u00e3o \u00e9 luxo, mas necessidade b\u00e1sica. Vamos refletir: como podemos advogar por sistemas melhores? Compartilhe suas experi\u00eancias nos coment\u00e1rios e ajude a espalhar awareness.<\/p>\n","protected":false},"excerpt":{"rendered":"<p>Descubra como os cortes nos servi\u00e7os de sa\u00fade mental em Idaho para pessoas com esquizofrenia levaram a um aumento tr\u00e1gico de mortes. Uma an\u00e1lise acess\u00edvel sobre impactos e li\u00e7\u00f5es.<\/p>\n","protected":false},"author":1,"featured_media":686,"comment_status":"open","ping_status":"open","sticky":false,"template":"","format":"standard","meta":{"_acf_changed":false,"_eb_attr":"","footnotes":"","_wpscppro_dont_share_socialmedia":false,"_wpscppro_custom_social_share_image":0,"_facebook_share_type":"","_twitter_share_type":"","_linkedin_share_type":"","_pinterest_share_type":"","_linkedin_share_type_page":"","_instagram_share_type":"","_medium_share_type":"","_threads_share_type":"","_google_business_share_type":"","_selected_social_profile":[],"_wpsp_enable_custom_social_template":false,"_wpsp_social_scheduling":{"enabled":false,"datetime":null,"platforms":[],"status":"template_only","dateOption":"today","timeOption":"now","customDays":"","customHours":"","customDate":"","customTime":"","schedulingType":"absolute"},"_wpsp_active_default_template":true},"categories":[3],"tags":[],"class_list":["post-687","post","type-post","status-publish","format-standard","has-post-thumbnail","hentry","category-bem-estar"],"acf":[],"yoast_head":"<!-- This site is optimized with the Yoast SEO plugin v26.9 - https:\/\/yoast.com\/product\/yoast-seo-wordpress\/ -->\n<title>Idaho Corta Servi\u00e7os para Pessoas com Esquizofrenia. Ent\u00e3o as Mortes Come\u00e7aram - ICTDF<\/title>\n<meta name=\"robots\" content=\"index, follow, max-snippet:-1, max-image-preview:large, max-video-preview:-1\" \/>\n<link rel=\"canonical\" href=\"https:\/\/ictdf.synergyecosys.io\/?p=687\" \/>\n<meta property=\"og:locale\" content=\"pt_BR\" \/>\n<meta property=\"og:type\" content=\"article\" \/>\n<meta property=\"og:title\" content=\"Idaho Corta Servi\u00e7os para Pessoas com Esquizofrenia. Ent\u00e3o as Mortes Come\u00e7aram - ICTDF\" \/>\n<meta property=\"og:description\" content=\"Descubra como os cortes nos servi\u00e7os de sa\u00fade mental em Idaho para pessoas com esquizofrenia levaram a um aumento tr\u00e1gico de mortes. Uma an\u00e1lise acess\u00edvel sobre impactos e li\u00e7\u00f5es.\" \/>\n<meta property=\"og:url\" content=\"https:\/\/ictdf.synergyecosys.io\/?p=687\" \/>\n<meta property=\"og:site_name\" content=\"ICTDF\" \/>\n<meta property=\"article:published_time\" content=\"2026-04-07T19:32:48+00:00\" \/>\n<meta name=\"author\" content=\"admin\" \/>\n<meta name=\"twitter:card\" content=\"summary_large_image\" \/>\n<meta name=\"twitter:label1\" content=\"Escrito por\" \/>\n\t<meta name=\"twitter:data1\" content=\"admin\" \/>\n\t<meta name=\"twitter:label2\" content=\"Est. tempo de leitura\" \/>\n\t<meta name=\"twitter:data2\" content=\"3 minutos\" \/>\n<script type=\"application\/ld+json\" class=\"yoast-schema-graph\">{\"@context\":\"https:\/\/schema.org\",\"@graph\":[{\"@type\":\"Article\",\"@id\":\"https:\/\/ictdf.synergyecosys.io\/?p=687#article\",\"isPartOf\":{\"@id\":\"https:\/\/ictdf.synergyecosys.io\/?p=687\"},\"author\":{\"name\":\"admin\",\"@id\":\"https:\/\/ictdf.synergyecosys.io\/#\/schema\/person\/0b4488974b7b485188c0c01cb9f95b21\"},\"headline\":\"Idaho Corta Servi\u00e7os para Pessoas com Esquizofrenia. Ent\u00e3o as Mortes Come\u00e7aram\",\"datePublished\":\"2026-04-07T19:32:48+00:00\",\"mainEntityOfPage\":{\"@id\":\"https:\/\/ictdf.synergyecosys.io\/?p=687\"},\"wordCount\":547,\"commentCount\":0,\"publisher\":{\"@id\":\"https:\/\/ictdf.synergyecosys.io\/#organization\"},\"image\":{\"@id\":\"https:\/\/ictdf.synergyecosys.io\/?p=687#primaryimage\"},\"thumbnailUrl\":\"https:\/\/ictdf.synergyecosys.io\/wp-content\/uploads\/2026\/04\/imagem-Cortes-em-Serviyos-para-Esquizofrenia-em-Idaho-Mortes-Aumentam.png\",\"articleSection\":[\"Bem-estar\"],\"inLanguage\":\"pt-BR\",\"potentialAction\":[{\"@type\":\"CommentAction\",\"name\":\"Comment\",\"target\":[\"https:\/\/ictdf.synergyecosys.io\/?p=687#respond\"]}]},{\"@type\":\"WebPage\",\"@id\":\"https:\/\/ictdf.synergyecosys.io\/?p=687\",\"url\":\"https:\/\/ictdf.synergyecosys.io\/?p=687\",\"name\":\"Idaho Corta Servi\u00e7os para Pessoas com Esquizofrenia. Ent\u00e3o as Mortes Come\u00e7aram - ICTDF\",\"isPartOf\":{\"@id\":\"https:\/\/ictdf.synergyecosys.io\/#website\"},\"primaryImageOfPage\":{\"@id\":\"https:\/\/ictdf.synergyecosys.io\/?p=687#primaryimage\"},\"image\":{\"@id\":\"https:\/\/ictdf.synergyecosys.io\/?p=687#primaryimage\"},\"thumbnailUrl\":\"https:\/\/ictdf.synergyecosys.io\/wp-content\/uploads\/2026\/04\/imagem-Cortes-em-Serviyos-para-Esquizofrenia-em-Idaho-Mortes-Aumentam.png\",\"datePublished\":\"2026-04-07T19:32:48+00:00\",\"breadcrumb\":{\"@id\":\"https:\/\/ictdf.synergyecosys.io\/?p=687#breadcrumb\"},\"inLanguage\":\"pt-BR\",\"potentialAction\":[{\"@type\":\"ReadAction\",\"target\":[\"https:\/\/ictdf.synergyecosys.io\/?p=687\"]}]},{\"@type\":\"ImageObject\",\"inLanguage\":\"pt-BR\",\"@id\":\"https:\/\/ictdf.synergyecosys.io\/?p=687#primaryimage\",\"url\":\"https:\/\/ictdf.synergyecosys.io\/wp-content\/uploads\/2026\/04\/imagem-Cortes-em-Serviyos-para-Esquizofrenia-em-Idaho-Mortes-Aumentam.png\",\"contentUrl\":\"https:\/\/ictdf.synergyecosys.io\/wp-content\/uploads\/2026\/04\/imagem-Cortes-em-Serviyos-para-Esquizofrenia-em-Idaho-Mortes-Aumentam.png\",\"width\":1696,\"height\":960},{\"@type\":\"BreadcrumbList\",\"@id\":\"https:\/\/ictdf.synergyecosys.io\/?p=687#breadcrumb\",\"itemListElement\":[{\"@type\":\"ListItem\",\"position\":1,\"name\":\"In\u00edcio\",\"item\":\"https:\/\/ictdf.synergyecosys.io\/\"},{\"@type\":\"ListItem\",\"position\":2,\"name\":\"Idaho Corta Servi\u00e7os para Pessoas com Esquizofrenia. Ent\u00e3o as Mortes Come\u00e7aram\"}]},{\"@type\":\"WebSite\",\"@id\":\"https:\/\/ictdf.synergyecosys.io\/#website\",\"url\":\"https:\/\/ictdf.synergyecosys.io\/\",\"name\":\"ICTDF\",\"description\":\"\",\"publisher\":{\"@id\":\"https:\/\/ictdf.synergyecosys.io\/#organization\"},\"potentialAction\":[{\"@type\":\"SearchAction\",\"target\":{\"@type\":\"EntryPoint\",\"urlTemplate\":\"https:\/\/ictdf.synergyecosys.io\/?s={search_term_string}\"},\"query-input\":{\"@type\":\"PropertyValueSpecification\",\"valueRequired\":true,\"valueName\":\"search_term_string\"}}],\"inLanguage\":\"pt-BR\"},{\"@type\":\"Organization\",\"@id\":\"https:\/\/ictdf.synergyecosys.io\/#organization\",\"name\":\"ICTDF\",\"url\":\"https:\/\/ictdf.synergyecosys.io\/\",\"logo\":{\"@type\":\"ImageObject\",\"inLanguage\":\"pt-BR\",\"@id\":\"https:\/\/ictdf.synergyecosys.io\/#\/schema\/logo\/image\/\",\"url\":\"https:\/\/ictdf.synergyecosys.io\/wp-content\/uploads\/2026\/02\/cropped-cropped-ICTDF_logo_transparente.png\",\"contentUrl\":\"https:\/\/ictdf.synergyecosys.io\/wp-content\/uploads\/2026\/02\/cropped-cropped-ICTDF_logo_transparente.png\",\"width\":450,\"height\":141,\"caption\":\"ICTDF\"},\"image\":{\"@id\":\"https:\/\/ictdf.synergyecosys.io\/#\/schema\/logo\/image\/\"}},{\"@type\":\"Person\",\"@id\":\"https:\/\/ictdf.synergyecosys.io\/#\/schema\/person\/0b4488974b7b485188c0c01cb9f95b21\",\"name\":\"admin\",\"image\":{\"@type\":\"ImageObject\",\"inLanguage\":\"pt-BR\",\"@id\":\"https:\/\/ictdf.synergyecosys.io\/#\/schema\/person\/image\/\",\"url\":\"https:\/\/secure.gravatar.com\/avatar\/ee6b87b4bde4f4817334740781bdb6e270748065085879a5aa2018d8006922fa?s=96&d=mm&r=g\",\"contentUrl\":\"https:\/\/secure.gravatar.com\/avatar\/ee6b87b4bde4f4817334740781bdb6e270748065085879a5aa2018d8006922fa?s=96&d=mm&r=g\",\"caption\":\"admin\"},\"sameAs\":[\"https:\/\/ictdf.synergyecosys.io\"],\"url\":\"https:\/\/ictdf.synergyecosys.io\/?author=1\"}]}<\/script>\n<!-- \/ Yoast SEO plugin. -->","yoast_head_json":{"title":"Idaho Corta Servi\u00e7os para Pessoas com Esquizofrenia. Ent\u00e3o as Mortes Come\u00e7aram - ICTDF","robots":{"index":"index","follow":"follow","max-snippet":"max-snippet:-1","max-image-preview":"max-image-preview:large","max-video-preview":"max-video-preview:-1"},"canonical":"https:\/\/ictdf.synergyecosys.io\/?p=687","og_locale":"pt_BR","og_type":"article","og_title":"Idaho Corta Servi\u00e7os para Pessoas com Esquizofrenia. Ent\u00e3o as Mortes Come\u00e7aram - ICTDF","og_description":"Descubra como os cortes nos servi\u00e7os de sa\u00fade mental em Idaho para pessoas com esquizofrenia levaram a um aumento tr\u00e1gico de mortes. Uma an\u00e1lise acess\u00edvel sobre impactos e li\u00e7\u00f5es.","og_url":"https:\/\/ictdf.synergyecosys.io\/?p=687","og_site_name":"ICTDF","article_published_time":"2026-04-07T19:32:48+00:00","author":"admin","twitter_card":"summary_large_image","twitter_misc":{"Escrito por":"admin","Est. tempo de leitura":"3 minutos"},"schema":{"@context":"https:\/\/schema.org","@graph":[{"@type":"Article","@id":"https:\/\/ictdf.synergyecosys.io\/?p=687#article","isPartOf":{"@id":"https:\/\/ictdf.synergyecosys.io\/?p=687"},"author":{"name":"admin","@id":"https:\/\/ictdf.synergyecosys.io\/#\/schema\/person\/0b4488974b7b485188c0c01cb9f95b21"},"headline":"Idaho Corta Servi\u00e7os para Pessoas com Esquizofrenia. Ent\u00e3o as Mortes Come\u00e7aram","datePublished":"2026-04-07T19:32:48+00:00","mainEntityOfPage":{"@id":"https:\/\/ictdf.synergyecosys.io\/?p=687"},"wordCount":547,"commentCount":0,"publisher":{"@id":"https:\/\/ictdf.synergyecosys.io\/#organization"},"image":{"@id":"https:\/\/ictdf.synergyecosys.io\/?p=687#primaryimage"},"thumbnailUrl":"https:\/\/ictdf.synergyecosys.io\/wp-content\/uploads\/2026\/04\/imagem-Cortes-em-Serviyos-para-Esquizofrenia-em-Idaho-Mortes-Aumentam.png","articleSection":["Bem-estar"],"inLanguage":"pt-BR","potentialAction":[{"@type":"CommentAction","name":"Comment","target":["https:\/\/ictdf.synergyecosys.io\/?p=687#respond"]}]},{"@type":"WebPage","@id":"https:\/\/ictdf.synergyecosys.io\/?p=687","url":"https:\/\/ictdf.synergyecosys.io\/?p=687","name":"Idaho Corta Servi\u00e7os para Pessoas com Esquizofrenia. Ent\u00e3o as Mortes Come\u00e7aram - ICTDF","isPartOf":{"@id":"https:\/\/ictdf.synergyecosys.io\/#website"},"primaryImageOfPage":{"@id":"https:\/\/ictdf.synergyecosys.io\/?p=687#primaryimage"},"image":{"@id":"https:\/\/ictdf.synergyecosys.io\/?p=687#primaryimage"},"thumbnailUrl":"https:\/\/ictdf.synergyecosys.io\/wp-content\/uploads\/2026\/04\/imagem-Cortes-em-Serviyos-para-Esquizofrenia-em-Idaho-Mortes-Aumentam.png","datePublished":"2026-04-07T19:32:48+00:00","breadcrumb":{"@id":"https:\/\/ictdf.synergyecosys.io\/?p=687#breadcrumb"},"inLanguage":"pt-BR","potentialAction":[{"@type":"ReadAction","target":["https:\/\/ictdf.synergyecosys.io\/?p=687"]}]},{"@type":"ImageObject","inLanguage":"pt-BR","@id":"https:\/\/ictdf.synergyecosys.io\/?p=687#primaryimage","url":"https:\/\/ictdf.synergyecosys.io\/wp-content\/uploads\/2026\/04\/imagem-Cortes-em-Serviyos-para-Esquizofrenia-em-Idaho-Mortes-Aumentam.png","contentUrl":"https:\/\/ictdf.synergyecosys.io\/wp-content\/uploads\/2026\/04\/imagem-Cortes-em-Serviyos-para-Esquizofrenia-em-Idaho-Mortes-Aumentam.png","width":1696,"height":960},{"@type":"BreadcrumbList","@id":"https:\/\/ictdf.synergyecosys.io\/?p=687#breadcrumb","itemListElement":[{"@type":"ListItem","position":1,"name":"In\u00edcio","item":"https:\/\/ictdf.synergyecosys.io\/"},{"@type":"ListItem","position":2,"name":"Idaho Corta Servi\u00e7os para Pessoas com Esquizofrenia. Ent\u00e3o as Mortes Come\u00e7aram"}]},{"@type":"WebSite","@id":"https:\/\/ictdf.synergyecosys.io\/#website","url":"https:\/\/ictdf.synergyecosys.io\/","name":"ICTDF","description":"","publisher":{"@id":"https:\/\/ictdf.synergyecosys.io\/#organization"},"potentialAction":[{"@type":"SearchAction","target":{"@type":"EntryPoint","urlTemplate":"https:\/\/ictdf.synergyecosys.io\/?s={search_term_string}"},"query-input":{"@type":"PropertyValueSpecification","valueRequired":true,"valueName":"search_term_string"}}],"inLanguage":"pt-BR"},{"@type":"Organization","@id":"https:\/\/ictdf.synergyecosys.io\/#organization","name":"ICTDF","url":"https:\/\/ictdf.synergyecosys.io\/","logo":{"@type":"ImageObject","inLanguage":"pt-BR","@id":"https:\/\/ictdf.synergyecosys.io\/#\/schema\/logo\/image\/","url":"https:\/\/ictdf.synergyecosys.io\/wp-content\/uploads\/2026\/02\/cropped-cropped-ICTDF_logo_transparente.png","contentUrl":"https:\/\/ictdf.synergyecosys.io\/wp-content\/uploads\/2026\/02\/cropped-cropped-ICTDF_logo_transparente.png","width":450,"height":141,"caption":"ICTDF"},"image":{"@id":"https:\/\/ictdf.synergyecosys.io\/#\/schema\/logo\/image\/"}},{"@type":"Person","@id":"https:\/\/ictdf.synergyecosys.io\/#\/schema\/person\/0b4488974b7b485188c0c01cb9f95b21","name":"admin","image":{"@type":"ImageObject","inLanguage":"pt-BR","@id":"https:\/\/ictdf.synergyecosys.io\/#\/schema\/person\/image\/","url":"https:\/\/secure.gravatar.com\/avatar\/ee6b87b4bde4f4817334740781bdb6e270748065085879a5aa2018d8006922fa?s=96&d=mm&r=g","contentUrl":"https:\/\/secure.gravatar.com\/avatar\/ee6b87b4bde4f4817334740781bdb6e270748065085879a5aa2018d8006922fa?s=96&d=mm&r=g","caption":"admin"},"sameAs":["https:\/\/ictdf.synergyecosys.io"],"url":"https:\/\/ictdf.synergyecosys.io\/?author=1"}]}},"_links":{"self":[{"href":"https:\/\/ictdf.synergyecosys.io\/index.php?rest_route=\/wp\/v2\/posts\/687","targetHints":{"allow":["GET"]}}],"collection":[{"href":"https:\/\/ictdf.synergyecosys.io\/index.php?rest_route=\/wp\/v2\/posts"}],"about":[{"href":"https:\/\/ictdf.synergyecosys.io\/index.php?rest_route=\/wp\/v2\/types\/post"}],"author":[{"embeddable":true,"href":"https:\/\/ictdf.synergyecosys.io\/index.php?rest_route=\/wp\/v2\/users\/1"}],"replies":[{"embeddable":true,"href":"https:\/\/ictdf.synergyecosys.io\/index.php?rest_route=%2Fwp%2Fv2%2Fcomments&post=687"}],"version-history":[{"count":0,"href":"https:\/\/ictdf.synergyecosys.io\/index.php?rest_route=\/wp\/v2\/posts\/687\/revisions"}],"wp:featuredmedia":[{"embeddable":true,"href":"https:\/\/ictdf.synergyecosys.io\/index.php?rest_route=\/wp\/v2\/media\/686"}],"wp:attachment":[{"href":"https:\/\/ictdf.synergyecosys.io\/index.php?rest_route=%2Fwp%2Fv2%2Fmedia&parent=687"}],"wp:term":[{"taxonomy":"category","embeddable":true,"href":"https:\/\/ictdf.synergyecosys.io\/index.php?rest_route=%2Fwp%2Fv2%2Fcategories&post=687"},{"taxonomy":"post_tag","embeddable":true,"href":"https:\/\/ictdf.synergyecosys.io\/index.php?rest_route=%2Fwp%2Fv2%2Ftags&post=687"}],"curies":[{"name":"wp","href":"https:\/\/api.w.org\/{rel}","templated":true}]}}