{"id":681,"date":"2026-04-07T06:32:52","date_gmt":"2026-04-07T09:32:52","guid":{"rendered":"https:\/\/ictdf.synergyecosys.io\/?p=681"},"modified":"2026-04-07T06:32:52","modified_gmt":"2026-04-07T09:32:52","slug":"comunidades-terapeuticas-o-retorno-do-debate-sobre-manicomios-no-brasil","status":"publish","type":"post","link":"https:\/\/ictdf.synergyecosys.io\/?p=681","title":{"rendered":"Comunidades Terap\u00eauticas: O Retorno do Debate sobre Manic\u00f4mios no Brasil"},"content":{"rendered":"<p>Voc\u00ea j\u00e1 parou para pensar como o tratamento para depend\u00eancia qu\u00edmica e problemas mentais evoluiu no Brasil? Recentemente, as comunidades terap\u00eauticas voltaram ao centro das discuss\u00f5es, reacendendo um debate antigo sobre os manic\u00f4mios. Eu analisei esse tema e percebo que ele toca em quest\u00f5es profundas de direitos humanos e sa\u00fade p\u00fablica.<\/p>\n<p>Nesse artigo, vamos descomplicar o assunto, explorando o que s\u00e3o essas comunidades, sua rela\u00e7\u00e3o com o passado manicomial e por que elas dividem opini\u00f5es hoje.<\/p>\n<h2>O Que S\u00e3o Comunidades Terap\u00eauticas?<\/h2>\n<p>As comunidades terap\u00eauticas s\u00e3o espa\u00e7os residenciais onde pessoas com depend\u00eancia de drogas ou transtornos mentais recebem apoio. Na pr\u00e1tica, elas funcionam como grupos de autoajuda, muitas vezes ligados a igrejas evang\u00e9licas, onde os participantes vivem juntos, trabalham e seguem regras r\u00edgidas para recupera\u00e7\u00e3o.<\/p>\n<p>Eu vejo que o termo <strong>comunidade terap\u00eautica<\/strong> vem de modelos internacionais dos anos 1950, adaptados no Brasil desde os anos 1980. Elas prometem uma alternativa aos tratamentos hospitalares tradicionais, focando em disciplina e espiritualidade.<\/p>\n<h2>A Hist\u00f3ria dos Manic\u00f4mios no Brasil<\/h2>\n<p>No passado, os manic\u00f4mios eram institui\u00e7\u00f5es isoladas que abrigavam milhares de pessoas com problemas mentais. Imagine pris\u00f5es disfar\u00e7adas de hospitais: superlotados, com pouca terapia e muita conten\u00e7\u00e3o. O movimento antimanicomial, inspirado no psiquiatra italiano Franco Basaglia, lutou contra isso nos anos 1970 e 1980.<\/p>\n<p>A Lei 10.216 de 2001 marcou o fim oficial dos manic\u00f4mios, promovendo os CAPS \u2013 Centros de Aten\u00e7\u00e3o Psicossocial. Esses centros oferecem atendimento comunit\u00e1rio, sem interna\u00e7\u00f5es longas. Foi um avan\u00e7o enorme para a desinstitucionaliza\u00e7\u00e3o.<\/p>\n<h3>O Legado que Ainda Persiste<\/h3>\n<p>Mas o fechamento n\u00e3o foi perfeito. Muitos pacientes foram liberados sem rede de apoio, levando a um v\u00e1cuo no cuidado. Aqui entra o debate: as comunidades terap\u00eauticas preenchem essa lacuna ou repetem erros do passado?<\/p>\n<h2>Por Que o Debate Reacendeu Agora?<\/h2>\n<p>Nos \u00faltimos anos, projetos de lei no Congresso querem regular e expandir as comunidades terap\u00eauticas, vendo-as como solu\u00e7\u00e3o para o crack e outras drogas. Em 2023, o governo Lula discutiu isso, mas ativistas alertam para abusos: relatos de viol\u00eancia, trabalho for\u00e7ado e isolamento, reminiscentes dos manic\u00f4mios.<\/p>\n<p>Na minha opini\u00e3o, o timing \u00e9 crucial. Com o aumento da depend\u00eancia qu\u00edmica p\u00f3s-pandemia, h\u00e1 press\u00e3o por solu\u00e7\u00f5es r\u00e1pidas, mas sem supervis\u00e3o profissional, o risco de retrocesso \u00e9 real.<\/p>\n<ul>\n<li>Relatos de maus-tratos em comunidades religiosas.<\/li>\n<li>Falta de psic\u00f3logos e m\u00e9dicos qualificados.<\/li>\n<li>Financiamento p\u00fablico question\u00e1vel.<\/li>\n<\/ul>\n<h2>Impactos Pr\u00e1ticos para a Sociedade<\/h2>\n<p>Para as fam\u00edlias, essas comunidades oferecem esperan\u00e7a, mas tamb\u00e9m medo de perder contato com entes queridos. Pessoas em recupera\u00e7\u00e3o ganham estrutura, mas correm risco de traumas adicionais se o ambiente for opressivo.<\/p>\n<p>Empresas e comunidades locais sentem o impacto: reinser\u00e7\u00e3o social bem-sucedida reduz criminalidade, mas falhas perpetuam ciclos de exclus\u00e3o. A sociedade como um todo debate \u00e9tica: liberdade versus prote\u00e7\u00e3o.<\/p>\n<h3>Consequ\u00eancias para a Sa\u00fade Mental<\/h3>\n<p>Estudos mostram que tratamentos comunit\u00e1rios podem funcionar, mas sem regula\u00e7\u00e3o, violam direitos. O SUS precisa investir mais em CAPS para evitar que manic\u00f4mios &#8216;invis\u00edveis&#8217; surjam.<\/p>\n<h2>Tend\u00eancias e Caminhos para o Futuro<\/h2>\n<p>Olhando adiante, especialistas recomendam regula\u00e7\u00e3o rigorosa: fiscaliza\u00e7\u00e3o, treinamento profissional e integra\u00e7\u00e3o com o SUS. Projetos piloto que misturem espiritualidade com ci\u00eancia parecem promissores.<\/p>\n<p>Eu acredito que o di\u00e1logo entre ativistas, religiosos e governo \u00e9 chave. Talvez uma lei que equilibre autonomia e direitos humanos.<\/p>\n<ol>\n<li>Fortalecer os CAPS existentes.<\/li>\n<li>Monitorar comunidades terap\u00eauticas.<\/li>\n<li>Educar sobre sa\u00fade mental para reduzir estigma.<\/li>\n<\/ol>\n<h2>Reflex\u00f5es Finais: Um Equil\u00edbrio Necess\u00e1rio<\/h2>\n<p>Reacender o debate sobre manic\u00f4mios atrav\u00e9s das comunidades terap\u00eauticas nos lembra que o progresso na sa\u00fade mental \u00e9 fr\u00e1gil. Precisamos de empatia e evid\u00eancias para n\u00e3o repetir erros. O que voc\u00ea acha? Compartilhe nos coment\u00e1rios e ajude a construir um Brasil mais inclusivo.<\/p>\n","protected":false},"excerpt":{"rendered":"<p>Descubra como as comunidades terap\u00eauticas est\u00e3o revivendo o pol\u00eamico debate sobre manic\u00f4mios no Brasil. Entenda a hist\u00f3ria, impactos e o que isso significa para a sa\u00fade mental hoje. Leitura essencial!<\/p>\n","protected":false},"author":1,"featured_media":680,"comment_status":"open","ping_status":"open","sticky":false,"template":"","format":"standard","meta":{"_acf_changed":false,"_eb_attr":"","footnotes":"","_wpscppro_dont_share_socialmedia":false,"_wpscppro_custom_social_share_image":0,"_facebook_share_type":"","_twitter_share_type":"","_linkedin_share_type":"","_pinterest_share_type":"","_linkedin_share_type_page":"","_instagram_share_type":"","_medium_share_type":"","_threads_share_type":"","_google_business_share_type":"","_selected_social_profile":[],"_wpsp_enable_custom_social_template":false,"_wpsp_social_scheduling":{"enabled":false,"datetime":null,"platforms":[],"status":"template_only","dateOption":"today","timeOption":"now","customDays":"","customHours":"","customDate":"","customTime":"","schedulingType":"absolute"},"_wpsp_active_default_template":true},"categories":[3],"tags":[],"class_list":["post-681","post","type-post","status-publish","format-standard","has-post-thumbnail","hentry","category-bem-estar"],"acf":[],"yoast_head":"<!-- This site is optimized with the Yoast SEO plugin v26.9 - https:\/\/yoast.com\/product\/yoast-seo-wordpress\/ -->\n<title>Comunidades Terap\u00eauticas: O Retorno do Debate sobre Manic\u00f4mios no Brasil - ICTDF<\/title>\n<meta name=\"robots\" content=\"index, follow, max-snippet:-1, max-image-preview:large, max-video-preview:-1\" \/>\n<link rel=\"canonical\" href=\"https:\/\/ictdf.synergyecosys.io\/?p=681\" \/>\n<meta property=\"og:locale\" content=\"pt_BR\" \/>\n<meta property=\"og:type\" content=\"article\" \/>\n<meta property=\"og:title\" content=\"Comunidades Terap\u00eauticas: O Retorno do Debate sobre Manic\u00f4mios no Brasil - ICTDF\" \/>\n<meta property=\"og:description\" content=\"Descubra como as comunidades terap\u00eauticas est\u00e3o revivendo o pol\u00eamico debate sobre manic\u00f4mios no Brasil. Entenda a hist\u00f3ria, impactos e o que isso significa para a sa\u00fade mental hoje. Leitura essencial!\" \/>\n<meta property=\"og:url\" content=\"https:\/\/ictdf.synergyecosys.io\/?p=681\" \/>\n<meta property=\"og:site_name\" content=\"ICTDF\" \/>\n<meta property=\"article:published_time\" content=\"2026-04-07T09:32:52+00:00\" \/>\n<meta name=\"author\" content=\"admin\" \/>\n<meta name=\"twitter:card\" content=\"summary_large_image\" \/>\n<meta name=\"twitter:label1\" content=\"Escrito por\" \/>\n\t<meta name=\"twitter:data1\" content=\"admin\" \/>\n\t<meta name=\"twitter:label2\" content=\"Est. tempo de leitura\" \/>\n\t<meta name=\"twitter:data2\" content=\"3 minutos\" \/>\n<script type=\"application\/ld+json\" class=\"yoast-schema-graph\">{\"@context\":\"https:\/\/schema.org\",\"@graph\":[{\"@type\":\"Article\",\"@id\":\"https:\/\/ictdf.synergyecosys.io\/?p=681#article\",\"isPartOf\":{\"@id\":\"https:\/\/ictdf.synergyecosys.io\/?p=681\"},\"author\":{\"name\":\"admin\",\"@id\":\"https:\/\/ictdf.synergyecosys.io\/#\/schema\/person\/0b4488974b7b485188c0c01cb9f95b21\"},\"headline\":\"Comunidades Terap\u00eauticas: O Retorno do Debate sobre Manic\u00f4mios no Brasil\",\"datePublished\":\"2026-04-07T09:32:52+00:00\",\"mainEntityOfPage\":{\"@id\":\"https:\/\/ictdf.synergyecosys.io\/?p=681\"},\"wordCount\":673,\"commentCount\":0,\"publisher\":{\"@id\":\"https:\/\/ictdf.synergyecosys.io\/#organization\"},\"image\":{\"@id\":\"https:\/\/ictdf.synergyecosys.io\/?p=681#primaryimage\"},\"thumbnailUrl\":\"https:\/\/ictdf.synergyecosys.io\/wp-content\/uploads\/2026\/04\/imagem-Comunidades-Terapyuticas-Reacendem-Debate-Manicymios-Brasil.png\",\"articleSection\":[\"Bem-estar\"],\"inLanguage\":\"pt-BR\",\"potentialAction\":[{\"@type\":\"CommentAction\",\"name\":\"Comment\",\"target\":[\"https:\/\/ictdf.synergyecosys.io\/?p=681#respond\"]}]},{\"@type\":\"WebPage\",\"@id\":\"https:\/\/ictdf.synergyecosys.io\/?p=681\",\"url\":\"https:\/\/ictdf.synergyecosys.io\/?p=681\",\"name\":\"Comunidades Terap\u00eauticas: O Retorno do Debate sobre Manic\u00f4mios no Brasil - ICTDF\",\"isPartOf\":{\"@id\":\"https:\/\/ictdf.synergyecosys.io\/#website\"},\"primaryImageOfPage\":{\"@id\":\"https:\/\/ictdf.synergyecosys.io\/?p=681#primaryimage\"},\"image\":{\"@id\":\"https:\/\/ictdf.synergyecosys.io\/?p=681#primaryimage\"},\"thumbnailUrl\":\"https:\/\/ictdf.synergyecosys.io\/wp-content\/uploads\/2026\/04\/imagem-Comunidades-Terapyuticas-Reacendem-Debate-Manicymios-Brasil.png\",\"datePublished\":\"2026-04-07T09:32:52+00:00\",\"breadcrumb\":{\"@id\":\"https:\/\/ictdf.synergyecosys.io\/?p=681#breadcrumb\"},\"inLanguage\":\"pt-BR\",\"potentialAction\":[{\"@type\":\"ReadAction\",\"target\":[\"https:\/\/ictdf.synergyecosys.io\/?p=681\"]}]},{\"@type\":\"ImageObject\",\"inLanguage\":\"pt-BR\",\"@id\":\"https:\/\/ictdf.synergyecosys.io\/?p=681#primaryimage\",\"url\":\"https:\/\/ictdf.synergyecosys.io\/wp-content\/uploads\/2026\/04\/imagem-Comunidades-Terapyuticas-Reacendem-Debate-Manicymios-Brasil.png\",\"contentUrl\":\"https:\/\/ictdf.synergyecosys.io\/wp-content\/uploads\/2026\/04\/imagem-Comunidades-Terapyuticas-Reacendem-Debate-Manicymios-Brasil.png\",\"width\":1696,\"height\":960},{\"@type\":\"BreadcrumbList\",\"@id\":\"https:\/\/ictdf.synergyecosys.io\/?p=681#breadcrumb\",\"itemListElement\":[{\"@type\":\"ListItem\",\"position\":1,\"name\":\"In\u00edcio\",\"item\":\"https:\/\/ictdf.synergyecosys.io\/\"},{\"@type\":\"ListItem\",\"position\":2,\"name\":\"Comunidades Terap\u00eauticas: O Retorno do Debate sobre Manic\u00f4mios no Brasil\"}]},{\"@type\":\"WebSite\",\"@id\":\"https:\/\/ictdf.synergyecosys.io\/#website\",\"url\":\"https:\/\/ictdf.synergyecosys.io\/\",\"name\":\"ICTDF\",\"description\":\"\",\"publisher\":{\"@id\":\"https:\/\/ictdf.synergyecosys.io\/#organization\"},\"potentialAction\":[{\"@type\":\"SearchAction\",\"target\":{\"@type\":\"EntryPoint\",\"urlTemplate\":\"https:\/\/ictdf.synergyecosys.io\/?s={search_term_string}\"},\"query-input\":{\"@type\":\"PropertyValueSpecification\",\"valueRequired\":true,\"valueName\":\"search_term_string\"}}],\"inLanguage\":\"pt-BR\"},{\"@type\":\"Organization\",\"@id\":\"https:\/\/ictdf.synergyecosys.io\/#organization\",\"name\":\"ICTDF\",\"url\":\"https:\/\/ictdf.synergyecosys.io\/\",\"logo\":{\"@type\":\"ImageObject\",\"inLanguage\":\"pt-BR\",\"@id\":\"https:\/\/ictdf.synergyecosys.io\/#\/schema\/logo\/image\/\",\"url\":\"https:\/\/ictdf.synergyecosys.io\/wp-content\/uploads\/2026\/02\/cropped-cropped-ICTDF_logo_transparente.png\",\"contentUrl\":\"https:\/\/ictdf.synergyecosys.io\/wp-content\/uploads\/2026\/02\/cropped-cropped-ICTDF_logo_transparente.png\",\"width\":450,\"height\":141,\"caption\":\"ICTDF\"},\"image\":{\"@id\":\"https:\/\/ictdf.synergyecosys.io\/#\/schema\/logo\/image\/\"}},{\"@type\":\"Person\",\"@id\":\"https:\/\/ictdf.synergyecosys.io\/#\/schema\/person\/0b4488974b7b485188c0c01cb9f95b21\",\"name\":\"admin\",\"image\":{\"@type\":\"ImageObject\",\"inLanguage\":\"pt-BR\",\"@id\":\"https:\/\/ictdf.synergyecosys.io\/#\/schema\/person\/image\/\",\"url\":\"https:\/\/secure.gravatar.com\/avatar\/ee6b87b4bde4f4817334740781bdb6e270748065085879a5aa2018d8006922fa?s=96&d=mm&r=g\",\"contentUrl\":\"https:\/\/secure.gravatar.com\/avatar\/ee6b87b4bde4f4817334740781bdb6e270748065085879a5aa2018d8006922fa?s=96&d=mm&r=g\",\"caption\":\"admin\"},\"sameAs\":[\"https:\/\/ictdf.synergyecosys.io\"],\"url\":\"https:\/\/ictdf.synergyecosys.io\/?author=1\"}]}<\/script>\n<!-- \/ Yoast SEO plugin. -->","yoast_head_json":{"title":"Comunidades Terap\u00eauticas: O Retorno do Debate sobre Manic\u00f4mios no Brasil - ICTDF","robots":{"index":"index","follow":"follow","max-snippet":"max-snippet:-1","max-image-preview":"max-image-preview:large","max-video-preview":"max-video-preview:-1"},"canonical":"https:\/\/ictdf.synergyecosys.io\/?p=681","og_locale":"pt_BR","og_type":"article","og_title":"Comunidades Terap\u00eauticas: O Retorno do Debate sobre Manic\u00f4mios no Brasil - ICTDF","og_description":"Descubra como as comunidades terap\u00eauticas est\u00e3o revivendo o pol\u00eamico debate sobre manic\u00f4mios no Brasil. Entenda a hist\u00f3ria, impactos e o que isso significa para a sa\u00fade mental hoje. Leitura essencial!","og_url":"https:\/\/ictdf.synergyecosys.io\/?p=681","og_site_name":"ICTDF","article_published_time":"2026-04-07T09:32:52+00:00","author":"admin","twitter_card":"summary_large_image","twitter_misc":{"Escrito por":"admin","Est. tempo de leitura":"3 minutos"},"schema":{"@context":"https:\/\/schema.org","@graph":[{"@type":"Article","@id":"https:\/\/ictdf.synergyecosys.io\/?p=681#article","isPartOf":{"@id":"https:\/\/ictdf.synergyecosys.io\/?p=681"},"author":{"name":"admin","@id":"https:\/\/ictdf.synergyecosys.io\/#\/schema\/person\/0b4488974b7b485188c0c01cb9f95b21"},"headline":"Comunidades Terap\u00eauticas: O Retorno do Debate sobre Manic\u00f4mios no Brasil","datePublished":"2026-04-07T09:32:52+00:00","mainEntityOfPage":{"@id":"https:\/\/ictdf.synergyecosys.io\/?p=681"},"wordCount":673,"commentCount":0,"publisher":{"@id":"https:\/\/ictdf.synergyecosys.io\/#organization"},"image":{"@id":"https:\/\/ictdf.synergyecosys.io\/?p=681#primaryimage"},"thumbnailUrl":"https:\/\/ictdf.synergyecosys.io\/wp-content\/uploads\/2026\/04\/imagem-Comunidades-Terapyuticas-Reacendem-Debate-Manicymios-Brasil.png","articleSection":["Bem-estar"],"inLanguage":"pt-BR","potentialAction":[{"@type":"CommentAction","name":"Comment","target":["https:\/\/ictdf.synergyecosys.io\/?p=681#respond"]}]},{"@type":"WebPage","@id":"https:\/\/ictdf.synergyecosys.io\/?p=681","url":"https:\/\/ictdf.synergyecosys.io\/?p=681","name":"Comunidades Terap\u00eauticas: O Retorno do Debate sobre Manic\u00f4mios no Brasil - ICTDF","isPartOf":{"@id":"https:\/\/ictdf.synergyecosys.io\/#website"},"primaryImageOfPage":{"@id":"https:\/\/ictdf.synergyecosys.io\/?p=681#primaryimage"},"image":{"@id":"https:\/\/ictdf.synergyecosys.io\/?p=681#primaryimage"},"thumbnailUrl":"https:\/\/ictdf.synergyecosys.io\/wp-content\/uploads\/2026\/04\/imagem-Comunidades-Terapyuticas-Reacendem-Debate-Manicymios-Brasil.png","datePublished":"2026-04-07T09:32:52+00:00","breadcrumb":{"@id":"https:\/\/ictdf.synergyecosys.io\/?p=681#breadcrumb"},"inLanguage":"pt-BR","potentialAction":[{"@type":"ReadAction","target":["https:\/\/ictdf.synergyecosys.io\/?p=681"]}]},{"@type":"ImageObject","inLanguage":"pt-BR","@id":"https:\/\/ictdf.synergyecosys.io\/?p=681#primaryimage","url":"https:\/\/ictdf.synergyecosys.io\/wp-content\/uploads\/2026\/04\/imagem-Comunidades-Terapyuticas-Reacendem-Debate-Manicymios-Brasil.png","contentUrl":"https:\/\/ictdf.synergyecosys.io\/wp-content\/uploads\/2026\/04\/imagem-Comunidades-Terapyuticas-Reacendem-Debate-Manicymios-Brasil.png","width":1696,"height":960},{"@type":"BreadcrumbList","@id":"https:\/\/ictdf.synergyecosys.io\/?p=681#breadcrumb","itemListElement":[{"@type":"ListItem","position":1,"name":"In\u00edcio","item":"https:\/\/ictdf.synergyecosys.io\/"},{"@type":"ListItem","position":2,"name":"Comunidades Terap\u00eauticas: O Retorno do Debate sobre Manic\u00f4mios no Brasil"}]},{"@type":"WebSite","@id":"https:\/\/ictdf.synergyecosys.io\/#website","url":"https:\/\/ictdf.synergyecosys.io\/","name":"ICTDF","description":"","publisher":{"@id":"https:\/\/ictdf.synergyecosys.io\/#organization"},"potentialAction":[{"@type":"SearchAction","target":{"@type":"EntryPoint","urlTemplate":"https:\/\/ictdf.synergyecosys.io\/?s={search_term_string}"},"query-input":{"@type":"PropertyValueSpecification","valueRequired":true,"valueName":"search_term_string"}}],"inLanguage":"pt-BR"},{"@type":"Organization","@id":"https:\/\/ictdf.synergyecosys.io\/#organization","name":"ICTDF","url":"https:\/\/ictdf.synergyecosys.io\/","logo":{"@type":"ImageObject","inLanguage":"pt-BR","@id":"https:\/\/ictdf.synergyecosys.io\/#\/schema\/logo\/image\/","url":"https:\/\/ictdf.synergyecosys.io\/wp-content\/uploads\/2026\/02\/cropped-cropped-ICTDF_logo_transparente.png","contentUrl":"https:\/\/ictdf.synergyecosys.io\/wp-content\/uploads\/2026\/02\/cropped-cropped-ICTDF_logo_transparente.png","width":450,"height":141,"caption":"ICTDF"},"image":{"@id":"https:\/\/ictdf.synergyecosys.io\/#\/schema\/logo\/image\/"}},{"@type":"Person","@id":"https:\/\/ictdf.synergyecosys.io\/#\/schema\/person\/0b4488974b7b485188c0c01cb9f95b21","name":"admin","image":{"@type":"ImageObject","inLanguage":"pt-BR","@id":"https:\/\/ictdf.synergyecosys.io\/#\/schema\/person\/image\/","url":"https:\/\/secure.gravatar.com\/avatar\/ee6b87b4bde4f4817334740781bdb6e270748065085879a5aa2018d8006922fa?s=96&d=mm&r=g","contentUrl":"https:\/\/secure.gravatar.com\/avatar\/ee6b87b4bde4f4817334740781bdb6e270748065085879a5aa2018d8006922fa?s=96&d=mm&r=g","caption":"admin"},"sameAs":["https:\/\/ictdf.synergyecosys.io"],"url":"https:\/\/ictdf.synergyecosys.io\/?author=1"}]}},"_links":{"self":[{"href":"https:\/\/ictdf.synergyecosys.io\/index.php?rest_route=\/wp\/v2\/posts\/681","targetHints":{"allow":["GET"]}}],"collection":[{"href":"https:\/\/ictdf.synergyecosys.io\/index.php?rest_route=\/wp\/v2\/posts"}],"about":[{"href":"https:\/\/ictdf.synergyecosys.io\/index.php?rest_route=\/wp\/v2\/types\/post"}],"author":[{"embeddable":true,"href":"https:\/\/ictdf.synergyecosys.io\/index.php?rest_route=\/wp\/v2\/users\/1"}],"replies":[{"embeddable":true,"href":"https:\/\/ictdf.synergyecosys.io\/index.php?rest_route=%2Fwp%2Fv2%2Fcomments&post=681"}],"version-history":[{"count":0,"href":"https:\/\/ictdf.synergyecosys.io\/index.php?rest_route=\/wp\/v2\/posts\/681\/revisions"}],"wp:featuredmedia":[{"embeddable":true,"href":"https:\/\/ictdf.synergyecosys.io\/index.php?rest_route=\/wp\/v2\/media\/680"}],"wp:attachment":[{"href":"https:\/\/ictdf.synergyecosys.io\/index.php?rest_route=%2Fwp%2Fv2%2Fmedia&parent=681"}],"wp:term":[{"taxonomy":"category","embeddable":true,"href":"https:\/\/ictdf.synergyecosys.io\/index.php?rest_route=%2Fwp%2Fv2%2Fcategories&post=681"},{"taxonomy":"post_tag","embeddable":true,"href":"https:\/\/ictdf.synergyecosys.io\/index.php?rest_route=%2Fwp%2Fv2%2Ftags&post=681"}],"curies":[{"name":"wp","href":"https:\/\/api.w.org\/{rel}","templated":true}]}}