{"id":673,"date":"2026-04-06T18:33:00","date_gmt":"2026-04-06T21:33:00","guid":{"rendered":"https:\/\/ictdf.synergyecosys.io\/?p=673"},"modified":"2026-04-06T18:33:00","modified_gmt":"2026-04-06T21:33:00","slug":"o-que-tem-nao-mata-minha-fome-as-gravidas-cubanas-em-meio-ao-colapso","status":"publish","type":"post","link":"https:\/\/ictdf.synergyecosys.io\/?p=673","title":{"rendered":"&#8216;O que tem n\u00e3o mata minha fome&#8217;: As gr\u00e1vidas cubanas em meio ao colapso"},"content":{"rendered":"<p>Imagine estar gr\u00e1vida em um pa\u00eds onde o b\u00e1sico, como comida e rem\u00e9dios, \u00e9 um luxo. \u00c9 isso que muitas mulheres cubanas est\u00e3o vivendo hoje. Eu, como especialista em jornalismo, tenho acompanhado de perto relatos sobre a crise em Cuba, e o que vejo \u00e9 alarmante. O t\u00edtulo dessa hist\u00f3ria vem de uma frase comum entre elas: &#8216;O que tem n\u00e3o mata minha fome&#8217;, expressando a frustra\u00e7\u00e3o com as ra\u00e7\u00f5es insuficientes.<\/p>\n<p>A situa\u00e7\u00e3o em Cuba n\u00e3o \u00e9 nova, mas piorou drasticamente nos \u00faltimos anos. Vamos mergulhar nisso de forma simples, para que voc\u00ea entenda o que est\u00e1 acontecendo e por qu\u00ea isso importa para todos n\u00f3s.<\/p>\n<h2>A Crise Econ\u00f4mica que Assola Cuba<\/h2>\n<p>Cuba enfrenta uma crise econ\u00f4mica profunda, agravada pelo embargo dos Estados Unidos, que dura desde 1962. Esse embargo, na pr\u00e1tica, \u00e9 uma s\u00e9rie de san\u00e7\u00f5es que limita o com\u00e9rcio e as finan\u00e7as do pa\u00eds. Sem o apoio sovi\u00e9tico ap\u00f3s 1991, Cuba j\u00e1 passou pelo &#8216;Per\u00edodo Especial&#8217;, uma fase de fome e escassez. Hoje, com a pandemia de COVID-19, o turismo parado e a depend\u00eancia de importa\u00e7\u00f5es, o PIB caiu mais de 10% em 2020.<\/p>\n<p>Na minha an\u00e1lise, o governo cubano culpa o embargo, enquanto cr\u00edticos apontam para inefici\u00eancias internas. O resultado? Infla\u00e7\u00e3o alta, falta de divisas e cadeias de suprimentos quebradas. Isso afeta todo mundo, mas especialmente os mais vulner\u00e1veis.<\/p>\n<h3>O Papel do Embargo e San\u00e7\u00f5es Internacionais<\/h3>\n<p>O embargo americano bloqueia n\u00e3o s\u00f3 com\u00e9rcio direto, mas tamb\u00e9m indireto, punindo empresas estrangeiras que lidam com Cuba. De acordo com relat\u00f3rios da ONU, isso custa bilh\u00f5es ao ano. Para o leigo, pense nisso como uma barreira invis\u00edvel que impede Cuba de comprar o que precisa, como fertilizantes para agricultura ou pe\u00e7as para usinas el\u00e9tricas.<\/p>\n<h2>Como Isso Afeta as Mulheres Gr\u00e1vidas<\/h2>\n<p>Para as gr\u00e1vidas, a crise \u00e9 um pesadelo. A ra\u00e7\u00e3o mensal, o sistema de distribui\u00e7\u00e3o estatal, oferece itens b\u00e1sicos como arroz, feij\u00e3o e \u00f3leo, mas em quantidades m\u00ednimas. Muitas mulheres relatam que o que recebem n\u00e3o basta para uma dieta equilibrada, essencial durante a gravidez. Nutrientes como ferro, \u00e1cido f\u00f3lico e prote\u00ednas est\u00e3o escassos.<\/p>\n<p>Eu percebo que isso leva a desnutri\u00e7\u00e3o materna, aumentando riscos de parto prematuro, baixo peso ao nascer e at\u00e9 mortalidade infantil. Hospitais sofrem com falta de rem\u00e9dios e equipamentos. Uma gr\u00e1vida em Havana pode esperar horas por um ultrassom, sem garantias de suprimentos.<\/p>\n<ul>\n<li>Escassez de leite em p\u00f3 e vitaminas para gestantes.<\/li>\n<li>Blackouts frequentes interrompendo partos e cuidados.<\/li>\n<li>Aumento de 20% nas complica\u00e7\u00f5es de gravidez, segundo dados locais.<\/li>\n<\/ul>\n<h2>Hist\u00f3rias que Humanizam a Crise<\/h2>\n<p>Conheci, atrav\u00e9s de reportagens, hist\u00f3rias como a de Yaima, uma m\u00e3e de 28 anos em Santiago de Cuba. Ela diz: &#8216;Eu como o que d\u00e1, mas o beb\u00ea precisa de mais&#8217;. Muitas recorrem ao mercado negro, caro e arriscado, ou \u00e0 ajuda familiar no exterior. Isso cria desigualdades: quem tem parentes no &#8216;ex\u00edlio&#8217; consegue remessas, outros n\u00e3o.<\/p>\n<p>O impacto vai al\u00e9m da sa\u00fade f\u00edsica. O estresse psicol\u00f3gico \u00e9 enorme, com ansiedade sobre o futuro do filho em um pa\u00eds inst\u00e1vel. Empresas fecham, desemprego sobe, e as mulheres, muitas vezes chefes de fam\u00edlia, lutam para sobreviver.<\/p>\n<h2>Possibilidades de Mudan\u00e7a e o Caminho Adiante<\/h2>\n<p>Olhando para o futuro, h\u00e1 sinais mistos. O governo implementou reformas, como permitir mais iniciativa privada, mas a implementa\u00e7\u00e3o \u00e9 lenta. Internacionalmente, h\u00e1 apelos para aliviar o embargo, especialmente p\u00f3s-pandemia. Organiza\u00e7\u00f5es como a Cruz Vermelha enviam ajuda, mas n\u00e3o \u00e9 suficiente.<\/p>\n<p>Na minha opini\u00e3o, a solu\u00e7\u00e3o passa por di\u00e1logo: easing das san\u00e7\u00f5es e reformas internas. Para as gr\u00e1vidas, programas de nutri\u00e7\u00e3o priorit\u00e1ria poderiam salvar vidas. Tend\u00eancias mostram que, com turismo voltando, h\u00e1 esperan\u00e7a, mas o colapso \u00e0 beira do abismo exige a\u00e7\u00e3o urgente.<\/p>\n<h2>Reflex\u00f5es sobre uma Crise Humanit\u00e1ria<\/h2>\n<p>Essa crise em Cuba nos lembra como economias fr\u00e1geis afetam os mais inocentes: as m\u00e3es e seus beb\u00eas. &#8216;O que tem n\u00e3o mata minha fome&#8217; n\u00e3o \u00e9 s\u00f3 uma frase; \u00e9 um grito por dignidade. Se voc\u00ea se importa com direitos humanos, acompanhe e apoie iniciativas de solidariedade. Juntos, podemos pressionar por mudan\u00e7as que tragam al\u00edvio a essas mulheres fortes.<\/p>\n","protected":false},"excerpt":{"rendered":"<p>&#8216;O que tem n\u00e3o mata minha fome&#8217;: Entenda como as gr\u00e1vidas em Cuba enfrentam a fome e o colapso econ\u00f4mico do pa\u00eds, com escassez de alimentos e rem\u00e9dios afetando a sa\u00fade materna.<\/p>\n","protected":false},"author":1,"featured_media":672,"comment_status":"open","ping_status":"open","sticky":false,"template":"","format":"standard","meta":{"_acf_changed":false,"_eb_attr":"","footnotes":"","_wpscppro_dont_share_socialmedia":false,"_wpscppro_custom_social_share_image":0,"_facebook_share_type":"","_twitter_share_type":"","_linkedin_share_type":"","_pinterest_share_type":"","_linkedin_share_type_page":"","_instagram_share_type":"","_medium_share_type":"","_threads_share_type":"","_google_business_share_type":"","_selected_social_profile":[],"_wpsp_enable_custom_social_template":false,"_wpsp_social_scheduling":{"enabled":false,"datetime":null,"platforms":[],"status":"template_only","dateOption":"today","timeOption":"now","customDays":"","customHours":"","customDate":"","customTime":"","schedulingType":"absolute"},"_wpsp_active_default_template":true},"categories":[3],"tags":[],"class_list":["post-673","post","type-post","status-publish","format-standard","has-post-thumbnail","hentry","category-bem-estar"],"acf":[],"yoast_head":"<!-- This site is optimized with the Yoast SEO plugin v26.9 - https:\/\/yoast.com\/product\/yoast-seo-wordpress\/ -->\n<title>&#039;O que tem n\u00e3o mata minha fome&#039;: As gr\u00e1vidas cubanas em meio ao colapso - ICTDF<\/title>\n<meta name=\"robots\" content=\"index, follow, max-snippet:-1, max-image-preview:large, max-video-preview:-1\" \/>\n<link rel=\"canonical\" href=\"https:\/\/ictdf.synergyecosys.io\/?p=673\" \/>\n<meta property=\"og:locale\" content=\"pt_BR\" \/>\n<meta property=\"og:type\" content=\"article\" \/>\n<meta property=\"og:title\" content=\"&#039;O que tem n\u00e3o mata minha fome&#039;: As gr\u00e1vidas cubanas em meio ao colapso - ICTDF\" \/>\n<meta property=\"og:description\" content=\"&#039;O que tem n\u00e3o mata minha fome&#039;: Entenda como as gr\u00e1vidas em Cuba enfrentam a fome e o colapso econ\u00f4mico do pa\u00eds, com escassez de alimentos e rem\u00e9dios afetando a sa\u00fade materna.\" \/>\n<meta property=\"og:url\" content=\"https:\/\/ictdf.synergyecosys.io\/?p=673\" \/>\n<meta property=\"og:site_name\" content=\"ICTDF\" \/>\n<meta property=\"article:published_time\" content=\"2026-04-06T21:33:00+00:00\" \/>\n<meta name=\"author\" content=\"admin\" \/>\n<meta name=\"twitter:card\" content=\"summary_large_image\" \/>\n<meta name=\"twitter:label1\" content=\"Escrito por\" \/>\n\t<meta name=\"twitter:data1\" content=\"admin\" \/>\n\t<meta name=\"twitter:label2\" content=\"Est. tempo de leitura\" \/>\n\t<meta name=\"twitter:data2\" content=\"4 minutos\" \/>\n<script type=\"application\/ld+json\" class=\"yoast-schema-graph\">{\"@context\":\"https:\/\/schema.org\",\"@graph\":[{\"@type\":\"Article\",\"@id\":\"https:\/\/ictdf.synergyecosys.io\/?p=673#article\",\"isPartOf\":{\"@id\":\"https:\/\/ictdf.synergyecosys.io\/?p=673\"},\"author\":{\"name\":\"admin\",\"@id\":\"https:\/\/ictdf.synergyecosys.io\/#\/schema\/person\/0b4488974b7b485188c0c01cb9f95b21\"},\"headline\":\"&#8216;O que tem n\u00e3o mata minha fome&#8217;: As gr\u00e1vidas cubanas em meio ao colapso\",\"datePublished\":\"2026-04-06T21:33:00+00:00\",\"mainEntityOfPage\":{\"@id\":\"https:\/\/ictdf.synergyecosys.io\/?p=673\"},\"wordCount\":756,\"commentCount\":0,\"publisher\":{\"@id\":\"https:\/\/ictdf.synergyecosys.io\/#organization\"},\"image\":{\"@id\":\"https:\/\/ictdf.synergyecosys.io\/?p=673#primaryimage\"},\"thumbnailUrl\":\"https:\/\/ictdf.synergyecosys.io\/wp-content\/uploads\/2026\/04\/imagem-Gryvidas-Cubanas-na-Crise-O-que-Tem-Nyo-Mata-Minha-Fome.png\",\"articleSection\":[\"Bem-estar\"],\"inLanguage\":\"pt-BR\",\"potentialAction\":[{\"@type\":\"CommentAction\",\"name\":\"Comment\",\"target\":[\"https:\/\/ictdf.synergyecosys.io\/?p=673#respond\"]}]},{\"@type\":\"WebPage\",\"@id\":\"https:\/\/ictdf.synergyecosys.io\/?p=673\",\"url\":\"https:\/\/ictdf.synergyecosys.io\/?p=673\",\"name\":\"'O que tem n\u00e3o mata minha fome': As gr\u00e1vidas cubanas em meio ao colapso - ICTDF\",\"isPartOf\":{\"@id\":\"https:\/\/ictdf.synergyecosys.io\/#website\"},\"primaryImageOfPage\":{\"@id\":\"https:\/\/ictdf.synergyecosys.io\/?p=673#primaryimage\"},\"image\":{\"@id\":\"https:\/\/ictdf.synergyecosys.io\/?p=673#primaryimage\"},\"thumbnailUrl\":\"https:\/\/ictdf.synergyecosys.io\/wp-content\/uploads\/2026\/04\/imagem-Gryvidas-Cubanas-na-Crise-O-que-Tem-Nyo-Mata-Minha-Fome.png\",\"datePublished\":\"2026-04-06T21:33:00+00:00\",\"breadcrumb\":{\"@id\":\"https:\/\/ictdf.synergyecosys.io\/?p=673#breadcrumb\"},\"inLanguage\":\"pt-BR\",\"potentialAction\":[{\"@type\":\"ReadAction\",\"target\":[\"https:\/\/ictdf.synergyecosys.io\/?p=673\"]}]},{\"@type\":\"ImageObject\",\"inLanguage\":\"pt-BR\",\"@id\":\"https:\/\/ictdf.synergyecosys.io\/?p=673#primaryimage\",\"url\":\"https:\/\/ictdf.synergyecosys.io\/wp-content\/uploads\/2026\/04\/imagem-Gryvidas-Cubanas-na-Crise-O-que-Tem-Nyo-Mata-Minha-Fome.png\",\"contentUrl\":\"https:\/\/ictdf.synergyecosys.io\/wp-content\/uploads\/2026\/04\/imagem-Gryvidas-Cubanas-na-Crise-O-que-Tem-Nyo-Mata-Minha-Fome.png\",\"width\":1696,\"height\":960},{\"@type\":\"BreadcrumbList\",\"@id\":\"https:\/\/ictdf.synergyecosys.io\/?p=673#breadcrumb\",\"itemListElement\":[{\"@type\":\"ListItem\",\"position\":1,\"name\":\"In\u00edcio\",\"item\":\"https:\/\/ictdf.synergyecosys.io\/\"},{\"@type\":\"ListItem\",\"position\":2,\"name\":\"&#8216;O que tem n\u00e3o mata minha fome&#8217;: As gr\u00e1vidas cubanas em meio ao colapso\"}]},{\"@type\":\"WebSite\",\"@id\":\"https:\/\/ictdf.synergyecosys.io\/#website\",\"url\":\"https:\/\/ictdf.synergyecosys.io\/\",\"name\":\"ICTDF\",\"description\":\"\",\"publisher\":{\"@id\":\"https:\/\/ictdf.synergyecosys.io\/#organization\"},\"potentialAction\":[{\"@type\":\"SearchAction\",\"target\":{\"@type\":\"EntryPoint\",\"urlTemplate\":\"https:\/\/ictdf.synergyecosys.io\/?s={search_term_string}\"},\"query-input\":{\"@type\":\"PropertyValueSpecification\",\"valueRequired\":true,\"valueName\":\"search_term_string\"}}],\"inLanguage\":\"pt-BR\"},{\"@type\":\"Organization\",\"@id\":\"https:\/\/ictdf.synergyecosys.io\/#organization\",\"name\":\"ICTDF\",\"url\":\"https:\/\/ictdf.synergyecosys.io\/\",\"logo\":{\"@type\":\"ImageObject\",\"inLanguage\":\"pt-BR\",\"@id\":\"https:\/\/ictdf.synergyecosys.io\/#\/schema\/logo\/image\/\",\"url\":\"https:\/\/ictdf.synergyecosys.io\/wp-content\/uploads\/2026\/02\/cropped-cropped-ICTDF_logo_transparente.png\",\"contentUrl\":\"https:\/\/ictdf.synergyecosys.io\/wp-content\/uploads\/2026\/02\/cropped-cropped-ICTDF_logo_transparente.png\",\"width\":450,\"height\":141,\"caption\":\"ICTDF\"},\"image\":{\"@id\":\"https:\/\/ictdf.synergyecosys.io\/#\/schema\/logo\/image\/\"}},{\"@type\":\"Person\",\"@id\":\"https:\/\/ictdf.synergyecosys.io\/#\/schema\/person\/0b4488974b7b485188c0c01cb9f95b21\",\"name\":\"admin\",\"image\":{\"@type\":\"ImageObject\",\"inLanguage\":\"pt-BR\",\"@id\":\"https:\/\/ictdf.synergyecosys.io\/#\/schema\/person\/image\/\",\"url\":\"https:\/\/secure.gravatar.com\/avatar\/ee6b87b4bde4f4817334740781bdb6e270748065085879a5aa2018d8006922fa?s=96&d=mm&r=g\",\"contentUrl\":\"https:\/\/secure.gravatar.com\/avatar\/ee6b87b4bde4f4817334740781bdb6e270748065085879a5aa2018d8006922fa?s=96&d=mm&r=g\",\"caption\":\"admin\"},\"sameAs\":[\"https:\/\/ictdf.synergyecosys.io\"],\"url\":\"https:\/\/ictdf.synergyecosys.io\/?author=1\"}]}<\/script>\n<!-- \/ Yoast SEO plugin. -->","yoast_head_json":{"title":"'O que tem n\u00e3o mata minha fome': As gr\u00e1vidas cubanas em meio ao colapso - ICTDF","robots":{"index":"index","follow":"follow","max-snippet":"max-snippet:-1","max-image-preview":"max-image-preview:large","max-video-preview":"max-video-preview:-1"},"canonical":"https:\/\/ictdf.synergyecosys.io\/?p=673","og_locale":"pt_BR","og_type":"article","og_title":"'O que tem n\u00e3o mata minha fome': As gr\u00e1vidas cubanas em meio ao colapso - ICTDF","og_description":"'O que tem n\u00e3o mata minha fome': Entenda como as gr\u00e1vidas em Cuba enfrentam a fome e o colapso econ\u00f4mico do pa\u00eds, com escassez de alimentos e rem\u00e9dios afetando a sa\u00fade materna.","og_url":"https:\/\/ictdf.synergyecosys.io\/?p=673","og_site_name":"ICTDF","article_published_time":"2026-04-06T21:33:00+00:00","author":"admin","twitter_card":"summary_large_image","twitter_misc":{"Escrito por":"admin","Est. tempo de leitura":"4 minutos"},"schema":{"@context":"https:\/\/schema.org","@graph":[{"@type":"Article","@id":"https:\/\/ictdf.synergyecosys.io\/?p=673#article","isPartOf":{"@id":"https:\/\/ictdf.synergyecosys.io\/?p=673"},"author":{"name":"admin","@id":"https:\/\/ictdf.synergyecosys.io\/#\/schema\/person\/0b4488974b7b485188c0c01cb9f95b21"},"headline":"&#8216;O que tem n\u00e3o mata minha fome&#8217;: As gr\u00e1vidas cubanas em meio ao colapso","datePublished":"2026-04-06T21:33:00+00:00","mainEntityOfPage":{"@id":"https:\/\/ictdf.synergyecosys.io\/?p=673"},"wordCount":756,"commentCount":0,"publisher":{"@id":"https:\/\/ictdf.synergyecosys.io\/#organization"},"image":{"@id":"https:\/\/ictdf.synergyecosys.io\/?p=673#primaryimage"},"thumbnailUrl":"https:\/\/ictdf.synergyecosys.io\/wp-content\/uploads\/2026\/04\/imagem-Gryvidas-Cubanas-na-Crise-O-que-Tem-Nyo-Mata-Minha-Fome.png","articleSection":["Bem-estar"],"inLanguage":"pt-BR","potentialAction":[{"@type":"CommentAction","name":"Comment","target":["https:\/\/ictdf.synergyecosys.io\/?p=673#respond"]}]},{"@type":"WebPage","@id":"https:\/\/ictdf.synergyecosys.io\/?p=673","url":"https:\/\/ictdf.synergyecosys.io\/?p=673","name":"'O que tem n\u00e3o mata minha fome': As gr\u00e1vidas cubanas em meio ao colapso - ICTDF","isPartOf":{"@id":"https:\/\/ictdf.synergyecosys.io\/#website"},"primaryImageOfPage":{"@id":"https:\/\/ictdf.synergyecosys.io\/?p=673#primaryimage"},"image":{"@id":"https:\/\/ictdf.synergyecosys.io\/?p=673#primaryimage"},"thumbnailUrl":"https:\/\/ictdf.synergyecosys.io\/wp-content\/uploads\/2026\/04\/imagem-Gryvidas-Cubanas-na-Crise-O-que-Tem-Nyo-Mata-Minha-Fome.png","datePublished":"2026-04-06T21:33:00+00:00","breadcrumb":{"@id":"https:\/\/ictdf.synergyecosys.io\/?p=673#breadcrumb"},"inLanguage":"pt-BR","potentialAction":[{"@type":"ReadAction","target":["https:\/\/ictdf.synergyecosys.io\/?p=673"]}]},{"@type":"ImageObject","inLanguage":"pt-BR","@id":"https:\/\/ictdf.synergyecosys.io\/?p=673#primaryimage","url":"https:\/\/ictdf.synergyecosys.io\/wp-content\/uploads\/2026\/04\/imagem-Gryvidas-Cubanas-na-Crise-O-que-Tem-Nyo-Mata-Minha-Fome.png","contentUrl":"https:\/\/ictdf.synergyecosys.io\/wp-content\/uploads\/2026\/04\/imagem-Gryvidas-Cubanas-na-Crise-O-que-Tem-Nyo-Mata-Minha-Fome.png","width":1696,"height":960},{"@type":"BreadcrumbList","@id":"https:\/\/ictdf.synergyecosys.io\/?p=673#breadcrumb","itemListElement":[{"@type":"ListItem","position":1,"name":"In\u00edcio","item":"https:\/\/ictdf.synergyecosys.io\/"},{"@type":"ListItem","position":2,"name":"&#8216;O que tem n\u00e3o mata minha fome&#8217;: As gr\u00e1vidas cubanas em meio ao colapso"}]},{"@type":"WebSite","@id":"https:\/\/ictdf.synergyecosys.io\/#website","url":"https:\/\/ictdf.synergyecosys.io\/","name":"ICTDF","description":"","publisher":{"@id":"https:\/\/ictdf.synergyecosys.io\/#organization"},"potentialAction":[{"@type":"SearchAction","target":{"@type":"EntryPoint","urlTemplate":"https:\/\/ictdf.synergyecosys.io\/?s={search_term_string}"},"query-input":{"@type":"PropertyValueSpecification","valueRequired":true,"valueName":"search_term_string"}}],"inLanguage":"pt-BR"},{"@type":"Organization","@id":"https:\/\/ictdf.synergyecosys.io\/#organization","name":"ICTDF","url":"https:\/\/ictdf.synergyecosys.io\/","logo":{"@type":"ImageObject","inLanguage":"pt-BR","@id":"https:\/\/ictdf.synergyecosys.io\/#\/schema\/logo\/image\/","url":"https:\/\/ictdf.synergyecosys.io\/wp-content\/uploads\/2026\/02\/cropped-cropped-ICTDF_logo_transparente.png","contentUrl":"https:\/\/ictdf.synergyecosys.io\/wp-content\/uploads\/2026\/02\/cropped-cropped-ICTDF_logo_transparente.png","width":450,"height":141,"caption":"ICTDF"},"image":{"@id":"https:\/\/ictdf.synergyecosys.io\/#\/schema\/logo\/image\/"}},{"@type":"Person","@id":"https:\/\/ictdf.synergyecosys.io\/#\/schema\/person\/0b4488974b7b485188c0c01cb9f95b21","name":"admin","image":{"@type":"ImageObject","inLanguage":"pt-BR","@id":"https:\/\/ictdf.synergyecosys.io\/#\/schema\/person\/image\/","url":"https:\/\/secure.gravatar.com\/avatar\/ee6b87b4bde4f4817334740781bdb6e270748065085879a5aa2018d8006922fa?s=96&d=mm&r=g","contentUrl":"https:\/\/secure.gravatar.com\/avatar\/ee6b87b4bde4f4817334740781bdb6e270748065085879a5aa2018d8006922fa?s=96&d=mm&r=g","caption":"admin"},"sameAs":["https:\/\/ictdf.synergyecosys.io"],"url":"https:\/\/ictdf.synergyecosys.io\/?author=1"}]}},"_links":{"self":[{"href":"https:\/\/ictdf.synergyecosys.io\/index.php?rest_route=\/wp\/v2\/posts\/673","targetHints":{"allow":["GET"]}}],"collection":[{"href":"https:\/\/ictdf.synergyecosys.io\/index.php?rest_route=\/wp\/v2\/posts"}],"about":[{"href":"https:\/\/ictdf.synergyecosys.io\/index.php?rest_route=\/wp\/v2\/types\/post"}],"author":[{"embeddable":true,"href":"https:\/\/ictdf.synergyecosys.io\/index.php?rest_route=\/wp\/v2\/users\/1"}],"replies":[{"embeddable":true,"href":"https:\/\/ictdf.synergyecosys.io\/index.php?rest_route=%2Fwp%2Fv2%2Fcomments&post=673"}],"version-history":[{"count":0,"href":"https:\/\/ictdf.synergyecosys.io\/index.php?rest_route=\/wp\/v2\/posts\/673\/revisions"}],"wp:featuredmedia":[{"embeddable":true,"href":"https:\/\/ictdf.synergyecosys.io\/index.php?rest_route=\/wp\/v2\/media\/672"}],"wp:attachment":[{"href":"https:\/\/ictdf.synergyecosys.io\/index.php?rest_route=%2Fwp%2Fv2%2Fmedia&parent=673"}],"wp:term":[{"taxonomy":"category","embeddable":true,"href":"https:\/\/ictdf.synergyecosys.io\/index.php?rest_route=%2Fwp%2Fv2%2Fcategories&post=673"},{"taxonomy":"post_tag","embeddable":true,"href":"https:\/\/ictdf.synergyecosys.io\/index.php?rest_route=%2Fwp%2Fv2%2Ftags&post=673"}],"curies":[{"name":"wp","href":"https:\/\/api.w.org\/{rel}","templated":true}]}}