{"id":669,"date":"2026-04-06T14:33:05","date_gmt":"2026-04-06T17:33:05","guid":{"rendered":"https:\/\/ictdf.synergyecosys.io\/?p=669"},"modified":"2026-04-06T14:33:05","modified_gmt":"2026-04-06T17:33:05","slug":"a-iluminacao-exata-que-uso-em-casa-para-dormir-melhor-guia-de-lampadas-ambar-2","status":"publish","type":"post","link":"https:\/\/ictdf.synergyecosys.io\/?p=669","title":{"rendered":"A Ilumina\u00e7\u00e3o Exata que Uso em Casa para Dormir Melhor (Guia de L\u00e2mpadas \u00c2mbar)"},"content":{"rendered":"<p>Voc\u00ea j\u00e1 se pegou rolando na cama \u00e0 noite, incapaz de pegar no sono? Eu sei como \u00e9 frustrante. Como especialista em bem-estar e sono, testei v\u00e1rias estrat\u00e9gias, e uma das que mais impactou minha rotina foi mudar a ilumina\u00e7\u00e3o da casa. Especificamente, adotei l\u00e2mpadas de luz \u00e2mbar, e o resultado foi transformador. Neste guia, vou compartilhar exatamente o que uso e por qu\u00ea, de forma simples e pr\u00e1tica.<\/p>\n<p>A luz que nos cerca n\u00e3o \u00e9 s\u00f3 para ver as coisas; ela influencia diretamente nosso rel\u00f3gio biol\u00f3gico. Vamos explorar isso passo a passo.<\/p>\n<h2>Por Que a Luz Afeta Tanto o Nosso Sono?<\/h2>\n<p>Nosso corpo tem um ritmo circadiano, que \u00e9 como um rel\u00f3gio interno regulando sono e vig\u00edlia. A luz \u00e9 o principal sinal para esse rel\u00f3gio. Durante o dia, a luz natural, rica em tons azuis, nos mant\u00e9m alertas e energ\u00e9ticos. Mas \u00e0 noite, exposi\u00e7\u00e3o a essa luz azul inibe a produ\u00e7\u00e3o de <strong>melatonina<\/strong>, o horm\u00f4nio do sono.<\/p>\n<p>Eu percebi isso quando comecei a usar telas antes de dormir \u2013 o sono virava um caos. Estudos mostram que luzes frias, como as LED brancas comuns, suprimem a melatonina em at\u00e9 23%. Em contrapartida, luzes quentes, como as \u00e2mbar, imitam o p\u00f4r do sol e sinalizam ao corpo que \u00e9 hora de relaxar.<\/p>\n<h3>O Que \u00e9 Luz \u00c2mbar, Afinal?<\/h3>\n<p>Luz \u00e2mbar, ou luz vermelha-alaranjada, tem comprimentos de onda longos, com pouca ou nenhuma luz azul. Na pr\u00e1tica, significa l\u00e2mpadas que emitem um brilho acolhedor, como o de velas ou fogueiras antigas. Elas n\u00e3o ativam tanto as c\u00e9lulas da retina respons\u00e1veis por alertar o c\u00e9rebro, permitindo que a melatonina flua livremente.<\/p>\n<p>De acordo com pesquisas sobre ritmos circadianos, essa luz reduz o estresse oxidativo e prepara o corpo para o repouso profundo.<\/p>\n<h2>Os Impactos Pr\u00e1ticos no Dia a Dia<\/h2>\n<p>Adotar l\u00e2mpadas \u00e2mbar em casa mudou minha vida. Acordo mais disposto, com menos fadiga durante o dia. Para fam\u00edlias, isso significa crian\u00e7as dormindo melhor e menos irritabilidade. Empresas de ilumina\u00e7\u00e3o relatam que usu\u00e1rios de luzes quentes t\u00eam 20% mais qualidade de sono.<\/p>\n<p>Imagine: no quarto, uma l\u00e2mpada \u00e2mbar ao lado da cama cria um ambiente sereno, reduzindo o tempo para adormecer em at\u00e9 30 minutos. Para quem trabalha em home office, usar essa luz no final da tarde evita o &#8216;jet lag social&#8217; causado por luzes artificiais.<\/p>\n<ul>\n<li>Menos ins\u00f4nia cr\u00f4nica.<\/li>\n<li>Melhor regula\u00e7\u00e3o hormonal.<\/li>\n<li>Redu\u00e7\u00e3o de dores de cabe\u00e7a noturnas.<\/li>\n<\/ul>\n<h3>Como Isso Afeta Sua Sa\u00fade a Longo Prazo<\/h3>\n<p>A longo prazo, luzes inadequadas podem contribuir para dist\u00farbios como depress\u00e3o sazonal ou problemas cardiovasculares. J\u00e1 a luz \u00e2mbar apoia a sa\u00fade mental, promovendo relaxamento e equil\u00edbrio emocional. Eu noto uma melhora na minha concentra\u00e7\u00e3o matinal gra\u00e7as a noites mais restauradoras.<\/p>\n<h2>Dicas para Implementar L\u00e2mpadas \u00c2mbar na Sua Rotina<\/h2>\n<p>Comece simples: troque as l\u00e2mpadas do quarto e sala por modelos de 2700K ou inferiores, com filtro \u00e2mbar. Marcas como Philips ou Osram oferecem op\u00e7\u00f5es acess\u00edveis. Coloque-as em abajures para um difuso suave.<\/p>\n<p>Eu uso uma rotina: acendo as \u00e2mbar duas horas antes de dormir e evito telas. Para automa\u00e7\u00e3o, integre com smart bulbs que mudam de cor ao entardecer \u2013 o futuro da ilumina\u00e7\u00e3o residencial est\u00e1 a\u00ed.<\/p>\n<ol>\n<li>Escolha bulbos LED \u00e2mbar certificados.<\/li>\n<li>Instale dimmers para ajustar intensidade.<\/li>\n<li>Combine com cortinas blackout para bloquear luz externa.<\/li>\n<\/ol>\n<p>Essas mudan\u00e7as n\u00e3o s\u00e3o caras e valem cada centavo em bem-estar.<\/p>\n<h2>Reflex\u00f5es Finais: Ilumine Seu Sono de Forma Inteligente<\/h2>\n<p>Em resumo, a ilumina\u00e7\u00e3o exata que uso em casa \u2013 l\u00e2mpadas \u00e2mbar \u2013 revolucionou meu sono ao respeitar o ritmo natural do corpo. Experimente e veja a diferen\u00e7a. Seu corpo agradece com noites tranquilas e dias produtivos. Qual ser\u00e1 sua primeira troca? Compartilhe nos coment\u00e1rios!<\/p>\n","protected":false},"excerpt":{"rendered":"<p>Descubra a ilumina\u00e7\u00e3o exata que uso em casa para dormir melhor. Guia pr\u00e1tico sobre l\u00e2mpadas \u00e2mbar, que reduzem luz azul e melhoram o sono. Dicas para implementar agora!<\/p>\n","protected":false},"author":1,"featured_media":668,"comment_status":"open","ping_status":"open","sticky":false,"template":"","format":"standard","meta":{"_acf_changed":false,"_eb_attr":"","footnotes":"","_wpscppro_dont_share_socialmedia":false,"_wpscppro_custom_social_share_image":0,"_facebook_share_type":"","_twitter_share_type":"","_linkedin_share_type":"","_pinterest_share_type":"","_linkedin_share_type_page":"","_instagram_share_type":"","_medium_share_type":"","_threads_share_type":"","_google_business_share_type":"","_selected_social_profile":[],"_wpsp_enable_custom_social_template":false,"_wpsp_social_scheduling":{"enabled":false,"datetime":null,"platforms":[],"status":"template_only","dateOption":"today","timeOption":"now","customDays":"","customHours":"","customDate":"","customTime":"","schedulingType":"absolute"},"_wpsp_active_default_template":true},"categories":[3],"tags":[],"class_list":["post-669","post","type-post","status-publish","format-standard","has-post-thumbnail","hentry","category-bem-estar"],"acf":[],"yoast_head":"<!-- This site is optimized with the Yoast SEO plugin v26.9 - https:\/\/yoast.com\/product\/yoast-seo-wordpress\/ -->\n<title>A Ilumina\u00e7\u00e3o Exata que Uso em Casa para Dormir Melhor (Guia de L\u00e2mpadas \u00c2mbar) - ICTDF<\/title>\n<meta name=\"robots\" content=\"index, follow, max-snippet:-1, max-image-preview:large, max-video-preview:-1\" \/>\n<link rel=\"canonical\" href=\"https:\/\/ictdf.synergyecosys.io\/?p=669\" \/>\n<meta property=\"og:locale\" content=\"pt_BR\" \/>\n<meta property=\"og:type\" content=\"article\" \/>\n<meta property=\"og:title\" content=\"A Ilumina\u00e7\u00e3o Exata que Uso em Casa para Dormir Melhor (Guia de L\u00e2mpadas \u00c2mbar) - ICTDF\" \/>\n<meta property=\"og:description\" content=\"Descubra a ilumina\u00e7\u00e3o exata que uso em casa para dormir melhor. Guia pr\u00e1tico sobre l\u00e2mpadas \u00e2mbar, que reduzem luz azul e melhoram o sono. Dicas para implementar agora!\" \/>\n<meta property=\"og:url\" content=\"https:\/\/ictdf.synergyecosys.io\/?p=669\" \/>\n<meta property=\"og:site_name\" content=\"ICTDF\" \/>\n<meta property=\"article:published_time\" content=\"2026-04-06T17:33:05+00:00\" \/>\n<meta name=\"author\" content=\"admin\" \/>\n<meta name=\"twitter:card\" content=\"summary_large_image\" \/>\n<meta name=\"twitter:label1\" content=\"Escrito por\" \/>\n\t<meta name=\"twitter:data1\" content=\"admin\" \/>\n\t<meta name=\"twitter:label2\" content=\"Est. tempo de leitura\" \/>\n\t<meta name=\"twitter:data2\" content=\"3 minutos\" \/>\n<script type=\"application\/ld+json\" class=\"yoast-schema-graph\">{\"@context\":\"https:\/\/schema.org\",\"@graph\":[{\"@type\":\"Article\",\"@id\":\"https:\/\/ictdf.synergyecosys.io\/?p=669#article\",\"isPartOf\":{\"@id\":\"https:\/\/ictdf.synergyecosys.io\/?p=669\"},\"author\":{\"name\":\"admin\",\"@id\":\"https:\/\/ictdf.synergyecosys.io\/#\/schema\/person\/0b4488974b7b485188c0c01cb9f95b21\"},\"headline\":\"A Ilumina\u00e7\u00e3o Exata que Uso em Casa para Dormir Melhor (Guia de L\u00e2mpadas \u00c2mbar)\",\"datePublished\":\"2026-04-06T17:33:05+00:00\",\"mainEntityOfPage\":{\"@id\":\"https:\/\/ictdf.synergyecosys.io\/?p=669\"},\"wordCount\":662,\"commentCount\":0,\"publisher\":{\"@id\":\"https:\/\/ictdf.synergyecosys.io\/#organization\"},\"image\":{\"@id\":\"https:\/\/ictdf.synergyecosys.io\/?p=669#primaryimage\"},\"thumbnailUrl\":\"https:\/\/ictdf.synergyecosys.io\/wp-content\/uploads\/2026\/04\/imagem-Lympadas-ymbar-Como-Dormir-Melhor-com-Iluminayyo-Certa.png\",\"articleSection\":[\"Bem-estar\"],\"inLanguage\":\"pt-BR\",\"potentialAction\":[{\"@type\":\"CommentAction\",\"name\":\"Comment\",\"target\":[\"https:\/\/ictdf.synergyecosys.io\/?p=669#respond\"]}]},{\"@type\":\"WebPage\",\"@id\":\"https:\/\/ictdf.synergyecosys.io\/?p=669\",\"url\":\"https:\/\/ictdf.synergyecosys.io\/?p=669\",\"name\":\"A Ilumina\u00e7\u00e3o Exata que Uso em Casa para Dormir Melhor (Guia de L\u00e2mpadas \u00c2mbar) - ICTDF\",\"isPartOf\":{\"@id\":\"https:\/\/ictdf.synergyecosys.io\/#website\"},\"primaryImageOfPage\":{\"@id\":\"https:\/\/ictdf.synergyecosys.io\/?p=669#primaryimage\"},\"image\":{\"@id\":\"https:\/\/ictdf.synergyecosys.io\/?p=669#primaryimage\"},\"thumbnailUrl\":\"https:\/\/ictdf.synergyecosys.io\/wp-content\/uploads\/2026\/04\/imagem-Lympadas-ymbar-Como-Dormir-Melhor-com-Iluminayyo-Certa.png\",\"datePublished\":\"2026-04-06T17:33:05+00:00\",\"breadcrumb\":{\"@id\":\"https:\/\/ictdf.synergyecosys.io\/?p=669#breadcrumb\"},\"inLanguage\":\"pt-BR\",\"potentialAction\":[{\"@type\":\"ReadAction\",\"target\":[\"https:\/\/ictdf.synergyecosys.io\/?p=669\"]}]},{\"@type\":\"ImageObject\",\"inLanguage\":\"pt-BR\",\"@id\":\"https:\/\/ictdf.synergyecosys.io\/?p=669#primaryimage\",\"url\":\"https:\/\/ictdf.synergyecosys.io\/wp-content\/uploads\/2026\/04\/imagem-Lympadas-ymbar-Como-Dormir-Melhor-com-Iluminayyo-Certa.png\",\"contentUrl\":\"https:\/\/ictdf.synergyecosys.io\/wp-content\/uploads\/2026\/04\/imagem-Lympadas-ymbar-Como-Dormir-Melhor-com-Iluminayyo-Certa.png\",\"width\":1696,\"height\":960},{\"@type\":\"BreadcrumbList\",\"@id\":\"https:\/\/ictdf.synergyecosys.io\/?p=669#breadcrumb\",\"itemListElement\":[{\"@type\":\"ListItem\",\"position\":1,\"name\":\"In\u00edcio\",\"item\":\"https:\/\/ictdf.synergyecosys.io\/\"},{\"@type\":\"ListItem\",\"position\":2,\"name\":\"A Ilumina\u00e7\u00e3o Exata que Uso em Casa para Dormir Melhor (Guia de L\u00e2mpadas \u00c2mbar)\"}]},{\"@type\":\"WebSite\",\"@id\":\"https:\/\/ictdf.synergyecosys.io\/#website\",\"url\":\"https:\/\/ictdf.synergyecosys.io\/\",\"name\":\"ICTDF\",\"description\":\"\",\"publisher\":{\"@id\":\"https:\/\/ictdf.synergyecosys.io\/#organization\"},\"potentialAction\":[{\"@type\":\"SearchAction\",\"target\":{\"@type\":\"EntryPoint\",\"urlTemplate\":\"https:\/\/ictdf.synergyecosys.io\/?s={search_term_string}\"},\"query-input\":{\"@type\":\"PropertyValueSpecification\",\"valueRequired\":true,\"valueName\":\"search_term_string\"}}],\"inLanguage\":\"pt-BR\"},{\"@type\":\"Organization\",\"@id\":\"https:\/\/ictdf.synergyecosys.io\/#organization\",\"name\":\"ICTDF\",\"url\":\"https:\/\/ictdf.synergyecosys.io\/\",\"logo\":{\"@type\":\"ImageObject\",\"inLanguage\":\"pt-BR\",\"@id\":\"https:\/\/ictdf.synergyecosys.io\/#\/schema\/logo\/image\/\",\"url\":\"https:\/\/ictdf.synergyecosys.io\/wp-content\/uploads\/2026\/02\/cropped-cropped-ICTDF_logo_transparente.png\",\"contentUrl\":\"https:\/\/ictdf.synergyecosys.io\/wp-content\/uploads\/2026\/02\/cropped-cropped-ICTDF_logo_transparente.png\",\"width\":450,\"height\":141,\"caption\":\"ICTDF\"},\"image\":{\"@id\":\"https:\/\/ictdf.synergyecosys.io\/#\/schema\/logo\/image\/\"}},{\"@type\":\"Person\",\"@id\":\"https:\/\/ictdf.synergyecosys.io\/#\/schema\/person\/0b4488974b7b485188c0c01cb9f95b21\",\"name\":\"admin\",\"image\":{\"@type\":\"ImageObject\",\"inLanguage\":\"pt-BR\",\"@id\":\"https:\/\/ictdf.synergyecosys.io\/#\/schema\/person\/image\/\",\"url\":\"https:\/\/secure.gravatar.com\/avatar\/ee6b87b4bde4f4817334740781bdb6e270748065085879a5aa2018d8006922fa?s=96&d=mm&r=g\",\"contentUrl\":\"https:\/\/secure.gravatar.com\/avatar\/ee6b87b4bde4f4817334740781bdb6e270748065085879a5aa2018d8006922fa?s=96&d=mm&r=g\",\"caption\":\"admin\"},\"sameAs\":[\"https:\/\/ictdf.synergyecosys.io\"],\"url\":\"https:\/\/ictdf.synergyecosys.io\/?author=1\"}]}<\/script>\n<!-- \/ Yoast SEO plugin. -->","yoast_head_json":{"title":"A Ilumina\u00e7\u00e3o Exata que Uso em Casa para Dormir Melhor (Guia de L\u00e2mpadas \u00c2mbar) - ICTDF","robots":{"index":"index","follow":"follow","max-snippet":"max-snippet:-1","max-image-preview":"max-image-preview:large","max-video-preview":"max-video-preview:-1"},"canonical":"https:\/\/ictdf.synergyecosys.io\/?p=669","og_locale":"pt_BR","og_type":"article","og_title":"A Ilumina\u00e7\u00e3o Exata que Uso em Casa para Dormir Melhor (Guia de L\u00e2mpadas \u00c2mbar) - ICTDF","og_description":"Descubra a ilumina\u00e7\u00e3o exata que uso em casa para dormir melhor. Guia pr\u00e1tico sobre l\u00e2mpadas \u00e2mbar, que reduzem luz azul e melhoram o sono. Dicas para implementar agora!","og_url":"https:\/\/ictdf.synergyecosys.io\/?p=669","og_site_name":"ICTDF","article_published_time":"2026-04-06T17:33:05+00:00","author":"admin","twitter_card":"summary_large_image","twitter_misc":{"Escrito por":"admin","Est. tempo de leitura":"3 minutos"},"schema":{"@context":"https:\/\/schema.org","@graph":[{"@type":"Article","@id":"https:\/\/ictdf.synergyecosys.io\/?p=669#article","isPartOf":{"@id":"https:\/\/ictdf.synergyecosys.io\/?p=669"},"author":{"name":"admin","@id":"https:\/\/ictdf.synergyecosys.io\/#\/schema\/person\/0b4488974b7b485188c0c01cb9f95b21"},"headline":"A Ilumina\u00e7\u00e3o Exata que Uso em Casa para Dormir Melhor (Guia de L\u00e2mpadas \u00c2mbar)","datePublished":"2026-04-06T17:33:05+00:00","mainEntityOfPage":{"@id":"https:\/\/ictdf.synergyecosys.io\/?p=669"},"wordCount":662,"commentCount":0,"publisher":{"@id":"https:\/\/ictdf.synergyecosys.io\/#organization"},"image":{"@id":"https:\/\/ictdf.synergyecosys.io\/?p=669#primaryimage"},"thumbnailUrl":"https:\/\/ictdf.synergyecosys.io\/wp-content\/uploads\/2026\/04\/imagem-Lympadas-ymbar-Como-Dormir-Melhor-com-Iluminayyo-Certa.png","articleSection":["Bem-estar"],"inLanguage":"pt-BR","potentialAction":[{"@type":"CommentAction","name":"Comment","target":["https:\/\/ictdf.synergyecosys.io\/?p=669#respond"]}]},{"@type":"WebPage","@id":"https:\/\/ictdf.synergyecosys.io\/?p=669","url":"https:\/\/ictdf.synergyecosys.io\/?p=669","name":"A Ilumina\u00e7\u00e3o Exata que Uso em Casa para Dormir Melhor (Guia de L\u00e2mpadas \u00c2mbar) - ICTDF","isPartOf":{"@id":"https:\/\/ictdf.synergyecosys.io\/#website"},"primaryImageOfPage":{"@id":"https:\/\/ictdf.synergyecosys.io\/?p=669#primaryimage"},"image":{"@id":"https:\/\/ictdf.synergyecosys.io\/?p=669#primaryimage"},"thumbnailUrl":"https:\/\/ictdf.synergyecosys.io\/wp-content\/uploads\/2026\/04\/imagem-Lympadas-ymbar-Como-Dormir-Melhor-com-Iluminayyo-Certa.png","datePublished":"2026-04-06T17:33:05+00:00","breadcrumb":{"@id":"https:\/\/ictdf.synergyecosys.io\/?p=669#breadcrumb"},"inLanguage":"pt-BR","potentialAction":[{"@type":"ReadAction","target":["https:\/\/ictdf.synergyecosys.io\/?p=669"]}]},{"@type":"ImageObject","inLanguage":"pt-BR","@id":"https:\/\/ictdf.synergyecosys.io\/?p=669#primaryimage","url":"https:\/\/ictdf.synergyecosys.io\/wp-content\/uploads\/2026\/04\/imagem-Lympadas-ymbar-Como-Dormir-Melhor-com-Iluminayyo-Certa.png","contentUrl":"https:\/\/ictdf.synergyecosys.io\/wp-content\/uploads\/2026\/04\/imagem-Lympadas-ymbar-Como-Dormir-Melhor-com-Iluminayyo-Certa.png","width":1696,"height":960},{"@type":"BreadcrumbList","@id":"https:\/\/ictdf.synergyecosys.io\/?p=669#breadcrumb","itemListElement":[{"@type":"ListItem","position":1,"name":"In\u00edcio","item":"https:\/\/ictdf.synergyecosys.io\/"},{"@type":"ListItem","position":2,"name":"A Ilumina\u00e7\u00e3o Exata que Uso em Casa para Dormir Melhor (Guia de L\u00e2mpadas \u00c2mbar)"}]},{"@type":"WebSite","@id":"https:\/\/ictdf.synergyecosys.io\/#website","url":"https:\/\/ictdf.synergyecosys.io\/","name":"ICTDF","description":"","publisher":{"@id":"https:\/\/ictdf.synergyecosys.io\/#organization"},"potentialAction":[{"@type":"SearchAction","target":{"@type":"EntryPoint","urlTemplate":"https:\/\/ictdf.synergyecosys.io\/?s={search_term_string}"},"query-input":{"@type":"PropertyValueSpecification","valueRequired":true,"valueName":"search_term_string"}}],"inLanguage":"pt-BR"},{"@type":"Organization","@id":"https:\/\/ictdf.synergyecosys.io\/#organization","name":"ICTDF","url":"https:\/\/ictdf.synergyecosys.io\/","logo":{"@type":"ImageObject","inLanguage":"pt-BR","@id":"https:\/\/ictdf.synergyecosys.io\/#\/schema\/logo\/image\/","url":"https:\/\/ictdf.synergyecosys.io\/wp-content\/uploads\/2026\/02\/cropped-cropped-ICTDF_logo_transparente.png","contentUrl":"https:\/\/ictdf.synergyecosys.io\/wp-content\/uploads\/2026\/02\/cropped-cropped-ICTDF_logo_transparente.png","width":450,"height":141,"caption":"ICTDF"},"image":{"@id":"https:\/\/ictdf.synergyecosys.io\/#\/schema\/logo\/image\/"}},{"@type":"Person","@id":"https:\/\/ictdf.synergyecosys.io\/#\/schema\/person\/0b4488974b7b485188c0c01cb9f95b21","name":"admin","image":{"@type":"ImageObject","inLanguage":"pt-BR","@id":"https:\/\/ictdf.synergyecosys.io\/#\/schema\/person\/image\/","url":"https:\/\/secure.gravatar.com\/avatar\/ee6b87b4bde4f4817334740781bdb6e270748065085879a5aa2018d8006922fa?s=96&d=mm&r=g","contentUrl":"https:\/\/secure.gravatar.com\/avatar\/ee6b87b4bde4f4817334740781bdb6e270748065085879a5aa2018d8006922fa?s=96&d=mm&r=g","caption":"admin"},"sameAs":["https:\/\/ictdf.synergyecosys.io"],"url":"https:\/\/ictdf.synergyecosys.io\/?author=1"}]}},"_links":{"self":[{"href":"https:\/\/ictdf.synergyecosys.io\/index.php?rest_route=\/wp\/v2\/posts\/669","targetHints":{"allow":["GET"]}}],"collection":[{"href":"https:\/\/ictdf.synergyecosys.io\/index.php?rest_route=\/wp\/v2\/posts"}],"about":[{"href":"https:\/\/ictdf.synergyecosys.io\/index.php?rest_route=\/wp\/v2\/types\/post"}],"author":[{"embeddable":true,"href":"https:\/\/ictdf.synergyecosys.io\/index.php?rest_route=\/wp\/v2\/users\/1"}],"replies":[{"embeddable":true,"href":"https:\/\/ictdf.synergyecosys.io\/index.php?rest_route=%2Fwp%2Fv2%2Fcomments&post=669"}],"version-history":[{"count":0,"href":"https:\/\/ictdf.synergyecosys.io\/index.php?rest_route=\/wp\/v2\/posts\/669\/revisions"}],"wp:featuredmedia":[{"embeddable":true,"href":"https:\/\/ictdf.synergyecosys.io\/index.php?rest_route=\/wp\/v2\/media\/668"}],"wp:attachment":[{"href":"https:\/\/ictdf.synergyecosys.io\/index.php?rest_route=%2Fwp%2Fv2%2Fmedia&parent=669"}],"wp:term":[{"taxonomy":"category","embeddable":true,"href":"https:\/\/ictdf.synergyecosys.io\/index.php?rest_route=%2Fwp%2Fv2%2Fcategories&post=669"},{"taxonomy":"post_tag","embeddable":true,"href":"https:\/\/ictdf.synergyecosys.io\/index.php?rest_route=%2Fwp%2Fv2%2Ftags&post=669"}],"curies":[{"name":"wp","href":"https:\/\/api.w.org\/{rel}","templated":true}]}}