{"id":667,"date":"2026-04-06T11:32:51","date_gmt":"2026-04-06T14:32:51","guid":{"rendered":"https:\/\/ictdf.synergyecosys.io\/?p=667"},"modified":"2026-04-06T11:32:51","modified_gmt":"2026-04-06T14:32:51","slug":"inscricoes-para-o-programa-mais-medicos-o-que-voce-precisa-saber-antes-do-prazo-final","status":"publish","type":"post","link":"https:\/\/ictdf.synergyecosys.io\/?p=667","title":{"rendered":"Inscri\u00e7\u00f5es para o Programa Mais M\u00e9dicos: O Que Voc\u00ea Precisa Saber Antes do Prazo Final"},"content":{"rendered":"<p>Voc\u00ea j\u00e1 ouviu falar do Programa Mais M\u00e9dicos? Se voc\u00ea \u00e9 um profissional da sa\u00fade ou algu\u00e9m interessado em contribuir para o sistema p\u00fablico de sa\u00fade no Brasil, essa pode ser uma oportunidade imperd\u00edvel. As inscri\u00e7\u00f5es para o novo ciclo est\u00e3o abertas e v\u00e3o at\u00e9 esta quarta-feira. Vamos descomplicar tudo sobre isso de forma simples e direta.<\/p>\n<p>Eu analisei as informa\u00e7\u00f5es oficiais e percebo que esse programa continua sendo essencial para levar atendimento m\u00e9dico a lugares onde faltam profissionais. Se voc\u00ea est\u00e1 pensando em participar, agora \u00e9 o momento de agir.<\/p>\n<h2>O Que \u00e9 o Programa Mais M\u00e9dicos?<\/h2>\n<p>O <strong>Programa Mais M\u00e9dicos<\/strong> \u00e9 uma iniciativa do governo brasileiro lan\u00e7ada em 2013 para combater a escassez de m\u00e9dicos em munic\u00edpios pequenos e periferias das grandes cidades. Na pr\u00e1tica, ele traz profissionais para trabalhar no Sistema \u00danico de Sa\u00fade (SUS), garantindo atendimento b\u00e1sico a milh\u00f5es de brasileiros.<\/p>\n<p>Imagine uma comunidade rural sem um m\u00e9dico por perto. Esse programa muda isso, suprindo vagas em \u00e1reas remotas. At\u00e9 2017, ele j\u00e1 atendia 63 milh\u00f5es de pessoas em mais de 4 mil localidades.<\/p>\n<h3>Como o Programa Funciona?<\/h3>\n<p>O programa tem duas fases principais: uma para brasileiros e outra para estrangeiros, especialmente de Cuba inicialmente. Profissionais recebem bolsa, moradia e suporte para atuar em regi\u00f5es carentes. \u00c9 uma forma de valorizar o trabalho na aten\u00e7\u00e3o b\u00e1sica \u00e0 sa\u00fade.<\/p>\n<p>Termos como &#8216;aten\u00e7\u00e3o b\u00e1sica&#8217; podem soar t\u00e9cnicos, mas significam o cuidado preventivo e inicial, como consultas, vacinas e acompanhamento de fam\u00edlias \u2013 o que previne problemas maiores.<\/p>\n<h2>Por Que as Inscri\u00e7\u00f5es Est\u00e3o Abertas Agora?<\/h2>\n<p>Com o passar dos anos, o programa evoluiu. Houve mudan\u00e7as com o governo Bolsonaro, que criou o &#8216;M\u00e9dicos pelo Brasil&#8217;, mas o Mais M\u00e9dicos foi retomado e adaptado. As inscri\u00e7\u00f5es atuais visam preencher vagas urgentes, especialmente ap\u00f3s a pandemia, que destacou a import\u00e2ncia do SUS.<\/p>\n<p>Eu vejo isso como uma resposta \u00e0s desigualdades regionais. Estados como Maranh\u00e3o e Par\u00e1, com menos de um m\u00e9dico por mil habitantes, ainda precisam muito desse suporte.<\/p>\n<h2>Impactos no Dia a Dia das Pessoas<\/h2>\n<p>Para as comunidades, o programa significa acesso r\u00e1pido a sa\u00fade. Fam\u00edlias em \u00e1reas isoladas n\u00e3o precisam mais viajar horas para uma consulta simples. Isso reduz mortalidade infantil, melhora o controle de doen\u00e7as cr\u00f4nicas e fortalece a rede p\u00fablica.<\/p>\n<p>Para os m\u00e9dicos, \u00e9 uma chance de ganhar experi\u00eancia em cen\u00e1rios reais, com remunera\u00e7\u00e3o atrativa e possibilidade de especializa\u00e7\u00e3o. Empresas e sociedade em geral se beneficiam com uma popula\u00e7\u00e3o mais saud\u00e1vel e produtiva.<\/p>\n<ul>\n<li>Melhor distribui\u00e7\u00e3o de profissionais: De 2 m\u00e9dicos por mil habitantes em m\u00e9dia, mas variando muito por regi\u00e3o.<\/li>\n<li>Suporte a 4.058 munic\u00edpios vulner\u00e1veis.<\/li>\n<li>Redu\u00e7\u00e3o de desigualdades no acesso \u00e0 sa\u00fade.<\/li>\n<\/ul>\n<h3>Desafios Enfrentados pelo Programa<\/h3>\n<p>Apesar dos avan\u00e7os, houve cr\u00edticas, como a depend\u00eancia de m\u00e9dicos estrangeiros e quest\u00f5es sobre valida\u00e7\u00e3o de diplomas. Mas o foco sempre foi expandir a forma\u00e7\u00e3o de m\u00e9dicos brasileiros a longo prazo.<\/p>\n<h2>O Futuro do Mais M\u00e9dicos e Suas Oportunidades<\/h2>\n<p>Olhando para frente, o programa deve continuar integrando mais brasileiros e investindo em resid\u00eancia m\u00e9dica em \u00e1reas carentes. Com as inscri\u00e7\u00f5es at\u00e9 quarta-feira, h\u00e1 uma tend\u00eancia de mais chamadas ao longo do ano para manter as vagas preenchidas.<\/p>\n<p>Minha recomenda\u00e7\u00e3o? Se voc\u00ea \u00e9 m\u00e9dico ou estudante, verifique os requisitos no site do Minist\u00e9rio da Sa\u00fade. \u00c9 uma forma de contribuir para um Brasil mais igualit\u00e1rio na sa\u00fade.<\/p>\n<h2>Reflex\u00f5es Finais: Participe e Fa\u00e7a a Diferen\u00e7a<\/h2>\n<p>Em resumo, o Programa Mais M\u00e9dicos n\u00e3o \u00e9 s\u00f3 sobre n\u00fameros; \u00e9 sobre vidas. Com o prazo se aproximando, reflita: como voc\u00ea pode ajudar a levar sa\u00fade a quem mais precisa? Acesse o portal de inscri\u00e7\u00f5es hoje e veja se \u00e9 o seu momento de entrar nessa iniciativa transformadora.<\/p>\n","protected":false},"excerpt":{"rendered":"<p>Descubra como se inscrever no Programa Mais M\u00e9dicos antes do prazo final nesta quarta-feira. Entenda o impacto do programa na sa\u00fade brasileira e como ele beneficia comunidades remotas.<\/p>\n","protected":false},"author":1,"featured_media":666,"comment_status":"open","ping_status":"open","sticky":false,"template":"","format":"standard","meta":{"_acf_changed":false,"_eb_attr":"","footnotes":"","_wpscppro_dont_share_socialmedia":false,"_wpscppro_custom_social_share_image":0,"_facebook_share_type":"","_twitter_share_type":"","_linkedin_share_type":"","_pinterest_share_type":"","_linkedin_share_type_page":"","_instagram_share_type":"","_medium_share_type":"","_threads_share_type":"","_google_business_share_type":"","_selected_social_profile":[],"_wpsp_enable_custom_social_template":false,"_wpsp_social_scheduling":{"enabled":false,"datetime":null,"platforms":[],"status":"template_only","dateOption":"today","timeOption":"now","customDays":"","customHours":"","customDate":"","customTime":"","schedulingType":"absolute"},"_wpsp_active_default_template":true},"categories":[3],"tags":[],"class_list":["post-667","post","type-post","status-publish","format-standard","has-post-thumbnail","hentry","category-bem-estar"],"acf":[],"yoast_head":"<!-- This site is optimized with the Yoast SEO plugin v26.9 - https:\/\/yoast.com\/product\/yoast-seo-wordpress\/ -->\n<title>Inscri\u00e7\u00f5es para o Programa Mais M\u00e9dicos: O Que Voc\u00ea Precisa Saber Antes do Prazo Final - ICTDF<\/title>\n<meta name=\"robots\" content=\"index, follow, max-snippet:-1, max-image-preview:large, max-video-preview:-1\" \/>\n<link rel=\"canonical\" href=\"https:\/\/ictdf.synergyecosys.io\/?p=667\" \/>\n<meta property=\"og:locale\" content=\"pt_BR\" \/>\n<meta property=\"og:type\" content=\"article\" \/>\n<meta property=\"og:title\" content=\"Inscri\u00e7\u00f5es para o Programa Mais M\u00e9dicos: O Que Voc\u00ea Precisa Saber Antes do Prazo Final - ICTDF\" \/>\n<meta property=\"og:description\" content=\"Descubra como se inscrever no Programa Mais M\u00e9dicos antes do prazo final nesta quarta-feira. Entenda o impacto do programa na sa\u00fade brasileira e como ele beneficia comunidades remotas.\" \/>\n<meta property=\"og:url\" content=\"https:\/\/ictdf.synergyecosys.io\/?p=667\" \/>\n<meta property=\"og:site_name\" content=\"ICTDF\" \/>\n<meta property=\"article:published_time\" content=\"2026-04-06T14:32:51+00:00\" \/>\n<meta name=\"author\" content=\"admin\" \/>\n<meta name=\"twitter:card\" content=\"summary_large_image\" \/>\n<meta name=\"twitter:label1\" content=\"Escrito por\" \/>\n\t<meta name=\"twitter:data1\" content=\"admin\" \/>\n\t<meta name=\"twitter:label2\" content=\"Est. tempo de leitura\" \/>\n\t<meta name=\"twitter:data2\" content=\"3 minutos\" \/>\n<script type=\"application\/ld+json\" class=\"yoast-schema-graph\">{\"@context\":\"https:\/\/schema.org\",\"@graph\":[{\"@type\":\"Article\",\"@id\":\"https:\/\/ictdf.synergyecosys.io\/?p=667#article\",\"isPartOf\":{\"@id\":\"https:\/\/ictdf.synergyecosys.io\/?p=667\"},\"author\":{\"name\":\"admin\",\"@id\":\"https:\/\/ictdf.synergyecosys.io\/#\/schema\/person\/0b4488974b7b485188c0c01cb9f95b21\"},\"headline\":\"Inscri\u00e7\u00f5es para o Programa Mais M\u00e9dicos: O Que Voc\u00ea Precisa Saber Antes do Prazo Final\",\"datePublished\":\"2026-04-06T14:32:51+00:00\",\"mainEntityOfPage\":{\"@id\":\"https:\/\/ictdf.synergyecosys.io\/?p=667\"},\"wordCount\":687,\"commentCount\":0,\"publisher\":{\"@id\":\"https:\/\/ictdf.synergyecosys.io\/#organization\"},\"image\":{\"@id\":\"https:\/\/ictdf.synergyecosys.io\/?p=667#primaryimage\"},\"thumbnailUrl\":\"https:\/\/ictdf.synergyecosys.io\/wp-content\/uploads\/2026\/04\/imagem-Inscriyyes-Mais-Mydicos-Prazo-aty-Quarta-Feira-em-2024.png\",\"articleSection\":[\"Bem-estar\"],\"inLanguage\":\"pt-BR\",\"potentialAction\":[{\"@type\":\"CommentAction\",\"name\":\"Comment\",\"target\":[\"https:\/\/ictdf.synergyecosys.io\/?p=667#respond\"]}]},{\"@type\":\"WebPage\",\"@id\":\"https:\/\/ictdf.synergyecosys.io\/?p=667\",\"url\":\"https:\/\/ictdf.synergyecosys.io\/?p=667\",\"name\":\"Inscri\u00e7\u00f5es para o Programa Mais M\u00e9dicos: O Que Voc\u00ea Precisa Saber Antes do Prazo Final - ICTDF\",\"isPartOf\":{\"@id\":\"https:\/\/ictdf.synergyecosys.io\/#website\"},\"primaryImageOfPage\":{\"@id\":\"https:\/\/ictdf.synergyecosys.io\/?p=667#primaryimage\"},\"image\":{\"@id\":\"https:\/\/ictdf.synergyecosys.io\/?p=667#primaryimage\"},\"thumbnailUrl\":\"https:\/\/ictdf.synergyecosys.io\/wp-content\/uploads\/2026\/04\/imagem-Inscriyyes-Mais-Mydicos-Prazo-aty-Quarta-Feira-em-2024.png\",\"datePublished\":\"2026-04-06T14:32:51+00:00\",\"breadcrumb\":{\"@id\":\"https:\/\/ictdf.synergyecosys.io\/?p=667#breadcrumb\"},\"inLanguage\":\"pt-BR\",\"potentialAction\":[{\"@type\":\"ReadAction\",\"target\":[\"https:\/\/ictdf.synergyecosys.io\/?p=667\"]}]},{\"@type\":\"ImageObject\",\"inLanguage\":\"pt-BR\",\"@id\":\"https:\/\/ictdf.synergyecosys.io\/?p=667#primaryimage\",\"url\":\"https:\/\/ictdf.synergyecosys.io\/wp-content\/uploads\/2026\/04\/imagem-Inscriyyes-Mais-Mydicos-Prazo-aty-Quarta-Feira-em-2024.png\",\"contentUrl\":\"https:\/\/ictdf.synergyecosys.io\/wp-content\/uploads\/2026\/04\/imagem-Inscriyyes-Mais-Mydicos-Prazo-aty-Quarta-Feira-em-2024.png\",\"width\":1696,\"height\":960},{\"@type\":\"BreadcrumbList\",\"@id\":\"https:\/\/ictdf.synergyecosys.io\/?p=667#breadcrumb\",\"itemListElement\":[{\"@type\":\"ListItem\",\"position\":1,\"name\":\"In\u00edcio\",\"item\":\"https:\/\/ictdf.synergyecosys.io\/\"},{\"@type\":\"ListItem\",\"position\":2,\"name\":\"Inscri\u00e7\u00f5es para o Programa Mais M\u00e9dicos: O Que Voc\u00ea Precisa Saber Antes do Prazo Final\"}]},{\"@type\":\"WebSite\",\"@id\":\"https:\/\/ictdf.synergyecosys.io\/#website\",\"url\":\"https:\/\/ictdf.synergyecosys.io\/\",\"name\":\"ICTDF\",\"description\":\"\",\"publisher\":{\"@id\":\"https:\/\/ictdf.synergyecosys.io\/#organization\"},\"potentialAction\":[{\"@type\":\"SearchAction\",\"target\":{\"@type\":\"EntryPoint\",\"urlTemplate\":\"https:\/\/ictdf.synergyecosys.io\/?s={search_term_string}\"},\"query-input\":{\"@type\":\"PropertyValueSpecification\",\"valueRequired\":true,\"valueName\":\"search_term_string\"}}],\"inLanguage\":\"pt-BR\"},{\"@type\":\"Organization\",\"@id\":\"https:\/\/ictdf.synergyecosys.io\/#organization\",\"name\":\"ICTDF\",\"url\":\"https:\/\/ictdf.synergyecosys.io\/\",\"logo\":{\"@type\":\"ImageObject\",\"inLanguage\":\"pt-BR\",\"@id\":\"https:\/\/ictdf.synergyecosys.io\/#\/schema\/logo\/image\/\",\"url\":\"https:\/\/ictdf.synergyecosys.io\/wp-content\/uploads\/2026\/02\/cropped-cropped-ICTDF_logo_transparente.png\",\"contentUrl\":\"https:\/\/ictdf.synergyecosys.io\/wp-content\/uploads\/2026\/02\/cropped-cropped-ICTDF_logo_transparente.png\",\"width\":450,\"height\":141,\"caption\":\"ICTDF\"},\"image\":{\"@id\":\"https:\/\/ictdf.synergyecosys.io\/#\/schema\/logo\/image\/\"}},{\"@type\":\"Person\",\"@id\":\"https:\/\/ictdf.synergyecosys.io\/#\/schema\/person\/0b4488974b7b485188c0c01cb9f95b21\",\"name\":\"admin\",\"image\":{\"@type\":\"ImageObject\",\"inLanguage\":\"pt-BR\",\"@id\":\"https:\/\/ictdf.synergyecosys.io\/#\/schema\/person\/image\/\",\"url\":\"https:\/\/secure.gravatar.com\/avatar\/ee6b87b4bde4f4817334740781bdb6e270748065085879a5aa2018d8006922fa?s=96&d=mm&r=g\",\"contentUrl\":\"https:\/\/secure.gravatar.com\/avatar\/ee6b87b4bde4f4817334740781bdb6e270748065085879a5aa2018d8006922fa?s=96&d=mm&r=g\",\"caption\":\"admin\"},\"sameAs\":[\"https:\/\/ictdf.synergyecosys.io\"],\"url\":\"https:\/\/ictdf.synergyecosys.io\/?author=1\"}]}<\/script>\n<!-- \/ Yoast SEO plugin. -->","yoast_head_json":{"title":"Inscri\u00e7\u00f5es para o Programa Mais M\u00e9dicos: O Que Voc\u00ea Precisa Saber Antes do Prazo Final - ICTDF","robots":{"index":"index","follow":"follow","max-snippet":"max-snippet:-1","max-image-preview":"max-image-preview:large","max-video-preview":"max-video-preview:-1"},"canonical":"https:\/\/ictdf.synergyecosys.io\/?p=667","og_locale":"pt_BR","og_type":"article","og_title":"Inscri\u00e7\u00f5es para o Programa Mais M\u00e9dicos: O Que Voc\u00ea Precisa Saber Antes do Prazo Final - ICTDF","og_description":"Descubra como se inscrever no Programa Mais M\u00e9dicos antes do prazo final nesta quarta-feira. Entenda o impacto do programa na sa\u00fade brasileira e como ele beneficia comunidades remotas.","og_url":"https:\/\/ictdf.synergyecosys.io\/?p=667","og_site_name":"ICTDF","article_published_time":"2026-04-06T14:32:51+00:00","author":"admin","twitter_card":"summary_large_image","twitter_misc":{"Escrito por":"admin","Est. tempo de leitura":"3 minutos"},"schema":{"@context":"https:\/\/schema.org","@graph":[{"@type":"Article","@id":"https:\/\/ictdf.synergyecosys.io\/?p=667#article","isPartOf":{"@id":"https:\/\/ictdf.synergyecosys.io\/?p=667"},"author":{"name":"admin","@id":"https:\/\/ictdf.synergyecosys.io\/#\/schema\/person\/0b4488974b7b485188c0c01cb9f95b21"},"headline":"Inscri\u00e7\u00f5es para o Programa Mais M\u00e9dicos: O Que Voc\u00ea Precisa Saber Antes do Prazo Final","datePublished":"2026-04-06T14:32:51+00:00","mainEntityOfPage":{"@id":"https:\/\/ictdf.synergyecosys.io\/?p=667"},"wordCount":687,"commentCount":0,"publisher":{"@id":"https:\/\/ictdf.synergyecosys.io\/#organization"},"image":{"@id":"https:\/\/ictdf.synergyecosys.io\/?p=667#primaryimage"},"thumbnailUrl":"https:\/\/ictdf.synergyecosys.io\/wp-content\/uploads\/2026\/04\/imagem-Inscriyyes-Mais-Mydicos-Prazo-aty-Quarta-Feira-em-2024.png","articleSection":["Bem-estar"],"inLanguage":"pt-BR","potentialAction":[{"@type":"CommentAction","name":"Comment","target":["https:\/\/ictdf.synergyecosys.io\/?p=667#respond"]}]},{"@type":"WebPage","@id":"https:\/\/ictdf.synergyecosys.io\/?p=667","url":"https:\/\/ictdf.synergyecosys.io\/?p=667","name":"Inscri\u00e7\u00f5es para o Programa Mais M\u00e9dicos: O Que Voc\u00ea Precisa Saber Antes do Prazo Final - ICTDF","isPartOf":{"@id":"https:\/\/ictdf.synergyecosys.io\/#website"},"primaryImageOfPage":{"@id":"https:\/\/ictdf.synergyecosys.io\/?p=667#primaryimage"},"image":{"@id":"https:\/\/ictdf.synergyecosys.io\/?p=667#primaryimage"},"thumbnailUrl":"https:\/\/ictdf.synergyecosys.io\/wp-content\/uploads\/2026\/04\/imagem-Inscriyyes-Mais-Mydicos-Prazo-aty-Quarta-Feira-em-2024.png","datePublished":"2026-04-06T14:32:51+00:00","breadcrumb":{"@id":"https:\/\/ictdf.synergyecosys.io\/?p=667#breadcrumb"},"inLanguage":"pt-BR","potentialAction":[{"@type":"ReadAction","target":["https:\/\/ictdf.synergyecosys.io\/?p=667"]}]},{"@type":"ImageObject","inLanguage":"pt-BR","@id":"https:\/\/ictdf.synergyecosys.io\/?p=667#primaryimage","url":"https:\/\/ictdf.synergyecosys.io\/wp-content\/uploads\/2026\/04\/imagem-Inscriyyes-Mais-Mydicos-Prazo-aty-Quarta-Feira-em-2024.png","contentUrl":"https:\/\/ictdf.synergyecosys.io\/wp-content\/uploads\/2026\/04\/imagem-Inscriyyes-Mais-Mydicos-Prazo-aty-Quarta-Feira-em-2024.png","width":1696,"height":960},{"@type":"BreadcrumbList","@id":"https:\/\/ictdf.synergyecosys.io\/?p=667#breadcrumb","itemListElement":[{"@type":"ListItem","position":1,"name":"In\u00edcio","item":"https:\/\/ictdf.synergyecosys.io\/"},{"@type":"ListItem","position":2,"name":"Inscri\u00e7\u00f5es para o Programa Mais M\u00e9dicos: O Que Voc\u00ea Precisa Saber Antes do Prazo Final"}]},{"@type":"WebSite","@id":"https:\/\/ictdf.synergyecosys.io\/#website","url":"https:\/\/ictdf.synergyecosys.io\/","name":"ICTDF","description":"","publisher":{"@id":"https:\/\/ictdf.synergyecosys.io\/#organization"},"potentialAction":[{"@type":"SearchAction","target":{"@type":"EntryPoint","urlTemplate":"https:\/\/ictdf.synergyecosys.io\/?s={search_term_string}"},"query-input":{"@type":"PropertyValueSpecification","valueRequired":true,"valueName":"search_term_string"}}],"inLanguage":"pt-BR"},{"@type":"Organization","@id":"https:\/\/ictdf.synergyecosys.io\/#organization","name":"ICTDF","url":"https:\/\/ictdf.synergyecosys.io\/","logo":{"@type":"ImageObject","inLanguage":"pt-BR","@id":"https:\/\/ictdf.synergyecosys.io\/#\/schema\/logo\/image\/","url":"https:\/\/ictdf.synergyecosys.io\/wp-content\/uploads\/2026\/02\/cropped-cropped-ICTDF_logo_transparente.png","contentUrl":"https:\/\/ictdf.synergyecosys.io\/wp-content\/uploads\/2026\/02\/cropped-cropped-ICTDF_logo_transparente.png","width":450,"height":141,"caption":"ICTDF"},"image":{"@id":"https:\/\/ictdf.synergyecosys.io\/#\/schema\/logo\/image\/"}},{"@type":"Person","@id":"https:\/\/ictdf.synergyecosys.io\/#\/schema\/person\/0b4488974b7b485188c0c01cb9f95b21","name":"admin","image":{"@type":"ImageObject","inLanguage":"pt-BR","@id":"https:\/\/ictdf.synergyecosys.io\/#\/schema\/person\/image\/","url":"https:\/\/secure.gravatar.com\/avatar\/ee6b87b4bde4f4817334740781bdb6e270748065085879a5aa2018d8006922fa?s=96&d=mm&r=g","contentUrl":"https:\/\/secure.gravatar.com\/avatar\/ee6b87b4bde4f4817334740781bdb6e270748065085879a5aa2018d8006922fa?s=96&d=mm&r=g","caption":"admin"},"sameAs":["https:\/\/ictdf.synergyecosys.io"],"url":"https:\/\/ictdf.synergyecosys.io\/?author=1"}]}},"_links":{"self":[{"href":"https:\/\/ictdf.synergyecosys.io\/index.php?rest_route=\/wp\/v2\/posts\/667","targetHints":{"allow":["GET"]}}],"collection":[{"href":"https:\/\/ictdf.synergyecosys.io\/index.php?rest_route=\/wp\/v2\/posts"}],"about":[{"href":"https:\/\/ictdf.synergyecosys.io\/index.php?rest_route=\/wp\/v2\/types\/post"}],"author":[{"embeddable":true,"href":"https:\/\/ictdf.synergyecosys.io\/index.php?rest_route=\/wp\/v2\/users\/1"}],"replies":[{"embeddable":true,"href":"https:\/\/ictdf.synergyecosys.io\/index.php?rest_route=%2Fwp%2Fv2%2Fcomments&post=667"}],"version-history":[{"count":0,"href":"https:\/\/ictdf.synergyecosys.io\/index.php?rest_route=\/wp\/v2\/posts\/667\/revisions"}],"wp:featuredmedia":[{"embeddable":true,"href":"https:\/\/ictdf.synergyecosys.io\/index.php?rest_route=\/wp\/v2\/media\/666"}],"wp:attachment":[{"href":"https:\/\/ictdf.synergyecosys.io\/index.php?rest_route=%2Fwp%2Fv2%2Fmedia&parent=667"}],"wp:term":[{"taxonomy":"category","embeddable":true,"href":"https:\/\/ictdf.synergyecosys.io\/index.php?rest_route=%2Fwp%2Fv2%2Fcategories&post=667"},{"taxonomy":"post_tag","embeddable":true,"href":"https:\/\/ictdf.synergyecosys.io\/index.php?rest_route=%2Fwp%2Fv2%2Ftags&post=667"}],"curies":[{"name":"wp","href":"https:\/\/api.w.org\/{rel}","templated":true}]}}