{"id":663,"date":"2026-04-05T13:32:50","date_gmt":"2026-04-05T16:32:50","guid":{"rendered":"https:\/\/ictdf.synergyecosys.io\/?p=663"},"modified":"2026-04-05T13:32:50","modified_gmt":"2026-04-05T16:32:50","slug":"chikungunya-ministro-classifica-situacao-em-dourados-como-critica","status":"publish","type":"post","link":"https:\/\/ictdf.synergyecosys.io\/?p=663","title":{"rendered":"Chikungunya: Ministro Classifica Situa\u00e7\u00e3o em Dourados como Cr\u00edtica"},"content":{"rendered":"<p>Recentemente, o ministro da Sa\u00fade alertou para um problema s\u00e9rio em Dourados, no Mato Grosso do Sul. Ele classificou a situa\u00e7\u00e3o do chikungunya como cr\u00edtica, destacando o aumento de casos na regi\u00e3o. Essa doen\u00e7a, transmitida por mosquitos, est\u00e1 preocupando as autoridades e a popula\u00e7\u00e3o local.<\/p>\n<p>Eu analisei os dados recentes e percebo que surtos como esse podem se espalhar rapidamente se n\u00e3o houver a\u00e7\u00e3o imediata. Vamos entender melhor o que est\u00e1 acontecendo e como isso afeta o dia a dia das pessoas.<\/p>\n<h2>O Que \u00e9 Chikungunya e Como Ele se Espalha?<\/h2>\n<p>O <strong>chikungunya<\/strong> \u00e9 uma infec\u00e7\u00e3o viral causada pelo v\u00edrus chikungunya, transmitido principalmente pelo mosquito <em>Aedes aegypti<\/em>, o mesmo da dengue e zika. Na pr\u00e1tica, isso significa que picadas desses mosquitos infectados podem levar a sintomas intensos.<\/p>\n<p>Os sintomas surgem de 4 a 8 dias ap\u00f3s a picada: febre alta, dores articulares fortes \u2013 descritas como &#8216;contorcentes&#8217; \u2013, dor de cabe\u00e7a, fadiga e erup\u00e7\u00f5es cut\u00e2neas. Embora a maioria melhore em uma semana, as dores nas juntas podem durar meses ou anos em alguns casos.<\/p>\n<p>Esse v\u00edrus n\u00e3o se passa de pessoa para pessoa diretamente, mas os mosquitos se infectam ao picar algu\u00e9m doente e depois transmitem para outros. Em \u00e1reas tropicais como o Brasil, ele \u00e9 uma preocupa\u00e7\u00e3o constante.<\/p>\n<h2>A Situa\u00e7\u00e3o Atual em Dourados<\/h2>\n<p>Dourados, uma cidade importante no MS, enfrenta um surto alarmante de chikungunya. O ministro destacou que o n\u00famero de casos est\u00e1 crescendo, sobrecarregando o sistema de sa\u00fade local. Fatores como chuvas recentes e ac\u00famulo de \u00e1gua parada favorecem a prolifera\u00e7\u00e3o dos mosquitos.<\/p>\n<p>De acordo com relat\u00f3rios, centenas de casos foram confirmados, com impactos em todas as idades. Isso reflete um cen\u00e1rio nacional, mas em Dourados a situa\u00e7\u00e3o \u00e9 particularmente grave devido \u00e0 densidade populacional e condi\u00e7\u00f5es urbanas.<\/p>\n<h3>Fatores que Agravaram o Surto<\/h3>\n<p>Entre os motivos, est\u00e3o a falta de fiscaliza\u00e7\u00e3o em criadouros de mosquitos e o retorno de viagens de \u00e1reas end\u00eamicas. Autoridades est\u00e3o mobilizando equipes para fumac\u00ea e elimina\u00e7\u00e3o de focos.<\/p>\n<h2>Impactos Pr\u00e1ticos para a Popula\u00e7\u00e3o e Empresas<\/h2>\n<p>Para os moradores de Dourados, o surto significa mais visitas a postos de sa\u00fade, absente\u00edsmo no trabalho e escola, e um receio constante de picadas. Fam\u00edlias com idosos ou crian\u00e7as pequenas s\u00e3o as mais vulner\u00e1veis, pois esses grupos podem ter complica\u00e7\u00f5es graves.<\/p>\n<p>Empresas locais enfrentam desafios, como redu\u00e7\u00e3o de produtividade devido \u00e0s dores cr\u00f4nicas. Na sociedade como um todo, isso pressiona os recursos p\u00fablicos, desviando aten\u00e7\u00e3o de outras sa\u00fade issues.<\/p>\n<ul>\n<li>Aumento de custos m\u00e9dicos para o SUS.<\/li>\n<li>Risco de epidemias se n\u00e3o controlado.<\/li>\n<li>Efeitos econ\u00f4micos em comunidades dependentes de agricultura e com\u00e9rcio.<\/li>\n<\/ul>\n<h2>Preven\u00e7\u00e3o e Perspectivas Futuras<\/h2>\n<p>A boa not\u00edcia \u00e9 que a preven\u00e7\u00e3o \u00e9 simples e eficaz. Elimine \u00e1gua parada em casa, use repelentes e instale telas nas janelas. O governo est\u00e1 intensificando campanhas de vacina\u00e7\u00e3o \u2013 sim, h\u00e1 vacinas aprovadas em alguns pa\u00edses, e o Brasil monitora isso de perto.<\/p>\n<p>No futuro, com vigil\u00e2ncia cont\u00ednua e educa\u00e7\u00e3o, podemos reduzir esses surtos. Recomendo que todos fiquem atentos \u00e0s orienta\u00e7\u00f5es do Minist\u00e9rio da Sa\u00fade e participem de mutir\u00f5es de limpeza.<\/p>\n<p>Ao analisar tend\u00eancias, vejo que o aquecimento global pode piorar a dissemina\u00e7\u00e3o de mosquitos, tornando a\u00e7\u00f5es locais cruciais para o controle nacional.<\/p>\n<h2>Reflex\u00f5es Finais: Fique Alerta e Proteja-se<\/h2>\n<p>Essa classifica\u00e7\u00e3o cr\u00edtica pelo ministro \u00e9 um chamado \u00e0 a\u00e7\u00e3o. O chikungunya em Dourados nos lembra da import\u00e2ncia da sa\u00fade p\u00fablica coletiva. Vamos nos unir para combater os mosquitos e manter nossa comunidade saud\u00e1vel. Se voc\u00ea est\u00e1 em \u00e1rea de risco, consulte um m\u00e9dico ao primeiro sintoma.<\/p>\n","protected":false},"excerpt":{"rendered":"<p>Descubra por que o ministro da Sa\u00fade classificou como cr\u00edtica a situa\u00e7\u00e3o do chikungunya em Dourados, MS. Sintomas, preven\u00e7\u00e3o e o que voc\u00ea precisa saber para se proteger.<\/p>\n","protected":false},"author":1,"featured_media":662,"comment_status":"open","ping_status":"open","sticky":false,"template":"","format":"standard","meta":{"_acf_changed":false,"_eb_attr":"","footnotes":"","_wpscppro_dont_share_socialmedia":false,"_wpscppro_custom_social_share_image":0,"_facebook_share_type":"","_twitter_share_type":"","_linkedin_share_type":"","_pinterest_share_type":"","_linkedin_share_type_page":"","_instagram_share_type":"","_medium_share_type":"","_threads_share_type":"","_google_business_share_type":"","_selected_social_profile":[],"_wpsp_enable_custom_social_template":false,"_wpsp_social_scheduling":{"enabled":false,"datetime":null,"platforms":[],"status":"template_only","dateOption":"today","timeOption":"now","customDays":"","customHours":"","customDate":"","customTime":"","schedulingType":"absolute"},"_wpsp_active_default_template":true},"categories":[3],"tags":[],"class_list":["post-663","post","type-post","status-publish","format-standard","has-post-thumbnail","hentry","category-bem-estar"],"acf":[],"yoast_head":"<!-- This site is optimized with the Yoast SEO plugin v26.9 - https:\/\/yoast.com\/product\/yoast-seo-wordpress\/ -->\n<title>Chikungunya: Ministro Classifica Situa\u00e7\u00e3o em Dourados como Cr\u00edtica - ICTDF<\/title>\n<meta name=\"robots\" content=\"index, follow, max-snippet:-1, max-image-preview:large, max-video-preview:-1\" \/>\n<link rel=\"canonical\" href=\"https:\/\/ictdf.synergyecosys.io\/?p=663\" \/>\n<meta property=\"og:locale\" content=\"pt_BR\" \/>\n<meta property=\"og:type\" content=\"article\" \/>\n<meta property=\"og:title\" content=\"Chikungunya: Ministro Classifica Situa\u00e7\u00e3o em Dourados como Cr\u00edtica - ICTDF\" \/>\n<meta property=\"og:description\" content=\"Descubra por que o ministro da Sa\u00fade classificou como cr\u00edtica a situa\u00e7\u00e3o do chikungunya em Dourados, MS. Sintomas, preven\u00e7\u00e3o e o que voc\u00ea precisa saber para se proteger.\" \/>\n<meta property=\"og:url\" content=\"https:\/\/ictdf.synergyecosys.io\/?p=663\" \/>\n<meta property=\"og:site_name\" content=\"ICTDF\" \/>\n<meta property=\"article:published_time\" content=\"2026-04-05T16:32:50+00:00\" \/>\n<meta name=\"author\" content=\"admin\" \/>\n<meta name=\"twitter:card\" content=\"summary_large_image\" \/>\n<meta name=\"twitter:label1\" content=\"Escrito por\" \/>\n\t<meta name=\"twitter:data1\" content=\"admin\" \/>\n\t<meta name=\"twitter:label2\" content=\"Est. tempo de leitura\" \/>\n\t<meta name=\"twitter:data2\" content=\"3 minutos\" \/>\n<script type=\"application\/ld+json\" class=\"yoast-schema-graph\">{\"@context\":\"https:\/\/schema.org\",\"@graph\":[{\"@type\":\"Article\",\"@id\":\"https:\/\/ictdf.synergyecosys.io\/?p=663#article\",\"isPartOf\":{\"@id\":\"https:\/\/ictdf.synergyecosys.io\/?p=663\"},\"author\":{\"name\":\"admin\",\"@id\":\"https:\/\/ictdf.synergyecosys.io\/#\/schema\/person\/0b4488974b7b485188c0c01cb9f95b21\"},\"headline\":\"Chikungunya: Ministro Classifica Situa\u00e7\u00e3o em Dourados como Cr\u00edtica\",\"datePublished\":\"2026-04-05T16:32:50+00:00\",\"mainEntityOfPage\":{\"@id\":\"https:\/\/ictdf.synergyecosys.io\/?p=663\"},\"wordCount\":649,\"commentCount\":0,\"publisher\":{\"@id\":\"https:\/\/ictdf.synergyecosys.io\/#organization\"},\"image\":{\"@id\":\"https:\/\/ictdf.synergyecosys.io\/?p=663#primaryimage\"},\"thumbnailUrl\":\"https:\/\/ictdf.synergyecosys.io\/wp-content\/uploads\/2026\/04\/imagem-Chikungunya-em-Dourados-Situayyo-Crytica-Diz-Ministro.png\",\"articleSection\":[\"Bem-estar\"],\"inLanguage\":\"pt-BR\",\"potentialAction\":[{\"@type\":\"CommentAction\",\"name\":\"Comment\",\"target\":[\"https:\/\/ictdf.synergyecosys.io\/?p=663#respond\"]}]},{\"@type\":\"WebPage\",\"@id\":\"https:\/\/ictdf.synergyecosys.io\/?p=663\",\"url\":\"https:\/\/ictdf.synergyecosys.io\/?p=663\",\"name\":\"Chikungunya: Ministro Classifica Situa\u00e7\u00e3o em Dourados como Cr\u00edtica - ICTDF\",\"isPartOf\":{\"@id\":\"https:\/\/ictdf.synergyecosys.io\/#website\"},\"primaryImageOfPage\":{\"@id\":\"https:\/\/ictdf.synergyecosys.io\/?p=663#primaryimage\"},\"image\":{\"@id\":\"https:\/\/ictdf.synergyecosys.io\/?p=663#primaryimage\"},\"thumbnailUrl\":\"https:\/\/ictdf.synergyecosys.io\/wp-content\/uploads\/2026\/04\/imagem-Chikungunya-em-Dourados-Situayyo-Crytica-Diz-Ministro.png\",\"datePublished\":\"2026-04-05T16:32:50+00:00\",\"breadcrumb\":{\"@id\":\"https:\/\/ictdf.synergyecosys.io\/?p=663#breadcrumb\"},\"inLanguage\":\"pt-BR\",\"potentialAction\":[{\"@type\":\"ReadAction\",\"target\":[\"https:\/\/ictdf.synergyecosys.io\/?p=663\"]}]},{\"@type\":\"ImageObject\",\"inLanguage\":\"pt-BR\",\"@id\":\"https:\/\/ictdf.synergyecosys.io\/?p=663#primaryimage\",\"url\":\"https:\/\/ictdf.synergyecosys.io\/wp-content\/uploads\/2026\/04\/imagem-Chikungunya-em-Dourados-Situayyo-Crytica-Diz-Ministro.png\",\"contentUrl\":\"https:\/\/ictdf.synergyecosys.io\/wp-content\/uploads\/2026\/04\/imagem-Chikungunya-em-Dourados-Situayyo-Crytica-Diz-Ministro.png\",\"width\":1696,\"height\":960},{\"@type\":\"BreadcrumbList\",\"@id\":\"https:\/\/ictdf.synergyecosys.io\/?p=663#breadcrumb\",\"itemListElement\":[{\"@type\":\"ListItem\",\"position\":1,\"name\":\"In\u00edcio\",\"item\":\"https:\/\/ictdf.synergyecosys.io\/\"},{\"@type\":\"ListItem\",\"position\":2,\"name\":\"Chikungunya: Ministro Classifica Situa\u00e7\u00e3o em Dourados como Cr\u00edtica\"}]},{\"@type\":\"WebSite\",\"@id\":\"https:\/\/ictdf.synergyecosys.io\/#website\",\"url\":\"https:\/\/ictdf.synergyecosys.io\/\",\"name\":\"ICTDF\",\"description\":\"\",\"publisher\":{\"@id\":\"https:\/\/ictdf.synergyecosys.io\/#organization\"},\"potentialAction\":[{\"@type\":\"SearchAction\",\"target\":{\"@type\":\"EntryPoint\",\"urlTemplate\":\"https:\/\/ictdf.synergyecosys.io\/?s={search_term_string}\"},\"query-input\":{\"@type\":\"PropertyValueSpecification\",\"valueRequired\":true,\"valueName\":\"search_term_string\"}}],\"inLanguage\":\"pt-BR\"},{\"@type\":\"Organization\",\"@id\":\"https:\/\/ictdf.synergyecosys.io\/#organization\",\"name\":\"ICTDF\",\"url\":\"https:\/\/ictdf.synergyecosys.io\/\",\"logo\":{\"@type\":\"ImageObject\",\"inLanguage\":\"pt-BR\",\"@id\":\"https:\/\/ictdf.synergyecosys.io\/#\/schema\/logo\/image\/\",\"url\":\"https:\/\/ictdf.synergyecosys.io\/wp-content\/uploads\/2026\/02\/cropped-cropped-ICTDF_logo_transparente.png\",\"contentUrl\":\"https:\/\/ictdf.synergyecosys.io\/wp-content\/uploads\/2026\/02\/cropped-cropped-ICTDF_logo_transparente.png\",\"width\":450,\"height\":141,\"caption\":\"ICTDF\"},\"image\":{\"@id\":\"https:\/\/ictdf.synergyecosys.io\/#\/schema\/logo\/image\/\"}},{\"@type\":\"Person\",\"@id\":\"https:\/\/ictdf.synergyecosys.io\/#\/schema\/person\/0b4488974b7b485188c0c01cb9f95b21\",\"name\":\"admin\",\"image\":{\"@type\":\"ImageObject\",\"inLanguage\":\"pt-BR\",\"@id\":\"https:\/\/ictdf.synergyecosys.io\/#\/schema\/person\/image\/\",\"url\":\"https:\/\/secure.gravatar.com\/avatar\/ee6b87b4bde4f4817334740781bdb6e270748065085879a5aa2018d8006922fa?s=96&d=mm&r=g\",\"contentUrl\":\"https:\/\/secure.gravatar.com\/avatar\/ee6b87b4bde4f4817334740781bdb6e270748065085879a5aa2018d8006922fa?s=96&d=mm&r=g\",\"caption\":\"admin\"},\"sameAs\":[\"https:\/\/ictdf.synergyecosys.io\"],\"url\":\"https:\/\/ictdf.synergyecosys.io\/?author=1\"}]}<\/script>\n<!-- \/ Yoast SEO plugin. -->","yoast_head_json":{"title":"Chikungunya: Ministro Classifica Situa\u00e7\u00e3o em Dourados como Cr\u00edtica - ICTDF","robots":{"index":"index","follow":"follow","max-snippet":"max-snippet:-1","max-image-preview":"max-image-preview:large","max-video-preview":"max-video-preview:-1"},"canonical":"https:\/\/ictdf.synergyecosys.io\/?p=663","og_locale":"pt_BR","og_type":"article","og_title":"Chikungunya: Ministro Classifica Situa\u00e7\u00e3o em Dourados como Cr\u00edtica - ICTDF","og_description":"Descubra por que o ministro da Sa\u00fade classificou como cr\u00edtica a situa\u00e7\u00e3o do chikungunya em Dourados, MS. Sintomas, preven\u00e7\u00e3o e o que voc\u00ea precisa saber para se proteger.","og_url":"https:\/\/ictdf.synergyecosys.io\/?p=663","og_site_name":"ICTDF","article_published_time":"2026-04-05T16:32:50+00:00","author":"admin","twitter_card":"summary_large_image","twitter_misc":{"Escrito por":"admin","Est. tempo de leitura":"3 minutos"},"schema":{"@context":"https:\/\/schema.org","@graph":[{"@type":"Article","@id":"https:\/\/ictdf.synergyecosys.io\/?p=663#article","isPartOf":{"@id":"https:\/\/ictdf.synergyecosys.io\/?p=663"},"author":{"name":"admin","@id":"https:\/\/ictdf.synergyecosys.io\/#\/schema\/person\/0b4488974b7b485188c0c01cb9f95b21"},"headline":"Chikungunya: Ministro Classifica Situa\u00e7\u00e3o em Dourados como Cr\u00edtica","datePublished":"2026-04-05T16:32:50+00:00","mainEntityOfPage":{"@id":"https:\/\/ictdf.synergyecosys.io\/?p=663"},"wordCount":649,"commentCount":0,"publisher":{"@id":"https:\/\/ictdf.synergyecosys.io\/#organization"},"image":{"@id":"https:\/\/ictdf.synergyecosys.io\/?p=663#primaryimage"},"thumbnailUrl":"https:\/\/ictdf.synergyecosys.io\/wp-content\/uploads\/2026\/04\/imagem-Chikungunya-em-Dourados-Situayyo-Crytica-Diz-Ministro.png","articleSection":["Bem-estar"],"inLanguage":"pt-BR","potentialAction":[{"@type":"CommentAction","name":"Comment","target":["https:\/\/ictdf.synergyecosys.io\/?p=663#respond"]}]},{"@type":"WebPage","@id":"https:\/\/ictdf.synergyecosys.io\/?p=663","url":"https:\/\/ictdf.synergyecosys.io\/?p=663","name":"Chikungunya: Ministro Classifica Situa\u00e7\u00e3o em Dourados como Cr\u00edtica - ICTDF","isPartOf":{"@id":"https:\/\/ictdf.synergyecosys.io\/#website"},"primaryImageOfPage":{"@id":"https:\/\/ictdf.synergyecosys.io\/?p=663#primaryimage"},"image":{"@id":"https:\/\/ictdf.synergyecosys.io\/?p=663#primaryimage"},"thumbnailUrl":"https:\/\/ictdf.synergyecosys.io\/wp-content\/uploads\/2026\/04\/imagem-Chikungunya-em-Dourados-Situayyo-Crytica-Diz-Ministro.png","datePublished":"2026-04-05T16:32:50+00:00","breadcrumb":{"@id":"https:\/\/ictdf.synergyecosys.io\/?p=663#breadcrumb"},"inLanguage":"pt-BR","potentialAction":[{"@type":"ReadAction","target":["https:\/\/ictdf.synergyecosys.io\/?p=663"]}]},{"@type":"ImageObject","inLanguage":"pt-BR","@id":"https:\/\/ictdf.synergyecosys.io\/?p=663#primaryimage","url":"https:\/\/ictdf.synergyecosys.io\/wp-content\/uploads\/2026\/04\/imagem-Chikungunya-em-Dourados-Situayyo-Crytica-Diz-Ministro.png","contentUrl":"https:\/\/ictdf.synergyecosys.io\/wp-content\/uploads\/2026\/04\/imagem-Chikungunya-em-Dourados-Situayyo-Crytica-Diz-Ministro.png","width":1696,"height":960},{"@type":"BreadcrumbList","@id":"https:\/\/ictdf.synergyecosys.io\/?p=663#breadcrumb","itemListElement":[{"@type":"ListItem","position":1,"name":"In\u00edcio","item":"https:\/\/ictdf.synergyecosys.io\/"},{"@type":"ListItem","position":2,"name":"Chikungunya: Ministro Classifica Situa\u00e7\u00e3o em Dourados como Cr\u00edtica"}]},{"@type":"WebSite","@id":"https:\/\/ictdf.synergyecosys.io\/#website","url":"https:\/\/ictdf.synergyecosys.io\/","name":"ICTDF","description":"","publisher":{"@id":"https:\/\/ictdf.synergyecosys.io\/#organization"},"potentialAction":[{"@type":"SearchAction","target":{"@type":"EntryPoint","urlTemplate":"https:\/\/ictdf.synergyecosys.io\/?s={search_term_string}"},"query-input":{"@type":"PropertyValueSpecification","valueRequired":true,"valueName":"search_term_string"}}],"inLanguage":"pt-BR"},{"@type":"Organization","@id":"https:\/\/ictdf.synergyecosys.io\/#organization","name":"ICTDF","url":"https:\/\/ictdf.synergyecosys.io\/","logo":{"@type":"ImageObject","inLanguage":"pt-BR","@id":"https:\/\/ictdf.synergyecosys.io\/#\/schema\/logo\/image\/","url":"https:\/\/ictdf.synergyecosys.io\/wp-content\/uploads\/2026\/02\/cropped-cropped-ICTDF_logo_transparente.png","contentUrl":"https:\/\/ictdf.synergyecosys.io\/wp-content\/uploads\/2026\/02\/cropped-cropped-ICTDF_logo_transparente.png","width":450,"height":141,"caption":"ICTDF"},"image":{"@id":"https:\/\/ictdf.synergyecosys.io\/#\/schema\/logo\/image\/"}},{"@type":"Person","@id":"https:\/\/ictdf.synergyecosys.io\/#\/schema\/person\/0b4488974b7b485188c0c01cb9f95b21","name":"admin","image":{"@type":"ImageObject","inLanguage":"pt-BR","@id":"https:\/\/ictdf.synergyecosys.io\/#\/schema\/person\/image\/","url":"https:\/\/secure.gravatar.com\/avatar\/ee6b87b4bde4f4817334740781bdb6e270748065085879a5aa2018d8006922fa?s=96&d=mm&r=g","contentUrl":"https:\/\/secure.gravatar.com\/avatar\/ee6b87b4bde4f4817334740781bdb6e270748065085879a5aa2018d8006922fa?s=96&d=mm&r=g","caption":"admin"},"sameAs":["https:\/\/ictdf.synergyecosys.io"],"url":"https:\/\/ictdf.synergyecosys.io\/?author=1"}]}},"_links":{"self":[{"href":"https:\/\/ictdf.synergyecosys.io\/index.php?rest_route=\/wp\/v2\/posts\/663","targetHints":{"allow":["GET"]}}],"collection":[{"href":"https:\/\/ictdf.synergyecosys.io\/index.php?rest_route=\/wp\/v2\/posts"}],"about":[{"href":"https:\/\/ictdf.synergyecosys.io\/index.php?rest_route=\/wp\/v2\/types\/post"}],"author":[{"embeddable":true,"href":"https:\/\/ictdf.synergyecosys.io\/index.php?rest_route=\/wp\/v2\/users\/1"}],"replies":[{"embeddable":true,"href":"https:\/\/ictdf.synergyecosys.io\/index.php?rest_route=%2Fwp%2Fv2%2Fcomments&post=663"}],"version-history":[{"count":0,"href":"https:\/\/ictdf.synergyecosys.io\/index.php?rest_route=\/wp\/v2\/posts\/663\/revisions"}],"wp:featuredmedia":[{"embeddable":true,"href":"https:\/\/ictdf.synergyecosys.io\/index.php?rest_route=\/wp\/v2\/media\/662"}],"wp:attachment":[{"href":"https:\/\/ictdf.synergyecosys.io\/index.php?rest_route=%2Fwp%2Fv2%2Fmedia&parent=663"}],"wp:term":[{"taxonomy":"category","embeddable":true,"href":"https:\/\/ictdf.synergyecosys.io\/index.php?rest_route=%2Fwp%2Fv2%2Fcategories&post=663"},{"taxonomy":"post_tag","embeddable":true,"href":"https:\/\/ictdf.synergyecosys.io\/index.php?rest_route=%2Fwp%2Fv2%2Ftags&post=663"}],"curies":[{"name":"wp","href":"https:\/\/api.w.org\/{rel}","templated":true}]}}