{"id":641,"date":"2026-04-03T08:32:46","date_gmt":"2026-04-03T11:32:46","guid":{"rendered":"https:\/\/ictdf.synergyecosys.io\/?p=641"},"modified":"2026-04-03T08:32:46","modified_gmt":"2026-04-03T11:32:46","slug":"casos-de-influenza-a-continuam-a-crescer-no-brasil-diz-fiocruz","status":"publish","type":"post","link":"https:\/\/ictdf.synergyecosys.io\/?p=641","title":{"rendered":"Casos de Influenza A Continuam a Crescer no Brasil, Diz Fiocruz"},"content":{"rendered":"<p>Recentemente, a Funda\u00e7\u00e3o Oswaldo Cruz (Fiocruz) emitiu um alerta preocupante: os casos de <strong>influenza A<\/strong> est\u00e3o em ascens\u00e3o no Brasil. Como especialista em jornalismo did\u00e1tico, eu analisei os dados e percebo que esse aumento pode afetar milh\u00f5es de pessoas, especialmente em um pa\u00eds tropical como o nosso, onde as esta\u00e7\u00f5es n\u00e3o s\u00e3o t\u00e3o definidas.<\/p>\n<p>A influenza A \u00e9 um tipo de gripe causada por um v\u00edrus que infecta humanos e animais. Diferente de um resfriado comum, ela pode levar a complica\u00e7\u00f5es s\u00e9rias. Vamos descomplicar isso juntos e entender por que isso importa agora.<\/p>\n<h2>O Que \u00e9 a Influenza A e Por Que Ela Preocupa?<\/h2>\n<p>A <strong>influenza A<\/strong>, ou simplesmente gripe A, \u00e9 uma infec\u00e7\u00e3o respirat\u00f3ria causada por v\u00edrus do tipo A. Na pr\u00e1tica, isso significa que o v\u00edrus pode mutar rapidamente e se espalhar entre humanos, p\u00e1ssaros e mam\u00edferos, como porcos. Segundo o que eu pesquisei na Wikip\u00e9dia, os sintomas incluem febre alta, tosse seca, dor de garganta, fadiga e dores musculares, que surgem de forma repentina.<\/p>\n<p>No Brasil, a Fiocruz, uma institui\u00e7\u00e3o de pesquisa em sa\u00fade p\u00fablica fundada em 1900 e refer\u00eancia em epidemias, monitora esses v\u00edrus de perto. Eles notaram um aumento nos casos, possivelmente ligado a variantes como H1N1 ou H3N2, que circulam sazonalmente.<\/p>\n<h3>Sintomas que Voc\u00ea Deve Ficar de Olho<\/h3>\n<p>Os sinais iniciais s\u00e3o parecidos com uma gripe forte: febre acima de 38\u00b0C, calafrios, dor de cabe\u00e7a e congest\u00e3o nasal. Em crian\u00e7as, pode vir com v\u00f4mitos ou diarreia. Se n\u00e3o tratada, evolui para pneumonia ou piora condi\u00e7\u00f5es cr\u00f4nicas como asma.<\/p>\n<p>Eu recomendo observar esses sintomas, especialmente se voc\u00ea tem contato com muitas pessoas, como em escolas ou transporte p\u00fablico.<\/p>\n<h2>Por Que os Casos Est\u00e3o Aumentando Agora?<\/h2>\n<p>O cen\u00e1rio atual mostra que, apesar de o Brasil n\u00e3o ter um &#8216;inverno&#8217; cl\u00e1ssico, fatores como aglomera\u00e7\u00f5es p\u00f3s-pandemia e baixa vacina\u00e7\u00e3o contribuem para o crescimento. A Fiocruz relatou mais testes positivos em laborat\u00f3rios, indicando uma onda de cont\u00e1gio.<\/p>\n<p>Historicamente, epidemias de influenza A ocorreram em ondas, como a pandemia de 2009. Hoje, com o retorno \u00e0 normalidade, o v\u00edrus encontra terreno f\u00e9rtil. Eu percebo que a vigil\u00e2ncia \u00e9 essencial para evitar surtos maiores.<\/p>\n<h2>Impactos no Dia a Dia das Pessoas e da Sociedade<\/h2>\n<p>Para o indiv\u00edduo, a influenza A significa dias de cama, perda de produtividade e, em casos graves, hospitaliza\u00e7\u00e3o. Penso em fam\u00edlias com idosos ou crian\u00e7as pequenas, que s\u00e3o grupos de risco \u2013 eles enfrentam mais complica\u00e7\u00f5es, como problemas respirat\u00f3rios graves.<\/p>\n<p>Em escala maior, afeta o sistema de sa\u00fade: hospitais lotados, aumento de custos e interrup\u00e7\u00e3o de rotinas. Empresas veem absente\u00edsmo crescer, e a economia sente o impacto. No Brasil, com desigualdades regionais, o Norte e Nordeste podem ser mais vulner\u00e1veis devido ao clima quente que favorece a transmiss\u00e3o o ano todo.<\/p>\n<ul>\n<li>Aumento de interna\u00e7\u00f5es em UTIs.<\/li>\n<li>Press\u00e3o sobre vacinas e medicamentos antivirais.<\/li>\n<li>Efeitos em trabalhadores essenciais, como professores e profissionais de sa\u00fade.<\/li>\n<\/ul>\n<h3>Como Isso Afeta Sua Rotina?<\/h3>\n<p>Imagine perder uma semana de trabalho por causa de uma gripe que poderia ser prevenida. Ou ver escolas fecharem novamente. Esses impactos pr\u00e1ticos nos lembram da import\u00e2ncia da preven\u00e7\u00e3o coletiva.<\/p>\n<h2>Preven\u00e7\u00e3o e o Que Fazer a Seguir<\/h2>\n<p>A boa not\u00edcia \u00e9 que podemos agir. A vacina\u00e7\u00e3o anual contra a gripe \u00e9 o escudo principal \u2013 ela cobre subtipos da influenza A e B. A Fiocruz enfatiza lavar m\u00e3os, usar m\u00e1scara em locais fechados e evitar aglomera\u00e7\u00f5es.<\/p>\n<p>Para o futuro, tend\u00eancias apontam para mais monitoramento gen\u00e9tico de v\u00edrus pela Fiocruz, possivelmente levando a vacinas mais eficazes. Eu sugiro: vacine-se agora, especialmente se voc\u00ea est\u00e1 em grupo de risco, e fique atento a campanhas do SUS.<\/p>\n<p>Antivirais como oseltamivir ajudam em casos confirmados, mas o ideal \u00e9 prevenir. Adote h\u00e1bitos simples para proteger voc\u00ea e os seus.<\/p>\n<h2>Reflex\u00f5es Finais: Fique Alerta e Protegido<\/h2>\n<p>Em resumo, o crescimento dos casos de influenza A no Brasil, como alertado pela Fiocruz, \u00e9 um chamado \u00e0 a\u00e7\u00e3o. N\u00e3o \u00e9 s\u00f3 uma gripe; \u00e9 uma amea\u00e7a \u00e0 sa\u00fade p\u00fablica que podemos mitigar com informa\u00e7\u00e3o e preven\u00e7\u00e3o. Eu espero que este artigo ajude voc\u00ea a navegar melhor por isso \u2013 compartilhe com amigos e marque sua vacina. Juntos, mantemos o pa\u00eds mais saud\u00e1vel.<\/p>\n","protected":false},"excerpt":{"rendered":"<p>Os casos de influenza A est\u00e3o crescendo no Brasil, alerta a Fiocruz. Entenda os sintomas, preven\u00e7\u00e3o e impactos na sa\u00fade p\u00fablica. Fique informado e proteja-se!<\/p>\n","protected":false},"author":1,"featured_media":640,"comment_status":"open","ping_status":"open","sticky":false,"template":"","format":"standard","meta":{"_acf_changed":false,"_eb_attr":"","footnotes":"","_wpscppro_dont_share_socialmedia":false,"_wpscppro_custom_social_share_image":0,"_facebook_share_type":"","_twitter_share_type":"","_linkedin_share_type":"","_pinterest_share_type":"","_linkedin_share_type_page":"","_instagram_share_type":"","_medium_share_type":"","_threads_share_type":"","_google_business_share_type":"","_selected_social_profile":[],"_wpsp_enable_custom_social_template":false,"_wpsp_social_scheduling":{"enabled":false,"datetime":null,"platforms":[],"status":"template_only","dateOption":"today","timeOption":"now","customDays":"","customHours":"","customDate":"","customTime":"","schedulingType":"absolute"},"_wpsp_active_default_template":true},"categories":[3],"tags":[],"class_list":["post-641","post","type-post","status-publish","format-standard","has-post-thumbnail","hentry","category-bem-estar"],"acf":[],"yoast_head":"<!-- This site is optimized with the Yoast SEO plugin v26.9 - https:\/\/yoast.com\/product\/yoast-seo-wordpress\/ -->\n<title>Casos de Influenza A Continuam a Crescer no Brasil, Diz Fiocruz - ICTDF<\/title>\n<meta name=\"robots\" content=\"index, follow, max-snippet:-1, max-image-preview:large, max-video-preview:-1\" \/>\n<link rel=\"canonical\" href=\"https:\/\/ictdf.synergyecosys.io\/?p=641\" \/>\n<meta property=\"og:locale\" content=\"pt_BR\" \/>\n<meta property=\"og:type\" content=\"article\" \/>\n<meta property=\"og:title\" content=\"Casos de Influenza A Continuam a Crescer no Brasil, Diz Fiocruz - ICTDF\" \/>\n<meta property=\"og:description\" content=\"Os casos de influenza A est\u00e3o crescendo no Brasil, alerta a Fiocruz. Entenda os sintomas, preven\u00e7\u00e3o e impactos na sa\u00fade p\u00fablica. Fique informado e proteja-se!\" \/>\n<meta property=\"og:url\" content=\"https:\/\/ictdf.synergyecosys.io\/?p=641\" \/>\n<meta property=\"og:site_name\" content=\"ICTDF\" \/>\n<meta property=\"article:published_time\" content=\"2026-04-03T11:32:46+00:00\" \/>\n<meta name=\"author\" content=\"admin\" \/>\n<meta name=\"twitter:card\" content=\"summary_large_image\" \/>\n<meta name=\"twitter:label1\" content=\"Escrito por\" \/>\n\t<meta name=\"twitter:data1\" content=\"admin\" \/>\n\t<meta name=\"twitter:label2\" content=\"Est. tempo de leitura\" \/>\n\t<meta name=\"twitter:data2\" content=\"4 minutos\" \/>\n<script type=\"application\/ld+json\" class=\"yoast-schema-graph\">{\"@context\":\"https:\/\/schema.org\",\"@graph\":[{\"@type\":\"Article\",\"@id\":\"https:\/\/ictdf.synergyecosys.io\/?p=641#article\",\"isPartOf\":{\"@id\":\"https:\/\/ictdf.synergyecosys.io\/?p=641\"},\"author\":{\"name\":\"admin\",\"@id\":\"https:\/\/ictdf.synergyecosys.io\/#\/schema\/person\/0b4488974b7b485188c0c01cb9f95b21\"},\"headline\":\"Casos de Influenza A Continuam a Crescer no Brasil, Diz Fiocruz\",\"datePublished\":\"2026-04-03T11:32:46+00:00\",\"mainEntityOfPage\":{\"@id\":\"https:\/\/ictdf.synergyecosys.io\/?p=641\"},\"wordCount\":765,\"commentCount\":0,\"publisher\":{\"@id\":\"https:\/\/ictdf.synergyecosys.io\/#organization\"},\"image\":{\"@id\":\"https:\/\/ictdf.synergyecosys.io\/?p=641#primaryimage\"},\"thumbnailUrl\":\"https:\/\/ictdf.synergyecosys.io\/wp-content\/uploads\/2026\/04\/imagem-Influenza-A-no-Brasil-Casos-em-Alta-Diz-Fiocruz.png\",\"articleSection\":[\"Bem-estar\"],\"inLanguage\":\"pt-BR\",\"potentialAction\":[{\"@type\":\"CommentAction\",\"name\":\"Comment\",\"target\":[\"https:\/\/ictdf.synergyecosys.io\/?p=641#respond\"]}]},{\"@type\":\"WebPage\",\"@id\":\"https:\/\/ictdf.synergyecosys.io\/?p=641\",\"url\":\"https:\/\/ictdf.synergyecosys.io\/?p=641\",\"name\":\"Casos de Influenza A Continuam a Crescer no Brasil, Diz Fiocruz - ICTDF\",\"isPartOf\":{\"@id\":\"https:\/\/ictdf.synergyecosys.io\/#website\"},\"primaryImageOfPage\":{\"@id\":\"https:\/\/ictdf.synergyecosys.io\/?p=641#primaryimage\"},\"image\":{\"@id\":\"https:\/\/ictdf.synergyecosys.io\/?p=641#primaryimage\"},\"thumbnailUrl\":\"https:\/\/ictdf.synergyecosys.io\/wp-content\/uploads\/2026\/04\/imagem-Influenza-A-no-Brasil-Casos-em-Alta-Diz-Fiocruz.png\",\"datePublished\":\"2026-04-03T11:32:46+00:00\",\"breadcrumb\":{\"@id\":\"https:\/\/ictdf.synergyecosys.io\/?p=641#breadcrumb\"},\"inLanguage\":\"pt-BR\",\"potentialAction\":[{\"@type\":\"ReadAction\",\"target\":[\"https:\/\/ictdf.synergyecosys.io\/?p=641\"]}]},{\"@type\":\"ImageObject\",\"inLanguage\":\"pt-BR\",\"@id\":\"https:\/\/ictdf.synergyecosys.io\/?p=641#primaryimage\",\"url\":\"https:\/\/ictdf.synergyecosys.io\/wp-content\/uploads\/2026\/04\/imagem-Influenza-A-no-Brasil-Casos-em-Alta-Diz-Fiocruz.png\",\"contentUrl\":\"https:\/\/ictdf.synergyecosys.io\/wp-content\/uploads\/2026\/04\/imagem-Influenza-A-no-Brasil-Casos-em-Alta-Diz-Fiocruz.png\",\"width\":1696,\"height\":960},{\"@type\":\"BreadcrumbList\",\"@id\":\"https:\/\/ictdf.synergyecosys.io\/?p=641#breadcrumb\",\"itemListElement\":[{\"@type\":\"ListItem\",\"position\":1,\"name\":\"In\u00edcio\",\"item\":\"https:\/\/ictdf.synergyecosys.io\/\"},{\"@type\":\"ListItem\",\"position\":2,\"name\":\"Casos de Influenza A Continuam a Crescer no Brasil, Diz Fiocruz\"}]},{\"@type\":\"WebSite\",\"@id\":\"https:\/\/ictdf.synergyecosys.io\/#website\",\"url\":\"https:\/\/ictdf.synergyecosys.io\/\",\"name\":\"ICTDF\",\"description\":\"\",\"publisher\":{\"@id\":\"https:\/\/ictdf.synergyecosys.io\/#organization\"},\"potentialAction\":[{\"@type\":\"SearchAction\",\"target\":{\"@type\":\"EntryPoint\",\"urlTemplate\":\"https:\/\/ictdf.synergyecosys.io\/?s={search_term_string}\"},\"query-input\":{\"@type\":\"PropertyValueSpecification\",\"valueRequired\":true,\"valueName\":\"search_term_string\"}}],\"inLanguage\":\"pt-BR\"},{\"@type\":\"Organization\",\"@id\":\"https:\/\/ictdf.synergyecosys.io\/#organization\",\"name\":\"ICTDF\",\"url\":\"https:\/\/ictdf.synergyecosys.io\/\",\"logo\":{\"@type\":\"ImageObject\",\"inLanguage\":\"pt-BR\",\"@id\":\"https:\/\/ictdf.synergyecosys.io\/#\/schema\/logo\/image\/\",\"url\":\"https:\/\/ictdf.synergyecosys.io\/wp-content\/uploads\/2026\/02\/cropped-cropped-ICTDF_logo_transparente.png\",\"contentUrl\":\"https:\/\/ictdf.synergyecosys.io\/wp-content\/uploads\/2026\/02\/cropped-cropped-ICTDF_logo_transparente.png\",\"width\":450,\"height\":141,\"caption\":\"ICTDF\"},\"image\":{\"@id\":\"https:\/\/ictdf.synergyecosys.io\/#\/schema\/logo\/image\/\"}},{\"@type\":\"Person\",\"@id\":\"https:\/\/ictdf.synergyecosys.io\/#\/schema\/person\/0b4488974b7b485188c0c01cb9f95b21\",\"name\":\"admin\",\"image\":{\"@type\":\"ImageObject\",\"inLanguage\":\"pt-BR\",\"@id\":\"https:\/\/ictdf.synergyecosys.io\/#\/schema\/person\/image\/\",\"url\":\"https:\/\/secure.gravatar.com\/avatar\/ee6b87b4bde4f4817334740781bdb6e270748065085879a5aa2018d8006922fa?s=96&d=mm&r=g\",\"contentUrl\":\"https:\/\/secure.gravatar.com\/avatar\/ee6b87b4bde4f4817334740781bdb6e270748065085879a5aa2018d8006922fa?s=96&d=mm&r=g\",\"caption\":\"admin\"},\"sameAs\":[\"https:\/\/ictdf.synergyecosys.io\"],\"url\":\"https:\/\/ictdf.synergyecosys.io\/?author=1\"}]}<\/script>\n<!-- \/ Yoast SEO plugin. -->","yoast_head_json":{"title":"Casos de Influenza A Continuam a Crescer no Brasil, Diz Fiocruz - ICTDF","robots":{"index":"index","follow":"follow","max-snippet":"max-snippet:-1","max-image-preview":"max-image-preview:large","max-video-preview":"max-video-preview:-1"},"canonical":"https:\/\/ictdf.synergyecosys.io\/?p=641","og_locale":"pt_BR","og_type":"article","og_title":"Casos de Influenza A Continuam a Crescer no Brasil, Diz Fiocruz - ICTDF","og_description":"Os casos de influenza A est\u00e3o crescendo no Brasil, alerta a Fiocruz. Entenda os sintomas, preven\u00e7\u00e3o e impactos na sa\u00fade p\u00fablica. Fique informado e proteja-se!","og_url":"https:\/\/ictdf.synergyecosys.io\/?p=641","og_site_name":"ICTDF","article_published_time":"2026-04-03T11:32:46+00:00","author":"admin","twitter_card":"summary_large_image","twitter_misc":{"Escrito por":"admin","Est. tempo de leitura":"4 minutos"},"schema":{"@context":"https:\/\/schema.org","@graph":[{"@type":"Article","@id":"https:\/\/ictdf.synergyecosys.io\/?p=641#article","isPartOf":{"@id":"https:\/\/ictdf.synergyecosys.io\/?p=641"},"author":{"name":"admin","@id":"https:\/\/ictdf.synergyecosys.io\/#\/schema\/person\/0b4488974b7b485188c0c01cb9f95b21"},"headline":"Casos de Influenza A Continuam a Crescer no Brasil, Diz Fiocruz","datePublished":"2026-04-03T11:32:46+00:00","mainEntityOfPage":{"@id":"https:\/\/ictdf.synergyecosys.io\/?p=641"},"wordCount":765,"commentCount":0,"publisher":{"@id":"https:\/\/ictdf.synergyecosys.io\/#organization"},"image":{"@id":"https:\/\/ictdf.synergyecosys.io\/?p=641#primaryimage"},"thumbnailUrl":"https:\/\/ictdf.synergyecosys.io\/wp-content\/uploads\/2026\/04\/imagem-Influenza-A-no-Brasil-Casos-em-Alta-Diz-Fiocruz.png","articleSection":["Bem-estar"],"inLanguage":"pt-BR","potentialAction":[{"@type":"CommentAction","name":"Comment","target":["https:\/\/ictdf.synergyecosys.io\/?p=641#respond"]}]},{"@type":"WebPage","@id":"https:\/\/ictdf.synergyecosys.io\/?p=641","url":"https:\/\/ictdf.synergyecosys.io\/?p=641","name":"Casos de Influenza A Continuam a Crescer no Brasil, Diz Fiocruz - ICTDF","isPartOf":{"@id":"https:\/\/ictdf.synergyecosys.io\/#website"},"primaryImageOfPage":{"@id":"https:\/\/ictdf.synergyecosys.io\/?p=641#primaryimage"},"image":{"@id":"https:\/\/ictdf.synergyecosys.io\/?p=641#primaryimage"},"thumbnailUrl":"https:\/\/ictdf.synergyecosys.io\/wp-content\/uploads\/2026\/04\/imagem-Influenza-A-no-Brasil-Casos-em-Alta-Diz-Fiocruz.png","datePublished":"2026-04-03T11:32:46+00:00","breadcrumb":{"@id":"https:\/\/ictdf.synergyecosys.io\/?p=641#breadcrumb"},"inLanguage":"pt-BR","potentialAction":[{"@type":"ReadAction","target":["https:\/\/ictdf.synergyecosys.io\/?p=641"]}]},{"@type":"ImageObject","inLanguage":"pt-BR","@id":"https:\/\/ictdf.synergyecosys.io\/?p=641#primaryimage","url":"https:\/\/ictdf.synergyecosys.io\/wp-content\/uploads\/2026\/04\/imagem-Influenza-A-no-Brasil-Casos-em-Alta-Diz-Fiocruz.png","contentUrl":"https:\/\/ictdf.synergyecosys.io\/wp-content\/uploads\/2026\/04\/imagem-Influenza-A-no-Brasil-Casos-em-Alta-Diz-Fiocruz.png","width":1696,"height":960},{"@type":"BreadcrumbList","@id":"https:\/\/ictdf.synergyecosys.io\/?p=641#breadcrumb","itemListElement":[{"@type":"ListItem","position":1,"name":"In\u00edcio","item":"https:\/\/ictdf.synergyecosys.io\/"},{"@type":"ListItem","position":2,"name":"Casos de Influenza A Continuam a Crescer no Brasil, Diz Fiocruz"}]},{"@type":"WebSite","@id":"https:\/\/ictdf.synergyecosys.io\/#website","url":"https:\/\/ictdf.synergyecosys.io\/","name":"ICTDF","description":"","publisher":{"@id":"https:\/\/ictdf.synergyecosys.io\/#organization"},"potentialAction":[{"@type":"SearchAction","target":{"@type":"EntryPoint","urlTemplate":"https:\/\/ictdf.synergyecosys.io\/?s={search_term_string}"},"query-input":{"@type":"PropertyValueSpecification","valueRequired":true,"valueName":"search_term_string"}}],"inLanguage":"pt-BR"},{"@type":"Organization","@id":"https:\/\/ictdf.synergyecosys.io\/#organization","name":"ICTDF","url":"https:\/\/ictdf.synergyecosys.io\/","logo":{"@type":"ImageObject","inLanguage":"pt-BR","@id":"https:\/\/ictdf.synergyecosys.io\/#\/schema\/logo\/image\/","url":"https:\/\/ictdf.synergyecosys.io\/wp-content\/uploads\/2026\/02\/cropped-cropped-ICTDF_logo_transparente.png","contentUrl":"https:\/\/ictdf.synergyecosys.io\/wp-content\/uploads\/2026\/02\/cropped-cropped-ICTDF_logo_transparente.png","width":450,"height":141,"caption":"ICTDF"},"image":{"@id":"https:\/\/ictdf.synergyecosys.io\/#\/schema\/logo\/image\/"}},{"@type":"Person","@id":"https:\/\/ictdf.synergyecosys.io\/#\/schema\/person\/0b4488974b7b485188c0c01cb9f95b21","name":"admin","image":{"@type":"ImageObject","inLanguage":"pt-BR","@id":"https:\/\/ictdf.synergyecosys.io\/#\/schema\/person\/image\/","url":"https:\/\/secure.gravatar.com\/avatar\/ee6b87b4bde4f4817334740781bdb6e270748065085879a5aa2018d8006922fa?s=96&d=mm&r=g","contentUrl":"https:\/\/secure.gravatar.com\/avatar\/ee6b87b4bde4f4817334740781bdb6e270748065085879a5aa2018d8006922fa?s=96&d=mm&r=g","caption":"admin"},"sameAs":["https:\/\/ictdf.synergyecosys.io"],"url":"https:\/\/ictdf.synergyecosys.io\/?author=1"}]}},"_links":{"self":[{"href":"https:\/\/ictdf.synergyecosys.io\/index.php?rest_route=\/wp\/v2\/posts\/641","targetHints":{"allow":["GET"]}}],"collection":[{"href":"https:\/\/ictdf.synergyecosys.io\/index.php?rest_route=\/wp\/v2\/posts"}],"about":[{"href":"https:\/\/ictdf.synergyecosys.io\/index.php?rest_route=\/wp\/v2\/types\/post"}],"author":[{"embeddable":true,"href":"https:\/\/ictdf.synergyecosys.io\/index.php?rest_route=\/wp\/v2\/users\/1"}],"replies":[{"embeddable":true,"href":"https:\/\/ictdf.synergyecosys.io\/index.php?rest_route=%2Fwp%2Fv2%2Fcomments&post=641"}],"version-history":[{"count":0,"href":"https:\/\/ictdf.synergyecosys.io\/index.php?rest_route=\/wp\/v2\/posts\/641\/revisions"}],"wp:featuredmedia":[{"embeddable":true,"href":"https:\/\/ictdf.synergyecosys.io\/index.php?rest_route=\/wp\/v2\/media\/640"}],"wp:attachment":[{"href":"https:\/\/ictdf.synergyecosys.io\/index.php?rest_route=%2Fwp%2Fv2%2Fmedia&parent=641"}],"wp:term":[{"taxonomy":"category","embeddable":true,"href":"https:\/\/ictdf.synergyecosys.io\/index.php?rest_route=%2Fwp%2Fv2%2Fcategories&post=641"},{"taxonomy":"post_tag","embeddable":true,"href":"https:\/\/ictdf.synergyecosys.io\/index.php?rest_route=%2Fwp%2Fv2%2Ftags&post=641"}],"curies":[{"name":"wp","href":"https:\/\/api.w.org\/{rel}","templated":true}]}}