{"id":639,"date":"2026-04-03T05:33:03","date_gmt":"2026-04-03T08:33:03","guid":{"rendered":"https:\/\/ictdf.synergyecosys.io\/?p=639"},"modified":"2026-04-03T05:33:03","modified_gmt":"2026-04-03T08:33:03","slug":"tratamento-com-celulas-car-t-a-esperanca-para-leucemia-e-linfomas-no-sus","status":"publish","type":"post","link":"https:\/\/ictdf.synergyecosys.io\/?p=639","title":{"rendered":"Tratamento com C\u00e9lulas CAR-T: A Esperan\u00e7a para Leucemia e Linfomas no SUS"},"content":{"rendered":"<p>Imagine um tratamento que transforma as pr\u00f3prias c\u00e9lulas do seu corpo em soldados contra o c\u00e2ncer. Essa \u00e9 a promessa das c\u00e9lulas CAR-T, uma terapia avan\u00e7ada que est\u00e1 prestes a mudar a vida de pacientes com leucemia e linfomas no Brasil. Recentemente, especialistas indicam que esse m\u00e9todo pode ser incorporado ao Sistema \u00danico de Sa\u00fade (SUS) em at\u00e9 dois anos, democratizando o acesso a uma op\u00e7\u00e3o que hoje \u00e9 cara e restrita.<\/p>\n<p>Eu, como especialista em jornalismo did\u00e1tico, analisei as novidades e percebo que isso representa um marco na luta contra esses tipos de c\u00e2ncer de sangue. Vamos descomplicar o tema juntos, passo a passo.<\/p>\n<h2>O Que S\u00e3o C\u00e9lulas CAR-T e Como Elas Funcionam?<\/h2>\n<p>As <strong>c\u00e9lulas CAR-T<\/strong> s\u00e3o linf\u00f3citos T \u2013 um tipo de c\u00e9lula do sistema imunol\u00f3gico \u2013 modificados geneticamente em laborat\u00f3rio. O termo CAR significa <em>Chimeric Antigen Receptor<\/em>, ou Receptor de Ant\u00edgeno Quim\u00e9rico, que \u00e9 como um GPS programado para detectar apenas as c\u00e9lulas cancer\u00edgenas.<\/p>\n<p>Em termos simples, os m\u00e9dicos retiram c\u00e9lulas do paciente, as alteram para reconhecerem prote\u00ednas espec\u00edficas no c\u00e2ncer, multiplicam-nas e reinfundem no corpo. Essas &#8216;super c\u00e9lulas&#8217; ent\u00e3o atacam o tumor de forma precisa, como um ex\u00e9rcito direcionado.<\/p>\n<p>Essa tecnologia surgiu nos anos 1980, mas s\u00f3 ganhou for\u00e7a nos \u00faltimos 10 anos, com aprova\u00e7\u00f5es pela FDA nos EUA para leucemias refrat\u00e1rias.<\/p>\n<h2>A Realidade da Leucemia e Linfomas no Brasil<\/h2>\n<p>A <strong>leucemia<\/strong> \u00e9 um c\u00e2ncer que afeta a medula \u00f3ssea, produzindo gl\u00f3bulos brancos anormais que impedem a forma\u00e7\u00e3o de c\u00e9lulas saud\u00e1veis. Existem tipos agudos, como a leucemia linfobl\u00e1stica aguda (LLA), comum em crian\u00e7as, e cr\u00f4nicos, mais frequentes em adultos.<\/p>\n<p>J\u00e1 os <strong>linfomas<\/strong> s\u00e3o c\u00e2nceres do sistema linf\u00e1tico, divididos em Hodgkin e n\u00e3o-Hodgkin. O n\u00e3o-Hodgkin, por exemplo, pode se espalhar rapidamente e afeta linfonodos, causando incha\u00e7os, febre e fadiga.<\/p>\n<p>No Brasil, esses c\u00e2nceres impactam milhares anualmente. Segundo dados, a leucemia \u00e9 a terceira causa de morte por c\u00e2ncer em crian\u00e7as, e o acesso a tratamentos avan\u00e7ados \u00e9 desigual, especialmente no SUS, que atende 80% da popula\u00e7\u00e3o.<\/p>\n<h3>Desafios Atuais no Tratamento<\/h3>\n<p>Hoje, op\u00e7\u00f5es incluem quimioterapia e transplante de medula, mas para casos resistentes, o CAR-T surge como salva\u00e7\u00e3o. No entanto, no Brasil, ele \u00e9 oferecido apenas em cl\u00ednicas privadas, custando milh\u00f5es de reais por paciente.<\/p>\n<h2>Por Que o CAR-T Pode Chegar ao SUS em Dois Anos?<\/h2>\n<p>O SUS, nosso sistema p\u00fablico de sa\u00fade gratuito e universal, j\u00e1 cobre tratamentos oncol\u00f3gicos complexos. Recentemente, negocia\u00e7\u00f5es com fabricantes e aprova\u00e7\u00f5es da Anvisa pavimentam o caminho para incluir o CAR-T.<\/p>\n<p>Eu vejo isso como um passo crucial: testes cl\u00ednicos no Brasil est\u00e3o avan\u00e7ando, e o governo planeja incorpor\u00e1-lo via judicializa\u00e7\u00e3o ou or\u00e7amento espec\u00edfico. Em dois anos, poderemos ver centros especializados em S\u00e3o Paulo e Rio produzindo essas terapias localmente, reduzindo custos.<\/p>\n<p>Isso n\u00e3o s\u00f3 salva vidas, mas alivia o or\u00e7amento familiar, permitindo que mais pacientes acessem essa inova\u00e7\u00e3o sem endividar-se.<\/p>\n<h2>Impactos Pr\u00e1ticos para Pacientes e Sociedade<\/h2>\n<p>Para quem luta contra leucemia ou linfoma, o CAR-T oferece taxas de remiss\u00e3o acima de 80% em casos pedi\u00e1tricos refrat\u00e1rios. Imagine crian\u00e7as voltando \u00e0 escola, adultos retomando o trabalho \u2013 isso transforma fam\u00edlias inteiras.<\/p>\n<p>Na sociedade, reduz a mortalidade por c\u00e2ncer de sangue, que mata cerca de 10 mil brasileiros por ano. Economicamente, previne custos hospitalares prolongados e impulsiona a pesquisa nacional em biotecnologia.<\/p>\n<ul>\n<li>Menos desigualdade no acesso \u00e0 sa\u00fade avan\u00e7ada.<\/li>\n<li>Est\u00edmulo \u00e0 produ\u00e7\u00e3o local de medicamentos biol\u00f3gicos.<\/li>\n<li>Melhor qualidade de vida para sobreviventes.<\/li>\n<\/ul>\n<h3>Riscos e Considera\u00e7\u00f5es<\/h3>\n<p>Claro, n\u00e3o \u00e9 perfeito: efeitos colaterais incluem s\u00edndrome de libera\u00e7\u00e3o de citocinas, uma febre intensa que exige monitoramento hospitalar. Mas avan\u00e7os mitigam isso.<\/p>\n<h2>Olhando para o Futuro: Tend\u00eancias e Recomenda\u00e7\u00f5es<\/h2>\n<p>O horizonte \u00e9 promissor. Com o CAR-T no SUS, poderemos expandir para outros c\u00e2nceres, como mieloma m\u00faltiplo. Recomendo que pacientes consultem oncologistas sobre ensaios cl\u00ednicos e fiquem atentos \u00e0s atualiza\u00e7\u00f5es do Minist\u00e9rio da Sa\u00fade.<\/p>\n<p>Eu acredito que investir em educa\u00e7\u00e3o sobre essas terapias \u00e9 chave para empoderar a popula\u00e7\u00e3o. Participe de campanhas de doa\u00e7\u00e3o de medula e apoie pol\u00edticas de sa\u00fade p\u00fablica.<\/p>\n<h2>Uma Esperan\u00e7a Renovada Contra o C\u00e2ncer<\/h2>\n<p>Em resumo, o tratamento com c\u00e9lulas CAR-T representa uma revolu\u00e7\u00e3o acess\u00edvel no horizonte do SUS. Ao descomplicar essa ci\u00eancia, vemos n\u00e3o s\u00f3 avan\u00e7os m\u00e9dicos, mas um Brasil mais justo na luta contra a leucemia e linfomas. Fique de olho: em dois anos, essa esperan\u00e7a pode ser realidade para voc\u00ea ou um ente querido. O que voc\u00ea acha dessa novidade? Compartilhe nos coment\u00e1rios.<\/p>\n","protected":false},"excerpt":{"rendered":"<p>O tratamento inovador com c\u00e9lulas CAR-T para leucemia e linfomas pode chegar ao SUS em at\u00e9 dois anos, trazendo esperan\u00e7a para milhares de brasileiros. Entenda como funciona essa terapia revolucion\u00e1ria.<\/p>\n","protected":false},"author":1,"featured_media":638,"comment_status":"open","ping_status":"open","sticky":false,"template":"","format":"standard","meta":{"_acf_changed":false,"_eb_attr":"","footnotes":"","_wpscppro_dont_share_socialmedia":false,"_wpscppro_custom_social_share_image":0,"_facebook_share_type":"","_twitter_share_type":"","_linkedin_share_type":"","_pinterest_share_type":"","_linkedin_share_type_page":"","_instagram_share_type":"","_medium_share_type":"","_threads_share_type":"","_google_business_share_type":"","_selected_social_profile":[],"_wpsp_enable_custom_social_template":false,"_wpsp_social_scheduling":{"enabled":false,"datetime":null,"platforms":[],"status":"template_only","dateOption":"today","timeOption":"now","customDays":"","customHours":"","customDate":"","customTime":"","schedulingType":"absolute"},"_wpsp_active_default_template":true},"categories":[3],"tags":[],"class_list":["post-639","post","type-post","status-publish","format-standard","has-post-thumbnail","hentry","category-bem-estar"],"acf":[],"yoast_head":"<!-- This site is optimized with the Yoast SEO plugin v26.9 - https:\/\/yoast.com\/product\/yoast-seo-wordpress\/ -->\n<title>Tratamento com C\u00e9lulas CAR-T: A Esperan\u00e7a para Leucemia e Linfomas no SUS - ICTDF<\/title>\n<meta name=\"robots\" content=\"index, follow, max-snippet:-1, max-image-preview:large, max-video-preview:-1\" \/>\n<link rel=\"canonical\" href=\"https:\/\/ictdf.synergyecosys.io\/?p=639\" \/>\n<meta property=\"og:locale\" content=\"pt_BR\" \/>\n<meta property=\"og:type\" content=\"article\" \/>\n<meta property=\"og:title\" content=\"Tratamento com C\u00e9lulas CAR-T: A Esperan\u00e7a para Leucemia e Linfomas no SUS - ICTDF\" \/>\n<meta property=\"og:description\" content=\"O tratamento inovador com c\u00e9lulas CAR-T para leucemia e linfomas pode chegar ao SUS em at\u00e9 dois anos, trazendo esperan\u00e7a para milhares de brasileiros. Entenda como funciona essa terapia revolucion\u00e1ria.\" \/>\n<meta property=\"og:url\" content=\"https:\/\/ictdf.synergyecosys.io\/?p=639\" \/>\n<meta property=\"og:site_name\" content=\"ICTDF\" \/>\n<meta property=\"article:published_time\" content=\"2026-04-03T08:33:03+00:00\" \/>\n<meta name=\"author\" content=\"admin\" \/>\n<meta name=\"twitter:card\" content=\"summary_large_image\" \/>\n<meta name=\"twitter:label1\" content=\"Escrito por\" \/>\n\t<meta name=\"twitter:data1\" content=\"admin\" \/>\n\t<meta name=\"twitter:label2\" content=\"Est. tempo de leitura\" \/>\n\t<meta name=\"twitter:data2\" content=\"4 minutos\" \/>\n<script type=\"application\/ld+json\" class=\"yoast-schema-graph\">{\"@context\":\"https:\/\/schema.org\",\"@graph\":[{\"@type\":\"Article\",\"@id\":\"https:\/\/ictdf.synergyecosys.io\/?p=639#article\",\"isPartOf\":{\"@id\":\"https:\/\/ictdf.synergyecosys.io\/?p=639\"},\"author\":{\"name\":\"admin\",\"@id\":\"https:\/\/ictdf.synergyecosys.io\/#\/schema\/person\/0b4488974b7b485188c0c01cb9f95b21\"},\"headline\":\"Tratamento com C\u00e9lulas CAR-T: A Esperan\u00e7a para Leucemia e Linfomas no SUS\",\"datePublished\":\"2026-04-03T08:33:03+00:00\",\"mainEntityOfPage\":{\"@id\":\"https:\/\/ictdf.synergyecosys.io\/?p=639\"},\"wordCount\":828,\"commentCount\":0,\"publisher\":{\"@id\":\"https:\/\/ictdf.synergyecosys.io\/#organization\"},\"image\":{\"@id\":\"https:\/\/ictdf.synergyecosys.io\/?p=639#primaryimage\"},\"thumbnailUrl\":\"https:\/\/ictdf.synergyecosys.io\/wp-content\/uploads\/2026\/04\/imagem-CAR-T-no-SUS-Tratamento-para-Leucemia-em-2-Anos.png\",\"articleSection\":[\"Bem-estar\"],\"inLanguage\":\"pt-BR\",\"potentialAction\":[{\"@type\":\"CommentAction\",\"name\":\"Comment\",\"target\":[\"https:\/\/ictdf.synergyecosys.io\/?p=639#respond\"]}]},{\"@type\":\"WebPage\",\"@id\":\"https:\/\/ictdf.synergyecosys.io\/?p=639\",\"url\":\"https:\/\/ictdf.synergyecosys.io\/?p=639\",\"name\":\"Tratamento com C\u00e9lulas CAR-T: A Esperan\u00e7a para Leucemia e Linfomas no SUS - ICTDF\",\"isPartOf\":{\"@id\":\"https:\/\/ictdf.synergyecosys.io\/#website\"},\"primaryImageOfPage\":{\"@id\":\"https:\/\/ictdf.synergyecosys.io\/?p=639#primaryimage\"},\"image\":{\"@id\":\"https:\/\/ictdf.synergyecosys.io\/?p=639#primaryimage\"},\"thumbnailUrl\":\"https:\/\/ictdf.synergyecosys.io\/wp-content\/uploads\/2026\/04\/imagem-CAR-T-no-SUS-Tratamento-para-Leucemia-em-2-Anos.png\",\"datePublished\":\"2026-04-03T08:33:03+00:00\",\"breadcrumb\":{\"@id\":\"https:\/\/ictdf.synergyecosys.io\/?p=639#breadcrumb\"},\"inLanguage\":\"pt-BR\",\"potentialAction\":[{\"@type\":\"ReadAction\",\"target\":[\"https:\/\/ictdf.synergyecosys.io\/?p=639\"]}]},{\"@type\":\"ImageObject\",\"inLanguage\":\"pt-BR\",\"@id\":\"https:\/\/ictdf.synergyecosys.io\/?p=639#primaryimage\",\"url\":\"https:\/\/ictdf.synergyecosys.io\/wp-content\/uploads\/2026\/04\/imagem-CAR-T-no-SUS-Tratamento-para-Leucemia-em-2-Anos.png\",\"contentUrl\":\"https:\/\/ictdf.synergyecosys.io\/wp-content\/uploads\/2026\/04\/imagem-CAR-T-no-SUS-Tratamento-para-Leucemia-em-2-Anos.png\",\"width\":1696,\"height\":960},{\"@type\":\"BreadcrumbList\",\"@id\":\"https:\/\/ictdf.synergyecosys.io\/?p=639#breadcrumb\",\"itemListElement\":[{\"@type\":\"ListItem\",\"position\":1,\"name\":\"In\u00edcio\",\"item\":\"https:\/\/ictdf.synergyecosys.io\/\"},{\"@type\":\"ListItem\",\"position\":2,\"name\":\"Tratamento com C\u00e9lulas CAR-T: A Esperan\u00e7a para Leucemia e Linfomas no SUS\"}]},{\"@type\":\"WebSite\",\"@id\":\"https:\/\/ictdf.synergyecosys.io\/#website\",\"url\":\"https:\/\/ictdf.synergyecosys.io\/\",\"name\":\"ICTDF\",\"description\":\"\",\"publisher\":{\"@id\":\"https:\/\/ictdf.synergyecosys.io\/#organization\"},\"potentialAction\":[{\"@type\":\"SearchAction\",\"target\":{\"@type\":\"EntryPoint\",\"urlTemplate\":\"https:\/\/ictdf.synergyecosys.io\/?s={search_term_string}\"},\"query-input\":{\"@type\":\"PropertyValueSpecification\",\"valueRequired\":true,\"valueName\":\"search_term_string\"}}],\"inLanguage\":\"pt-BR\"},{\"@type\":\"Organization\",\"@id\":\"https:\/\/ictdf.synergyecosys.io\/#organization\",\"name\":\"ICTDF\",\"url\":\"https:\/\/ictdf.synergyecosys.io\/\",\"logo\":{\"@type\":\"ImageObject\",\"inLanguage\":\"pt-BR\",\"@id\":\"https:\/\/ictdf.synergyecosys.io\/#\/schema\/logo\/image\/\",\"url\":\"https:\/\/ictdf.synergyecosys.io\/wp-content\/uploads\/2026\/02\/cropped-cropped-ICTDF_logo_transparente.png\",\"contentUrl\":\"https:\/\/ictdf.synergyecosys.io\/wp-content\/uploads\/2026\/02\/cropped-cropped-ICTDF_logo_transparente.png\",\"width\":450,\"height\":141,\"caption\":\"ICTDF\"},\"image\":{\"@id\":\"https:\/\/ictdf.synergyecosys.io\/#\/schema\/logo\/image\/\"}},{\"@type\":\"Person\",\"@id\":\"https:\/\/ictdf.synergyecosys.io\/#\/schema\/person\/0b4488974b7b485188c0c01cb9f95b21\",\"name\":\"admin\",\"image\":{\"@type\":\"ImageObject\",\"inLanguage\":\"pt-BR\",\"@id\":\"https:\/\/ictdf.synergyecosys.io\/#\/schema\/person\/image\/\",\"url\":\"https:\/\/secure.gravatar.com\/avatar\/ee6b87b4bde4f4817334740781bdb6e270748065085879a5aa2018d8006922fa?s=96&d=mm&r=g\",\"contentUrl\":\"https:\/\/secure.gravatar.com\/avatar\/ee6b87b4bde4f4817334740781bdb6e270748065085879a5aa2018d8006922fa?s=96&d=mm&r=g\",\"caption\":\"admin\"},\"sameAs\":[\"https:\/\/ictdf.synergyecosys.io\"],\"url\":\"https:\/\/ictdf.synergyecosys.io\/?author=1\"}]}<\/script>\n<!-- \/ Yoast SEO plugin. -->","yoast_head_json":{"title":"Tratamento com C\u00e9lulas CAR-T: A Esperan\u00e7a para Leucemia e Linfomas no SUS - ICTDF","robots":{"index":"index","follow":"follow","max-snippet":"max-snippet:-1","max-image-preview":"max-image-preview:large","max-video-preview":"max-video-preview:-1"},"canonical":"https:\/\/ictdf.synergyecosys.io\/?p=639","og_locale":"pt_BR","og_type":"article","og_title":"Tratamento com C\u00e9lulas CAR-T: A Esperan\u00e7a para Leucemia e Linfomas no SUS - ICTDF","og_description":"O tratamento inovador com c\u00e9lulas CAR-T para leucemia e linfomas pode chegar ao SUS em at\u00e9 dois anos, trazendo esperan\u00e7a para milhares de brasileiros. Entenda como funciona essa terapia revolucion\u00e1ria.","og_url":"https:\/\/ictdf.synergyecosys.io\/?p=639","og_site_name":"ICTDF","article_published_time":"2026-04-03T08:33:03+00:00","author":"admin","twitter_card":"summary_large_image","twitter_misc":{"Escrito por":"admin","Est. tempo de leitura":"4 minutos"},"schema":{"@context":"https:\/\/schema.org","@graph":[{"@type":"Article","@id":"https:\/\/ictdf.synergyecosys.io\/?p=639#article","isPartOf":{"@id":"https:\/\/ictdf.synergyecosys.io\/?p=639"},"author":{"name":"admin","@id":"https:\/\/ictdf.synergyecosys.io\/#\/schema\/person\/0b4488974b7b485188c0c01cb9f95b21"},"headline":"Tratamento com C\u00e9lulas CAR-T: A Esperan\u00e7a para Leucemia e Linfomas no SUS","datePublished":"2026-04-03T08:33:03+00:00","mainEntityOfPage":{"@id":"https:\/\/ictdf.synergyecosys.io\/?p=639"},"wordCount":828,"commentCount":0,"publisher":{"@id":"https:\/\/ictdf.synergyecosys.io\/#organization"},"image":{"@id":"https:\/\/ictdf.synergyecosys.io\/?p=639#primaryimage"},"thumbnailUrl":"https:\/\/ictdf.synergyecosys.io\/wp-content\/uploads\/2026\/04\/imagem-CAR-T-no-SUS-Tratamento-para-Leucemia-em-2-Anos.png","articleSection":["Bem-estar"],"inLanguage":"pt-BR","potentialAction":[{"@type":"CommentAction","name":"Comment","target":["https:\/\/ictdf.synergyecosys.io\/?p=639#respond"]}]},{"@type":"WebPage","@id":"https:\/\/ictdf.synergyecosys.io\/?p=639","url":"https:\/\/ictdf.synergyecosys.io\/?p=639","name":"Tratamento com C\u00e9lulas CAR-T: A Esperan\u00e7a para Leucemia e Linfomas no SUS - ICTDF","isPartOf":{"@id":"https:\/\/ictdf.synergyecosys.io\/#website"},"primaryImageOfPage":{"@id":"https:\/\/ictdf.synergyecosys.io\/?p=639#primaryimage"},"image":{"@id":"https:\/\/ictdf.synergyecosys.io\/?p=639#primaryimage"},"thumbnailUrl":"https:\/\/ictdf.synergyecosys.io\/wp-content\/uploads\/2026\/04\/imagem-CAR-T-no-SUS-Tratamento-para-Leucemia-em-2-Anos.png","datePublished":"2026-04-03T08:33:03+00:00","breadcrumb":{"@id":"https:\/\/ictdf.synergyecosys.io\/?p=639#breadcrumb"},"inLanguage":"pt-BR","potentialAction":[{"@type":"ReadAction","target":["https:\/\/ictdf.synergyecosys.io\/?p=639"]}]},{"@type":"ImageObject","inLanguage":"pt-BR","@id":"https:\/\/ictdf.synergyecosys.io\/?p=639#primaryimage","url":"https:\/\/ictdf.synergyecosys.io\/wp-content\/uploads\/2026\/04\/imagem-CAR-T-no-SUS-Tratamento-para-Leucemia-em-2-Anos.png","contentUrl":"https:\/\/ictdf.synergyecosys.io\/wp-content\/uploads\/2026\/04\/imagem-CAR-T-no-SUS-Tratamento-para-Leucemia-em-2-Anos.png","width":1696,"height":960},{"@type":"BreadcrumbList","@id":"https:\/\/ictdf.synergyecosys.io\/?p=639#breadcrumb","itemListElement":[{"@type":"ListItem","position":1,"name":"In\u00edcio","item":"https:\/\/ictdf.synergyecosys.io\/"},{"@type":"ListItem","position":2,"name":"Tratamento com C\u00e9lulas CAR-T: A Esperan\u00e7a para Leucemia e Linfomas no SUS"}]},{"@type":"WebSite","@id":"https:\/\/ictdf.synergyecosys.io\/#website","url":"https:\/\/ictdf.synergyecosys.io\/","name":"ICTDF","description":"","publisher":{"@id":"https:\/\/ictdf.synergyecosys.io\/#organization"},"potentialAction":[{"@type":"SearchAction","target":{"@type":"EntryPoint","urlTemplate":"https:\/\/ictdf.synergyecosys.io\/?s={search_term_string}"},"query-input":{"@type":"PropertyValueSpecification","valueRequired":true,"valueName":"search_term_string"}}],"inLanguage":"pt-BR"},{"@type":"Organization","@id":"https:\/\/ictdf.synergyecosys.io\/#organization","name":"ICTDF","url":"https:\/\/ictdf.synergyecosys.io\/","logo":{"@type":"ImageObject","inLanguage":"pt-BR","@id":"https:\/\/ictdf.synergyecosys.io\/#\/schema\/logo\/image\/","url":"https:\/\/ictdf.synergyecosys.io\/wp-content\/uploads\/2026\/02\/cropped-cropped-ICTDF_logo_transparente.png","contentUrl":"https:\/\/ictdf.synergyecosys.io\/wp-content\/uploads\/2026\/02\/cropped-cropped-ICTDF_logo_transparente.png","width":450,"height":141,"caption":"ICTDF"},"image":{"@id":"https:\/\/ictdf.synergyecosys.io\/#\/schema\/logo\/image\/"}},{"@type":"Person","@id":"https:\/\/ictdf.synergyecosys.io\/#\/schema\/person\/0b4488974b7b485188c0c01cb9f95b21","name":"admin","image":{"@type":"ImageObject","inLanguage":"pt-BR","@id":"https:\/\/ictdf.synergyecosys.io\/#\/schema\/person\/image\/","url":"https:\/\/secure.gravatar.com\/avatar\/ee6b87b4bde4f4817334740781bdb6e270748065085879a5aa2018d8006922fa?s=96&d=mm&r=g","contentUrl":"https:\/\/secure.gravatar.com\/avatar\/ee6b87b4bde4f4817334740781bdb6e270748065085879a5aa2018d8006922fa?s=96&d=mm&r=g","caption":"admin"},"sameAs":["https:\/\/ictdf.synergyecosys.io"],"url":"https:\/\/ictdf.synergyecosys.io\/?author=1"}]}},"_links":{"self":[{"href":"https:\/\/ictdf.synergyecosys.io\/index.php?rest_route=\/wp\/v2\/posts\/639","targetHints":{"allow":["GET"]}}],"collection":[{"href":"https:\/\/ictdf.synergyecosys.io\/index.php?rest_route=\/wp\/v2\/posts"}],"about":[{"href":"https:\/\/ictdf.synergyecosys.io\/index.php?rest_route=\/wp\/v2\/types\/post"}],"author":[{"embeddable":true,"href":"https:\/\/ictdf.synergyecosys.io\/index.php?rest_route=\/wp\/v2\/users\/1"}],"replies":[{"embeddable":true,"href":"https:\/\/ictdf.synergyecosys.io\/index.php?rest_route=%2Fwp%2Fv2%2Fcomments&post=639"}],"version-history":[{"count":0,"href":"https:\/\/ictdf.synergyecosys.io\/index.php?rest_route=\/wp\/v2\/posts\/639\/revisions"}],"wp:featuredmedia":[{"embeddable":true,"href":"https:\/\/ictdf.synergyecosys.io\/index.php?rest_route=\/wp\/v2\/media\/638"}],"wp:attachment":[{"href":"https:\/\/ictdf.synergyecosys.io\/index.php?rest_route=%2Fwp%2Fv2%2Fmedia&parent=639"}],"wp:term":[{"taxonomy":"category","embeddable":true,"href":"https:\/\/ictdf.synergyecosys.io\/index.php?rest_route=%2Fwp%2Fv2%2Fcategories&post=639"},{"taxonomy":"post_tag","embeddable":true,"href":"https:\/\/ictdf.synergyecosys.io\/index.php?rest_route=%2Fwp%2Fv2%2Ftags&post=639"}],"curies":[{"name":"wp","href":"https:\/\/api.w.org\/{rel}","templated":true}]}}