{"id":625,"date":"2026-04-01T17:32:54","date_gmt":"2026-04-01T20:32:54","guid":{"rendered":"https:\/\/ictdf.synergyecosys.io\/?p=625"},"modified":"2026-04-01T17:32:54","modified_gmt":"2026-04-01T20:32:54","slug":"ministerio-da-saude-confirma-caso-de-sarampo-no-rio-de-janeiro-o-que-significa-isso","status":"publish","type":"post","link":"https:\/\/ictdf.synergyecosys.io\/?p=625","title":{"rendered":"Minist\u00e9rio da Sa\u00fade Confirma Caso de Sarampo no Rio de Janeiro: O Que Significa Isso?"},"content":{"rendered":"<p>Recentemente, o Minist\u00e9rio da Sa\u00fade anunciou a confirma\u00e7\u00e3o de um caso de sarampo no Rio de Janeiro, reacendendo alertas sobre essa doen\u00e7a que hav\u00edamos quase esquecido no Brasil. Como especialista em jornalismo did\u00e1tico, eu analisei as informa\u00e7\u00f5es oficiais e percebo que \u00e9 hora de revisitar o que sabemos sobre o sarampo de forma simples e clara. Vamos descomplicar isso juntos?<\/p>\n<p>O sarampo \u00e9 uma infec\u00e7\u00e3o viral altamente contagiosa, mas preven\u00edvel com vacina. No passado, o Brasil celebrou a erradica\u00e7\u00e3o da doen\u00e7a em 2016, mas surtos voltaram devido \u00e0 queda nas taxas de vacina\u00e7\u00e3o. Esse novo caso no RJ nos lembra da import\u00e2ncia de manter a imuniza\u00e7\u00e3o em dia.<\/p>\n<h2>Entendendo o Sarampo: Uma Doen\u00e7a do Passado que Volta a Assombrar<\/h2>\n<p>Imagine uma febre alta, tosse insistente e um rash vermelho que se espalha pelo corpo. Esses s\u00e3o os sinais cl\u00e1ssicos do sarampo. O termo <strong>sarampo<\/strong>, que vem do latim e significa &#8216;mancha&#8217;, descreve bem a erup\u00e7\u00e3o cut\u00e2nea que surge ap\u00f3s dias de mal-estar. Na pr\u00e1tica, \u00e9 uma virose causada pelo v\u00edrus do sarampo, que se espalha pelo ar, via got\u00edculas de saliva ao tossir ou espirrar.<\/p>\n<p>De acordo com fontes confi\u00e1veis como a Organiza\u00e7\u00e3o Mundial da Sa\u00fade, os sintomas come\u00e7am 10 a 12 dias ap\u00f3s a exposi\u00e7\u00e3o: febre acima de 40\u00b0C, coriza, olhos vermelhos e, eventualmente, manchas brancas na boca chamadas de <em>manchas de Koplik<\/em> \u2013 um sinal precoce e caracter\u00edstico. Depois, o rash surge no rosto e se alastra.<\/p>\n<h3>Por Que o Sarampo \u00e9 T\u00e3o Contagioso?<\/h3>\n<p>O sarampo tem um <strong>n\u00famero reprodutivo<\/strong> alto, ou seja, uma pessoa infectada pode contaminar at\u00e9 18 outras se elas n\u00e3o estiverem imunes. Isso acontece porque o v\u00edrus sobrevive no ar por horas e infecta 90% das pessoas suscet\u00edveis em contato pr\u00f3ximo. Eu percebo que, em cidades densas como o Rio de Janeiro, isso pode se espalhar rapidamente se n\u00e3o agirmos.<\/p>\n<h2>O Cen\u00e1rio Atual no Brasil e o Caso no Rio<\/h2>\n<p>O Brasil declarou a elimina\u00e7\u00e3o do sarampo em 2016, gra\u00e7as a campanhas de vacina\u00e7\u00e3o massivas. No entanto, entre 2018 e 2020, mais de 20 mil casos foram registrados, com mortes, principalmente devido \u00e0 hesita\u00e7\u00e3o vacinal durante a pandemia de COVID-19. As taxas de cobertura ca\u00edram abaixo dos 95% necess\u00e1rios para a imunidade coletiva.<\/p>\n<p>Esse caso confirmado no Rio de Janeiro, anunciado pelo Minist\u00e9rio da Sa\u00fade, provavelmente veio de importa\u00e7\u00e3o ou falha vacinal. Autoridades est\u00e3o investigando contatos e refor\u00e7ando vigil\u00e2ncia. Na minha an\u00e1lise, isso destaca a fragilidade do nosso sistema quando a vacina\u00e7\u00e3o n\u00e3o \u00e9 prioridade.<\/p>\n<p>Historicamente, o sarampo matou milh\u00f5es antes das vacinas. Hoje, com a <strong>vacina tr\u00edplice viral<\/strong> (contra sarampo, caxumba e rub\u00e9ola), podemos evit\u00e1-lo. No Brasil, ela \u00e9 oferecida gratuitamente no SUS aos 12 meses e 15 meses de idade, com refor\u00e7os para adultos.<\/p>\n<h2>Impactos Pr\u00e1ticos: Como Isso Afeta Voc\u00ea e Sua Fam\u00edlia<\/h2>\n<p>Para o indiv\u00edduo, o sarampo pode ser grave, especialmente em crian\u00e7as menores de 5 anos ou imunossuprimidos. Complica\u00e7\u00f5es incluem pneumonia, diarreia, infec\u00e7\u00f5es de ouvido e, em casos raros, encefalite \u2013 inflama\u00e7\u00e3o no c\u00e9rebro que pode levar \u00e0 surdez ou morte. Globalmente, ainda causa cerca de 140 mil mortes anuais, apesar das vacinas.<\/p>\n<p>Em n\u00edvel societal, um surto sobrecarrega o sistema de sa\u00fade, como vimos em 2019 no Amazonas e Roraima. Para empresas, significa aus\u00eancias no trabalho; para a sociedade, interrup\u00e7\u00e3o de rotinas. No Rio, com turismo e aglomera\u00e7\u00f5es, o risco \u00e9 maior. Eu vejo isso como um chamado para a\u00e7\u00e3o comunit\u00e1ria.<\/p>\n<ul>\n<li>Febre alta e persistente<\/li>\n<li>Rash vermelho que co\u00e7a<\/li>\n<li>Tosse e coriza<\/li>\n<li>Olhos irritados e sens\u00edveis \u00e0 luz<\/li>\n<\/ul>\n<h3>Tratamento e Cuidados em Casa<\/h3>\n<p>N\u00e3o h\u00e1 cura espec\u00edfica, mas suporte ajuda: hidrata\u00e7\u00e3o, antit\u00e9rmicos e, para crian\u00e7as, vitamina A. Antibi\u00f3ticos combatem infec\u00e7\u00f5es secund\u00e1rias. Isolamento \u00e9 crucial para conter a propaga\u00e7\u00e3o.<\/p>\n<h2>Preven\u00e7\u00e3o e o Caminho Adiante: Vacine-se Agora<\/h2>\n<p>A melhor defesa \u00e9 a vacina\u00e7\u00e3o. A vacina \u00e9 segura, com efic\u00e1cia de 97% ap\u00f3s duas doses. No Brasil, campanhas est\u00e3o em curso; verifique sua caderneta no posto de sa\u00fade mais pr\u00f3ximo. Para adultos sem registro, uma dose \u00e9 recomendada.<\/p>\n<p>Tend\u00eancias mostram que, com o retorno \u00e0s aulas e eventos, os riscos aumentam. Recomendo: converse com seu pediatra, evite multid\u00f5es se n\u00e3o vacinado e apoie iniciativas p\u00fablicas. O futuro depende de n\u00f3s mantermos a cobertura vacinal alta.<\/p>\n<p>Possibilidades incluem novas campanhas nacionais, como as de 2023, que visam cobrir gaps. Fique atento \u00e0s atualiza\u00e7\u00f5es do Minist\u00e9rio da Sa\u00fade.<\/p>\n<h2>Reflex\u00f5es Finais: N\u00e3o Deixe o Sarampo Voltar a Ser Norme<\/h2>\n<p>Esse caso no Rio \u00e9 um lembrete de que conquistas como a erradica\u00e7\u00e3o n\u00e3o s\u00e3o eternas sem esfor\u00e7o cont\u00ednuo. Na minha opini\u00e3o, ao nos educarmos e nos vacinarmos, protegemos n\u00e3o s\u00f3 a n\u00f3s mesmos, mas toda a comunidade. A\u00e7\u00e3o agora pode prevenir um surto maior. Consulte um profissional de sa\u00fade e compartilhe essa informa\u00e7\u00e3o \u2013 conhecimento \u00e9 a primeira vacina contra o medo.<\/p>\n","protected":false},"excerpt":{"rendered":"<p>O Minist\u00e9rio da Sa\u00fade confirmou um caso de sarampo no Rio de Janeiro. Entenda o que \u00e9 a doen\u00e7a, sintomas, preven\u00e7\u00e3o e por que isso preocupa o Brasil. Fique informado e proteja sua fam\u00edlia.<\/p>\n","protected":false},"author":1,"featured_media":624,"comment_status":"open","ping_status":"open","sticky":false,"template":"","format":"standard","meta":{"_acf_changed":false,"_eb_attr":"","footnotes":"","_wpscppro_dont_share_socialmedia":false,"_wpscppro_custom_social_share_image":0,"_facebook_share_type":"","_twitter_share_type":"","_linkedin_share_type":"","_pinterest_share_type":"","_linkedin_share_type_page":"","_instagram_share_type":"","_medium_share_type":"","_threads_share_type":"","_google_business_share_type":"","_selected_social_profile":[],"_wpsp_enable_custom_social_template":false,"_wpsp_social_scheduling":{"enabled":false,"datetime":null,"platforms":[],"status":"template_only","dateOption":"today","timeOption":"now","customDays":"","customHours":"","customDate":"","customTime":"","schedulingType":"absolute"},"_wpsp_active_default_template":true},"categories":[3],"tags":[],"class_list":["post-625","post","type-post","status-publish","format-standard","has-post-thumbnail","hentry","category-bem-estar"],"acf":[],"yoast_head":"<!-- This site is optimized with the Yoast SEO plugin v26.9 - https:\/\/yoast.com\/product\/yoast-seo-wordpress\/ -->\n<title>Minist\u00e9rio da Sa\u00fade Confirma Caso de Sarampo no Rio de Janeiro: O Que Significa Isso? - ICTDF<\/title>\n<meta name=\"robots\" content=\"index, follow, max-snippet:-1, max-image-preview:large, max-video-preview:-1\" \/>\n<link rel=\"canonical\" href=\"https:\/\/ictdf.synergyecosys.io\/?p=625\" \/>\n<meta property=\"og:locale\" content=\"pt_BR\" \/>\n<meta property=\"og:type\" content=\"article\" \/>\n<meta property=\"og:title\" content=\"Minist\u00e9rio da Sa\u00fade Confirma Caso de Sarampo no Rio de Janeiro: O Que Significa Isso? - ICTDF\" \/>\n<meta property=\"og:description\" content=\"O Minist\u00e9rio da Sa\u00fade confirmou um caso de sarampo no Rio de Janeiro. Entenda o que \u00e9 a doen\u00e7a, sintomas, preven\u00e7\u00e3o e por que isso preocupa o Brasil. Fique informado e proteja sua fam\u00edlia.\" \/>\n<meta property=\"og:url\" content=\"https:\/\/ictdf.synergyecosys.io\/?p=625\" \/>\n<meta property=\"og:site_name\" content=\"ICTDF\" \/>\n<meta property=\"article:published_time\" content=\"2026-04-01T20:32:54+00:00\" \/>\n<meta name=\"author\" content=\"admin\" \/>\n<meta name=\"twitter:card\" content=\"summary_large_image\" \/>\n<meta name=\"twitter:label1\" content=\"Escrito por\" \/>\n\t<meta name=\"twitter:data1\" content=\"admin\" \/>\n\t<meta name=\"twitter:label2\" content=\"Est. tempo de leitura\" \/>\n\t<meta name=\"twitter:data2\" content=\"4 minutos\" \/>\n<script type=\"application\/ld+json\" class=\"yoast-schema-graph\">{\"@context\":\"https:\/\/schema.org\",\"@graph\":[{\"@type\":\"Article\",\"@id\":\"https:\/\/ictdf.synergyecosys.io\/?p=625#article\",\"isPartOf\":{\"@id\":\"https:\/\/ictdf.synergyecosys.io\/?p=625\"},\"author\":{\"name\":\"admin\",\"@id\":\"https:\/\/ictdf.synergyecosys.io\/#\/schema\/person\/0b4488974b7b485188c0c01cb9f95b21\"},\"headline\":\"Minist\u00e9rio da Sa\u00fade Confirma Caso de Sarampo no Rio de Janeiro: O Que Significa Isso?\",\"datePublished\":\"2026-04-01T20:32:54+00:00\",\"mainEntityOfPage\":{\"@id\":\"https:\/\/ictdf.synergyecosys.io\/?p=625\"},\"wordCount\":879,\"commentCount\":0,\"publisher\":{\"@id\":\"https:\/\/ictdf.synergyecosys.io\/#organization\"},\"image\":{\"@id\":\"https:\/\/ictdf.synergyecosys.io\/?p=625#primaryimage\"},\"thumbnailUrl\":\"https:\/\/ictdf.synergyecosys.io\/wp-content\/uploads\/2026\/04\/imagem-Ministyrio-da-Sayde-Confirma-Caso-de-Sarampo-no-RJ.png\",\"articleSection\":[\"Bem-estar\"],\"inLanguage\":\"pt-BR\",\"potentialAction\":[{\"@type\":\"CommentAction\",\"name\":\"Comment\",\"target\":[\"https:\/\/ictdf.synergyecosys.io\/?p=625#respond\"]}]},{\"@type\":\"WebPage\",\"@id\":\"https:\/\/ictdf.synergyecosys.io\/?p=625\",\"url\":\"https:\/\/ictdf.synergyecosys.io\/?p=625\",\"name\":\"Minist\u00e9rio da Sa\u00fade Confirma Caso de Sarampo no Rio de Janeiro: O Que Significa Isso? - ICTDF\",\"isPartOf\":{\"@id\":\"https:\/\/ictdf.synergyecosys.io\/#website\"},\"primaryImageOfPage\":{\"@id\":\"https:\/\/ictdf.synergyecosys.io\/?p=625#primaryimage\"},\"image\":{\"@id\":\"https:\/\/ictdf.synergyecosys.io\/?p=625#primaryimage\"},\"thumbnailUrl\":\"https:\/\/ictdf.synergyecosys.io\/wp-content\/uploads\/2026\/04\/imagem-Ministyrio-da-Sayde-Confirma-Caso-de-Sarampo-no-RJ.png\",\"datePublished\":\"2026-04-01T20:32:54+00:00\",\"breadcrumb\":{\"@id\":\"https:\/\/ictdf.synergyecosys.io\/?p=625#breadcrumb\"},\"inLanguage\":\"pt-BR\",\"potentialAction\":[{\"@type\":\"ReadAction\",\"target\":[\"https:\/\/ictdf.synergyecosys.io\/?p=625\"]}]},{\"@type\":\"ImageObject\",\"inLanguage\":\"pt-BR\",\"@id\":\"https:\/\/ictdf.synergyecosys.io\/?p=625#primaryimage\",\"url\":\"https:\/\/ictdf.synergyecosys.io\/wp-content\/uploads\/2026\/04\/imagem-Ministyrio-da-Sayde-Confirma-Caso-de-Sarampo-no-RJ.png\",\"contentUrl\":\"https:\/\/ictdf.synergyecosys.io\/wp-content\/uploads\/2026\/04\/imagem-Ministyrio-da-Sayde-Confirma-Caso-de-Sarampo-no-RJ.png\",\"width\":1696,\"height\":960},{\"@type\":\"BreadcrumbList\",\"@id\":\"https:\/\/ictdf.synergyecosys.io\/?p=625#breadcrumb\",\"itemListElement\":[{\"@type\":\"ListItem\",\"position\":1,\"name\":\"In\u00edcio\",\"item\":\"https:\/\/ictdf.synergyecosys.io\/\"},{\"@type\":\"ListItem\",\"position\":2,\"name\":\"Minist\u00e9rio da Sa\u00fade Confirma Caso de Sarampo no Rio de Janeiro: O Que Significa Isso?\"}]},{\"@type\":\"WebSite\",\"@id\":\"https:\/\/ictdf.synergyecosys.io\/#website\",\"url\":\"https:\/\/ictdf.synergyecosys.io\/\",\"name\":\"ICTDF\",\"description\":\"\",\"publisher\":{\"@id\":\"https:\/\/ictdf.synergyecosys.io\/#organization\"},\"potentialAction\":[{\"@type\":\"SearchAction\",\"target\":{\"@type\":\"EntryPoint\",\"urlTemplate\":\"https:\/\/ictdf.synergyecosys.io\/?s={search_term_string}\"},\"query-input\":{\"@type\":\"PropertyValueSpecification\",\"valueRequired\":true,\"valueName\":\"search_term_string\"}}],\"inLanguage\":\"pt-BR\"},{\"@type\":\"Organization\",\"@id\":\"https:\/\/ictdf.synergyecosys.io\/#organization\",\"name\":\"ICTDF\",\"url\":\"https:\/\/ictdf.synergyecosys.io\/\",\"logo\":{\"@type\":\"ImageObject\",\"inLanguage\":\"pt-BR\",\"@id\":\"https:\/\/ictdf.synergyecosys.io\/#\/schema\/logo\/image\/\",\"url\":\"https:\/\/ictdf.synergyecosys.io\/wp-content\/uploads\/2026\/02\/cropped-cropped-ICTDF_logo_transparente.png\",\"contentUrl\":\"https:\/\/ictdf.synergyecosys.io\/wp-content\/uploads\/2026\/02\/cropped-cropped-ICTDF_logo_transparente.png\",\"width\":450,\"height\":141,\"caption\":\"ICTDF\"},\"image\":{\"@id\":\"https:\/\/ictdf.synergyecosys.io\/#\/schema\/logo\/image\/\"}},{\"@type\":\"Person\",\"@id\":\"https:\/\/ictdf.synergyecosys.io\/#\/schema\/person\/0b4488974b7b485188c0c01cb9f95b21\",\"name\":\"admin\",\"image\":{\"@type\":\"ImageObject\",\"inLanguage\":\"pt-BR\",\"@id\":\"https:\/\/ictdf.synergyecosys.io\/#\/schema\/person\/image\/\",\"url\":\"https:\/\/secure.gravatar.com\/avatar\/ee6b87b4bde4f4817334740781bdb6e270748065085879a5aa2018d8006922fa?s=96&d=mm&r=g\",\"contentUrl\":\"https:\/\/secure.gravatar.com\/avatar\/ee6b87b4bde4f4817334740781bdb6e270748065085879a5aa2018d8006922fa?s=96&d=mm&r=g\",\"caption\":\"admin\"},\"sameAs\":[\"https:\/\/ictdf.synergyecosys.io\"],\"url\":\"https:\/\/ictdf.synergyecosys.io\/?author=1\"}]}<\/script>\n<!-- \/ Yoast SEO plugin. -->","yoast_head_json":{"title":"Minist\u00e9rio da Sa\u00fade Confirma Caso de Sarampo no Rio de Janeiro: O Que Significa Isso? - ICTDF","robots":{"index":"index","follow":"follow","max-snippet":"max-snippet:-1","max-image-preview":"max-image-preview:large","max-video-preview":"max-video-preview:-1"},"canonical":"https:\/\/ictdf.synergyecosys.io\/?p=625","og_locale":"pt_BR","og_type":"article","og_title":"Minist\u00e9rio da Sa\u00fade Confirma Caso de Sarampo no Rio de Janeiro: O Que Significa Isso? - ICTDF","og_description":"O Minist\u00e9rio da Sa\u00fade confirmou um caso de sarampo no Rio de Janeiro. Entenda o que \u00e9 a doen\u00e7a, sintomas, preven\u00e7\u00e3o e por que isso preocupa o Brasil. Fique informado e proteja sua fam\u00edlia.","og_url":"https:\/\/ictdf.synergyecosys.io\/?p=625","og_site_name":"ICTDF","article_published_time":"2026-04-01T20:32:54+00:00","author":"admin","twitter_card":"summary_large_image","twitter_misc":{"Escrito por":"admin","Est. tempo de leitura":"4 minutos"},"schema":{"@context":"https:\/\/schema.org","@graph":[{"@type":"Article","@id":"https:\/\/ictdf.synergyecosys.io\/?p=625#article","isPartOf":{"@id":"https:\/\/ictdf.synergyecosys.io\/?p=625"},"author":{"name":"admin","@id":"https:\/\/ictdf.synergyecosys.io\/#\/schema\/person\/0b4488974b7b485188c0c01cb9f95b21"},"headline":"Minist\u00e9rio da Sa\u00fade Confirma Caso de Sarampo no Rio de Janeiro: O Que Significa Isso?","datePublished":"2026-04-01T20:32:54+00:00","mainEntityOfPage":{"@id":"https:\/\/ictdf.synergyecosys.io\/?p=625"},"wordCount":879,"commentCount":0,"publisher":{"@id":"https:\/\/ictdf.synergyecosys.io\/#organization"},"image":{"@id":"https:\/\/ictdf.synergyecosys.io\/?p=625#primaryimage"},"thumbnailUrl":"https:\/\/ictdf.synergyecosys.io\/wp-content\/uploads\/2026\/04\/imagem-Ministyrio-da-Sayde-Confirma-Caso-de-Sarampo-no-RJ.png","articleSection":["Bem-estar"],"inLanguage":"pt-BR","potentialAction":[{"@type":"CommentAction","name":"Comment","target":["https:\/\/ictdf.synergyecosys.io\/?p=625#respond"]}]},{"@type":"WebPage","@id":"https:\/\/ictdf.synergyecosys.io\/?p=625","url":"https:\/\/ictdf.synergyecosys.io\/?p=625","name":"Minist\u00e9rio da Sa\u00fade Confirma Caso de Sarampo no Rio de Janeiro: O Que Significa Isso? - ICTDF","isPartOf":{"@id":"https:\/\/ictdf.synergyecosys.io\/#website"},"primaryImageOfPage":{"@id":"https:\/\/ictdf.synergyecosys.io\/?p=625#primaryimage"},"image":{"@id":"https:\/\/ictdf.synergyecosys.io\/?p=625#primaryimage"},"thumbnailUrl":"https:\/\/ictdf.synergyecosys.io\/wp-content\/uploads\/2026\/04\/imagem-Ministyrio-da-Sayde-Confirma-Caso-de-Sarampo-no-RJ.png","datePublished":"2026-04-01T20:32:54+00:00","breadcrumb":{"@id":"https:\/\/ictdf.synergyecosys.io\/?p=625#breadcrumb"},"inLanguage":"pt-BR","potentialAction":[{"@type":"ReadAction","target":["https:\/\/ictdf.synergyecosys.io\/?p=625"]}]},{"@type":"ImageObject","inLanguage":"pt-BR","@id":"https:\/\/ictdf.synergyecosys.io\/?p=625#primaryimage","url":"https:\/\/ictdf.synergyecosys.io\/wp-content\/uploads\/2026\/04\/imagem-Ministyrio-da-Sayde-Confirma-Caso-de-Sarampo-no-RJ.png","contentUrl":"https:\/\/ictdf.synergyecosys.io\/wp-content\/uploads\/2026\/04\/imagem-Ministyrio-da-Sayde-Confirma-Caso-de-Sarampo-no-RJ.png","width":1696,"height":960},{"@type":"BreadcrumbList","@id":"https:\/\/ictdf.synergyecosys.io\/?p=625#breadcrumb","itemListElement":[{"@type":"ListItem","position":1,"name":"In\u00edcio","item":"https:\/\/ictdf.synergyecosys.io\/"},{"@type":"ListItem","position":2,"name":"Minist\u00e9rio da Sa\u00fade Confirma Caso de Sarampo no Rio de Janeiro: O Que Significa Isso?"}]},{"@type":"WebSite","@id":"https:\/\/ictdf.synergyecosys.io\/#website","url":"https:\/\/ictdf.synergyecosys.io\/","name":"ICTDF","description":"","publisher":{"@id":"https:\/\/ictdf.synergyecosys.io\/#organization"},"potentialAction":[{"@type":"SearchAction","target":{"@type":"EntryPoint","urlTemplate":"https:\/\/ictdf.synergyecosys.io\/?s={search_term_string}"},"query-input":{"@type":"PropertyValueSpecification","valueRequired":true,"valueName":"search_term_string"}}],"inLanguage":"pt-BR"},{"@type":"Organization","@id":"https:\/\/ictdf.synergyecosys.io\/#organization","name":"ICTDF","url":"https:\/\/ictdf.synergyecosys.io\/","logo":{"@type":"ImageObject","inLanguage":"pt-BR","@id":"https:\/\/ictdf.synergyecosys.io\/#\/schema\/logo\/image\/","url":"https:\/\/ictdf.synergyecosys.io\/wp-content\/uploads\/2026\/02\/cropped-cropped-ICTDF_logo_transparente.png","contentUrl":"https:\/\/ictdf.synergyecosys.io\/wp-content\/uploads\/2026\/02\/cropped-cropped-ICTDF_logo_transparente.png","width":450,"height":141,"caption":"ICTDF"},"image":{"@id":"https:\/\/ictdf.synergyecosys.io\/#\/schema\/logo\/image\/"}},{"@type":"Person","@id":"https:\/\/ictdf.synergyecosys.io\/#\/schema\/person\/0b4488974b7b485188c0c01cb9f95b21","name":"admin","image":{"@type":"ImageObject","inLanguage":"pt-BR","@id":"https:\/\/ictdf.synergyecosys.io\/#\/schema\/person\/image\/","url":"https:\/\/secure.gravatar.com\/avatar\/ee6b87b4bde4f4817334740781bdb6e270748065085879a5aa2018d8006922fa?s=96&d=mm&r=g","contentUrl":"https:\/\/secure.gravatar.com\/avatar\/ee6b87b4bde4f4817334740781bdb6e270748065085879a5aa2018d8006922fa?s=96&d=mm&r=g","caption":"admin"},"sameAs":["https:\/\/ictdf.synergyecosys.io"],"url":"https:\/\/ictdf.synergyecosys.io\/?author=1"}]}},"_links":{"self":[{"href":"https:\/\/ictdf.synergyecosys.io\/index.php?rest_route=\/wp\/v2\/posts\/625","targetHints":{"allow":["GET"]}}],"collection":[{"href":"https:\/\/ictdf.synergyecosys.io\/index.php?rest_route=\/wp\/v2\/posts"}],"about":[{"href":"https:\/\/ictdf.synergyecosys.io\/index.php?rest_route=\/wp\/v2\/types\/post"}],"author":[{"embeddable":true,"href":"https:\/\/ictdf.synergyecosys.io\/index.php?rest_route=\/wp\/v2\/users\/1"}],"replies":[{"embeddable":true,"href":"https:\/\/ictdf.synergyecosys.io\/index.php?rest_route=%2Fwp%2Fv2%2Fcomments&post=625"}],"version-history":[{"count":0,"href":"https:\/\/ictdf.synergyecosys.io\/index.php?rest_route=\/wp\/v2\/posts\/625\/revisions"}],"wp:featuredmedia":[{"embeddable":true,"href":"https:\/\/ictdf.synergyecosys.io\/index.php?rest_route=\/wp\/v2\/media\/624"}],"wp:attachment":[{"href":"https:\/\/ictdf.synergyecosys.io\/index.php?rest_route=%2Fwp%2Fv2%2Fmedia&parent=625"}],"wp:term":[{"taxonomy":"category","embeddable":true,"href":"https:\/\/ictdf.synergyecosys.io\/index.php?rest_route=%2Fwp%2Fv2%2Fcategories&post=625"},{"taxonomy":"post_tag","embeddable":true,"href":"https:\/\/ictdf.synergyecosys.io\/index.php?rest_route=%2Fwp%2Fv2%2Ftags&post=625"}],"curies":[{"name":"wp","href":"https:\/\/api.w.org\/{rel}","templated":true}]}}