{"id":613,"date":"2026-03-31T14:32:59","date_gmt":"2026-03-31T17:32:59","guid":{"rendered":"https:\/\/ictdf.synergyecosys.io\/?p=613"},"modified":"2026-03-31T14:32:59","modified_gmt":"2026-03-31T17:32:59","slug":"tratamento-experimental-reverte-sintomas-de-alzheimer-em-ratos-uma-luz-no-horizonte","status":"publish","type":"post","link":"https:\/\/ictdf.synergyecosys.io\/?p=613","title":{"rendered":"Tratamento Experimental Reverte Sintomas de Alzheimer em Ratos: Uma Luz no Horizonte"},"content":{"rendered":"<p>Imagine uma doen\u00e7a que rouba mem\u00f3rias e independ\u00eancia de forma implac\u00e1vel. O Alzheimer afeta milh\u00f5es no mundo todo, e at\u00e9 agora, os tratamentos s\u00f3 aliviam sintomas. Mas e se eu te disser que cientistas descobriram um caminho para reverter isso em animais? Recentemente, um estudo mostrou que um tratamento experimental consegue reverter sintomas de Alzheimer em ratos. Isso nos deixa animados e curiosos sobre o que vem pela frente.<\/p>\n<p>Eu analisei as not\u00edcias e pesquisas sobre isso, e o que mais me impressiona \u00e9 o potencial dessa descoberta. Vamos mergulhar no assunto de forma simples, para que qualquer um entenda o porqu\u00ea dessa empolga\u00e7\u00e3o.<\/p>\n<h2>O Que \u00c9 o Alzheimer e Por Que Ele Assusta Tanto?<\/h2>\n<p>O <strong>Alzheimer<\/strong> \u00e9 uma doen\u00e7a que danifica o c\u00e9rebro aos poucos. Ela causa perda de mem\u00f3ria, confus\u00e3o e, eventualmente, dificuldade em tarefas di\u00e1rias. Na pr\u00e1tica, \u00e9 como se o c\u00e9rebro acumulasse &#8216;lixo&#8217; \u2013 prote\u00ednas t\u00f3xicas chamadas beta-amiloide e tau \u2013 que formam placas e emaranhados, destruindo as c\u00e9lulas nervosas.<\/p>\n<p>Segundo o que eu pesquisei, mais de 55 milh\u00f5es de pessoas vivem com dem\u00eancia, e o Alzheimer \u00e9 a forma mais comum. Sem cura, as fam\u00edlias sofrem junto, cuidando de entes queridos que mudam diante dos olhos.<\/p>\n<h3>Os Sintomas Iniciais que Muitos Ignoram<\/h3>\n<p>No come\u00e7o, \u00e9 esquecimento simples, como perder as chaves. Mas avan\u00e7a para n\u00e3o reconhecer rostos familiares. Em ratos, cientistas reproduzem isso com modelos gen\u00e9ticos que mimetizam a doen\u00e7a humana.<\/p>\n<h2>Como Esse Tratamento Experimental Funciona?<\/h2>\n<p>O estudo em quest\u00e3o usou uma abordagem inovadora: um medicamento que ataca diretamente as prote\u00ednas t\u00f3xicas no c\u00e9rebro dos ratos. Chamado de terapia experimental, ele foi administrado ap\u00f3s os sintomas aparecerem, e os resultados foram surpreendentes \u2013 os ratos recuperaram mem\u00f3ria e comportamento normal.<\/p>\n<p>Eu percebo que isso difere de tratamentos anteriores, que s\u00f3 paravam o avan\u00e7o. Aqui, h\u00e1 revers\u00e3o real, removendo as placas e restaurando conex\u00f5es neurais. \u00c9 como limpar um entupimento no encanamento do c\u00e9rebro.<\/p>\n<p>Os pesquisadores usaram ratos transg\u00eanicos, modificados para desenvolver Alzheimer, e o tratamento durou semanas. Os testes de mem\u00f3ria, como labirintos, mostraram melhoria significativa.<\/p>\n<h2>Por Que Essa Descoberta Importa Agora?<\/h2>\n<p>Com o envelhecimento da popula\u00e7\u00e3o, casos de Alzheimer explodem. No Brasil, estima-se 1,5 milh\u00e3o afetados. Essa not\u00edcia chega em um momento crucial, quando vacinas e anticorpos como o lecanemab j\u00e1 aprovados mostram promessas, mas com efeitos colaterais.<\/p>\n<p>Para empresas farmac\u00eauticas, \u00e9 um sinal para investir mais. Para a sociedade, esperan\u00e7a de que av\u00f3s e pais possam ter qualidade de vida melhor.<\/p>\n<h3>Impactos Pr\u00e1ticos no Dia a Dia<\/h3>\n<p>Se traduzido para humanos, imagine fam\u00edlias com menos estresse no cuidado. Menos interna\u00e7\u00f5es, mais momentos felizes. Economicamente, reduziria bilh\u00f5es em custos de sa\u00fade \u2013 nos EUA, j\u00e1 s\u00e3o US$ 300 bi anuais.<\/p>\n<ul>\n<li>Menos depend\u00eancia de cuidadores.<\/li>\n<li>Possibilidade de tratamentos ambulatoriais.<\/li>\n<li>Est\u00edmulo a pesquisas em neuroci\u00eancia.<\/li>\n<\/ul>\n<h2>Desafios e o Caminho para os Humanos<\/h2>\n<p>Claro, ratos n\u00e3o s\u00e3o humanos. O c\u00e9rebro nosso \u00e9 mais complexo, e testes cl\u00ednicos levam anos. H\u00e1 riscos, como inflama\u00e7\u00e3o cerebral vista em alguns tratamentos.<\/p>\n<p>Mas as tend\u00eancias s\u00e3o positivas: com IA ajudando em simula\u00e7\u00f5es, o processo acelera. Recomendo acompanhar ag\u00eancias como FDA e Anvisa para atualiza\u00e7\u00f5es.<\/p>\n<p>Eu acredito que, em 5-10 anos, poderemos ver ensaios em pessoas. O segredo \u00e9 combinar esse tratamento com estilo de vida saud\u00e1vel \u2013 exerc\u00edcio, dieta mediterr\u00e2nea e est\u00edmulo mental.<\/p>\n<h2>Reflex\u00f5es Finais: Esperan\u00e7a Renovada Contra o Alzheimer<\/h2>\n<p>Esse tratamento experimental em ratos nos lembra que a ci\u00eancia n\u00e3o para. Ele reverte sintomas de Alzheimer, abrindo portas para o futuro. Se voc\u00ea cuida de algu\u00e9m com a doen\u00e7a ou teme desenvolv\u00ea-la, fique otimista. Acompanhe as novidades e apoie pesquisas. Juntos, podemos transformar essa realidade.<\/p>\n","protected":false},"excerpt":{"rendered":"<p>Descubra como um tratamento experimental est\u00e1 revertendo sintomas de Alzheimer em ratos, trazendo esperan\u00e7a para milh\u00f5es. Entenda o estudo e suas implica\u00e7\u00f5es para humanos.<\/p>\n","protected":false},"author":1,"featured_media":612,"comment_status":"open","ping_status":"open","sticky":false,"template":"","format":"standard","meta":{"_acf_changed":false,"_eb_attr":"","footnotes":"","_wpscppro_dont_share_socialmedia":false,"_wpscppro_custom_social_share_image":0,"_facebook_share_type":"","_twitter_share_type":"","_linkedin_share_type":"","_pinterest_share_type":"","_linkedin_share_type_page":"","_instagram_share_type":"","_medium_share_type":"","_threads_share_type":"","_google_business_share_type":"","_selected_social_profile":[],"_wpsp_enable_custom_social_template":false,"_wpsp_social_scheduling":{"enabled":false,"datetime":null,"platforms":[],"status":"template_only","dateOption":"today","timeOption":"now","customDays":"","customHours":"","customDate":"","customTime":"","schedulingType":"absolute"},"_wpsp_active_default_template":true},"categories":[3],"tags":[],"class_list":["post-613","post","type-post","status-publish","format-standard","has-post-thumbnail","hentry","category-bem-estar"],"acf":[],"yoast_head":"<!-- This site is optimized with the Yoast SEO plugin v26.9 - https:\/\/yoast.com\/product\/yoast-seo-wordpress\/ -->\n<title>Tratamento Experimental Reverte Sintomas de Alzheimer em Ratos: Uma Luz no Horizonte - ICTDF<\/title>\n<meta name=\"robots\" content=\"index, follow, max-snippet:-1, max-image-preview:large, max-video-preview:-1\" \/>\n<link rel=\"canonical\" href=\"https:\/\/ictdf.synergyecosys.io\/?p=613\" \/>\n<meta property=\"og:locale\" content=\"pt_BR\" \/>\n<meta property=\"og:type\" content=\"article\" \/>\n<meta property=\"og:title\" content=\"Tratamento Experimental Reverte Sintomas de Alzheimer em Ratos: Uma Luz no Horizonte - ICTDF\" \/>\n<meta property=\"og:description\" content=\"Descubra como um tratamento experimental est\u00e1 revertendo sintomas de Alzheimer em ratos, trazendo esperan\u00e7a para milh\u00f5es. Entenda o estudo e suas implica\u00e7\u00f5es para humanos.\" \/>\n<meta property=\"og:url\" content=\"https:\/\/ictdf.synergyecosys.io\/?p=613\" \/>\n<meta property=\"og:site_name\" content=\"ICTDF\" \/>\n<meta property=\"article:published_time\" content=\"2026-03-31T17:32:59+00:00\" \/>\n<meta name=\"author\" content=\"admin\" \/>\n<meta name=\"twitter:card\" content=\"summary_large_image\" \/>\n<meta name=\"twitter:label1\" content=\"Escrito por\" \/>\n\t<meta name=\"twitter:data1\" content=\"admin\" \/>\n\t<meta name=\"twitter:label2\" content=\"Est. tempo de leitura\" \/>\n\t<meta name=\"twitter:data2\" content=\"3 minutos\" \/>\n<script type=\"application\/ld+json\" class=\"yoast-schema-graph\">{\"@context\":\"https:\/\/schema.org\",\"@graph\":[{\"@type\":\"Article\",\"@id\":\"https:\/\/ictdf.synergyecosys.io\/?p=613#article\",\"isPartOf\":{\"@id\":\"https:\/\/ictdf.synergyecosys.io\/?p=613\"},\"author\":{\"name\":\"admin\",\"@id\":\"https:\/\/ictdf.synergyecosys.io\/#\/schema\/person\/0b4488974b7b485188c0c01cb9f95b21\"},\"headline\":\"Tratamento Experimental Reverte Sintomas de Alzheimer em Ratos: Uma Luz no Horizonte\",\"datePublished\":\"2026-03-31T17:32:59+00:00\",\"mainEntityOfPage\":{\"@id\":\"https:\/\/ictdf.synergyecosys.io\/?p=613\"},\"wordCount\":662,\"commentCount\":0,\"publisher\":{\"@id\":\"https:\/\/ictdf.synergyecosys.io\/#organization\"},\"image\":{\"@id\":\"https:\/\/ictdf.synergyecosys.io\/?p=613#primaryimage\"},\"thumbnailUrl\":\"https:\/\/ictdf.synergyecosys.io\/wp-content\/uploads\/2026\/03\/imagem-Tratamento-Experimental-Reverte-Sintomas-de-Alzheimer-em-Ratos.png\",\"articleSection\":[\"Bem-estar\"],\"inLanguage\":\"pt-BR\",\"potentialAction\":[{\"@type\":\"CommentAction\",\"name\":\"Comment\",\"target\":[\"https:\/\/ictdf.synergyecosys.io\/?p=613#respond\"]}]},{\"@type\":\"WebPage\",\"@id\":\"https:\/\/ictdf.synergyecosys.io\/?p=613\",\"url\":\"https:\/\/ictdf.synergyecosys.io\/?p=613\",\"name\":\"Tratamento Experimental Reverte Sintomas de Alzheimer em Ratos: Uma Luz no Horizonte - ICTDF\",\"isPartOf\":{\"@id\":\"https:\/\/ictdf.synergyecosys.io\/#website\"},\"primaryImageOfPage\":{\"@id\":\"https:\/\/ictdf.synergyecosys.io\/?p=613#primaryimage\"},\"image\":{\"@id\":\"https:\/\/ictdf.synergyecosys.io\/?p=613#primaryimage\"},\"thumbnailUrl\":\"https:\/\/ictdf.synergyecosys.io\/wp-content\/uploads\/2026\/03\/imagem-Tratamento-Experimental-Reverte-Sintomas-de-Alzheimer-em-Ratos.png\",\"datePublished\":\"2026-03-31T17:32:59+00:00\",\"breadcrumb\":{\"@id\":\"https:\/\/ictdf.synergyecosys.io\/?p=613#breadcrumb\"},\"inLanguage\":\"pt-BR\",\"potentialAction\":[{\"@type\":\"ReadAction\",\"target\":[\"https:\/\/ictdf.synergyecosys.io\/?p=613\"]}]},{\"@type\":\"ImageObject\",\"inLanguage\":\"pt-BR\",\"@id\":\"https:\/\/ictdf.synergyecosys.io\/?p=613#primaryimage\",\"url\":\"https:\/\/ictdf.synergyecosys.io\/wp-content\/uploads\/2026\/03\/imagem-Tratamento-Experimental-Reverte-Sintomas-de-Alzheimer-em-Ratos.png\",\"contentUrl\":\"https:\/\/ictdf.synergyecosys.io\/wp-content\/uploads\/2026\/03\/imagem-Tratamento-Experimental-Reverte-Sintomas-de-Alzheimer-em-Ratos.png\",\"width\":1696,\"height\":960},{\"@type\":\"BreadcrumbList\",\"@id\":\"https:\/\/ictdf.synergyecosys.io\/?p=613#breadcrumb\",\"itemListElement\":[{\"@type\":\"ListItem\",\"position\":1,\"name\":\"In\u00edcio\",\"item\":\"https:\/\/ictdf.synergyecosys.io\/\"},{\"@type\":\"ListItem\",\"position\":2,\"name\":\"Tratamento Experimental Reverte Sintomas de Alzheimer em Ratos: Uma Luz no Horizonte\"}]},{\"@type\":\"WebSite\",\"@id\":\"https:\/\/ictdf.synergyecosys.io\/#website\",\"url\":\"https:\/\/ictdf.synergyecosys.io\/\",\"name\":\"ICTDF\",\"description\":\"\",\"publisher\":{\"@id\":\"https:\/\/ictdf.synergyecosys.io\/#organization\"},\"potentialAction\":[{\"@type\":\"SearchAction\",\"target\":{\"@type\":\"EntryPoint\",\"urlTemplate\":\"https:\/\/ictdf.synergyecosys.io\/?s={search_term_string}\"},\"query-input\":{\"@type\":\"PropertyValueSpecification\",\"valueRequired\":true,\"valueName\":\"search_term_string\"}}],\"inLanguage\":\"pt-BR\"},{\"@type\":\"Organization\",\"@id\":\"https:\/\/ictdf.synergyecosys.io\/#organization\",\"name\":\"ICTDF\",\"url\":\"https:\/\/ictdf.synergyecosys.io\/\",\"logo\":{\"@type\":\"ImageObject\",\"inLanguage\":\"pt-BR\",\"@id\":\"https:\/\/ictdf.synergyecosys.io\/#\/schema\/logo\/image\/\",\"url\":\"https:\/\/ictdf.synergyecosys.io\/wp-content\/uploads\/2026\/02\/cropped-cropped-ICTDF_logo_transparente.png\",\"contentUrl\":\"https:\/\/ictdf.synergyecosys.io\/wp-content\/uploads\/2026\/02\/cropped-cropped-ICTDF_logo_transparente.png\",\"width\":450,\"height\":141,\"caption\":\"ICTDF\"},\"image\":{\"@id\":\"https:\/\/ictdf.synergyecosys.io\/#\/schema\/logo\/image\/\"}},{\"@type\":\"Person\",\"@id\":\"https:\/\/ictdf.synergyecosys.io\/#\/schema\/person\/0b4488974b7b485188c0c01cb9f95b21\",\"name\":\"admin\",\"image\":{\"@type\":\"ImageObject\",\"inLanguage\":\"pt-BR\",\"@id\":\"https:\/\/ictdf.synergyecosys.io\/#\/schema\/person\/image\/\",\"url\":\"https:\/\/secure.gravatar.com\/avatar\/ee6b87b4bde4f4817334740781bdb6e270748065085879a5aa2018d8006922fa?s=96&d=mm&r=g\",\"contentUrl\":\"https:\/\/secure.gravatar.com\/avatar\/ee6b87b4bde4f4817334740781bdb6e270748065085879a5aa2018d8006922fa?s=96&d=mm&r=g\",\"caption\":\"admin\"},\"sameAs\":[\"https:\/\/ictdf.synergyecosys.io\"],\"url\":\"https:\/\/ictdf.synergyecosys.io\/?author=1\"}]}<\/script>\n<!-- \/ Yoast SEO plugin. -->","yoast_head_json":{"title":"Tratamento Experimental Reverte Sintomas de Alzheimer em Ratos: Uma Luz no Horizonte - ICTDF","robots":{"index":"index","follow":"follow","max-snippet":"max-snippet:-1","max-image-preview":"max-image-preview:large","max-video-preview":"max-video-preview:-1"},"canonical":"https:\/\/ictdf.synergyecosys.io\/?p=613","og_locale":"pt_BR","og_type":"article","og_title":"Tratamento Experimental Reverte Sintomas de Alzheimer em Ratos: Uma Luz no Horizonte - ICTDF","og_description":"Descubra como um tratamento experimental est\u00e1 revertendo sintomas de Alzheimer em ratos, trazendo esperan\u00e7a para milh\u00f5es. Entenda o estudo e suas implica\u00e7\u00f5es para humanos.","og_url":"https:\/\/ictdf.synergyecosys.io\/?p=613","og_site_name":"ICTDF","article_published_time":"2026-03-31T17:32:59+00:00","author":"admin","twitter_card":"summary_large_image","twitter_misc":{"Escrito por":"admin","Est. tempo de leitura":"3 minutos"},"schema":{"@context":"https:\/\/schema.org","@graph":[{"@type":"Article","@id":"https:\/\/ictdf.synergyecosys.io\/?p=613#article","isPartOf":{"@id":"https:\/\/ictdf.synergyecosys.io\/?p=613"},"author":{"name":"admin","@id":"https:\/\/ictdf.synergyecosys.io\/#\/schema\/person\/0b4488974b7b485188c0c01cb9f95b21"},"headline":"Tratamento Experimental Reverte Sintomas de Alzheimer em Ratos: Uma Luz no Horizonte","datePublished":"2026-03-31T17:32:59+00:00","mainEntityOfPage":{"@id":"https:\/\/ictdf.synergyecosys.io\/?p=613"},"wordCount":662,"commentCount":0,"publisher":{"@id":"https:\/\/ictdf.synergyecosys.io\/#organization"},"image":{"@id":"https:\/\/ictdf.synergyecosys.io\/?p=613#primaryimage"},"thumbnailUrl":"https:\/\/ictdf.synergyecosys.io\/wp-content\/uploads\/2026\/03\/imagem-Tratamento-Experimental-Reverte-Sintomas-de-Alzheimer-em-Ratos.png","articleSection":["Bem-estar"],"inLanguage":"pt-BR","potentialAction":[{"@type":"CommentAction","name":"Comment","target":["https:\/\/ictdf.synergyecosys.io\/?p=613#respond"]}]},{"@type":"WebPage","@id":"https:\/\/ictdf.synergyecosys.io\/?p=613","url":"https:\/\/ictdf.synergyecosys.io\/?p=613","name":"Tratamento Experimental Reverte Sintomas de Alzheimer em Ratos: Uma Luz no Horizonte - ICTDF","isPartOf":{"@id":"https:\/\/ictdf.synergyecosys.io\/#website"},"primaryImageOfPage":{"@id":"https:\/\/ictdf.synergyecosys.io\/?p=613#primaryimage"},"image":{"@id":"https:\/\/ictdf.synergyecosys.io\/?p=613#primaryimage"},"thumbnailUrl":"https:\/\/ictdf.synergyecosys.io\/wp-content\/uploads\/2026\/03\/imagem-Tratamento-Experimental-Reverte-Sintomas-de-Alzheimer-em-Ratos.png","datePublished":"2026-03-31T17:32:59+00:00","breadcrumb":{"@id":"https:\/\/ictdf.synergyecosys.io\/?p=613#breadcrumb"},"inLanguage":"pt-BR","potentialAction":[{"@type":"ReadAction","target":["https:\/\/ictdf.synergyecosys.io\/?p=613"]}]},{"@type":"ImageObject","inLanguage":"pt-BR","@id":"https:\/\/ictdf.synergyecosys.io\/?p=613#primaryimage","url":"https:\/\/ictdf.synergyecosys.io\/wp-content\/uploads\/2026\/03\/imagem-Tratamento-Experimental-Reverte-Sintomas-de-Alzheimer-em-Ratos.png","contentUrl":"https:\/\/ictdf.synergyecosys.io\/wp-content\/uploads\/2026\/03\/imagem-Tratamento-Experimental-Reverte-Sintomas-de-Alzheimer-em-Ratos.png","width":1696,"height":960},{"@type":"BreadcrumbList","@id":"https:\/\/ictdf.synergyecosys.io\/?p=613#breadcrumb","itemListElement":[{"@type":"ListItem","position":1,"name":"In\u00edcio","item":"https:\/\/ictdf.synergyecosys.io\/"},{"@type":"ListItem","position":2,"name":"Tratamento Experimental Reverte Sintomas de Alzheimer em Ratos: Uma Luz no Horizonte"}]},{"@type":"WebSite","@id":"https:\/\/ictdf.synergyecosys.io\/#website","url":"https:\/\/ictdf.synergyecosys.io\/","name":"ICTDF","description":"","publisher":{"@id":"https:\/\/ictdf.synergyecosys.io\/#organization"},"potentialAction":[{"@type":"SearchAction","target":{"@type":"EntryPoint","urlTemplate":"https:\/\/ictdf.synergyecosys.io\/?s={search_term_string}"},"query-input":{"@type":"PropertyValueSpecification","valueRequired":true,"valueName":"search_term_string"}}],"inLanguage":"pt-BR"},{"@type":"Organization","@id":"https:\/\/ictdf.synergyecosys.io\/#organization","name":"ICTDF","url":"https:\/\/ictdf.synergyecosys.io\/","logo":{"@type":"ImageObject","inLanguage":"pt-BR","@id":"https:\/\/ictdf.synergyecosys.io\/#\/schema\/logo\/image\/","url":"https:\/\/ictdf.synergyecosys.io\/wp-content\/uploads\/2026\/02\/cropped-cropped-ICTDF_logo_transparente.png","contentUrl":"https:\/\/ictdf.synergyecosys.io\/wp-content\/uploads\/2026\/02\/cropped-cropped-ICTDF_logo_transparente.png","width":450,"height":141,"caption":"ICTDF"},"image":{"@id":"https:\/\/ictdf.synergyecosys.io\/#\/schema\/logo\/image\/"}},{"@type":"Person","@id":"https:\/\/ictdf.synergyecosys.io\/#\/schema\/person\/0b4488974b7b485188c0c01cb9f95b21","name":"admin","image":{"@type":"ImageObject","inLanguage":"pt-BR","@id":"https:\/\/ictdf.synergyecosys.io\/#\/schema\/person\/image\/","url":"https:\/\/secure.gravatar.com\/avatar\/ee6b87b4bde4f4817334740781bdb6e270748065085879a5aa2018d8006922fa?s=96&d=mm&r=g","contentUrl":"https:\/\/secure.gravatar.com\/avatar\/ee6b87b4bde4f4817334740781bdb6e270748065085879a5aa2018d8006922fa?s=96&d=mm&r=g","caption":"admin"},"sameAs":["https:\/\/ictdf.synergyecosys.io"],"url":"https:\/\/ictdf.synergyecosys.io\/?author=1"}]}},"_links":{"self":[{"href":"https:\/\/ictdf.synergyecosys.io\/index.php?rest_route=\/wp\/v2\/posts\/613","targetHints":{"allow":["GET"]}}],"collection":[{"href":"https:\/\/ictdf.synergyecosys.io\/index.php?rest_route=\/wp\/v2\/posts"}],"about":[{"href":"https:\/\/ictdf.synergyecosys.io\/index.php?rest_route=\/wp\/v2\/types\/post"}],"author":[{"embeddable":true,"href":"https:\/\/ictdf.synergyecosys.io\/index.php?rest_route=\/wp\/v2\/users\/1"}],"replies":[{"embeddable":true,"href":"https:\/\/ictdf.synergyecosys.io\/index.php?rest_route=%2Fwp%2Fv2%2Fcomments&post=613"}],"version-history":[{"count":0,"href":"https:\/\/ictdf.synergyecosys.io\/index.php?rest_route=\/wp\/v2\/posts\/613\/revisions"}],"wp:featuredmedia":[{"embeddable":true,"href":"https:\/\/ictdf.synergyecosys.io\/index.php?rest_route=\/wp\/v2\/media\/612"}],"wp:attachment":[{"href":"https:\/\/ictdf.synergyecosys.io\/index.php?rest_route=%2Fwp%2Fv2%2Fmedia&parent=613"}],"wp:term":[{"taxonomy":"category","embeddable":true,"href":"https:\/\/ictdf.synergyecosys.io\/index.php?rest_route=%2Fwp%2Fv2%2Fcategories&post=613"},{"taxonomy":"post_tag","embeddable":true,"href":"https:\/\/ictdf.synergyecosys.io\/index.php?rest_route=%2Fwp%2Fv2%2Ftags&post=613"}],"curies":[{"name":"wp","href":"https:\/\/api.w.org\/{rel}","templated":true}]}}