{"id":603,"date":"2026-03-29T01:32:53","date_gmt":"2026-03-29T04:32:53","guid":{"rendered":"https:\/\/ictdf.synergyecosys.io\/?p=603"},"modified":"2026-03-29T01:32:53","modified_gmt":"2026-03-29T04:32:53","slug":"gluteos-fortes-a-chave-para-equilibrio-e-envelhecimento-saudavel","status":"publish","type":"post","link":"https:\/\/ictdf.synergyecosys.io\/?p=603","title":{"rendered":"Gl\u00fateos Fortes: A Chave para Equil\u00edbrio e Envelhecimento Saud\u00e1vel"},"content":{"rendered":"<p>Voc\u00ea j\u00e1 parou para pensar no quanto os gl\u00fateos influenciam no nosso dia a dia? Esses m\u00fasculos, muitas vezes ignorados, s\u00e3o fundamentais para o equil\u00edbrio corporal e um envelhecimento mais saud\u00e1vel. Neste artigo, vamos explorar de forma simples por que fortalecer os gl\u00fateos pode transformar sua postura, mobilidade e bem-estar geral.<\/p>\n<p>Eu analisei estudos e conhecimentos anat\u00f4micos para trazer explica\u00e7\u00f5es acess\u00edveis. Vamos descomplicar isso juntos!<\/p>\n<h2>O Que S\u00e3o os Gl\u00fateos e Por Que Eles S\u00e3o T\u00e3o Importantes?<\/h2>\n<p>Os <strong>gl\u00fateos<\/strong> s\u00e3o um grupo de tr\u00eas m\u00fasculos principais localizados na regi\u00e3o das n\u00e1degas: o gl\u00fateo m\u00e1ximo, o gl\u00fateo m\u00e9dio e o gl\u00fateo m\u00ednimo. O gl\u00fateo m\u00e1ximo, o maior deles, \u00e9 respons\u00e1vel por estender o quadril \u2013 pense em a\u00e7\u00f5es como subir escadas ou levantar do sof\u00e1. J\u00e1 o gl\u00fateo m\u00e9dio e m\u00ednimo ajudam na abdu\u00e7\u00e3o e rota\u00e7\u00e3o do quadril, essenciais para manter o equil\u00edbrio ao caminhar.<\/p>\n<p>Em termos simples, esses m\u00fasculos atuam como o &#8216;motor&#8217; da parte inferior do corpo. Sem eles fortes, perdemos estabilidade e corremos riscos de les\u00f5es.<\/p>\n<h2>Como Gl\u00fateos Fortes Garantem Equil\u00edbrio Corporal?<\/h2>\n<p>O equil\u00edbrio corporal depende de uma boa coordena\u00e7\u00e3o entre m\u00fasculos, ossos e o sistema nervoso. Gl\u00fateos fracos podem levar a uma postura inadequada, como a antevers\u00e3o p\u00e9lvica, onde a pelve inclina para frente, sobrecarregando a lombar.<\/p>\n<p>Estudos mostram que pessoas com gl\u00fateos fortes t\u00eam melhor estabilidade em superf\u00edcies irregulares, reduzindo quedas \u2013 algo crucial para idosos. Na minha experi\u00eancia analisando rotinas de exerc\u00edcios, fortalecer essa \u00e1rea melhora a caminhada e previne dores nas costas.<\/p>\n<h3>Exemplos Pr\u00e1ticos no Dia a Dia<\/h3>\n<p>Imagine andar na rua: os gl\u00fateos m\u00e9dio e m\u00ednimo ativam para evitar que o quadril balance. Sem isso, o risco de trope\u00e7os aumenta. Atividades como corrida ou esportes beneficiam-se diretamente dessa for\u00e7a.<\/p>\n<h2>Impactos no Envelhecimento Saud\u00e1vel<\/h2>\n<p>Com o passar dos anos, a sarcopenia \u2013 perda natural de massa muscular \u2013 afeta todos, mas gl\u00fateos fracos aceleram problemas como mobilidade reduzida e depend\u00eancia. Manter esses m\u00fasculos ativos preserva a densidade \u00f3ssea e a flexibilidade articular.<\/p>\n<p>Para a sociedade, isso significa menos custos com sa\u00fade e mais independ\u00eancia para os idosos. Empresas de fitness notam que programas focados em gl\u00fateos melhoram a qualidade de vida em longo prazo.<\/p>\n<ul>\n<li>Reduz o risco de osteoporose ao estimular ossos do quadril.<\/li>\n<li>Melhora o metabolismo, ajudando no controle de peso.<\/li>\n<li>Previne incontin\u00eancia urin\u00e1ria, comum em mulheres p\u00f3s-menopausa.<\/li>\n<\/ul>\n<h2>Tend\u00eancias e Recomenda\u00e7\u00f5es para Fortalecer Seus Gl\u00fateos<\/h2>\n<p>Hoje, h\u00e1 um boom de exerc\u00edcios como squats e lunges em apps de fitness. A tend\u00eancia \u00e9 integrar treinamento funcional, que simula movimentos di\u00e1rios, para resultados reais.<\/p>\n<p>Minha recomenda\u00e7\u00e3o: comece com 3 s\u00e9ries de 10 repeti\u00e7\u00f5es de agachamentos por dia. Consulte um profissional para personalizar. No futuro, wearables podem monitorar a ativa\u00e7\u00e3o muscular, tornando o treino mais preciso.<\/p>\n<h2>Reflex\u00f5es Finais: Invista no Seu Equil\u00edbrio Hoje<\/h2>\n<p>Fortale\u00e7a seus gl\u00fateos e colha benef\u00edcios duradouros no equil\u00edbrio e envelhecimento saud\u00e1vel. \u00c9 um pequeno esfor\u00e7o com grande impacto. Que tal come\u00e7ar agora? Seu corpo agradece!<\/p>\n","protected":false},"excerpt":{"rendered":"<p>Descubra como gl\u00fateos fortes garantem equil\u00edbrio corporal e promovem um envelhecimento saud\u00e1vel. Dicas simples para fortalecer essa regi\u00e3o e melhorar sua qualidade de vida.<\/p>\n","protected":false},"author":1,"featured_media":602,"comment_status":"open","ping_status":"open","sticky":false,"template":"","format":"standard","meta":{"_acf_changed":false,"_eb_attr":"","footnotes":"","_wpscppro_dont_share_socialmedia":false,"_wpscppro_custom_social_share_image":0,"_facebook_share_type":"","_twitter_share_type":"","_linkedin_share_type":"","_pinterest_share_type":"","_linkedin_share_type_page":"","_instagram_share_type":"","_medium_share_type":"","_threads_share_type":"","_google_business_share_type":"","_selected_social_profile":[],"_wpsp_enable_custom_social_template":false,"_wpsp_social_scheduling":{"enabled":false,"datetime":null,"platforms":[],"status":"template_only","dateOption":"today","timeOption":"now","customDays":"","customHours":"","customDate":"","customTime":"","schedulingType":"absolute"},"_wpsp_active_default_template":true},"categories":[3],"tags":[],"class_list":["post-603","post","type-post","status-publish","format-standard","has-post-thumbnail","hentry","category-bem-estar"],"acf":[],"yoast_head":"<!-- This site is optimized with the Yoast SEO plugin v26.9 - https:\/\/yoast.com\/product\/yoast-seo-wordpress\/ -->\n<title>Gl\u00fateos Fortes: A Chave para Equil\u00edbrio e Envelhecimento Saud\u00e1vel - ICTDF<\/title>\n<meta name=\"robots\" content=\"index, follow, max-snippet:-1, max-image-preview:large, max-video-preview:-1\" \/>\n<link rel=\"canonical\" href=\"https:\/\/ictdf.synergyecosys.io\/?p=603\" \/>\n<meta property=\"og:locale\" content=\"pt_BR\" \/>\n<meta property=\"og:type\" content=\"article\" \/>\n<meta property=\"og:title\" content=\"Gl\u00fateos Fortes: A Chave para Equil\u00edbrio e Envelhecimento Saud\u00e1vel - ICTDF\" \/>\n<meta property=\"og:description\" content=\"Descubra como gl\u00fateos fortes garantem equil\u00edbrio corporal e promovem um envelhecimento saud\u00e1vel. Dicas simples para fortalecer essa regi\u00e3o e melhorar sua qualidade de vida.\" \/>\n<meta property=\"og:url\" content=\"https:\/\/ictdf.synergyecosys.io\/?p=603\" \/>\n<meta property=\"og:site_name\" content=\"ICTDF\" \/>\n<meta property=\"article:published_time\" content=\"2026-03-29T04:32:53+00:00\" \/>\n<meta name=\"author\" content=\"admin\" \/>\n<meta name=\"twitter:card\" content=\"summary_large_image\" \/>\n<meta name=\"twitter:label1\" content=\"Escrito por\" \/>\n\t<meta name=\"twitter:data1\" content=\"admin\" \/>\n\t<meta name=\"twitter:label2\" content=\"Est. tempo de leitura\" \/>\n\t<meta name=\"twitter:data2\" content=\"3 minutos\" \/>\n<script type=\"application\/ld+json\" class=\"yoast-schema-graph\">{\"@context\":\"https:\/\/schema.org\",\"@graph\":[{\"@type\":\"Article\",\"@id\":\"https:\/\/ictdf.synergyecosys.io\/?p=603#article\",\"isPartOf\":{\"@id\":\"https:\/\/ictdf.synergyecosys.io\/?p=603\"},\"author\":{\"name\":\"admin\",\"@id\":\"https:\/\/ictdf.synergyecosys.io\/#\/schema\/person\/0b4488974b7b485188c0c01cb9f95b21\"},\"headline\":\"Gl\u00fateos Fortes: A Chave para Equil\u00edbrio e Envelhecimento Saud\u00e1vel\",\"datePublished\":\"2026-03-29T04:32:53+00:00\",\"mainEntityOfPage\":{\"@id\":\"https:\/\/ictdf.synergyecosys.io\/?p=603\"},\"wordCount\":571,\"commentCount\":0,\"publisher\":{\"@id\":\"https:\/\/ictdf.synergyecosys.io\/#organization\"},\"image\":{\"@id\":\"https:\/\/ictdf.synergyecosys.io\/?p=603#primaryimage\"},\"thumbnailUrl\":\"https:\/\/ictdf.synergyecosys.io\/wp-content\/uploads\/2026\/03\/imagem-Glyteos-Fortes-Equilybrio-Corporal-e-Envelhecimento-Saudyvel.png\",\"articleSection\":[\"Bem-estar\"],\"inLanguage\":\"pt-BR\",\"potentialAction\":[{\"@type\":\"CommentAction\",\"name\":\"Comment\",\"target\":[\"https:\/\/ictdf.synergyecosys.io\/?p=603#respond\"]}]},{\"@type\":\"WebPage\",\"@id\":\"https:\/\/ictdf.synergyecosys.io\/?p=603\",\"url\":\"https:\/\/ictdf.synergyecosys.io\/?p=603\",\"name\":\"Gl\u00fateos Fortes: A Chave para Equil\u00edbrio e Envelhecimento Saud\u00e1vel - ICTDF\",\"isPartOf\":{\"@id\":\"https:\/\/ictdf.synergyecosys.io\/#website\"},\"primaryImageOfPage\":{\"@id\":\"https:\/\/ictdf.synergyecosys.io\/?p=603#primaryimage\"},\"image\":{\"@id\":\"https:\/\/ictdf.synergyecosys.io\/?p=603#primaryimage\"},\"thumbnailUrl\":\"https:\/\/ictdf.synergyecosys.io\/wp-content\/uploads\/2026\/03\/imagem-Glyteos-Fortes-Equilybrio-Corporal-e-Envelhecimento-Saudyvel.png\",\"datePublished\":\"2026-03-29T04:32:53+00:00\",\"breadcrumb\":{\"@id\":\"https:\/\/ictdf.synergyecosys.io\/?p=603#breadcrumb\"},\"inLanguage\":\"pt-BR\",\"potentialAction\":[{\"@type\":\"ReadAction\",\"target\":[\"https:\/\/ictdf.synergyecosys.io\/?p=603\"]}]},{\"@type\":\"ImageObject\",\"inLanguage\":\"pt-BR\",\"@id\":\"https:\/\/ictdf.synergyecosys.io\/?p=603#primaryimage\",\"url\":\"https:\/\/ictdf.synergyecosys.io\/wp-content\/uploads\/2026\/03\/imagem-Glyteos-Fortes-Equilybrio-Corporal-e-Envelhecimento-Saudyvel.png\",\"contentUrl\":\"https:\/\/ictdf.synergyecosys.io\/wp-content\/uploads\/2026\/03\/imagem-Glyteos-Fortes-Equilybrio-Corporal-e-Envelhecimento-Saudyvel.png\",\"width\":1696,\"height\":960},{\"@type\":\"BreadcrumbList\",\"@id\":\"https:\/\/ictdf.synergyecosys.io\/?p=603#breadcrumb\",\"itemListElement\":[{\"@type\":\"ListItem\",\"position\":1,\"name\":\"In\u00edcio\",\"item\":\"https:\/\/ictdf.synergyecosys.io\/\"},{\"@type\":\"ListItem\",\"position\":2,\"name\":\"Gl\u00fateos Fortes: A Chave para Equil\u00edbrio e Envelhecimento Saud\u00e1vel\"}]},{\"@type\":\"WebSite\",\"@id\":\"https:\/\/ictdf.synergyecosys.io\/#website\",\"url\":\"https:\/\/ictdf.synergyecosys.io\/\",\"name\":\"ICTDF\",\"description\":\"\",\"publisher\":{\"@id\":\"https:\/\/ictdf.synergyecosys.io\/#organization\"},\"potentialAction\":[{\"@type\":\"SearchAction\",\"target\":{\"@type\":\"EntryPoint\",\"urlTemplate\":\"https:\/\/ictdf.synergyecosys.io\/?s={search_term_string}\"},\"query-input\":{\"@type\":\"PropertyValueSpecification\",\"valueRequired\":true,\"valueName\":\"search_term_string\"}}],\"inLanguage\":\"pt-BR\"},{\"@type\":\"Organization\",\"@id\":\"https:\/\/ictdf.synergyecosys.io\/#organization\",\"name\":\"ICTDF\",\"url\":\"https:\/\/ictdf.synergyecosys.io\/\",\"logo\":{\"@type\":\"ImageObject\",\"inLanguage\":\"pt-BR\",\"@id\":\"https:\/\/ictdf.synergyecosys.io\/#\/schema\/logo\/image\/\",\"url\":\"https:\/\/ictdf.synergyecosys.io\/wp-content\/uploads\/2026\/02\/cropped-cropped-ICTDF_logo_transparente.png\",\"contentUrl\":\"https:\/\/ictdf.synergyecosys.io\/wp-content\/uploads\/2026\/02\/cropped-cropped-ICTDF_logo_transparente.png\",\"width\":450,\"height\":141,\"caption\":\"ICTDF\"},\"image\":{\"@id\":\"https:\/\/ictdf.synergyecosys.io\/#\/schema\/logo\/image\/\"}},{\"@type\":\"Person\",\"@id\":\"https:\/\/ictdf.synergyecosys.io\/#\/schema\/person\/0b4488974b7b485188c0c01cb9f95b21\",\"name\":\"admin\",\"image\":{\"@type\":\"ImageObject\",\"inLanguage\":\"pt-BR\",\"@id\":\"https:\/\/ictdf.synergyecosys.io\/#\/schema\/person\/image\/\",\"url\":\"https:\/\/secure.gravatar.com\/avatar\/ee6b87b4bde4f4817334740781bdb6e270748065085879a5aa2018d8006922fa?s=96&d=mm&r=g\",\"contentUrl\":\"https:\/\/secure.gravatar.com\/avatar\/ee6b87b4bde4f4817334740781bdb6e270748065085879a5aa2018d8006922fa?s=96&d=mm&r=g\",\"caption\":\"admin\"},\"sameAs\":[\"https:\/\/ictdf.synergyecosys.io\"],\"url\":\"https:\/\/ictdf.synergyecosys.io\/?author=1\"}]}<\/script>\n<!-- \/ Yoast SEO plugin. -->","yoast_head_json":{"title":"Gl\u00fateos Fortes: A Chave para Equil\u00edbrio e Envelhecimento Saud\u00e1vel - ICTDF","robots":{"index":"index","follow":"follow","max-snippet":"max-snippet:-1","max-image-preview":"max-image-preview:large","max-video-preview":"max-video-preview:-1"},"canonical":"https:\/\/ictdf.synergyecosys.io\/?p=603","og_locale":"pt_BR","og_type":"article","og_title":"Gl\u00fateos Fortes: A Chave para Equil\u00edbrio e Envelhecimento Saud\u00e1vel - ICTDF","og_description":"Descubra como gl\u00fateos fortes garantem equil\u00edbrio corporal e promovem um envelhecimento saud\u00e1vel. Dicas simples para fortalecer essa regi\u00e3o e melhorar sua qualidade de vida.","og_url":"https:\/\/ictdf.synergyecosys.io\/?p=603","og_site_name":"ICTDF","article_published_time":"2026-03-29T04:32:53+00:00","author":"admin","twitter_card":"summary_large_image","twitter_misc":{"Escrito por":"admin","Est. tempo de leitura":"3 minutos"},"schema":{"@context":"https:\/\/schema.org","@graph":[{"@type":"Article","@id":"https:\/\/ictdf.synergyecosys.io\/?p=603#article","isPartOf":{"@id":"https:\/\/ictdf.synergyecosys.io\/?p=603"},"author":{"name":"admin","@id":"https:\/\/ictdf.synergyecosys.io\/#\/schema\/person\/0b4488974b7b485188c0c01cb9f95b21"},"headline":"Gl\u00fateos Fortes: A Chave para Equil\u00edbrio e Envelhecimento Saud\u00e1vel","datePublished":"2026-03-29T04:32:53+00:00","mainEntityOfPage":{"@id":"https:\/\/ictdf.synergyecosys.io\/?p=603"},"wordCount":571,"commentCount":0,"publisher":{"@id":"https:\/\/ictdf.synergyecosys.io\/#organization"},"image":{"@id":"https:\/\/ictdf.synergyecosys.io\/?p=603#primaryimage"},"thumbnailUrl":"https:\/\/ictdf.synergyecosys.io\/wp-content\/uploads\/2026\/03\/imagem-Glyteos-Fortes-Equilybrio-Corporal-e-Envelhecimento-Saudyvel.png","articleSection":["Bem-estar"],"inLanguage":"pt-BR","potentialAction":[{"@type":"CommentAction","name":"Comment","target":["https:\/\/ictdf.synergyecosys.io\/?p=603#respond"]}]},{"@type":"WebPage","@id":"https:\/\/ictdf.synergyecosys.io\/?p=603","url":"https:\/\/ictdf.synergyecosys.io\/?p=603","name":"Gl\u00fateos Fortes: A Chave para Equil\u00edbrio e Envelhecimento Saud\u00e1vel - ICTDF","isPartOf":{"@id":"https:\/\/ictdf.synergyecosys.io\/#website"},"primaryImageOfPage":{"@id":"https:\/\/ictdf.synergyecosys.io\/?p=603#primaryimage"},"image":{"@id":"https:\/\/ictdf.synergyecosys.io\/?p=603#primaryimage"},"thumbnailUrl":"https:\/\/ictdf.synergyecosys.io\/wp-content\/uploads\/2026\/03\/imagem-Glyteos-Fortes-Equilybrio-Corporal-e-Envelhecimento-Saudyvel.png","datePublished":"2026-03-29T04:32:53+00:00","breadcrumb":{"@id":"https:\/\/ictdf.synergyecosys.io\/?p=603#breadcrumb"},"inLanguage":"pt-BR","potentialAction":[{"@type":"ReadAction","target":["https:\/\/ictdf.synergyecosys.io\/?p=603"]}]},{"@type":"ImageObject","inLanguage":"pt-BR","@id":"https:\/\/ictdf.synergyecosys.io\/?p=603#primaryimage","url":"https:\/\/ictdf.synergyecosys.io\/wp-content\/uploads\/2026\/03\/imagem-Glyteos-Fortes-Equilybrio-Corporal-e-Envelhecimento-Saudyvel.png","contentUrl":"https:\/\/ictdf.synergyecosys.io\/wp-content\/uploads\/2026\/03\/imagem-Glyteos-Fortes-Equilybrio-Corporal-e-Envelhecimento-Saudyvel.png","width":1696,"height":960},{"@type":"BreadcrumbList","@id":"https:\/\/ictdf.synergyecosys.io\/?p=603#breadcrumb","itemListElement":[{"@type":"ListItem","position":1,"name":"In\u00edcio","item":"https:\/\/ictdf.synergyecosys.io\/"},{"@type":"ListItem","position":2,"name":"Gl\u00fateos Fortes: A Chave para Equil\u00edbrio e Envelhecimento Saud\u00e1vel"}]},{"@type":"WebSite","@id":"https:\/\/ictdf.synergyecosys.io\/#website","url":"https:\/\/ictdf.synergyecosys.io\/","name":"ICTDF","description":"","publisher":{"@id":"https:\/\/ictdf.synergyecosys.io\/#organization"},"potentialAction":[{"@type":"SearchAction","target":{"@type":"EntryPoint","urlTemplate":"https:\/\/ictdf.synergyecosys.io\/?s={search_term_string}"},"query-input":{"@type":"PropertyValueSpecification","valueRequired":true,"valueName":"search_term_string"}}],"inLanguage":"pt-BR"},{"@type":"Organization","@id":"https:\/\/ictdf.synergyecosys.io\/#organization","name":"ICTDF","url":"https:\/\/ictdf.synergyecosys.io\/","logo":{"@type":"ImageObject","inLanguage":"pt-BR","@id":"https:\/\/ictdf.synergyecosys.io\/#\/schema\/logo\/image\/","url":"https:\/\/ictdf.synergyecosys.io\/wp-content\/uploads\/2026\/02\/cropped-cropped-ICTDF_logo_transparente.png","contentUrl":"https:\/\/ictdf.synergyecosys.io\/wp-content\/uploads\/2026\/02\/cropped-cropped-ICTDF_logo_transparente.png","width":450,"height":141,"caption":"ICTDF"},"image":{"@id":"https:\/\/ictdf.synergyecosys.io\/#\/schema\/logo\/image\/"}},{"@type":"Person","@id":"https:\/\/ictdf.synergyecosys.io\/#\/schema\/person\/0b4488974b7b485188c0c01cb9f95b21","name":"admin","image":{"@type":"ImageObject","inLanguage":"pt-BR","@id":"https:\/\/ictdf.synergyecosys.io\/#\/schema\/person\/image\/","url":"https:\/\/secure.gravatar.com\/avatar\/ee6b87b4bde4f4817334740781bdb6e270748065085879a5aa2018d8006922fa?s=96&d=mm&r=g","contentUrl":"https:\/\/secure.gravatar.com\/avatar\/ee6b87b4bde4f4817334740781bdb6e270748065085879a5aa2018d8006922fa?s=96&d=mm&r=g","caption":"admin"},"sameAs":["https:\/\/ictdf.synergyecosys.io"],"url":"https:\/\/ictdf.synergyecosys.io\/?author=1"}]}},"_links":{"self":[{"href":"https:\/\/ictdf.synergyecosys.io\/index.php?rest_route=\/wp\/v2\/posts\/603","targetHints":{"allow":["GET"]}}],"collection":[{"href":"https:\/\/ictdf.synergyecosys.io\/index.php?rest_route=\/wp\/v2\/posts"}],"about":[{"href":"https:\/\/ictdf.synergyecosys.io\/index.php?rest_route=\/wp\/v2\/types\/post"}],"author":[{"embeddable":true,"href":"https:\/\/ictdf.synergyecosys.io\/index.php?rest_route=\/wp\/v2\/users\/1"}],"replies":[{"embeddable":true,"href":"https:\/\/ictdf.synergyecosys.io\/index.php?rest_route=%2Fwp%2Fv2%2Fcomments&post=603"}],"version-history":[{"count":0,"href":"https:\/\/ictdf.synergyecosys.io\/index.php?rest_route=\/wp\/v2\/posts\/603\/revisions"}],"wp:featuredmedia":[{"embeddable":true,"href":"https:\/\/ictdf.synergyecosys.io\/index.php?rest_route=\/wp\/v2\/media\/602"}],"wp:attachment":[{"href":"https:\/\/ictdf.synergyecosys.io\/index.php?rest_route=%2Fwp%2Fv2%2Fmedia&parent=603"}],"wp:term":[{"taxonomy":"category","embeddable":true,"href":"https:\/\/ictdf.synergyecosys.io\/index.php?rest_route=%2Fwp%2Fv2%2Fcategories&post=603"},{"taxonomy":"post_tag","embeddable":true,"href":"https:\/\/ictdf.synergyecosys.io\/index.php?rest_route=%2Fwp%2Fv2%2Ftags&post=603"}],"curies":[{"name":"wp","href":"https:\/\/api.w.org\/{rel}","templated":true}]}}