{"id":599,"date":"2026-03-27T22:33:08","date_gmt":"2026-03-28T01:33:08","guid":{"rendered":"https:\/\/ictdf.synergyecosys.io\/?p=599"},"modified":"2026-03-27T22:33:08","modified_gmt":"2026-03-28T01:33:08","slug":"enquanto-kennedy-toma-as-redeas-da-politica-alimentar-empresas-contra-atacam","status":"publish","type":"post","link":"https:\/\/ictdf.synergyecosys.io\/?p=599","title":{"rendered":"Enquanto Kennedy Toma as R\u00e9deas da Pol\u00edtica Alimentar, Empresas Contra-Atacam"},"content":{"rendered":"<p>Recentemente, o nome de Robert F. Kennedy Jr., ou RFK Jr., ganhou destaque ao ser indicado para o cargo de Secret\u00e1rio de Sa\u00fade e Servi\u00e7os Humanos nos Estados Unidos. Conhecido por suas posi\u00e7\u00f5es fortes em sa\u00fade p\u00fablica e ambientalismo, Kennedy agora mira na pol\u00edtica alimentar, prometendo reformas que podem sacudir a ind\u00fastria de bilh\u00f5es de d\u00f3lares.<\/p>\n<p>Eu analisei as declara\u00e7\u00f5es dele e percebo que o foco est\u00e1 em combater os alimentos ultraprocessados e aditivos qu\u00edmicos, que ele culpa por epidemias de obesidade e doen\u00e7as cr\u00f4nicas. Mas nem tudo s\u00e3o flores: as grandes empresas do setor j\u00e1 est\u00e3o se mobilizando para barrar essas ideias.<\/p>\n<h2>O Legado de Kennedy na Luta pela Sa\u00fade<\/h2>\n<p>Kennedy vem de uma fam\u00edlia ic\u00f4nica, mas construiu sua carreira como advogado ambiental. Fundou organiza\u00e7\u00f5es como a Waterkeeper Alliance, combatendo polui\u00e7\u00e3o. Agora, com o lema &#8216;Make America Healthy Again&#8217; (MAHA), ele estende essa luta para o prato dos americanos.<\/p>\n<p>Em suas vis\u00f5es, a <strong>pol\u00edtica alimentar<\/strong> atual favorece corpora\u00e7\u00f5es em detrimento da sa\u00fade p\u00fablica. Ele critica o uso excessivo de <em>glifosato<\/em> \u2013 um herbicida comum, que na pr\u00e1tica significa um qu\u00edmico usado em planta\u00e7\u00f5es que pode ser prejudicial \u00e0 sa\u00fade, segundo estudos que ele cita.<\/p>\n<h3>De Ambientalista a Defensor da Nutri\u00e7\u00e3o<\/h3>\n<p>Antes de mergulhar na sa\u00fade, Kennedy lidou com rios polu\u00eddos e pesca sustent\u00e1vel. Essa experi\u00eancia o levou a questionar como a comida chega \u00e0 mesa, conectando polui\u00e7\u00e3o ambiental a problemas nutricionais.<\/p>\n<p>Por exemplo, ele aponta que aditivos como corantes artificiais e a\u00e7\u00facares escondidos em produtos cotidianos contribuem para problemas como diabetes tipo 2.<\/p>\n<h2>Por Que as Empresas Est\u00e3o Preocupadas Agora<\/h2>\n<p>As gigantes da alimenta\u00e7\u00e3o, como produtores de refrigerantes e fast food, veem em Kennedy uma amea\u00e7a real. Suas propostas incluem regulamenta\u00e7\u00f5es mais r\u00edgidas sobre ingredientes e r\u00f3tulos mais transparentes.<\/p>\n<p>Imagine: proibi\u00e7\u00f5es a certos conservantes ou incentivos a org\u00e2nicos. Isso poderia aumentar custos e reduzir lucros, levando a um lobby intenso no Congresso.<\/p>\n<ul>\n<li>Resist\u00eancia de associa\u00e7\u00f5es como a Grocery Manufacturers Association.<\/li>\n<li>Campanhas publicit\u00e1rias para defender &#8216;inova\u00e7\u00f5es&#8217; na comida processada.<\/li>\n<li>Poss\u00edveis a\u00e7\u00f5es judiciais contra novas regras.<\/li>\n<\/ul>\n<h3>Impactos no Dia a Dia dos Consumidores<\/h3>\n<p>Para n\u00f3s, comuns mortais, isso significa op\u00e7\u00f5es mais saud\u00e1veis no supermercado. Mas tamb\u00e9m pre\u00e7os mais altos inicialmente. Eu percebo que fam\u00edlias de baixa renda podem ser as mais afetadas se n\u00e3o houver subs\u00eddios para alimentos frescos.<\/p>\n<p>No entanto, a longo prazo, menos doen\u00e7as poderiam aliviar o sistema de sa\u00fade, beneficiando todos.<\/p>\n<h2>Vislumbrando o Futuro da Alimenta\u00e7\u00e3o Saud\u00e1vel<\/h2>\n<p>Se Kennedy conseguir avan\u00e7ar, tend\u00eancias como agricultura regenerativa e redu\u00e7\u00e3o de pl\u00e1sticos em embalagens podem ganhar for\u00e7a. Pa\u00edses como a Uni\u00e3o Europeia j\u00e1 seguem caminhos semelhantes, servindo de modelo.<\/p>\n<p>Recomendo que fique atento: leia r\u00f3tulos, apoie produtores locais e cobre a\u00e7\u00f5es de seus representantes. Pequenas mudan\u00e7as pessoais somam ao movimento maior.<\/p>\n<h2>Reflex\u00f5es Finais: Uma Oportunidade para Mudan\u00e7a<\/h2>\n<p>Em resumo, enquanto Kennedy toma as r\u00e9deas da pol\u00edtica alimentar, o embate com as empresas destaca a tens\u00e3o entre lucro e bem-estar. Na minha opini\u00e3o, essa batalha pode redefinir como comemos, priorizando sa\u00fade sobre conveni\u00eancia. O que voc\u00ea acha? Vale a pena lutar por um prato mais limpo?<\/p>\n","protected":false},"excerpt":{"rendered":"<p>Descubra como Robert F. Kennedy Jr. desafia as pol\u00edticas alimentares nos EUA, enquanto grandes empresas resistem \u00e0s mudan\u00e7as. Entenda os impactos para sua sa\u00fade e o futuro da nutri\u00e7\u00e3o.<\/p>\n","protected":false},"author":1,"featured_media":598,"comment_status":"open","ping_status":"open","sticky":false,"template":"","format":"standard","meta":{"_acf_changed":false,"_eb_attr":"","footnotes":"","_wpscppro_dont_share_socialmedia":false,"_wpscppro_custom_social_share_image":0,"_facebook_share_type":"","_twitter_share_type":"","_linkedin_share_type":"","_pinterest_share_type":"","_linkedin_share_type_page":"","_instagram_share_type":"","_medium_share_type":"","_threads_share_type":"","_google_business_share_type":"","_selected_social_profile":[],"_wpsp_enable_custom_social_template":false,"_wpsp_social_scheduling":{"enabled":false,"datetime":null,"platforms":[],"status":"template_only","dateOption":"today","timeOption":"now","customDays":"","customHours":"","customDate":"","customTime":"","schedulingType":"absolute"},"_wpsp_active_default_template":true},"categories":[3],"tags":[],"class_list":["post-599","post","type-post","status-publish","format-standard","has-post-thumbnail","hentry","category-bem-estar"],"acf":[],"yoast_head":"<!-- This site is optimized with the Yoast SEO plugin v26.9 - https:\/\/yoast.com\/product\/yoast-seo-wordpress\/ -->\n<title>Enquanto Kennedy Toma as R\u00e9deas da Pol\u00edtica Alimentar, Empresas Contra-Atacam - ICTDF<\/title>\n<meta name=\"robots\" content=\"index, follow, max-snippet:-1, max-image-preview:large, max-video-preview:-1\" \/>\n<link rel=\"canonical\" href=\"https:\/\/ictdf.synergyecosys.io\/?p=599\" \/>\n<meta property=\"og:locale\" content=\"pt_BR\" \/>\n<meta property=\"og:type\" content=\"article\" \/>\n<meta property=\"og:title\" content=\"Enquanto Kennedy Toma as R\u00e9deas da Pol\u00edtica Alimentar, Empresas Contra-Atacam - ICTDF\" \/>\n<meta property=\"og:description\" content=\"Descubra como Robert F. Kennedy Jr. desafia as pol\u00edticas alimentares nos EUA, enquanto grandes empresas resistem \u00e0s mudan\u00e7as. Entenda os impactos para sua sa\u00fade e o futuro da nutri\u00e7\u00e3o.\" \/>\n<meta property=\"og:url\" content=\"https:\/\/ictdf.synergyecosys.io\/?p=599\" \/>\n<meta property=\"og:site_name\" content=\"ICTDF\" \/>\n<meta property=\"article:published_time\" content=\"2026-03-28T01:33:08+00:00\" \/>\n<meta name=\"author\" content=\"admin\" \/>\n<meta name=\"twitter:card\" content=\"summary_large_image\" \/>\n<meta name=\"twitter:label1\" content=\"Escrito por\" \/>\n\t<meta name=\"twitter:data1\" content=\"admin\" \/>\n\t<meta name=\"twitter:label2\" content=\"Est. tempo de leitura\" \/>\n\t<meta name=\"twitter:data2\" content=\"3 minutos\" \/>\n<script type=\"application\/ld+json\" class=\"yoast-schema-graph\">{\"@context\":\"https:\/\/schema.org\",\"@graph\":[{\"@type\":\"Article\",\"@id\":\"https:\/\/ictdf.synergyecosys.io\/?p=599#article\",\"isPartOf\":{\"@id\":\"https:\/\/ictdf.synergyecosys.io\/?p=599\"},\"author\":{\"name\":\"admin\",\"@id\":\"https:\/\/ictdf.synergyecosys.io\/#\/schema\/person\/0b4488974b7b485188c0c01cb9f95b21\"},\"headline\":\"Enquanto Kennedy Toma as R\u00e9deas da Pol\u00edtica Alimentar, Empresas Contra-Atacam\",\"datePublished\":\"2026-03-28T01:33:08+00:00\",\"mainEntityOfPage\":{\"@id\":\"https:\/\/ictdf.synergyecosys.io\/?p=599\"},\"wordCount\":593,\"commentCount\":0,\"publisher\":{\"@id\":\"https:\/\/ictdf.synergyecosys.io\/#organization\"},\"image\":{\"@id\":\"https:\/\/ictdf.synergyecosys.io\/?p=599#primaryimage\"},\"thumbnailUrl\":\"https:\/\/ictdf.synergyecosys.io\/wp-content\/uploads\/2026\/03\/imagem-Kennedy-Enfrenta-Polytica-de-Alimentos-Empresas-Reagem.png\",\"articleSection\":[\"Bem-estar\"],\"inLanguage\":\"pt-BR\",\"potentialAction\":[{\"@type\":\"CommentAction\",\"name\":\"Comment\",\"target\":[\"https:\/\/ictdf.synergyecosys.io\/?p=599#respond\"]}]},{\"@type\":\"WebPage\",\"@id\":\"https:\/\/ictdf.synergyecosys.io\/?p=599\",\"url\":\"https:\/\/ictdf.synergyecosys.io\/?p=599\",\"name\":\"Enquanto Kennedy Toma as R\u00e9deas da Pol\u00edtica Alimentar, Empresas Contra-Atacam - ICTDF\",\"isPartOf\":{\"@id\":\"https:\/\/ictdf.synergyecosys.io\/#website\"},\"primaryImageOfPage\":{\"@id\":\"https:\/\/ictdf.synergyecosys.io\/?p=599#primaryimage\"},\"image\":{\"@id\":\"https:\/\/ictdf.synergyecosys.io\/?p=599#primaryimage\"},\"thumbnailUrl\":\"https:\/\/ictdf.synergyecosys.io\/wp-content\/uploads\/2026\/03\/imagem-Kennedy-Enfrenta-Polytica-de-Alimentos-Empresas-Reagem.png\",\"datePublished\":\"2026-03-28T01:33:08+00:00\",\"breadcrumb\":{\"@id\":\"https:\/\/ictdf.synergyecosys.io\/?p=599#breadcrumb\"},\"inLanguage\":\"pt-BR\",\"potentialAction\":[{\"@type\":\"ReadAction\",\"target\":[\"https:\/\/ictdf.synergyecosys.io\/?p=599\"]}]},{\"@type\":\"ImageObject\",\"inLanguage\":\"pt-BR\",\"@id\":\"https:\/\/ictdf.synergyecosys.io\/?p=599#primaryimage\",\"url\":\"https:\/\/ictdf.synergyecosys.io\/wp-content\/uploads\/2026\/03\/imagem-Kennedy-Enfrenta-Polytica-de-Alimentos-Empresas-Reagem.png\",\"contentUrl\":\"https:\/\/ictdf.synergyecosys.io\/wp-content\/uploads\/2026\/03\/imagem-Kennedy-Enfrenta-Polytica-de-Alimentos-Empresas-Reagem.png\",\"width\":1696,\"height\":960},{\"@type\":\"BreadcrumbList\",\"@id\":\"https:\/\/ictdf.synergyecosys.io\/?p=599#breadcrumb\",\"itemListElement\":[{\"@type\":\"ListItem\",\"position\":1,\"name\":\"In\u00edcio\",\"item\":\"https:\/\/ictdf.synergyecosys.io\/\"},{\"@type\":\"ListItem\",\"position\":2,\"name\":\"Enquanto Kennedy Toma as R\u00e9deas da Pol\u00edtica Alimentar, Empresas Contra-Atacam\"}]},{\"@type\":\"WebSite\",\"@id\":\"https:\/\/ictdf.synergyecosys.io\/#website\",\"url\":\"https:\/\/ictdf.synergyecosys.io\/\",\"name\":\"ICTDF\",\"description\":\"\",\"publisher\":{\"@id\":\"https:\/\/ictdf.synergyecosys.io\/#organization\"},\"potentialAction\":[{\"@type\":\"SearchAction\",\"target\":{\"@type\":\"EntryPoint\",\"urlTemplate\":\"https:\/\/ictdf.synergyecosys.io\/?s={search_term_string}\"},\"query-input\":{\"@type\":\"PropertyValueSpecification\",\"valueRequired\":true,\"valueName\":\"search_term_string\"}}],\"inLanguage\":\"pt-BR\"},{\"@type\":\"Organization\",\"@id\":\"https:\/\/ictdf.synergyecosys.io\/#organization\",\"name\":\"ICTDF\",\"url\":\"https:\/\/ictdf.synergyecosys.io\/\",\"logo\":{\"@type\":\"ImageObject\",\"inLanguage\":\"pt-BR\",\"@id\":\"https:\/\/ictdf.synergyecosys.io\/#\/schema\/logo\/image\/\",\"url\":\"https:\/\/ictdf.synergyecosys.io\/wp-content\/uploads\/2026\/02\/cropped-cropped-ICTDF_logo_transparente.png\",\"contentUrl\":\"https:\/\/ictdf.synergyecosys.io\/wp-content\/uploads\/2026\/02\/cropped-cropped-ICTDF_logo_transparente.png\",\"width\":450,\"height\":141,\"caption\":\"ICTDF\"},\"image\":{\"@id\":\"https:\/\/ictdf.synergyecosys.io\/#\/schema\/logo\/image\/\"}},{\"@type\":\"Person\",\"@id\":\"https:\/\/ictdf.synergyecosys.io\/#\/schema\/person\/0b4488974b7b485188c0c01cb9f95b21\",\"name\":\"admin\",\"image\":{\"@type\":\"ImageObject\",\"inLanguage\":\"pt-BR\",\"@id\":\"https:\/\/ictdf.synergyecosys.io\/#\/schema\/person\/image\/\",\"url\":\"https:\/\/secure.gravatar.com\/avatar\/ee6b87b4bde4f4817334740781bdb6e270748065085879a5aa2018d8006922fa?s=96&d=mm&r=g\",\"contentUrl\":\"https:\/\/secure.gravatar.com\/avatar\/ee6b87b4bde4f4817334740781bdb6e270748065085879a5aa2018d8006922fa?s=96&d=mm&r=g\",\"caption\":\"admin\"},\"sameAs\":[\"https:\/\/ictdf.synergyecosys.io\"],\"url\":\"https:\/\/ictdf.synergyecosys.io\/?author=1\"}]}<\/script>\n<!-- \/ Yoast SEO plugin. -->","yoast_head_json":{"title":"Enquanto Kennedy Toma as R\u00e9deas da Pol\u00edtica Alimentar, Empresas Contra-Atacam - ICTDF","robots":{"index":"index","follow":"follow","max-snippet":"max-snippet:-1","max-image-preview":"max-image-preview:large","max-video-preview":"max-video-preview:-1"},"canonical":"https:\/\/ictdf.synergyecosys.io\/?p=599","og_locale":"pt_BR","og_type":"article","og_title":"Enquanto Kennedy Toma as R\u00e9deas da Pol\u00edtica Alimentar, Empresas Contra-Atacam - ICTDF","og_description":"Descubra como Robert F. Kennedy Jr. desafia as pol\u00edticas alimentares nos EUA, enquanto grandes empresas resistem \u00e0s mudan\u00e7as. Entenda os impactos para sua sa\u00fade e o futuro da nutri\u00e7\u00e3o.","og_url":"https:\/\/ictdf.synergyecosys.io\/?p=599","og_site_name":"ICTDF","article_published_time":"2026-03-28T01:33:08+00:00","author":"admin","twitter_card":"summary_large_image","twitter_misc":{"Escrito por":"admin","Est. tempo de leitura":"3 minutos"},"schema":{"@context":"https:\/\/schema.org","@graph":[{"@type":"Article","@id":"https:\/\/ictdf.synergyecosys.io\/?p=599#article","isPartOf":{"@id":"https:\/\/ictdf.synergyecosys.io\/?p=599"},"author":{"name":"admin","@id":"https:\/\/ictdf.synergyecosys.io\/#\/schema\/person\/0b4488974b7b485188c0c01cb9f95b21"},"headline":"Enquanto Kennedy Toma as R\u00e9deas da Pol\u00edtica Alimentar, Empresas Contra-Atacam","datePublished":"2026-03-28T01:33:08+00:00","mainEntityOfPage":{"@id":"https:\/\/ictdf.synergyecosys.io\/?p=599"},"wordCount":593,"commentCount":0,"publisher":{"@id":"https:\/\/ictdf.synergyecosys.io\/#organization"},"image":{"@id":"https:\/\/ictdf.synergyecosys.io\/?p=599#primaryimage"},"thumbnailUrl":"https:\/\/ictdf.synergyecosys.io\/wp-content\/uploads\/2026\/03\/imagem-Kennedy-Enfrenta-Polytica-de-Alimentos-Empresas-Reagem.png","articleSection":["Bem-estar"],"inLanguage":"pt-BR","potentialAction":[{"@type":"CommentAction","name":"Comment","target":["https:\/\/ictdf.synergyecosys.io\/?p=599#respond"]}]},{"@type":"WebPage","@id":"https:\/\/ictdf.synergyecosys.io\/?p=599","url":"https:\/\/ictdf.synergyecosys.io\/?p=599","name":"Enquanto Kennedy Toma as R\u00e9deas da Pol\u00edtica Alimentar, Empresas Contra-Atacam - ICTDF","isPartOf":{"@id":"https:\/\/ictdf.synergyecosys.io\/#website"},"primaryImageOfPage":{"@id":"https:\/\/ictdf.synergyecosys.io\/?p=599#primaryimage"},"image":{"@id":"https:\/\/ictdf.synergyecosys.io\/?p=599#primaryimage"},"thumbnailUrl":"https:\/\/ictdf.synergyecosys.io\/wp-content\/uploads\/2026\/03\/imagem-Kennedy-Enfrenta-Polytica-de-Alimentos-Empresas-Reagem.png","datePublished":"2026-03-28T01:33:08+00:00","breadcrumb":{"@id":"https:\/\/ictdf.synergyecosys.io\/?p=599#breadcrumb"},"inLanguage":"pt-BR","potentialAction":[{"@type":"ReadAction","target":["https:\/\/ictdf.synergyecosys.io\/?p=599"]}]},{"@type":"ImageObject","inLanguage":"pt-BR","@id":"https:\/\/ictdf.synergyecosys.io\/?p=599#primaryimage","url":"https:\/\/ictdf.synergyecosys.io\/wp-content\/uploads\/2026\/03\/imagem-Kennedy-Enfrenta-Polytica-de-Alimentos-Empresas-Reagem.png","contentUrl":"https:\/\/ictdf.synergyecosys.io\/wp-content\/uploads\/2026\/03\/imagem-Kennedy-Enfrenta-Polytica-de-Alimentos-Empresas-Reagem.png","width":1696,"height":960},{"@type":"BreadcrumbList","@id":"https:\/\/ictdf.synergyecosys.io\/?p=599#breadcrumb","itemListElement":[{"@type":"ListItem","position":1,"name":"In\u00edcio","item":"https:\/\/ictdf.synergyecosys.io\/"},{"@type":"ListItem","position":2,"name":"Enquanto Kennedy Toma as R\u00e9deas da Pol\u00edtica Alimentar, Empresas Contra-Atacam"}]},{"@type":"WebSite","@id":"https:\/\/ictdf.synergyecosys.io\/#website","url":"https:\/\/ictdf.synergyecosys.io\/","name":"ICTDF","description":"","publisher":{"@id":"https:\/\/ictdf.synergyecosys.io\/#organization"},"potentialAction":[{"@type":"SearchAction","target":{"@type":"EntryPoint","urlTemplate":"https:\/\/ictdf.synergyecosys.io\/?s={search_term_string}"},"query-input":{"@type":"PropertyValueSpecification","valueRequired":true,"valueName":"search_term_string"}}],"inLanguage":"pt-BR"},{"@type":"Organization","@id":"https:\/\/ictdf.synergyecosys.io\/#organization","name":"ICTDF","url":"https:\/\/ictdf.synergyecosys.io\/","logo":{"@type":"ImageObject","inLanguage":"pt-BR","@id":"https:\/\/ictdf.synergyecosys.io\/#\/schema\/logo\/image\/","url":"https:\/\/ictdf.synergyecosys.io\/wp-content\/uploads\/2026\/02\/cropped-cropped-ICTDF_logo_transparente.png","contentUrl":"https:\/\/ictdf.synergyecosys.io\/wp-content\/uploads\/2026\/02\/cropped-cropped-ICTDF_logo_transparente.png","width":450,"height":141,"caption":"ICTDF"},"image":{"@id":"https:\/\/ictdf.synergyecosys.io\/#\/schema\/logo\/image\/"}},{"@type":"Person","@id":"https:\/\/ictdf.synergyecosys.io\/#\/schema\/person\/0b4488974b7b485188c0c01cb9f95b21","name":"admin","image":{"@type":"ImageObject","inLanguage":"pt-BR","@id":"https:\/\/ictdf.synergyecosys.io\/#\/schema\/person\/image\/","url":"https:\/\/secure.gravatar.com\/avatar\/ee6b87b4bde4f4817334740781bdb6e270748065085879a5aa2018d8006922fa?s=96&d=mm&r=g","contentUrl":"https:\/\/secure.gravatar.com\/avatar\/ee6b87b4bde4f4817334740781bdb6e270748065085879a5aa2018d8006922fa?s=96&d=mm&r=g","caption":"admin"},"sameAs":["https:\/\/ictdf.synergyecosys.io"],"url":"https:\/\/ictdf.synergyecosys.io\/?author=1"}]}},"_links":{"self":[{"href":"https:\/\/ictdf.synergyecosys.io\/index.php?rest_route=\/wp\/v2\/posts\/599","targetHints":{"allow":["GET"]}}],"collection":[{"href":"https:\/\/ictdf.synergyecosys.io\/index.php?rest_route=\/wp\/v2\/posts"}],"about":[{"href":"https:\/\/ictdf.synergyecosys.io\/index.php?rest_route=\/wp\/v2\/types\/post"}],"author":[{"embeddable":true,"href":"https:\/\/ictdf.synergyecosys.io\/index.php?rest_route=\/wp\/v2\/users\/1"}],"replies":[{"embeddable":true,"href":"https:\/\/ictdf.synergyecosys.io\/index.php?rest_route=%2Fwp%2Fv2%2Fcomments&post=599"}],"version-history":[{"count":0,"href":"https:\/\/ictdf.synergyecosys.io\/index.php?rest_route=\/wp\/v2\/posts\/599\/revisions"}],"wp:featuredmedia":[{"embeddable":true,"href":"https:\/\/ictdf.synergyecosys.io\/index.php?rest_route=\/wp\/v2\/media\/598"}],"wp:attachment":[{"href":"https:\/\/ictdf.synergyecosys.io\/index.php?rest_route=%2Fwp%2Fv2%2Fmedia&parent=599"}],"wp:term":[{"taxonomy":"category","embeddable":true,"href":"https:\/\/ictdf.synergyecosys.io\/index.php?rest_route=%2Fwp%2Fv2%2Fcategories&post=599"},{"taxonomy":"post_tag","embeddable":true,"href":"https:\/\/ictdf.synergyecosys.io\/index.php?rest_route=%2Fwp%2Fv2%2Ftags&post=599"}],"curies":[{"name":"wp","href":"https:\/\/api.w.org\/{rel}","templated":true}]}}