{"id":591,"date":"2026-03-27T10:33:08","date_gmt":"2026-03-27T13:33:08","guid":{"rendered":"https:\/\/ictdf.synergyecosys.io\/?p=591"},"modified":"2026-03-27T10:33:08","modified_gmt":"2026-03-27T13:33:08","slug":"sempre-que-saia-da-agua-passava-mal-a-pesquisa-sobre-contaminacao-no-litoral-de-sc","status":"publish","type":"post","link":"https:\/\/ictdf.synergyecosys.io\/?p=591","title":{"rendered":"\u201cSempre que sa\u00eda da \u00e1gua passava mal\u201d: a pesquisa sobre contamina\u00e7\u00e3o no litoral de SC"},"content":{"rendered":"<p>Imagine sair de um mergulho revigorante na praia e, minutos depois, sentir n\u00e1useas e mal-estar. Essa foi a realidade de uma nadadora dedicada no litoral de Santa Catarina. Ela decidiu investigar o que estava acontecendo e descobriu algo alarmante: a contamina\u00e7\u00e3o das \u00e1guas costeiras. Neste artigo, vamos explorar essa quest\u00e3o de forma simples e acess\u00edvel, para que voc\u00ea entenda os riscos e como se proteger.<\/p>\n<p>Eu analisei relatos e estudos sobre o tema e percebi que problemas como esse s\u00e3o mais comuns do que imaginamos. Vamos descomplicar o assunto juntos.<\/p>\n<h2>O que est\u00e1 por tr\u00e1s da contamina\u00e7\u00e3o nas praias de SC?<\/h2>\n<p>O litoral de Santa Catarina \u00e9 um para\u00edso para banhistas, com praias lindas como Florian\u00f3polis e Balne\u00e1rio Cambori\u00fa. Mas, nem sempre as \u00e1guas s\u00e3o t\u00e3o limpas quanto parecem. A contamina\u00e7\u00e3o ocorre principalmente por esgoto n\u00e3o tratado que des\u00e1gua no mar. Isso libera bact\u00e9rias como os <strong>coliformes fecais<\/strong>, que s\u00e3o indicadores de polui\u00e7\u00e3o por fezes humanas ou animais.<\/p>\n<p>Para entender melhor, coliformes fecais s\u00e3o um grupo de bact\u00e9rias que vivem no intestino. Sua presen\u00e7a na \u00e1gua sinaliza risco de doen\u00e7as. Em SC, chuvas fortes agravam o problema, levando lixo e esgoto para o oceano.<\/p>\n<h3>Causas principais identificadas<\/h3>\n<p>Entre as causas, destacam-se a falta de saneamento b\u00e1sico em algumas \u00e1reas e o turismo intenso, que sobrecarrega o sistema. Relat\u00f3rios do Instituto do Meio Ambiente de SC (IMA) mostram pontos cr\u00edticos em praias populares.<\/p>\n<h2>Como isso afeta a sa\u00fade das pessoas?<\/h2>\n<p>A nadadora que inspirou esta hist\u00f3ria relatou sintomas como v\u00f4mitos e diarreia sempre que nadava. Esses s\u00e3o sinais cl\u00e1ssicos de infec\u00e7\u00f5es por bact\u00e9rias ou parasitas na \u00e1gua contaminada. Outros riscos incluem problemas de pele, olhos irritados e, em casos graves, hepatite A.<\/p>\n<p>N\u00e3o \u00e9 s\u00f3 quem nada que sofre. Pescadores e comunidades costeiras tamb\u00e9m enfrentam impactos, com frutos do mar contaminados entrando na cadeia alimentar. Na minha vis\u00e3o, isso afeta n\u00e3o s\u00f3 a sa\u00fade individual, mas a economia local, com praias fechadas durante a temporada.<\/p>\n<ul>\n<li>Sintomas comuns: n\u00e1useas, febre, infec\u00e7\u00f5es gastrointestinais.<\/li>\n<li>Grupos vulner\u00e1veis: crian\u00e7as, idosos e pessoas com imunidade baixa.<\/li>\n<li>Impacto ambiental: morte de peixes e algas t\u00f3xicas, alterando o ecossistema.<\/li>\n<\/ul>\n<h2>Os esfor\u00e7os de pesquisa e conscientiza\u00e7\u00e3o<\/h2>\n<p>A nadadora em quest\u00e3o n\u00e3o parou no mal-estar. Ela come\u00e7ou a coletar amostras de \u00e1gua e enviar para an\u00e1lise, contribuindo para projetos citizen science. Iniciativas como essas s\u00e3o vitais para mapear \u00e1reas problem\u00e1ticas.<\/p>\n<p>Estudos mostram que, apesar de avan\u00e7os no saneamento, ainda h\u00e1 desafios. Tend\u00eancias indicam que com mais fiscaliza\u00e7\u00e3o e investimentos, podemos ver melhorias nos pr\u00f3ximos anos.<\/p>\n<h3>Possibilidades futuras<\/h3>\n<p>Recomendo verificar bandeiras de alerta nas praias e optar por locais monitorados. Governos e ONGs est\u00e3o trabalhando em solu\u00e7\u00f5es sustent\u00e1veis, como esta\u00e7\u00f5es de tratamento avan\u00e7adas.<\/p>\n<h2>Reflex\u00f5es sobre um litoral mais limpo<\/h2>\n<p>Essa hist\u00f3ria nos lembra que o prazer de um dia na praia pode vir com riscos ocultos. Mas h\u00e1 esperan\u00e7a: com conscientiza\u00e7\u00e3o e a\u00e7\u00f5es coletivas, podemos preservar o litoral de SC para gera\u00e7\u00f5es futuras. Que tal come\u00e7ar verificando a qualidade da \u00e1gua na sua praia favorita? Sua sa\u00fade agradece.<\/p>\n","protected":false},"excerpt":{"rendered":"<p>Descubra a hist\u00f3ria de uma nadadora que sentia mal ao sair da \u00e1gua no litoral de Santa Catarina. Entenda a contamina\u00e7\u00e3o das praias e como isso afeta nossa sa\u00fade e o meio ambiente. Dicas para proteger-se.<\/p>\n","protected":false},"author":1,"featured_media":590,"comment_status":"open","ping_status":"open","sticky":false,"template":"","format":"standard","meta":{"_acf_changed":false,"_eb_attr":"","footnotes":"","_wpscppro_dont_share_socialmedia":false,"_wpscppro_custom_social_share_image":0,"_facebook_share_type":"","_twitter_share_type":"","_linkedin_share_type":"","_pinterest_share_type":"","_linkedin_share_type_page":"","_instagram_share_type":"","_medium_share_type":"","_threads_share_type":"","_google_business_share_type":"","_selected_social_profile":[],"_wpsp_enable_custom_social_template":false,"_wpsp_social_scheduling":{"enabled":false,"datetime":null,"platforms":[],"status":"template_only","dateOption":"today","timeOption":"now","customDays":"","customHours":"","customDate":"","customTime":"","schedulingType":"absolute"},"_wpsp_active_default_template":true},"categories":[3],"tags":[],"class_list":["post-591","post","type-post","status-publish","format-standard","has-post-thumbnail","hentry","category-bem-estar"],"acf":[],"yoast_head":"<!-- This site is optimized with the Yoast SEO plugin v26.9 - https:\/\/yoast.com\/product\/yoast-seo-wordpress\/ -->\n<title>\u201cSempre que sa\u00eda da \u00e1gua passava mal\u201d: a pesquisa sobre contamina\u00e7\u00e3o no litoral de SC - ICTDF<\/title>\n<meta name=\"robots\" content=\"index, follow, max-snippet:-1, max-image-preview:large, max-video-preview:-1\" \/>\n<link rel=\"canonical\" href=\"https:\/\/ictdf.synergyecosys.io\/?p=591\" \/>\n<meta property=\"og:locale\" content=\"pt_BR\" \/>\n<meta property=\"og:type\" content=\"article\" \/>\n<meta property=\"og:title\" content=\"\u201cSempre que sa\u00eda da \u00e1gua passava mal\u201d: a pesquisa sobre contamina\u00e7\u00e3o no litoral de SC - ICTDF\" \/>\n<meta property=\"og:description\" content=\"Descubra a hist\u00f3ria de uma nadadora que sentia mal ao sair da \u00e1gua no litoral de Santa Catarina. Entenda a contamina\u00e7\u00e3o das praias e como isso afeta nossa sa\u00fade e o meio ambiente. Dicas para proteger-se.\" \/>\n<meta property=\"og:url\" content=\"https:\/\/ictdf.synergyecosys.io\/?p=591\" \/>\n<meta property=\"og:site_name\" content=\"ICTDF\" \/>\n<meta property=\"article:published_time\" content=\"2026-03-27T13:33:08+00:00\" \/>\n<meta name=\"author\" content=\"admin\" \/>\n<meta name=\"twitter:card\" content=\"summary_large_image\" \/>\n<meta name=\"twitter:label1\" content=\"Escrito por\" \/>\n\t<meta name=\"twitter:data1\" content=\"admin\" \/>\n\t<meta name=\"twitter:label2\" content=\"Est. tempo de leitura\" \/>\n\t<meta name=\"twitter:data2\" content=\"3 minutos\" \/>\n<script type=\"application\/ld+json\" class=\"yoast-schema-graph\">{\"@context\":\"https:\/\/schema.org\",\"@graph\":[{\"@type\":\"Article\",\"@id\":\"https:\/\/ictdf.synergyecosys.io\/?p=591#article\",\"isPartOf\":{\"@id\":\"https:\/\/ictdf.synergyecosys.io\/?p=591\"},\"author\":{\"name\":\"admin\",\"@id\":\"https:\/\/ictdf.synergyecosys.io\/#\/schema\/person\/0b4488974b7b485188c0c01cb9f95b21\"},\"headline\":\"\u201cSempre que sa\u00eda da \u00e1gua passava mal\u201d: a pesquisa sobre contamina\u00e7\u00e3o no litoral de SC\",\"datePublished\":\"2026-03-27T13:33:08+00:00\",\"mainEntityOfPage\":{\"@id\":\"https:\/\/ictdf.synergyecosys.io\/?p=591\"},\"wordCount\":578,\"commentCount\":0,\"publisher\":{\"@id\":\"https:\/\/ictdf.synergyecosys.io\/#organization\"},\"image\":{\"@id\":\"https:\/\/ictdf.synergyecosys.io\/?p=591#primaryimage\"},\"thumbnailUrl\":\"https:\/\/ictdf.synergyecosys.io\/wp-content\/uploads\/2026\/03\/imagem-Contaminayyo-no-litoral-de-SC-nadadora-passa-mal-apys-nado.png\",\"articleSection\":[\"Bem-estar\"],\"inLanguage\":\"pt-BR\",\"potentialAction\":[{\"@type\":\"CommentAction\",\"name\":\"Comment\",\"target\":[\"https:\/\/ictdf.synergyecosys.io\/?p=591#respond\"]}]},{\"@type\":\"WebPage\",\"@id\":\"https:\/\/ictdf.synergyecosys.io\/?p=591\",\"url\":\"https:\/\/ictdf.synergyecosys.io\/?p=591\",\"name\":\"\u201cSempre que sa\u00eda da \u00e1gua passava mal\u201d: a pesquisa sobre contamina\u00e7\u00e3o no litoral de SC - ICTDF\",\"isPartOf\":{\"@id\":\"https:\/\/ictdf.synergyecosys.io\/#website\"},\"primaryImageOfPage\":{\"@id\":\"https:\/\/ictdf.synergyecosys.io\/?p=591#primaryimage\"},\"image\":{\"@id\":\"https:\/\/ictdf.synergyecosys.io\/?p=591#primaryimage\"},\"thumbnailUrl\":\"https:\/\/ictdf.synergyecosys.io\/wp-content\/uploads\/2026\/03\/imagem-Contaminayyo-no-litoral-de-SC-nadadora-passa-mal-apys-nado.png\",\"datePublished\":\"2026-03-27T13:33:08+00:00\",\"breadcrumb\":{\"@id\":\"https:\/\/ictdf.synergyecosys.io\/?p=591#breadcrumb\"},\"inLanguage\":\"pt-BR\",\"potentialAction\":[{\"@type\":\"ReadAction\",\"target\":[\"https:\/\/ictdf.synergyecosys.io\/?p=591\"]}]},{\"@type\":\"ImageObject\",\"inLanguage\":\"pt-BR\",\"@id\":\"https:\/\/ictdf.synergyecosys.io\/?p=591#primaryimage\",\"url\":\"https:\/\/ictdf.synergyecosys.io\/wp-content\/uploads\/2026\/03\/imagem-Contaminayyo-no-litoral-de-SC-nadadora-passa-mal-apys-nado.png\",\"contentUrl\":\"https:\/\/ictdf.synergyecosys.io\/wp-content\/uploads\/2026\/03\/imagem-Contaminayyo-no-litoral-de-SC-nadadora-passa-mal-apys-nado.png\",\"width\":1696,\"height\":960},{\"@type\":\"BreadcrumbList\",\"@id\":\"https:\/\/ictdf.synergyecosys.io\/?p=591#breadcrumb\",\"itemListElement\":[{\"@type\":\"ListItem\",\"position\":1,\"name\":\"In\u00edcio\",\"item\":\"https:\/\/ictdf.synergyecosys.io\/\"},{\"@type\":\"ListItem\",\"position\":2,\"name\":\"\u201cSempre que sa\u00eda da \u00e1gua passava mal\u201d: a pesquisa sobre contamina\u00e7\u00e3o no litoral de SC\"}]},{\"@type\":\"WebSite\",\"@id\":\"https:\/\/ictdf.synergyecosys.io\/#website\",\"url\":\"https:\/\/ictdf.synergyecosys.io\/\",\"name\":\"ICTDF\",\"description\":\"\",\"publisher\":{\"@id\":\"https:\/\/ictdf.synergyecosys.io\/#organization\"},\"potentialAction\":[{\"@type\":\"SearchAction\",\"target\":{\"@type\":\"EntryPoint\",\"urlTemplate\":\"https:\/\/ictdf.synergyecosys.io\/?s={search_term_string}\"},\"query-input\":{\"@type\":\"PropertyValueSpecification\",\"valueRequired\":true,\"valueName\":\"search_term_string\"}}],\"inLanguage\":\"pt-BR\"},{\"@type\":\"Organization\",\"@id\":\"https:\/\/ictdf.synergyecosys.io\/#organization\",\"name\":\"ICTDF\",\"url\":\"https:\/\/ictdf.synergyecosys.io\/\",\"logo\":{\"@type\":\"ImageObject\",\"inLanguage\":\"pt-BR\",\"@id\":\"https:\/\/ictdf.synergyecosys.io\/#\/schema\/logo\/image\/\",\"url\":\"https:\/\/ictdf.synergyecosys.io\/wp-content\/uploads\/2026\/02\/cropped-cropped-ICTDF_logo_transparente.png\",\"contentUrl\":\"https:\/\/ictdf.synergyecosys.io\/wp-content\/uploads\/2026\/02\/cropped-cropped-ICTDF_logo_transparente.png\",\"width\":450,\"height\":141,\"caption\":\"ICTDF\"},\"image\":{\"@id\":\"https:\/\/ictdf.synergyecosys.io\/#\/schema\/logo\/image\/\"}},{\"@type\":\"Person\",\"@id\":\"https:\/\/ictdf.synergyecosys.io\/#\/schema\/person\/0b4488974b7b485188c0c01cb9f95b21\",\"name\":\"admin\",\"image\":{\"@type\":\"ImageObject\",\"inLanguage\":\"pt-BR\",\"@id\":\"https:\/\/ictdf.synergyecosys.io\/#\/schema\/person\/image\/\",\"url\":\"https:\/\/secure.gravatar.com\/avatar\/ee6b87b4bde4f4817334740781bdb6e270748065085879a5aa2018d8006922fa?s=96&d=mm&r=g\",\"contentUrl\":\"https:\/\/secure.gravatar.com\/avatar\/ee6b87b4bde4f4817334740781bdb6e270748065085879a5aa2018d8006922fa?s=96&d=mm&r=g\",\"caption\":\"admin\"},\"sameAs\":[\"https:\/\/ictdf.synergyecosys.io\"],\"url\":\"https:\/\/ictdf.synergyecosys.io\/?author=1\"}]}<\/script>\n<!-- \/ Yoast SEO plugin. -->","yoast_head_json":{"title":"\u201cSempre que sa\u00eda da \u00e1gua passava mal\u201d: a pesquisa sobre contamina\u00e7\u00e3o no litoral de SC - ICTDF","robots":{"index":"index","follow":"follow","max-snippet":"max-snippet:-1","max-image-preview":"max-image-preview:large","max-video-preview":"max-video-preview:-1"},"canonical":"https:\/\/ictdf.synergyecosys.io\/?p=591","og_locale":"pt_BR","og_type":"article","og_title":"\u201cSempre que sa\u00eda da \u00e1gua passava mal\u201d: a pesquisa sobre contamina\u00e7\u00e3o no litoral de SC - ICTDF","og_description":"Descubra a hist\u00f3ria de uma nadadora que sentia mal ao sair da \u00e1gua no litoral de Santa Catarina. Entenda a contamina\u00e7\u00e3o das praias e como isso afeta nossa sa\u00fade e o meio ambiente. Dicas para proteger-se.","og_url":"https:\/\/ictdf.synergyecosys.io\/?p=591","og_site_name":"ICTDF","article_published_time":"2026-03-27T13:33:08+00:00","author":"admin","twitter_card":"summary_large_image","twitter_misc":{"Escrito por":"admin","Est. tempo de leitura":"3 minutos"},"schema":{"@context":"https:\/\/schema.org","@graph":[{"@type":"Article","@id":"https:\/\/ictdf.synergyecosys.io\/?p=591#article","isPartOf":{"@id":"https:\/\/ictdf.synergyecosys.io\/?p=591"},"author":{"name":"admin","@id":"https:\/\/ictdf.synergyecosys.io\/#\/schema\/person\/0b4488974b7b485188c0c01cb9f95b21"},"headline":"\u201cSempre que sa\u00eda da \u00e1gua passava mal\u201d: a pesquisa sobre contamina\u00e7\u00e3o no litoral de SC","datePublished":"2026-03-27T13:33:08+00:00","mainEntityOfPage":{"@id":"https:\/\/ictdf.synergyecosys.io\/?p=591"},"wordCount":578,"commentCount":0,"publisher":{"@id":"https:\/\/ictdf.synergyecosys.io\/#organization"},"image":{"@id":"https:\/\/ictdf.synergyecosys.io\/?p=591#primaryimage"},"thumbnailUrl":"https:\/\/ictdf.synergyecosys.io\/wp-content\/uploads\/2026\/03\/imagem-Contaminayyo-no-litoral-de-SC-nadadora-passa-mal-apys-nado.png","articleSection":["Bem-estar"],"inLanguage":"pt-BR","potentialAction":[{"@type":"CommentAction","name":"Comment","target":["https:\/\/ictdf.synergyecosys.io\/?p=591#respond"]}]},{"@type":"WebPage","@id":"https:\/\/ictdf.synergyecosys.io\/?p=591","url":"https:\/\/ictdf.synergyecosys.io\/?p=591","name":"\u201cSempre que sa\u00eda da \u00e1gua passava mal\u201d: a pesquisa sobre contamina\u00e7\u00e3o no litoral de SC - ICTDF","isPartOf":{"@id":"https:\/\/ictdf.synergyecosys.io\/#website"},"primaryImageOfPage":{"@id":"https:\/\/ictdf.synergyecosys.io\/?p=591#primaryimage"},"image":{"@id":"https:\/\/ictdf.synergyecosys.io\/?p=591#primaryimage"},"thumbnailUrl":"https:\/\/ictdf.synergyecosys.io\/wp-content\/uploads\/2026\/03\/imagem-Contaminayyo-no-litoral-de-SC-nadadora-passa-mal-apys-nado.png","datePublished":"2026-03-27T13:33:08+00:00","breadcrumb":{"@id":"https:\/\/ictdf.synergyecosys.io\/?p=591#breadcrumb"},"inLanguage":"pt-BR","potentialAction":[{"@type":"ReadAction","target":["https:\/\/ictdf.synergyecosys.io\/?p=591"]}]},{"@type":"ImageObject","inLanguage":"pt-BR","@id":"https:\/\/ictdf.synergyecosys.io\/?p=591#primaryimage","url":"https:\/\/ictdf.synergyecosys.io\/wp-content\/uploads\/2026\/03\/imagem-Contaminayyo-no-litoral-de-SC-nadadora-passa-mal-apys-nado.png","contentUrl":"https:\/\/ictdf.synergyecosys.io\/wp-content\/uploads\/2026\/03\/imagem-Contaminayyo-no-litoral-de-SC-nadadora-passa-mal-apys-nado.png","width":1696,"height":960},{"@type":"BreadcrumbList","@id":"https:\/\/ictdf.synergyecosys.io\/?p=591#breadcrumb","itemListElement":[{"@type":"ListItem","position":1,"name":"In\u00edcio","item":"https:\/\/ictdf.synergyecosys.io\/"},{"@type":"ListItem","position":2,"name":"\u201cSempre que sa\u00eda da \u00e1gua passava mal\u201d: a pesquisa sobre contamina\u00e7\u00e3o no litoral de SC"}]},{"@type":"WebSite","@id":"https:\/\/ictdf.synergyecosys.io\/#website","url":"https:\/\/ictdf.synergyecosys.io\/","name":"ICTDF","description":"","publisher":{"@id":"https:\/\/ictdf.synergyecosys.io\/#organization"},"potentialAction":[{"@type":"SearchAction","target":{"@type":"EntryPoint","urlTemplate":"https:\/\/ictdf.synergyecosys.io\/?s={search_term_string}"},"query-input":{"@type":"PropertyValueSpecification","valueRequired":true,"valueName":"search_term_string"}}],"inLanguage":"pt-BR"},{"@type":"Organization","@id":"https:\/\/ictdf.synergyecosys.io\/#organization","name":"ICTDF","url":"https:\/\/ictdf.synergyecosys.io\/","logo":{"@type":"ImageObject","inLanguage":"pt-BR","@id":"https:\/\/ictdf.synergyecosys.io\/#\/schema\/logo\/image\/","url":"https:\/\/ictdf.synergyecosys.io\/wp-content\/uploads\/2026\/02\/cropped-cropped-ICTDF_logo_transparente.png","contentUrl":"https:\/\/ictdf.synergyecosys.io\/wp-content\/uploads\/2026\/02\/cropped-cropped-ICTDF_logo_transparente.png","width":450,"height":141,"caption":"ICTDF"},"image":{"@id":"https:\/\/ictdf.synergyecosys.io\/#\/schema\/logo\/image\/"}},{"@type":"Person","@id":"https:\/\/ictdf.synergyecosys.io\/#\/schema\/person\/0b4488974b7b485188c0c01cb9f95b21","name":"admin","image":{"@type":"ImageObject","inLanguage":"pt-BR","@id":"https:\/\/ictdf.synergyecosys.io\/#\/schema\/person\/image\/","url":"https:\/\/secure.gravatar.com\/avatar\/ee6b87b4bde4f4817334740781bdb6e270748065085879a5aa2018d8006922fa?s=96&d=mm&r=g","contentUrl":"https:\/\/secure.gravatar.com\/avatar\/ee6b87b4bde4f4817334740781bdb6e270748065085879a5aa2018d8006922fa?s=96&d=mm&r=g","caption":"admin"},"sameAs":["https:\/\/ictdf.synergyecosys.io"],"url":"https:\/\/ictdf.synergyecosys.io\/?author=1"}]}},"_links":{"self":[{"href":"https:\/\/ictdf.synergyecosys.io\/index.php?rest_route=\/wp\/v2\/posts\/591","targetHints":{"allow":["GET"]}}],"collection":[{"href":"https:\/\/ictdf.synergyecosys.io\/index.php?rest_route=\/wp\/v2\/posts"}],"about":[{"href":"https:\/\/ictdf.synergyecosys.io\/index.php?rest_route=\/wp\/v2\/types\/post"}],"author":[{"embeddable":true,"href":"https:\/\/ictdf.synergyecosys.io\/index.php?rest_route=\/wp\/v2\/users\/1"}],"replies":[{"embeddable":true,"href":"https:\/\/ictdf.synergyecosys.io\/index.php?rest_route=%2Fwp%2Fv2%2Fcomments&post=591"}],"version-history":[{"count":0,"href":"https:\/\/ictdf.synergyecosys.io\/index.php?rest_route=\/wp\/v2\/posts\/591\/revisions"}],"wp:featuredmedia":[{"embeddable":true,"href":"https:\/\/ictdf.synergyecosys.io\/index.php?rest_route=\/wp\/v2\/media\/590"}],"wp:attachment":[{"href":"https:\/\/ictdf.synergyecosys.io\/index.php?rest_route=%2Fwp%2Fv2%2Fmedia&parent=591"}],"wp:term":[{"taxonomy":"category","embeddable":true,"href":"https:\/\/ictdf.synergyecosys.io\/index.php?rest_route=%2Fwp%2Fv2%2Fcategories&post=591"},{"taxonomy":"post_tag","embeddable":true,"href":"https:\/\/ictdf.synergyecosys.io\/index.php?rest_route=%2Fwp%2Fv2%2Ftags&post=591"}],"curies":[{"name":"wp","href":"https:\/\/api.w.org\/{rel}","templated":true}]}}