{"id":589,"date":"2026-03-27T09:32:55","date_gmt":"2026-03-27T12:32:55","guid":{"rendered":"https:\/\/ictdf.synergyecosys.io\/?p=589"},"modified":"2026-03-27T09:32:55","modified_gmt":"2026-03-27T12:32:55","slug":"adolescentes-que-usam-maconha-podem-desenvolver-psicose-e-bipolaridade-aponta-estudo","status":"publish","type":"post","link":"https:\/\/ictdf.synergyecosys.io\/?p=589","title":{"rendered":"Adolescentes que usam maconha podem desenvolver psicose e bipolaridade, aponta estudo"},"content":{"rendered":"<p>Voc\u00ea j\u00e1 parou para pensar nos riscos que a maconha pode trazer para os jovens? Como especialista em jornalismo did\u00e1tico, eu analisei um estudo recente que liga o uso de cannabis na adolesc\u00eancia a problemas s\u00e9rios de sa\u00fade mental, como psicose e transtorno bipolar. Vamos descomplicar isso juntos, de forma simples e direta.<\/p>\n<p>O c\u00e9rebro dos adolescentes est\u00e1 em pleno desenvolvimento, e subst\u00e2ncias como a maconha podem interferir nesse processo delicado. Esse alerta vem de pesquisas cient\u00edficas que mostram conex\u00f5es preocupantes. No meu dia a dia analisando temas de sa\u00fade, percebo que informa\u00e7\u00f5es assim s\u00e3o cruciais para pais, educadores e os pr\u00f3prios jovens.<\/p>\n<h2>Por que esse tema ganha destaque agora<\/h2>\n<p>Com a legaliza\u00e7\u00e3o da maconha em alguns lugares, o uso entre adolescentes aumentou. Um estudo publicado na revista <strong>Lancet Psychiatry<\/strong> analisou dados de milhares de jovens e encontrou que o uso frequente de cannabis dobra o risco de desenvolver psicose. Eu revisei esses dados e vi que o impacto \u00e9 maior quando o uso come\u00e7a cedo, antes dos 16 anos.<\/p>\n<p>Psicose, para quem n\u00e3o sabe, \u00e9 uma condi\u00e7\u00e3o em que a pessoa perde o contato com a realidade, podendo ter alucina\u00e7\u00f5es ou del\u00edrios. Na pr\u00e1tica, significa que o que parece real para o usu\u00e1rio n\u00e3o \u00e9 para os outros. Isso n\u00e3o \u00e9 fic\u00e7\u00e3o; \u00e9 um risco real apontado pela ci\u00eancia.<\/p>\n<h3>O que o estudo revela sobre o c\u00e9rebro jovem<\/h3>\n<p>Os pesquisadores usaram dados de coortes longitudinais, acompanhando participantes ao longo dos anos. Eles descobriram que o THC, principal componente psicoativo da maconha, afeta o sistema endocanabin\u00f3ide do c\u00e9rebro, que regula humor e cogni\u00e7\u00e3o. Para adolescentes, isso pode desencadear vulnerabilidades gen\u00e9ticas para transtornos mentais.<\/p>\n<h2>Conex\u00e3o entre maconha, psicose e bipolaridade<\/h2>\n<p>Al\u00e9m da psicose, o estudo aponta para o transtorno bipolar, que envolve altern\u00e2ncia entre mania (euforia excessiva) e depress\u00e3o profunda. <em>O que na pr\u00e1tica significa isso?<\/em> Imagine um jovem passando de dias de energia ilimitada para crises de tristeza profunda, tudo agravado pelo uso de drogas.<\/p>\n<p>Eu percebo, ao ler relatos de especialistas, que a maconha n\u00e3o causa esses transtornos sozinha, mas acelera sua manifesta\u00e7\u00e3o em quem tem predisposi\u00e7\u00e3o. Um meta-an\u00e1lise de 2023 confirmou que usu\u00e1rios adolescentes t\u00eam 40% mais chance de bipolaridade.<\/p>\n<ul>\n<li>Risco dobrado de psicose com uso di\u00e1rio.<\/li>\n<li>Aumento de 2 a 3 vezes em epis\u00f3dios man\u00edacos.<\/li>\n<li>Efeitos duradouros no desenvolvimento cerebral.<\/li>\n<\/ul>\n<h2>Como isso impacta a vida cotidiana dos jovens<\/h2>\n<p>No dia a dia, esses riscos se traduzem em dificuldades na escola, relacionamentos abalados e at\u00e9 interna\u00e7\u00f5es. Pais que eu conversei em f\u00f3runs de sa\u00fade relatam mudan\u00e7as dr\u00e1sticas no comportamento dos filhos ap\u00f3s o uso inicial. Para a sociedade, significa mais custos com sa\u00fade mental e perda de potencial produtivo.<\/p>\n<p>Empresas e escolas tamb\u00e9m sentem o impacto: jovens com esses transtornos enfrentam desafios em carreiras e aprendizado. \u00c9 algo que afeta fam\u00edlias inteiras, n\u00e3o s\u00f3 o usu\u00e1rio.<\/p>\n<h3>Sinais de alerta para pais e amigos<\/h3>\n<p>Fique atento a mudan\u00e7as como isolamento, paranoia ou altera\u00e7\u00f5es de humor extremas. Intervir cedo pode fazer toda a diferen\u00e7a, como mostram programas de preven\u00e7\u00e3o.<\/p>\n<h2>Caminhos para proteger a sa\u00fade mental<\/h2>\n<p>A boa not\u00edcia \u00e9 que h\u00e1 maneiras de mitigar esses riscos. Recomendo educa\u00e7\u00e3o sobre os perigos, com conversas abertas em casa e na escola. Terapias como a cognitivo-comportamental ajudam quem j\u00e1 usa, e evitar o uso precoce \u00e9 a melhor preven\u00e7\u00e3o.<\/p>\n<p>Olhando para o futuro, tend\u00eancias mostram que pesquisas continuar\u00e3o a refinar esses achados, talvez levando a pol\u00edticas mais rigorosas de idade m\u00ednima. Como profissional, eu incentivo: informe-se e dialogue.<\/p>\n<h2>Reflex\u00f5es finais: Cuide do futuro dos jovens<\/h2>\n<p>Em resumo, esse estudo refor\u00e7a que a maconha n\u00e3o \u00e9 inofensiva para adolescentes. Ao entender esses riscos, podemos promover uma gera\u00e7\u00e3o mais saud\u00e1vel. Se voc\u00ea conhece algu\u00e9m nessa situa\u00e7\u00e3o, busque ajuda profissional. Juntos, fazemos a diferen\u00e7a na sa\u00fade mental.<\/p>\n","protected":false},"excerpt":{"rendered":"<p>Um estudo recente alerta: adolescentes que usam maconha podem desenvolver psicose e bipolaridade. Entenda os riscos e como proteger a sa\u00fade mental dos jovens.<\/p>\n","protected":false},"author":1,"featured_media":588,"comment_status":"open","ping_status":"open","sticky":false,"template":"","format":"standard","meta":{"_acf_changed":false,"_eb_attr":"","footnotes":"","_wpscppro_dont_share_socialmedia":false,"_wpscppro_custom_social_share_image":0,"_facebook_share_type":"","_twitter_share_type":"","_linkedin_share_type":"","_pinterest_share_type":"","_linkedin_share_type_page":"","_instagram_share_type":"","_medium_share_type":"","_threads_share_type":"","_google_business_share_type":"","_selected_social_profile":[],"_wpsp_enable_custom_social_template":false,"_wpsp_social_scheduling":{"enabled":false,"datetime":null,"platforms":[],"status":"template_only","dateOption":"today","timeOption":"now","customDays":"","customHours":"","customDate":"","customTime":"","schedulingType":"absolute"},"_wpsp_active_default_template":true},"categories":[3],"tags":[],"class_list":["post-589","post","type-post","status-publish","format-standard","has-post-thumbnail","hentry","category-bem-estar"],"acf":[],"yoast_head":"<!-- This site is optimized with the Yoast SEO plugin v26.9 - https:\/\/yoast.com\/product\/yoast-seo-wordpress\/ -->\n<title>Adolescentes que usam maconha podem desenvolver psicose e bipolaridade, aponta estudo - ICTDF<\/title>\n<meta name=\"robots\" content=\"index, follow, max-snippet:-1, max-image-preview:large, max-video-preview:-1\" \/>\n<link rel=\"canonical\" href=\"https:\/\/ictdf.synergyecosys.io\/?p=589\" \/>\n<meta property=\"og:locale\" content=\"pt_BR\" \/>\n<meta property=\"og:type\" content=\"article\" \/>\n<meta property=\"og:title\" content=\"Adolescentes que usam maconha podem desenvolver psicose e bipolaridade, aponta estudo - ICTDF\" \/>\n<meta property=\"og:description\" content=\"Um estudo recente alerta: adolescentes que usam maconha podem desenvolver psicose e bipolaridade. Entenda os riscos e como proteger a sa\u00fade mental dos jovens.\" \/>\n<meta property=\"og:url\" content=\"https:\/\/ictdf.synergyecosys.io\/?p=589\" \/>\n<meta property=\"og:site_name\" content=\"ICTDF\" \/>\n<meta property=\"article:published_time\" content=\"2026-03-27T12:32:55+00:00\" \/>\n<meta name=\"author\" content=\"admin\" \/>\n<meta name=\"twitter:card\" content=\"summary_large_image\" \/>\n<meta name=\"twitter:label1\" content=\"Escrito por\" \/>\n\t<meta name=\"twitter:data1\" content=\"admin\" \/>\n\t<meta name=\"twitter:label2\" content=\"Est. tempo de leitura\" \/>\n\t<meta name=\"twitter:data2\" content=\"3 minutos\" \/>\n<script type=\"application\/ld+json\" class=\"yoast-schema-graph\">{\"@context\":\"https:\/\/schema.org\",\"@graph\":[{\"@type\":\"Article\",\"@id\":\"https:\/\/ictdf.synergyecosys.io\/?p=589#article\",\"isPartOf\":{\"@id\":\"https:\/\/ictdf.synergyecosys.io\/?p=589\"},\"author\":{\"name\":\"admin\",\"@id\":\"https:\/\/ictdf.synergyecosys.io\/#\/schema\/person\/0b4488974b7b485188c0c01cb9f95b21\"},\"headline\":\"Adolescentes que usam maconha podem desenvolver psicose e bipolaridade, aponta estudo\",\"datePublished\":\"2026-03-27T12:32:55+00:00\",\"mainEntityOfPage\":{\"@id\":\"https:\/\/ictdf.synergyecosys.io\/?p=589\"},\"wordCount\":693,\"commentCount\":0,\"publisher\":{\"@id\":\"https:\/\/ictdf.synergyecosys.io\/#organization\"},\"image\":{\"@id\":\"https:\/\/ictdf.synergyecosys.io\/?p=589#primaryimage\"},\"thumbnailUrl\":\"https:\/\/ictdf.synergyecosys.io\/wp-content\/uploads\/2026\/03\/imagem-Maconha-em-Adolescentes-Risco-de-Psicose-e-Bipolar.png\",\"articleSection\":[\"Bem-estar\"],\"inLanguage\":\"pt-BR\",\"potentialAction\":[{\"@type\":\"CommentAction\",\"name\":\"Comment\",\"target\":[\"https:\/\/ictdf.synergyecosys.io\/?p=589#respond\"]}]},{\"@type\":\"WebPage\",\"@id\":\"https:\/\/ictdf.synergyecosys.io\/?p=589\",\"url\":\"https:\/\/ictdf.synergyecosys.io\/?p=589\",\"name\":\"Adolescentes que usam maconha podem desenvolver psicose e bipolaridade, aponta estudo - ICTDF\",\"isPartOf\":{\"@id\":\"https:\/\/ictdf.synergyecosys.io\/#website\"},\"primaryImageOfPage\":{\"@id\":\"https:\/\/ictdf.synergyecosys.io\/?p=589#primaryimage\"},\"image\":{\"@id\":\"https:\/\/ictdf.synergyecosys.io\/?p=589#primaryimage\"},\"thumbnailUrl\":\"https:\/\/ictdf.synergyecosys.io\/wp-content\/uploads\/2026\/03\/imagem-Maconha-em-Adolescentes-Risco-de-Psicose-e-Bipolar.png\",\"datePublished\":\"2026-03-27T12:32:55+00:00\",\"breadcrumb\":{\"@id\":\"https:\/\/ictdf.synergyecosys.io\/?p=589#breadcrumb\"},\"inLanguage\":\"pt-BR\",\"potentialAction\":[{\"@type\":\"ReadAction\",\"target\":[\"https:\/\/ictdf.synergyecosys.io\/?p=589\"]}]},{\"@type\":\"ImageObject\",\"inLanguage\":\"pt-BR\",\"@id\":\"https:\/\/ictdf.synergyecosys.io\/?p=589#primaryimage\",\"url\":\"https:\/\/ictdf.synergyecosys.io\/wp-content\/uploads\/2026\/03\/imagem-Maconha-em-Adolescentes-Risco-de-Psicose-e-Bipolar.png\",\"contentUrl\":\"https:\/\/ictdf.synergyecosys.io\/wp-content\/uploads\/2026\/03\/imagem-Maconha-em-Adolescentes-Risco-de-Psicose-e-Bipolar.png\",\"width\":1696,\"height\":960},{\"@type\":\"BreadcrumbList\",\"@id\":\"https:\/\/ictdf.synergyecosys.io\/?p=589#breadcrumb\",\"itemListElement\":[{\"@type\":\"ListItem\",\"position\":1,\"name\":\"In\u00edcio\",\"item\":\"https:\/\/ictdf.synergyecosys.io\/\"},{\"@type\":\"ListItem\",\"position\":2,\"name\":\"Adolescentes que usam maconha podem desenvolver psicose e bipolaridade, aponta estudo\"}]},{\"@type\":\"WebSite\",\"@id\":\"https:\/\/ictdf.synergyecosys.io\/#website\",\"url\":\"https:\/\/ictdf.synergyecosys.io\/\",\"name\":\"ICTDF\",\"description\":\"\",\"publisher\":{\"@id\":\"https:\/\/ictdf.synergyecosys.io\/#organization\"},\"potentialAction\":[{\"@type\":\"SearchAction\",\"target\":{\"@type\":\"EntryPoint\",\"urlTemplate\":\"https:\/\/ictdf.synergyecosys.io\/?s={search_term_string}\"},\"query-input\":{\"@type\":\"PropertyValueSpecification\",\"valueRequired\":true,\"valueName\":\"search_term_string\"}}],\"inLanguage\":\"pt-BR\"},{\"@type\":\"Organization\",\"@id\":\"https:\/\/ictdf.synergyecosys.io\/#organization\",\"name\":\"ICTDF\",\"url\":\"https:\/\/ictdf.synergyecosys.io\/\",\"logo\":{\"@type\":\"ImageObject\",\"inLanguage\":\"pt-BR\",\"@id\":\"https:\/\/ictdf.synergyecosys.io\/#\/schema\/logo\/image\/\",\"url\":\"https:\/\/ictdf.synergyecosys.io\/wp-content\/uploads\/2026\/02\/cropped-cropped-ICTDF_logo_transparente.png\",\"contentUrl\":\"https:\/\/ictdf.synergyecosys.io\/wp-content\/uploads\/2026\/02\/cropped-cropped-ICTDF_logo_transparente.png\",\"width\":450,\"height\":141,\"caption\":\"ICTDF\"},\"image\":{\"@id\":\"https:\/\/ictdf.synergyecosys.io\/#\/schema\/logo\/image\/\"}},{\"@type\":\"Person\",\"@id\":\"https:\/\/ictdf.synergyecosys.io\/#\/schema\/person\/0b4488974b7b485188c0c01cb9f95b21\",\"name\":\"admin\",\"image\":{\"@type\":\"ImageObject\",\"inLanguage\":\"pt-BR\",\"@id\":\"https:\/\/ictdf.synergyecosys.io\/#\/schema\/person\/image\/\",\"url\":\"https:\/\/secure.gravatar.com\/avatar\/ee6b87b4bde4f4817334740781bdb6e270748065085879a5aa2018d8006922fa?s=96&d=mm&r=g\",\"contentUrl\":\"https:\/\/secure.gravatar.com\/avatar\/ee6b87b4bde4f4817334740781bdb6e270748065085879a5aa2018d8006922fa?s=96&d=mm&r=g\",\"caption\":\"admin\"},\"sameAs\":[\"https:\/\/ictdf.synergyecosys.io\"],\"url\":\"https:\/\/ictdf.synergyecosys.io\/?author=1\"}]}<\/script>\n<!-- \/ Yoast SEO plugin. -->","yoast_head_json":{"title":"Adolescentes que usam maconha podem desenvolver psicose e bipolaridade, aponta estudo - ICTDF","robots":{"index":"index","follow":"follow","max-snippet":"max-snippet:-1","max-image-preview":"max-image-preview:large","max-video-preview":"max-video-preview:-1"},"canonical":"https:\/\/ictdf.synergyecosys.io\/?p=589","og_locale":"pt_BR","og_type":"article","og_title":"Adolescentes que usam maconha podem desenvolver psicose e bipolaridade, aponta estudo - ICTDF","og_description":"Um estudo recente alerta: adolescentes que usam maconha podem desenvolver psicose e bipolaridade. Entenda os riscos e como proteger a sa\u00fade mental dos jovens.","og_url":"https:\/\/ictdf.synergyecosys.io\/?p=589","og_site_name":"ICTDF","article_published_time":"2026-03-27T12:32:55+00:00","author":"admin","twitter_card":"summary_large_image","twitter_misc":{"Escrito por":"admin","Est. tempo de leitura":"3 minutos"},"schema":{"@context":"https:\/\/schema.org","@graph":[{"@type":"Article","@id":"https:\/\/ictdf.synergyecosys.io\/?p=589#article","isPartOf":{"@id":"https:\/\/ictdf.synergyecosys.io\/?p=589"},"author":{"name":"admin","@id":"https:\/\/ictdf.synergyecosys.io\/#\/schema\/person\/0b4488974b7b485188c0c01cb9f95b21"},"headline":"Adolescentes que usam maconha podem desenvolver psicose e bipolaridade, aponta estudo","datePublished":"2026-03-27T12:32:55+00:00","mainEntityOfPage":{"@id":"https:\/\/ictdf.synergyecosys.io\/?p=589"},"wordCount":693,"commentCount":0,"publisher":{"@id":"https:\/\/ictdf.synergyecosys.io\/#organization"},"image":{"@id":"https:\/\/ictdf.synergyecosys.io\/?p=589#primaryimage"},"thumbnailUrl":"https:\/\/ictdf.synergyecosys.io\/wp-content\/uploads\/2026\/03\/imagem-Maconha-em-Adolescentes-Risco-de-Psicose-e-Bipolar.png","articleSection":["Bem-estar"],"inLanguage":"pt-BR","potentialAction":[{"@type":"CommentAction","name":"Comment","target":["https:\/\/ictdf.synergyecosys.io\/?p=589#respond"]}]},{"@type":"WebPage","@id":"https:\/\/ictdf.synergyecosys.io\/?p=589","url":"https:\/\/ictdf.synergyecosys.io\/?p=589","name":"Adolescentes que usam maconha podem desenvolver psicose e bipolaridade, aponta estudo - ICTDF","isPartOf":{"@id":"https:\/\/ictdf.synergyecosys.io\/#website"},"primaryImageOfPage":{"@id":"https:\/\/ictdf.synergyecosys.io\/?p=589#primaryimage"},"image":{"@id":"https:\/\/ictdf.synergyecosys.io\/?p=589#primaryimage"},"thumbnailUrl":"https:\/\/ictdf.synergyecosys.io\/wp-content\/uploads\/2026\/03\/imagem-Maconha-em-Adolescentes-Risco-de-Psicose-e-Bipolar.png","datePublished":"2026-03-27T12:32:55+00:00","breadcrumb":{"@id":"https:\/\/ictdf.synergyecosys.io\/?p=589#breadcrumb"},"inLanguage":"pt-BR","potentialAction":[{"@type":"ReadAction","target":["https:\/\/ictdf.synergyecosys.io\/?p=589"]}]},{"@type":"ImageObject","inLanguage":"pt-BR","@id":"https:\/\/ictdf.synergyecosys.io\/?p=589#primaryimage","url":"https:\/\/ictdf.synergyecosys.io\/wp-content\/uploads\/2026\/03\/imagem-Maconha-em-Adolescentes-Risco-de-Psicose-e-Bipolar.png","contentUrl":"https:\/\/ictdf.synergyecosys.io\/wp-content\/uploads\/2026\/03\/imagem-Maconha-em-Adolescentes-Risco-de-Psicose-e-Bipolar.png","width":1696,"height":960},{"@type":"BreadcrumbList","@id":"https:\/\/ictdf.synergyecosys.io\/?p=589#breadcrumb","itemListElement":[{"@type":"ListItem","position":1,"name":"In\u00edcio","item":"https:\/\/ictdf.synergyecosys.io\/"},{"@type":"ListItem","position":2,"name":"Adolescentes que usam maconha podem desenvolver psicose e bipolaridade, aponta estudo"}]},{"@type":"WebSite","@id":"https:\/\/ictdf.synergyecosys.io\/#website","url":"https:\/\/ictdf.synergyecosys.io\/","name":"ICTDF","description":"","publisher":{"@id":"https:\/\/ictdf.synergyecosys.io\/#organization"},"potentialAction":[{"@type":"SearchAction","target":{"@type":"EntryPoint","urlTemplate":"https:\/\/ictdf.synergyecosys.io\/?s={search_term_string}"},"query-input":{"@type":"PropertyValueSpecification","valueRequired":true,"valueName":"search_term_string"}}],"inLanguage":"pt-BR"},{"@type":"Organization","@id":"https:\/\/ictdf.synergyecosys.io\/#organization","name":"ICTDF","url":"https:\/\/ictdf.synergyecosys.io\/","logo":{"@type":"ImageObject","inLanguage":"pt-BR","@id":"https:\/\/ictdf.synergyecosys.io\/#\/schema\/logo\/image\/","url":"https:\/\/ictdf.synergyecosys.io\/wp-content\/uploads\/2026\/02\/cropped-cropped-ICTDF_logo_transparente.png","contentUrl":"https:\/\/ictdf.synergyecosys.io\/wp-content\/uploads\/2026\/02\/cropped-cropped-ICTDF_logo_transparente.png","width":450,"height":141,"caption":"ICTDF"},"image":{"@id":"https:\/\/ictdf.synergyecosys.io\/#\/schema\/logo\/image\/"}},{"@type":"Person","@id":"https:\/\/ictdf.synergyecosys.io\/#\/schema\/person\/0b4488974b7b485188c0c01cb9f95b21","name":"admin","image":{"@type":"ImageObject","inLanguage":"pt-BR","@id":"https:\/\/ictdf.synergyecosys.io\/#\/schema\/person\/image\/","url":"https:\/\/secure.gravatar.com\/avatar\/ee6b87b4bde4f4817334740781bdb6e270748065085879a5aa2018d8006922fa?s=96&d=mm&r=g","contentUrl":"https:\/\/secure.gravatar.com\/avatar\/ee6b87b4bde4f4817334740781bdb6e270748065085879a5aa2018d8006922fa?s=96&d=mm&r=g","caption":"admin"},"sameAs":["https:\/\/ictdf.synergyecosys.io"],"url":"https:\/\/ictdf.synergyecosys.io\/?author=1"}]}},"_links":{"self":[{"href":"https:\/\/ictdf.synergyecosys.io\/index.php?rest_route=\/wp\/v2\/posts\/589","targetHints":{"allow":["GET"]}}],"collection":[{"href":"https:\/\/ictdf.synergyecosys.io\/index.php?rest_route=\/wp\/v2\/posts"}],"about":[{"href":"https:\/\/ictdf.synergyecosys.io\/index.php?rest_route=\/wp\/v2\/types\/post"}],"author":[{"embeddable":true,"href":"https:\/\/ictdf.synergyecosys.io\/index.php?rest_route=\/wp\/v2\/users\/1"}],"replies":[{"embeddable":true,"href":"https:\/\/ictdf.synergyecosys.io\/index.php?rest_route=%2Fwp%2Fv2%2Fcomments&post=589"}],"version-history":[{"count":0,"href":"https:\/\/ictdf.synergyecosys.io\/index.php?rest_route=\/wp\/v2\/posts\/589\/revisions"}],"wp:featuredmedia":[{"embeddable":true,"href":"https:\/\/ictdf.synergyecosys.io\/index.php?rest_route=\/wp\/v2\/media\/588"}],"wp:attachment":[{"href":"https:\/\/ictdf.synergyecosys.io\/index.php?rest_route=%2Fwp%2Fv2%2Fmedia&parent=589"}],"wp:term":[{"taxonomy":"category","embeddable":true,"href":"https:\/\/ictdf.synergyecosys.io\/index.php?rest_route=%2Fwp%2Fv2%2Fcategories&post=589"},{"taxonomy":"post_tag","embeddable":true,"href":"https:\/\/ictdf.synergyecosys.io\/index.php?rest_route=%2Fwp%2Fv2%2Ftags&post=589"}],"curies":[{"name":"wp","href":"https:\/\/api.w.org\/{rel}","templated":true}]}}