{"id":587,"date":"2026-03-27T05:32:50","date_gmt":"2026-03-27T08:32:50","guid":{"rendered":"https:\/\/ictdf.synergyecosys.io\/?p=587"},"modified":"2026-03-27T05:32:50","modified_gmt":"2026-03-27T08:32:50","slug":"emocoes-negativas-e-o-risco-de-cancer-o-que-a-ciencia-realmente-diz","status":"publish","type":"post","link":"https:\/\/ictdf.synergyecosys.io\/?p=587","title":{"rendered":"Emo\u00e7\u00f5es Negativas e o Risco de C\u00e2ncer: O Que a Ci\u00eancia Realmente Diz"},"content":{"rendered":"<p>Voc\u00ea j\u00e1 se perguntou se o estresse do dia a dia pode realmente causar c\u00e2ncer? Muita gente acredita nisso, mas uma revis\u00e3o recente de 22 estudos vem para esclarecer: emo\u00e7\u00f5es negativas n\u00e3o elevam o risco da maioria dos tipos de c\u00e2ncer. Vamos explorar isso de forma simples e direta.<\/p>\n<h2>Por Que Esse Mito Persiste?<\/h2>\n<p>Desde sempre, associamos emo\u00e7\u00f5es ruins \u00e0 sa\u00fade prec\u00e1ria. O estresse cr\u00f4nico, a ansiedade e a depress\u00e3o parecem &#8216;envenenar&#8217; o corpo. Na minha experi\u00eancia analisando temas de sa\u00fade, vejo que isso vem de observa\u00e7\u00f5es antigas e hist\u00f3rias pessoais. Mas a ci\u00eancia moderna questiona essa liga\u00e7\u00e3o direta com o c\u00e2ncer.<\/p>\n<p>Estudos iniciais sugeriam conex\u00f5es, mas muitos eram limitados. Eles n\u00e3o diferenciavam causa e efeito, nem controlavam fatores como h\u00e1bitos de vida.<\/p>\n<h3>O Papel do Estresse Oxidativo<\/h3>\n<p>O <strong>estresse oxidativo<\/strong>, que \u00e9 um desequil\u00edbrio qu\u00edmico nas c\u00e9lulas causado por radicais livres, est\u00e1 ligado ao c\u00e2ncer. Mas emo\u00e7\u00f5es negativas indiretamente podem contribuir via comportamentos ruins, como fumar mais ou comer mal, n\u00e3o diretamente.<\/p>\n<h2>O Que Revela a Revis\u00e3o de 22 Estudos?<\/h2>\n<p>Essa an\u00e1lise abrangente, publicada recentemente, examinou dados de milhares de pessoas. O veredicto? Para a maioria dos c\u00e2nceres \u2013 como mama, pulm\u00e3o e c\u00f3lon \u2013 n\u00e3o h\u00e1 evid\u00eancia de que emo\u00e7\u00f5es negativas aumentem o risco.<\/p>\n<p>Exce\u00e7\u00f5es existem, como poss\u00edvel liga\u00e7\u00e3o com linfomas, mas s\u00e3o raras. Os pesquisadores enfatizam que fatores gen\u00e9ticos, ambientais e estilo de vida s\u00e3o os principais culpados.<\/p>\n<ul>\n<li>Estresse n\u00e3o causa muta\u00e7\u00f5es no DNA diretamente.<\/li>\n<li>Emo\u00e7\u00f5es ruins afetam o sistema imunol\u00f3gico, mas n\u00e3o o suficiente para iniciar c\u00e2ncer.<\/li>\n<li>Suporte psicol\u00f3gico ajuda na preven\u00e7\u00e3o indireta, promovendo h\u00e1bitos saud\u00e1veis.<\/li>\n<\/ul>\n<h2>Como Isso Afeta Sua Vida Di\u00e1ria?<\/h2>\n<p>Saber disso alivia uma carga enorme. Se voc\u00ea lida com ansiedade ou depress\u00e3o, n\u00e3o precisa temer que isso &#8216;cause&#8217; c\u00e2ncer. Foque em gerenciar emo\u00e7\u00f5es para bem-estar geral.<\/p>\n<p>Para empresas, isso significa investir em sa\u00fade mental sem p\u00e2nico desnecess\u00e1rio sobre c\u00e2ncer. Na sociedade, reduz estigmas e direciona recursos para pesquisas reais.<\/p>\n<h3>Impactos Pr\u00e1ticos para Indiv\u00edduos<\/h3>\n<p>Se voc\u00ea est\u00e1 estressado, busque terapia ou exerc\u00edcios. Isso melhora a qualidade de vida e, indiretamente, reduz riscos de outras doen\u00e7as, como card\u00edacas.<\/p>\n<h2>Tend\u00eancias Futuras e Recomenda\u00e7\u00f5es<\/h2>\n<p>A pesquisa avan\u00e7a para entender melhor como o bem-estar mental influencia a sa\u00fade. Futuramente, poderemos ver terapias integrativas que combinam psicologia e oncologia.<\/p>\n<p>Minha recomenda\u00e7\u00e3o? Cuide das emo\u00e7\u00f5es, mas n\u00e3o culpe a si mesmo por medos infundados. Consulte profissionais e adote uma vida equilibrada.<\/p>\n<h2>Reflex\u00f5es Finais: Libertando-se do Medo<\/h2>\n<p>Em resumo, emo\u00e7\u00f5es negativas n\u00e3o s\u00e3o o vil\u00e3o no c\u00e2ncer como pens\u00e1vamos. Essa revis\u00e3o de 22 estudos nos liberta para focar no que realmente importa: preven\u00e7\u00e3o baseada em evid\u00eancias. Cuide-se com gentileza e busque ajuda quando precisar.<\/p>\n","protected":false},"excerpt":{"rendered":"<p>Descubra por que emo\u00e7\u00f5es negativas como estresse e ansiedade n\u00e3o elevam o risco da maioria dos c\u00e2nceres, segundo revis\u00e3o de 22 estudos. Entenda a ci\u00eancia e alivie preocupa\u00e7\u00f5es infundadas.<\/p>\n","protected":false},"author":1,"featured_media":586,"comment_status":"open","ping_status":"open","sticky":false,"template":"","format":"standard","meta":{"_acf_changed":false,"_eb_attr":"","footnotes":"","_wpscppro_dont_share_socialmedia":false,"_wpscppro_custom_social_share_image":0,"_facebook_share_type":"","_twitter_share_type":"","_linkedin_share_type":"","_pinterest_share_type":"","_linkedin_share_type_page":"","_instagram_share_type":"","_medium_share_type":"","_threads_share_type":"","_google_business_share_type":"","_selected_social_profile":[],"_wpsp_enable_custom_social_template":false,"_wpsp_social_scheduling":{"enabled":false,"datetime":null,"platforms":[],"status":"template_only","dateOption":"today","timeOption":"now","customDays":"","customHours":"","customDate":"","customTime":"","schedulingType":"absolute"},"_wpsp_active_default_template":true},"categories":[3],"tags":[],"class_list":["post-587","post","type-post","status-publish","format-standard","has-post-thumbnail","hentry","category-bem-estar"],"acf":[],"yoast_head":"<!-- This site is optimized with the Yoast SEO plugin v26.9 - https:\/\/yoast.com\/product\/yoast-seo-wordpress\/ -->\n<title>Emo\u00e7\u00f5es Negativas e o Risco de C\u00e2ncer: O Que a Ci\u00eancia Realmente Diz - ICTDF<\/title>\n<meta name=\"robots\" content=\"index, follow, max-snippet:-1, max-image-preview:large, max-video-preview:-1\" \/>\n<link rel=\"canonical\" href=\"https:\/\/ictdf.synergyecosys.io\/?p=587\" \/>\n<meta property=\"og:locale\" content=\"pt_BR\" \/>\n<meta property=\"og:type\" content=\"article\" \/>\n<meta property=\"og:title\" content=\"Emo\u00e7\u00f5es Negativas e o Risco de C\u00e2ncer: O Que a Ci\u00eancia Realmente Diz - ICTDF\" \/>\n<meta property=\"og:description\" content=\"Descubra por que emo\u00e7\u00f5es negativas como estresse e ansiedade n\u00e3o elevam o risco da maioria dos c\u00e2nceres, segundo revis\u00e3o de 22 estudos. Entenda a ci\u00eancia e alivie preocupa\u00e7\u00f5es infundadas.\" \/>\n<meta property=\"og:url\" content=\"https:\/\/ictdf.synergyecosys.io\/?p=587\" \/>\n<meta property=\"og:site_name\" content=\"ICTDF\" \/>\n<meta property=\"article:published_time\" content=\"2026-03-27T08:32:50+00:00\" \/>\n<meta name=\"author\" content=\"admin\" \/>\n<meta name=\"twitter:card\" content=\"summary_large_image\" \/>\n<meta name=\"twitter:label1\" content=\"Escrito por\" \/>\n\t<meta name=\"twitter:data1\" content=\"admin\" \/>\n\t<meta name=\"twitter:label2\" content=\"Est. tempo de leitura\" \/>\n\t<meta name=\"twitter:data2\" content=\"3 minutos\" \/>\n<script type=\"application\/ld+json\" class=\"yoast-schema-graph\">{\"@context\":\"https:\/\/schema.org\",\"@graph\":[{\"@type\":\"Article\",\"@id\":\"https:\/\/ictdf.synergyecosys.io\/?p=587#article\",\"isPartOf\":{\"@id\":\"https:\/\/ictdf.synergyecosys.io\/?p=587\"},\"author\":{\"name\":\"admin\",\"@id\":\"https:\/\/ictdf.synergyecosys.io\/#\/schema\/person\/0b4488974b7b485188c0c01cb9f95b21\"},\"headline\":\"Emo\u00e7\u00f5es Negativas e o Risco de C\u00e2ncer: O Que a Ci\u00eancia Realmente Diz\",\"datePublished\":\"2026-03-27T08:32:50+00:00\",\"mainEntityOfPage\":{\"@id\":\"https:\/\/ictdf.synergyecosys.io\/?p=587\"},\"wordCount\":523,\"commentCount\":0,\"publisher\":{\"@id\":\"https:\/\/ictdf.synergyecosys.io\/#organization\"},\"image\":{\"@id\":\"https:\/\/ictdf.synergyecosys.io\/?p=587#primaryimage\"},\"thumbnailUrl\":\"https:\/\/ictdf.synergyecosys.io\/wp-content\/uploads\/2026\/03\/imagem-Emoyyes-Negativas-Nyo-Aumentam-Risco-de-Cyncer-Diz-Estudo.png\",\"articleSection\":[\"Bem-estar\"],\"inLanguage\":\"pt-BR\",\"potentialAction\":[{\"@type\":\"CommentAction\",\"name\":\"Comment\",\"target\":[\"https:\/\/ictdf.synergyecosys.io\/?p=587#respond\"]}]},{\"@type\":\"WebPage\",\"@id\":\"https:\/\/ictdf.synergyecosys.io\/?p=587\",\"url\":\"https:\/\/ictdf.synergyecosys.io\/?p=587\",\"name\":\"Emo\u00e7\u00f5es Negativas e o Risco de C\u00e2ncer: O Que a Ci\u00eancia Realmente Diz - ICTDF\",\"isPartOf\":{\"@id\":\"https:\/\/ictdf.synergyecosys.io\/#website\"},\"primaryImageOfPage\":{\"@id\":\"https:\/\/ictdf.synergyecosys.io\/?p=587#primaryimage\"},\"image\":{\"@id\":\"https:\/\/ictdf.synergyecosys.io\/?p=587#primaryimage\"},\"thumbnailUrl\":\"https:\/\/ictdf.synergyecosys.io\/wp-content\/uploads\/2026\/03\/imagem-Emoyyes-Negativas-Nyo-Aumentam-Risco-de-Cyncer-Diz-Estudo.png\",\"datePublished\":\"2026-03-27T08:32:50+00:00\",\"breadcrumb\":{\"@id\":\"https:\/\/ictdf.synergyecosys.io\/?p=587#breadcrumb\"},\"inLanguage\":\"pt-BR\",\"potentialAction\":[{\"@type\":\"ReadAction\",\"target\":[\"https:\/\/ictdf.synergyecosys.io\/?p=587\"]}]},{\"@type\":\"ImageObject\",\"inLanguage\":\"pt-BR\",\"@id\":\"https:\/\/ictdf.synergyecosys.io\/?p=587#primaryimage\",\"url\":\"https:\/\/ictdf.synergyecosys.io\/wp-content\/uploads\/2026\/03\/imagem-Emoyyes-Negativas-Nyo-Aumentam-Risco-de-Cyncer-Diz-Estudo.png\",\"contentUrl\":\"https:\/\/ictdf.synergyecosys.io\/wp-content\/uploads\/2026\/03\/imagem-Emoyyes-Negativas-Nyo-Aumentam-Risco-de-Cyncer-Diz-Estudo.png\",\"width\":1696,\"height\":960},{\"@type\":\"BreadcrumbList\",\"@id\":\"https:\/\/ictdf.synergyecosys.io\/?p=587#breadcrumb\",\"itemListElement\":[{\"@type\":\"ListItem\",\"position\":1,\"name\":\"In\u00edcio\",\"item\":\"https:\/\/ictdf.synergyecosys.io\/\"},{\"@type\":\"ListItem\",\"position\":2,\"name\":\"Emo\u00e7\u00f5es Negativas e o Risco de C\u00e2ncer: O Que a Ci\u00eancia Realmente Diz\"}]},{\"@type\":\"WebSite\",\"@id\":\"https:\/\/ictdf.synergyecosys.io\/#website\",\"url\":\"https:\/\/ictdf.synergyecosys.io\/\",\"name\":\"ICTDF\",\"description\":\"\",\"publisher\":{\"@id\":\"https:\/\/ictdf.synergyecosys.io\/#organization\"},\"potentialAction\":[{\"@type\":\"SearchAction\",\"target\":{\"@type\":\"EntryPoint\",\"urlTemplate\":\"https:\/\/ictdf.synergyecosys.io\/?s={search_term_string}\"},\"query-input\":{\"@type\":\"PropertyValueSpecification\",\"valueRequired\":true,\"valueName\":\"search_term_string\"}}],\"inLanguage\":\"pt-BR\"},{\"@type\":\"Organization\",\"@id\":\"https:\/\/ictdf.synergyecosys.io\/#organization\",\"name\":\"ICTDF\",\"url\":\"https:\/\/ictdf.synergyecosys.io\/\",\"logo\":{\"@type\":\"ImageObject\",\"inLanguage\":\"pt-BR\",\"@id\":\"https:\/\/ictdf.synergyecosys.io\/#\/schema\/logo\/image\/\",\"url\":\"https:\/\/ictdf.synergyecosys.io\/wp-content\/uploads\/2026\/02\/cropped-cropped-ICTDF_logo_transparente.png\",\"contentUrl\":\"https:\/\/ictdf.synergyecosys.io\/wp-content\/uploads\/2026\/02\/cropped-cropped-ICTDF_logo_transparente.png\",\"width\":450,\"height\":141,\"caption\":\"ICTDF\"},\"image\":{\"@id\":\"https:\/\/ictdf.synergyecosys.io\/#\/schema\/logo\/image\/\"}},{\"@type\":\"Person\",\"@id\":\"https:\/\/ictdf.synergyecosys.io\/#\/schema\/person\/0b4488974b7b485188c0c01cb9f95b21\",\"name\":\"admin\",\"image\":{\"@type\":\"ImageObject\",\"inLanguage\":\"pt-BR\",\"@id\":\"https:\/\/ictdf.synergyecosys.io\/#\/schema\/person\/image\/\",\"url\":\"https:\/\/secure.gravatar.com\/avatar\/ee6b87b4bde4f4817334740781bdb6e270748065085879a5aa2018d8006922fa?s=96&d=mm&r=g\",\"contentUrl\":\"https:\/\/secure.gravatar.com\/avatar\/ee6b87b4bde4f4817334740781bdb6e270748065085879a5aa2018d8006922fa?s=96&d=mm&r=g\",\"caption\":\"admin\"},\"sameAs\":[\"https:\/\/ictdf.synergyecosys.io\"],\"url\":\"https:\/\/ictdf.synergyecosys.io\/?author=1\"}]}<\/script>\n<!-- \/ Yoast SEO plugin. -->","yoast_head_json":{"title":"Emo\u00e7\u00f5es Negativas e o Risco de C\u00e2ncer: O Que a Ci\u00eancia Realmente Diz - ICTDF","robots":{"index":"index","follow":"follow","max-snippet":"max-snippet:-1","max-image-preview":"max-image-preview:large","max-video-preview":"max-video-preview:-1"},"canonical":"https:\/\/ictdf.synergyecosys.io\/?p=587","og_locale":"pt_BR","og_type":"article","og_title":"Emo\u00e7\u00f5es Negativas e o Risco de C\u00e2ncer: O Que a Ci\u00eancia Realmente Diz - ICTDF","og_description":"Descubra por que emo\u00e7\u00f5es negativas como estresse e ansiedade n\u00e3o elevam o risco da maioria dos c\u00e2nceres, segundo revis\u00e3o de 22 estudos. Entenda a ci\u00eancia e alivie preocupa\u00e7\u00f5es infundadas.","og_url":"https:\/\/ictdf.synergyecosys.io\/?p=587","og_site_name":"ICTDF","article_published_time":"2026-03-27T08:32:50+00:00","author":"admin","twitter_card":"summary_large_image","twitter_misc":{"Escrito por":"admin","Est. tempo de leitura":"3 minutos"},"schema":{"@context":"https:\/\/schema.org","@graph":[{"@type":"Article","@id":"https:\/\/ictdf.synergyecosys.io\/?p=587#article","isPartOf":{"@id":"https:\/\/ictdf.synergyecosys.io\/?p=587"},"author":{"name":"admin","@id":"https:\/\/ictdf.synergyecosys.io\/#\/schema\/person\/0b4488974b7b485188c0c01cb9f95b21"},"headline":"Emo\u00e7\u00f5es Negativas e o Risco de C\u00e2ncer: O Que a Ci\u00eancia Realmente Diz","datePublished":"2026-03-27T08:32:50+00:00","mainEntityOfPage":{"@id":"https:\/\/ictdf.synergyecosys.io\/?p=587"},"wordCount":523,"commentCount":0,"publisher":{"@id":"https:\/\/ictdf.synergyecosys.io\/#organization"},"image":{"@id":"https:\/\/ictdf.synergyecosys.io\/?p=587#primaryimage"},"thumbnailUrl":"https:\/\/ictdf.synergyecosys.io\/wp-content\/uploads\/2026\/03\/imagem-Emoyyes-Negativas-Nyo-Aumentam-Risco-de-Cyncer-Diz-Estudo.png","articleSection":["Bem-estar"],"inLanguage":"pt-BR","potentialAction":[{"@type":"CommentAction","name":"Comment","target":["https:\/\/ictdf.synergyecosys.io\/?p=587#respond"]}]},{"@type":"WebPage","@id":"https:\/\/ictdf.synergyecosys.io\/?p=587","url":"https:\/\/ictdf.synergyecosys.io\/?p=587","name":"Emo\u00e7\u00f5es Negativas e o Risco de C\u00e2ncer: O Que a Ci\u00eancia Realmente Diz - ICTDF","isPartOf":{"@id":"https:\/\/ictdf.synergyecosys.io\/#website"},"primaryImageOfPage":{"@id":"https:\/\/ictdf.synergyecosys.io\/?p=587#primaryimage"},"image":{"@id":"https:\/\/ictdf.synergyecosys.io\/?p=587#primaryimage"},"thumbnailUrl":"https:\/\/ictdf.synergyecosys.io\/wp-content\/uploads\/2026\/03\/imagem-Emoyyes-Negativas-Nyo-Aumentam-Risco-de-Cyncer-Diz-Estudo.png","datePublished":"2026-03-27T08:32:50+00:00","breadcrumb":{"@id":"https:\/\/ictdf.synergyecosys.io\/?p=587#breadcrumb"},"inLanguage":"pt-BR","potentialAction":[{"@type":"ReadAction","target":["https:\/\/ictdf.synergyecosys.io\/?p=587"]}]},{"@type":"ImageObject","inLanguage":"pt-BR","@id":"https:\/\/ictdf.synergyecosys.io\/?p=587#primaryimage","url":"https:\/\/ictdf.synergyecosys.io\/wp-content\/uploads\/2026\/03\/imagem-Emoyyes-Negativas-Nyo-Aumentam-Risco-de-Cyncer-Diz-Estudo.png","contentUrl":"https:\/\/ictdf.synergyecosys.io\/wp-content\/uploads\/2026\/03\/imagem-Emoyyes-Negativas-Nyo-Aumentam-Risco-de-Cyncer-Diz-Estudo.png","width":1696,"height":960},{"@type":"BreadcrumbList","@id":"https:\/\/ictdf.synergyecosys.io\/?p=587#breadcrumb","itemListElement":[{"@type":"ListItem","position":1,"name":"In\u00edcio","item":"https:\/\/ictdf.synergyecosys.io\/"},{"@type":"ListItem","position":2,"name":"Emo\u00e7\u00f5es Negativas e o Risco de C\u00e2ncer: O Que a Ci\u00eancia Realmente Diz"}]},{"@type":"WebSite","@id":"https:\/\/ictdf.synergyecosys.io\/#website","url":"https:\/\/ictdf.synergyecosys.io\/","name":"ICTDF","description":"","publisher":{"@id":"https:\/\/ictdf.synergyecosys.io\/#organization"},"potentialAction":[{"@type":"SearchAction","target":{"@type":"EntryPoint","urlTemplate":"https:\/\/ictdf.synergyecosys.io\/?s={search_term_string}"},"query-input":{"@type":"PropertyValueSpecification","valueRequired":true,"valueName":"search_term_string"}}],"inLanguage":"pt-BR"},{"@type":"Organization","@id":"https:\/\/ictdf.synergyecosys.io\/#organization","name":"ICTDF","url":"https:\/\/ictdf.synergyecosys.io\/","logo":{"@type":"ImageObject","inLanguage":"pt-BR","@id":"https:\/\/ictdf.synergyecosys.io\/#\/schema\/logo\/image\/","url":"https:\/\/ictdf.synergyecosys.io\/wp-content\/uploads\/2026\/02\/cropped-cropped-ICTDF_logo_transparente.png","contentUrl":"https:\/\/ictdf.synergyecosys.io\/wp-content\/uploads\/2026\/02\/cropped-cropped-ICTDF_logo_transparente.png","width":450,"height":141,"caption":"ICTDF"},"image":{"@id":"https:\/\/ictdf.synergyecosys.io\/#\/schema\/logo\/image\/"}},{"@type":"Person","@id":"https:\/\/ictdf.synergyecosys.io\/#\/schema\/person\/0b4488974b7b485188c0c01cb9f95b21","name":"admin","image":{"@type":"ImageObject","inLanguage":"pt-BR","@id":"https:\/\/ictdf.synergyecosys.io\/#\/schema\/person\/image\/","url":"https:\/\/secure.gravatar.com\/avatar\/ee6b87b4bde4f4817334740781bdb6e270748065085879a5aa2018d8006922fa?s=96&d=mm&r=g","contentUrl":"https:\/\/secure.gravatar.com\/avatar\/ee6b87b4bde4f4817334740781bdb6e270748065085879a5aa2018d8006922fa?s=96&d=mm&r=g","caption":"admin"},"sameAs":["https:\/\/ictdf.synergyecosys.io"],"url":"https:\/\/ictdf.synergyecosys.io\/?author=1"}]}},"_links":{"self":[{"href":"https:\/\/ictdf.synergyecosys.io\/index.php?rest_route=\/wp\/v2\/posts\/587","targetHints":{"allow":["GET"]}}],"collection":[{"href":"https:\/\/ictdf.synergyecosys.io\/index.php?rest_route=\/wp\/v2\/posts"}],"about":[{"href":"https:\/\/ictdf.synergyecosys.io\/index.php?rest_route=\/wp\/v2\/types\/post"}],"author":[{"embeddable":true,"href":"https:\/\/ictdf.synergyecosys.io\/index.php?rest_route=\/wp\/v2\/users\/1"}],"replies":[{"embeddable":true,"href":"https:\/\/ictdf.synergyecosys.io\/index.php?rest_route=%2Fwp%2Fv2%2Fcomments&post=587"}],"version-history":[{"count":0,"href":"https:\/\/ictdf.synergyecosys.io\/index.php?rest_route=\/wp\/v2\/posts\/587\/revisions"}],"wp:featuredmedia":[{"embeddable":true,"href":"https:\/\/ictdf.synergyecosys.io\/index.php?rest_route=\/wp\/v2\/media\/586"}],"wp:attachment":[{"href":"https:\/\/ictdf.synergyecosys.io\/index.php?rest_route=%2Fwp%2Fv2%2Fmedia&parent=587"}],"wp:term":[{"taxonomy":"category","embeddable":true,"href":"https:\/\/ictdf.synergyecosys.io\/index.php?rest_route=%2Fwp%2Fv2%2Fcategories&post=587"},{"taxonomy":"post_tag","embeddable":true,"href":"https:\/\/ictdf.synergyecosys.io\/index.php?rest_route=%2Fwp%2Fv2%2Ftags&post=587"}],"curies":[{"name":"wp","href":"https:\/\/api.w.org\/{rel}","templated":true}]}}