{"id":581,"date":"2026-03-26T22:32:56","date_gmt":"2026-03-27T01:32:56","guid":{"rendered":"https:\/\/ictdf.synergyecosys.io\/?p=581"},"modified":"2026-03-26T22:32:56","modified_gmt":"2026-03-27T01:32:56","slug":"prefeitura-de-sp-perde-recurso-o-retorno-do-servico-de-aborto-legal","status":"publish","type":"post","link":"https:\/\/ictdf.synergyecosys.io\/?p=581","title":{"rendered":"Prefeitura de SP Perde Recurso: O Retorno do Servi\u00e7o de Aborto Legal"},"content":{"rendered":"<p>Recentemente, uma not\u00edcia importante agitou o debate sobre sa\u00fade reprodutiva em S\u00e3o Paulo. A <strong>Prefeitura de SP<\/strong> perdeu um recurso na justi\u00e7a e agora est\u00e1 obrigada a retomar o servi\u00e7o de <strong>aborto legal<\/strong>. Mas o que isso significa na pr\u00e1tica? Vamos descomplicar esse tema de forma simples e clara.<\/p>\n<p>Eu analisei os detalhes dessa decis\u00e3o e percebo que ela toca em quest\u00f5es fundamentais de direitos das mulheres e acesso \u00e0 sa\u00fade. Se voc\u00ea est\u00e1 se perguntando por que isso importa, continue lendo \u2013 vou explicar tudo passo a passo.<\/p>\n<h2>O Que \u00c9 Aborto Legal no Brasil?<\/h2>\n<p>No Brasil, o aborto n\u00e3o \u00e9 livre, mas h\u00e1 situa\u00e7\u00f5es em que ele \u00e9 permitido por lei. Chamamos isso de <strong>aborto legal<\/strong>, que inclui casos de risco \u00e0 vida da mulher, estupro ou quando o feto tem anencefalia \u2013 uma malforma\u00e7\u00e3o grave. <\/p>\n<p>Esses servi\u00e7os s\u00e3o oferecidos pelo SUS, o sistema p\u00fablico de sa\u00fade, para garantir que mulheres em vulnerabilidade tenham acesso seguro e sem julgamento. Na pr\u00e1tica, isso significa procedimentos m\u00e9dicos realizados em hospitais p\u00fablicos, com apoio psicol\u00f3gico e confidencialidade.<\/p>\n<h3>Por Que S\u00e3o Paulo Parou com Esse Servi\u00e7o?<\/h3>\n<p>Em 2023, a Prefeitura de S\u00e3o Paulo suspendeu o atendimento espec\u00edfico para aborto legal nos seus hospitais. O motivo alegado foi a falta de recursos e estrutura adequada. Isso deixou muitas mulheres desamparadas, for\u00e7ando-as a buscar ajuda em outros estados ou enfrentar riscos maiores.<\/p>\n<p>Organiza\u00e7\u00f5es de direitos humanos e o Minist\u00e9rio P\u00fablico questionaram essa suspens\u00e3o, argumentando que ela violava a Constitui\u00e7\u00e3o e leis federais. Assim, come\u00e7ou uma batalha judicial.<\/p>\n<h2>A Decis\u00e3o Judicial e Suas Implica\u00e7\u00f5es<\/h2>\n<p>A justi\u00e7a de primeira inst\u00e2ncia j\u00e1 havia determinado a retomada do servi\u00e7o, mas a prefeitura recorreu. Recentemente, o Tribunal de Justi\u00e7a de S\u00e3o Paulo negou esse recurso, confirmando a obriga\u00e7\u00e3o de reativar os atendimentos em at\u00e9 90 dias.<\/p>\n<p>Essa vit\u00f3ria \u00e9 um al\u00edvio para ativistas e profissionais de sa\u00fade. Ela refor\u00e7a que o Estado n\u00e3o pode negligenciar direitos garantidos por lei, especialmente em um pa\u00eds com altas taxas de mortalidade materna ligada a abortos inseguros.<\/p>\n<p>Para as mulheres de S\u00e3o Paulo, isso significa mais acesso a cuidados essenciais. Imagina o impacto: menos viagens longas, menos estigma e mais seguran\u00e7a em um momento t\u00e3o delicado.<\/p>\n<h3>Quais S\u00e3o os Impactos Pr\u00e1ticos para a Sociedade?<\/h3>\n<p>Al\u00e9m das mulheres diretamente afetadas, essa decis\u00e3o beneficia toda a sociedade. Reduz a sobrecarga no sistema de sa\u00fade, pois evita complica\u00e7\u00f5es de abortos clandestinos. Estudos mostram que o aborto legal salva vidas e economiza recursos p\u00fablicos a longo prazo.<\/p>\n<p>Empresas e fam\u00edlias tamb\u00e9m sentem o reflexo: mulheres que podem planejar sua sa\u00fade reprodutiva contribuem melhor para o trabalho e o lar, promovendo igualdade de g\u00eanero.<\/p>\n<h2>Olhando para o Futuro: Tend\u00eancias e Recomenda\u00e7\u00f5es<\/h2>\n<p>Com essa retomada, esperamos que S\u00e3o Paulo invista em treinamento de equipes e infraestrutura. Outras cidades podem seguir o exemplo, ampliando o acesso em todo o Brasil.<\/p>\n<p>Na minha opini\u00e3o, \u00e9 essencial monitorar a implementa\u00e7\u00e3o para garantir que o servi\u00e7o funcione de verdade. Se voc\u00ea \u00e9 de SP, fique de olho nas unidades de sa\u00fade e apoie campanhas por mais direitos reprodutivos.<\/p>\n<p>Essa not\u00edcia nos lembra que avan\u00e7os em sa\u00fade p\u00fablica v\u00eam de lutas coletivas. Vamos valorizar e defender esses direitos para um futuro mais justo.<\/p>\n","protected":false},"excerpt":{"rendered":"<p>A Prefeitura de S\u00e3o Paulo perdeu recurso judicial e deve retomar o servi\u00e7o de aborto legal. Entenda o que isso significa para as mulheres e o impacto na sa\u00fade p\u00fablica em SP. Leia mais!<\/p>\n","protected":false},"author":1,"featured_media":580,"comment_status":"open","ping_status":"open","sticky":false,"template":"","format":"standard","meta":{"_acf_changed":false,"_eb_attr":"","footnotes":"","_wpscppro_dont_share_socialmedia":false,"_wpscppro_custom_social_share_image":0,"_facebook_share_type":"","_twitter_share_type":"","_linkedin_share_type":"","_pinterest_share_type":"","_linkedin_share_type_page":"","_instagram_share_type":"","_medium_share_type":"","_threads_share_type":"","_google_business_share_type":"","_selected_social_profile":[],"_wpsp_enable_custom_social_template":false,"_wpsp_social_scheduling":{"enabled":false,"datetime":null,"platforms":[],"status":"template_only","dateOption":"today","timeOption":"now","customDays":"","customHours":"","customDate":"","customTime":"","schedulingType":"absolute"},"_wpsp_active_default_template":true},"categories":[3],"tags":[],"class_list":["post-581","post","type-post","status-publish","format-standard","has-post-thumbnail","hentry","category-bem-estar"],"acf":[],"yoast_head":"<!-- This site is optimized with the Yoast SEO plugin v26.9 - https:\/\/yoast.com\/product\/yoast-seo-wordpress\/ -->\n<title>Prefeitura de SP Perde Recurso: O Retorno do Servi\u00e7o de Aborto Legal - ICTDF<\/title>\n<meta name=\"robots\" content=\"index, follow, max-snippet:-1, max-image-preview:large, max-video-preview:-1\" \/>\n<link rel=\"canonical\" href=\"https:\/\/ictdf.synergyecosys.io\/?p=581\" \/>\n<meta property=\"og:locale\" content=\"pt_BR\" \/>\n<meta property=\"og:type\" content=\"article\" \/>\n<meta property=\"og:title\" content=\"Prefeitura de SP Perde Recurso: O Retorno do Servi\u00e7o de Aborto Legal - ICTDF\" \/>\n<meta property=\"og:description\" content=\"A Prefeitura de S\u00e3o Paulo perdeu recurso judicial e deve retomar o servi\u00e7o de aborto legal. Entenda o que isso significa para as mulheres e o impacto na sa\u00fade p\u00fablica em SP. Leia mais!\" \/>\n<meta property=\"og:url\" content=\"https:\/\/ictdf.synergyecosys.io\/?p=581\" \/>\n<meta property=\"og:site_name\" content=\"ICTDF\" \/>\n<meta property=\"article:published_time\" content=\"2026-03-27T01:32:56+00:00\" \/>\n<meta name=\"author\" content=\"admin\" \/>\n<meta name=\"twitter:card\" content=\"summary_large_image\" \/>\n<meta name=\"twitter:label1\" content=\"Escrito por\" \/>\n\t<meta name=\"twitter:data1\" content=\"admin\" \/>\n\t<meta name=\"twitter:label2\" content=\"Est. tempo de leitura\" \/>\n\t<meta name=\"twitter:data2\" content=\"3 minutos\" \/>\n<script type=\"application\/ld+json\" class=\"yoast-schema-graph\">{\"@context\":\"https:\/\/schema.org\",\"@graph\":[{\"@type\":\"Article\",\"@id\":\"https:\/\/ictdf.synergyecosys.io\/?p=581#article\",\"isPartOf\":{\"@id\":\"https:\/\/ictdf.synergyecosys.io\/?p=581\"},\"author\":{\"name\":\"admin\",\"@id\":\"https:\/\/ictdf.synergyecosys.io\/#\/schema\/person\/0b4488974b7b485188c0c01cb9f95b21\"},\"headline\":\"Prefeitura de SP Perde Recurso: O Retorno do Servi\u00e7o de Aborto Legal\",\"datePublished\":\"2026-03-27T01:32:56+00:00\",\"mainEntityOfPage\":{\"@id\":\"https:\/\/ictdf.synergyecosys.io\/?p=581\"},\"wordCount\":601,\"commentCount\":0,\"publisher\":{\"@id\":\"https:\/\/ictdf.synergyecosys.io\/#organization\"},\"image\":{\"@id\":\"https:\/\/ictdf.synergyecosys.io\/?p=581#primaryimage\"},\"thumbnailUrl\":\"https:\/\/ictdf.synergyecosys.io\/wp-content\/uploads\/2026\/03\/imagem-Prefeitura-de-SP-Perde-Recurso-e-Retoma-Aborto-Legal.png\",\"articleSection\":[\"Bem-estar\"],\"inLanguage\":\"pt-BR\",\"potentialAction\":[{\"@type\":\"CommentAction\",\"name\":\"Comment\",\"target\":[\"https:\/\/ictdf.synergyecosys.io\/?p=581#respond\"]}]},{\"@type\":\"WebPage\",\"@id\":\"https:\/\/ictdf.synergyecosys.io\/?p=581\",\"url\":\"https:\/\/ictdf.synergyecosys.io\/?p=581\",\"name\":\"Prefeitura de SP Perde Recurso: O Retorno do Servi\u00e7o de Aborto Legal - ICTDF\",\"isPartOf\":{\"@id\":\"https:\/\/ictdf.synergyecosys.io\/#website\"},\"primaryImageOfPage\":{\"@id\":\"https:\/\/ictdf.synergyecosys.io\/?p=581#primaryimage\"},\"image\":{\"@id\":\"https:\/\/ictdf.synergyecosys.io\/?p=581#primaryimage\"},\"thumbnailUrl\":\"https:\/\/ictdf.synergyecosys.io\/wp-content\/uploads\/2026\/03\/imagem-Prefeitura-de-SP-Perde-Recurso-e-Retoma-Aborto-Legal.png\",\"datePublished\":\"2026-03-27T01:32:56+00:00\",\"breadcrumb\":{\"@id\":\"https:\/\/ictdf.synergyecosys.io\/?p=581#breadcrumb\"},\"inLanguage\":\"pt-BR\",\"potentialAction\":[{\"@type\":\"ReadAction\",\"target\":[\"https:\/\/ictdf.synergyecosys.io\/?p=581\"]}]},{\"@type\":\"ImageObject\",\"inLanguage\":\"pt-BR\",\"@id\":\"https:\/\/ictdf.synergyecosys.io\/?p=581#primaryimage\",\"url\":\"https:\/\/ictdf.synergyecosys.io\/wp-content\/uploads\/2026\/03\/imagem-Prefeitura-de-SP-Perde-Recurso-e-Retoma-Aborto-Legal.png\",\"contentUrl\":\"https:\/\/ictdf.synergyecosys.io\/wp-content\/uploads\/2026\/03\/imagem-Prefeitura-de-SP-Perde-Recurso-e-Retoma-Aborto-Legal.png\",\"width\":1696,\"height\":960},{\"@type\":\"BreadcrumbList\",\"@id\":\"https:\/\/ictdf.synergyecosys.io\/?p=581#breadcrumb\",\"itemListElement\":[{\"@type\":\"ListItem\",\"position\":1,\"name\":\"In\u00edcio\",\"item\":\"https:\/\/ictdf.synergyecosys.io\/\"},{\"@type\":\"ListItem\",\"position\":2,\"name\":\"Prefeitura de SP Perde Recurso: O Retorno do Servi\u00e7o de Aborto Legal\"}]},{\"@type\":\"WebSite\",\"@id\":\"https:\/\/ictdf.synergyecosys.io\/#website\",\"url\":\"https:\/\/ictdf.synergyecosys.io\/\",\"name\":\"ICTDF\",\"description\":\"\",\"publisher\":{\"@id\":\"https:\/\/ictdf.synergyecosys.io\/#organization\"},\"potentialAction\":[{\"@type\":\"SearchAction\",\"target\":{\"@type\":\"EntryPoint\",\"urlTemplate\":\"https:\/\/ictdf.synergyecosys.io\/?s={search_term_string}\"},\"query-input\":{\"@type\":\"PropertyValueSpecification\",\"valueRequired\":true,\"valueName\":\"search_term_string\"}}],\"inLanguage\":\"pt-BR\"},{\"@type\":\"Organization\",\"@id\":\"https:\/\/ictdf.synergyecosys.io\/#organization\",\"name\":\"ICTDF\",\"url\":\"https:\/\/ictdf.synergyecosys.io\/\",\"logo\":{\"@type\":\"ImageObject\",\"inLanguage\":\"pt-BR\",\"@id\":\"https:\/\/ictdf.synergyecosys.io\/#\/schema\/logo\/image\/\",\"url\":\"https:\/\/ictdf.synergyecosys.io\/wp-content\/uploads\/2026\/02\/cropped-cropped-ICTDF_logo_transparente.png\",\"contentUrl\":\"https:\/\/ictdf.synergyecosys.io\/wp-content\/uploads\/2026\/02\/cropped-cropped-ICTDF_logo_transparente.png\",\"width\":450,\"height\":141,\"caption\":\"ICTDF\"},\"image\":{\"@id\":\"https:\/\/ictdf.synergyecosys.io\/#\/schema\/logo\/image\/\"}},{\"@type\":\"Person\",\"@id\":\"https:\/\/ictdf.synergyecosys.io\/#\/schema\/person\/0b4488974b7b485188c0c01cb9f95b21\",\"name\":\"admin\",\"image\":{\"@type\":\"ImageObject\",\"inLanguage\":\"pt-BR\",\"@id\":\"https:\/\/ictdf.synergyecosys.io\/#\/schema\/person\/image\/\",\"url\":\"https:\/\/secure.gravatar.com\/avatar\/ee6b87b4bde4f4817334740781bdb6e270748065085879a5aa2018d8006922fa?s=96&d=mm&r=g\",\"contentUrl\":\"https:\/\/secure.gravatar.com\/avatar\/ee6b87b4bde4f4817334740781bdb6e270748065085879a5aa2018d8006922fa?s=96&d=mm&r=g\",\"caption\":\"admin\"},\"sameAs\":[\"https:\/\/ictdf.synergyecosys.io\"],\"url\":\"https:\/\/ictdf.synergyecosys.io\/?author=1\"}]}<\/script>\n<!-- \/ Yoast SEO plugin. -->","yoast_head_json":{"title":"Prefeitura de SP Perde Recurso: O Retorno do Servi\u00e7o de Aborto Legal - ICTDF","robots":{"index":"index","follow":"follow","max-snippet":"max-snippet:-1","max-image-preview":"max-image-preview:large","max-video-preview":"max-video-preview:-1"},"canonical":"https:\/\/ictdf.synergyecosys.io\/?p=581","og_locale":"pt_BR","og_type":"article","og_title":"Prefeitura de SP Perde Recurso: O Retorno do Servi\u00e7o de Aborto Legal - ICTDF","og_description":"A Prefeitura de S\u00e3o Paulo perdeu recurso judicial e deve retomar o servi\u00e7o de aborto legal. Entenda o que isso significa para as mulheres e o impacto na sa\u00fade p\u00fablica em SP. Leia mais!","og_url":"https:\/\/ictdf.synergyecosys.io\/?p=581","og_site_name":"ICTDF","article_published_time":"2026-03-27T01:32:56+00:00","author":"admin","twitter_card":"summary_large_image","twitter_misc":{"Escrito por":"admin","Est. tempo de leitura":"3 minutos"},"schema":{"@context":"https:\/\/schema.org","@graph":[{"@type":"Article","@id":"https:\/\/ictdf.synergyecosys.io\/?p=581#article","isPartOf":{"@id":"https:\/\/ictdf.synergyecosys.io\/?p=581"},"author":{"name":"admin","@id":"https:\/\/ictdf.synergyecosys.io\/#\/schema\/person\/0b4488974b7b485188c0c01cb9f95b21"},"headline":"Prefeitura de SP Perde Recurso: O Retorno do Servi\u00e7o de Aborto Legal","datePublished":"2026-03-27T01:32:56+00:00","mainEntityOfPage":{"@id":"https:\/\/ictdf.synergyecosys.io\/?p=581"},"wordCount":601,"commentCount":0,"publisher":{"@id":"https:\/\/ictdf.synergyecosys.io\/#organization"},"image":{"@id":"https:\/\/ictdf.synergyecosys.io\/?p=581#primaryimage"},"thumbnailUrl":"https:\/\/ictdf.synergyecosys.io\/wp-content\/uploads\/2026\/03\/imagem-Prefeitura-de-SP-Perde-Recurso-e-Retoma-Aborto-Legal.png","articleSection":["Bem-estar"],"inLanguage":"pt-BR","potentialAction":[{"@type":"CommentAction","name":"Comment","target":["https:\/\/ictdf.synergyecosys.io\/?p=581#respond"]}]},{"@type":"WebPage","@id":"https:\/\/ictdf.synergyecosys.io\/?p=581","url":"https:\/\/ictdf.synergyecosys.io\/?p=581","name":"Prefeitura de SP Perde Recurso: O Retorno do Servi\u00e7o de Aborto Legal - ICTDF","isPartOf":{"@id":"https:\/\/ictdf.synergyecosys.io\/#website"},"primaryImageOfPage":{"@id":"https:\/\/ictdf.synergyecosys.io\/?p=581#primaryimage"},"image":{"@id":"https:\/\/ictdf.synergyecosys.io\/?p=581#primaryimage"},"thumbnailUrl":"https:\/\/ictdf.synergyecosys.io\/wp-content\/uploads\/2026\/03\/imagem-Prefeitura-de-SP-Perde-Recurso-e-Retoma-Aborto-Legal.png","datePublished":"2026-03-27T01:32:56+00:00","breadcrumb":{"@id":"https:\/\/ictdf.synergyecosys.io\/?p=581#breadcrumb"},"inLanguage":"pt-BR","potentialAction":[{"@type":"ReadAction","target":["https:\/\/ictdf.synergyecosys.io\/?p=581"]}]},{"@type":"ImageObject","inLanguage":"pt-BR","@id":"https:\/\/ictdf.synergyecosys.io\/?p=581#primaryimage","url":"https:\/\/ictdf.synergyecosys.io\/wp-content\/uploads\/2026\/03\/imagem-Prefeitura-de-SP-Perde-Recurso-e-Retoma-Aborto-Legal.png","contentUrl":"https:\/\/ictdf.synergyecosys.io\/wp-content\/uploads\/2026\/03\/imagem-Prefeitura-de-SP-Perde-Recurso-e-Retoma-Aborto-Legal.png","width":1696,"height":960},{"@type":"BreadcrumbList","@id":"https:\/\/ictdf.synergyecosys.io\/?p=581#breadcrumb","itemListElement":[{"@type":"ListItem","position":1,"name":"In\u00edcio","item":"https:\/\/ictdf.synergyecosys.io\/"},{"@type":"ListItem","position":2,"name":"Prefeitura de SP Perde Recurso: O Retorno do Servi\u00e7o de Aborto Legal"}]},{"@type":"WebSite","@id":"https:\/\/ictdf.synergyecosys.io\/#website","url":"https:\/\/ictdf.synergyecosys.io\/","name":"ICTDF","description":"","publisher":{"@id":"https:\/\/ictdf.synergyecosys.io\/#organization"},"potentialAction":[{"@type":"SearchAction","target":{"@type":"EntryPoint","urlTemplate":"https:\/\/ictdf.synergyecosys.io\/?s={search_term_string}"},"query-input":{"@type":"PropertyValueSpecification","valueRequired":true,"valueName":"search_term_string"}}],"inLanguage":"pt-BR"},{"@type":"Organization","@id":"https:\/\/ictdf.synergyecosys.io\/#organization","name":"ICTDF","url":"https:\/\/ictdf.synergyecosys.io\/","logo":{"@type":"ImageObject","inLanguage":"pt-BR","@id":"https:\/\/ictdf.synergyecosys.io\/#\/schema\/logo\/image\/","url":"https:\/\/ictdf.synergyecosys.io\/wp-content\/uploads\/2026\/02\/cropped-cropped-ICTDF_logo_transparente.png","contentUrl":"https:\/\/ictdf.synergyecosys.io\/wp-content\/uploads\/2026\/02\/cropped-cropped-ICTDF_logo_transparente.png","width":450,"height":141,"caption":"ICTDF"},"image":{"@id":"https:\/\/ictdf.synergyecosys.io\/#\/schema\/logo\/image\/"}},{"@type":"Person","@id":"https:\/\/ictdf.synergyecosys.io\/#\/schema\/person\/0b4488974b7b485188c0c01cb9f95b21","name":"admin","image":{"@type":"ImageObject","inLanguage":"pt-BR","@id":"https:\/\/ictdf.synergyecosys.io\/#\/schema\/person\/image\/","url":"https:\/\/secure.gravatar.com\/avatar\/ee6b87b4bde4f4817334740781bdb6e270748065085879a5aa2018d8006922fa?s=96&d=mm&r=g","contentUrl":"https:\/\/secure.gravatar.com\/avatar\/ee6b87b4bde4f4817334740781bdb6e270748065085879a5aa2018d8006922fa?s=96&d=mm&r=g","caption":"admin"},"sameAs":["https:\/\/ictdf.synergyecosys.io"],"url":"https:\/\/ictdf.synergyecosys.io\/?author=1"}]}},"_links":{"self":[{"href":"https:\/\/ictdf.synergyecosys.io\/index.php?rest_route=\/wp\/v2\/posts\/581","targetHints":{"allow":["GET"]}}],"collection":[{"href":"https:\/\/ictdf.synergyecosys.io\/index.php?rest_route=\/wp\/v2\/posts"}],"about":[{"href":"https:\/\/ictdf.synergyecosys.io\/index.php?rest_route=\/wp\/v2\/types\/post"}],"author":[{"embeddable":true,"href":"https:\/\/ictdf.synergyecosys.io\/index.php?rest_route=\/wp\/v2\/users\/1"}],"replies":[{"embeddable":true,"href":"https:\/\/ictdf.synergyecosys.io\/index.php?rest_route=%2Fwp%2Fv2%2Fcomments&post=581"}],"version-history":[{"count":0,"href":"https:\/\/ictdf.synergyecosys.io\/index.php?rest_route=\/wp\/v2\/posts\/581\/revisions"}],"wp:featuredmedia":[{"embeddable":true,"href":"https:\/\/ictdf.synergyecosys.io\/index.php?rest_route=\/wp\/v2\/media\/580"}],"wp:attachment":[{"href":"https:\/\/ictdf.synergyecosys.io\/index.php?rest_route=%2Fwp%2Fv2%2Fmedia&parent=581"}],"wp:term":[{"taxonomy":"category","embeddable":true,"href":"https:\/\/ictdf.synergyecosys.io\/index.php?rest_route=%2Fwp%2Fv2%2Fcategories&post=581"},{"taxonomy":"post_tag","embeddable":true,"href":"https:\/\/ictdf.synergyecosys.io\/index.php?rest_route=%2Fwp%2Fv2%2Ftags&post=581"}],"curies":[{"name":"wp","href":"https:\/\/api.w.org\/{rel}","templated":true}]}}