{"id":552,"date":"2026-03-19T21:33:05","date_gmt":"2026-03-20T00:33:05","guid":{"rendered":"https:\/\/ictdf.synergyecosys.io\/?p=552"},"modified":"2026-03-19T21:33:05","modified_gmt":"2026-03-20T00:33:05","slug":"caspa-nos-cilios-entenda-a-descamacao-como-sinal-de-inflamacao-ocular","status":"publish","type":"post","link":"https:\/\/ictdf.synergyecosys.io\/?p=552","title":{"rendered":"Caspa nos C\u00edlios? Entenda a Descama\u00e7\u00e3o como Sinal de Inflama\u00e7\u00e3o Ocular"},"content":{"rendered":"<p>Voc\u00ea j\u00e1 notou uma descama\u00e7\u00e3o esbranqui\u00e7ada nos c\u00edlios, como se fosse caspa? Pode parecer inofensivo, mas na verdade, isso pode ser um alerta para uma inflama\u00e7\u00e3o nos olhos chamada blefarite. Como especialista em sa\u00fade ocular, eu vejo isso com frequ\u00eancia em consultas, e \u00e9 algo que afeta muita gente sem que percebam os riscos. Neste artigo, vamos descomplicar o tema e mostrar como identificar e lidar com isso de forma simples.<\/p>\n<p>A blefarite \u00e9 uma condi\u00e7\u00e3o comum que causa irrita\u00e7\u00e3o nas p\u00e1lpebras, e entender seus sinais pode prevenir problemas maiores na vis\u00e3o. Vamos explorar o que est\u00e1 por tr\u00e1s dessa &#8216;caspa&#8217; nos c\u00edlios e o que voc\u00ea pode fazer para se proteger.<\/p>\n<h2>O Que Realmente \u00e9 Essa Descama\u00e7\u00e3o nos C\u00edlios?<\/h2>\n<p>Imagine acordar com os olhos grudados, co\u00e7ando e com uma camada fina de pele descamando na base dos c\u00edlios. Isso n\u00e3o \u00e9 caspa comum, como a do couro cabeludo, mas um sintoma de <strong>blefarite<\/strong>, que significa, na pr\u00e1tica, uma inflama\u00e7\u00e3o cr\u00f4nica das bordas das p\u00e1lpebras. Eu analisei casos e vi que ela surge quando as gl\u00e2ndulas que produzem \u00f3leo nos olhos ficam obstru\u00eddas ou infectadas por bact\u00e9rias.<\/p>\n<p>De acordo com fontes confi\u00e1veis, como estudos m\u00e9dicos, a blefarite afeta at\u00e9 47% das pessoas em consultas oftalmol\u00f3gicas. N\u00e3o \u00e9 grave no in\u00edcio, mas se ignorada, pode levar a altera\u00e7\u00f5es permanentes nas p\u00e1lpebras. Pense nisso como um sinal de que seus olhos precisam de mais cuidados di\u00e1rios.<\/p>\n<h3>Tipos de Blefarite que Causam Essa Apar\u00eancia<\/h3>\n<p>Existem varia\u00e7\u00f5es, como a seborreica, ligada a problemas de pele como dermatite, ou a bacteriana, causada por infec\u00e7\u00f5es. H\u00e1 tamb\u00e9m a posterior, quando as gl\u00e2ndulas meibomianas \u2013 respons\u00e1veis pelo \u00f3leo que lubrifica os olhos \u2013 entopem. Em todos os casos, a descama\u00e7\u00e3o aparece como flocos brancos ou amarelados nos c\u00edlios, piorando pela manh\u00e3.<\/p>\n<h2>Por Que Isso Acontece e Quem Est\u00e1 em Risco?<\/h2>\n<p>Na minha experi\u00eancia, a blefarite surge de uma combina\u00e7\u00e3o de fatores. Bact\u00e9rias normais na pele podem se acumular, ou condi\u00e7\u00f5es como ros\u00e1cea e alergias agravam o quadro. Outra causa comum \u00e9 o parasita Demodex, que vive nos fol\u00edculos dos c\u00edlios e se multiplica em condi\u00e7\u00f5es de higiene prec\u00e1ria ou imunidade baixa.<\/p>\n<p>Qualquer um pode ter, mas \u00e9 mais frequente em adultos acima de 50 anos, embora afete todas as idades. Se voc\u00ea tem hist\u00f3rico de dermatite seborreica ou usa maquiagem sem remover bem, o risco aumenta. Eu recomendo observar se h\u00e1 vermelhid\u00e3o ou incha\u00e7o ao redor dos olhos \u2013 esses s\u00e3o os primeiros avisos.<\/p>\n<ul>\n<li>Fatores de risco: Dermatites, alergias e uso excessivo de lentes de contato.<\/li>\n<li>Condi\u00e7\u00f5es associadas: Ros\u00e1cea e infec\u00e7\u00f5es virais como herpes.<\/li>\n<\/ul>\n<h2>Como a Blefarite Afeta Seu Dia a Dia e a Vis\u00e3o?<\/h2>\n<p>Os sintomas v\u00e3o al\u00e9m da descama\u00e7\u00e3o: coceira intensa, sensa\u00e7\u00e3o de areia nos olhos, lacrimejamento excessivo e sensibilidade \u00e0 luz. No dia a dia, isso pode tornar dif\u00edcil ler, trabalhar no computador ou at\u00e9 dirigir, pois a vis\u00e3o fica emba\u00e7ada temporariamente.<\/p>\n<p>Para as pessoas, o impacto \u00e9 real \u2013 imagine acordar com p\u00e1lpebras coladas e precisar de minutos para &#8216;desgrudar&#8217; os olhos. Empresas e profissionais que dependem de telas sofrem mais, e na sociedade, \u00e9 uma causa subestimada de desconforto cr\u00f4nico. Sem tratamento, pode levar a perda de c\u00edlios ou infec\u00e7\u00f5es mais s\u00e9rias, como hord\u00e9olos.<\/p>\n<h3>Complica\u00e7\u00f5es a Evitar<\/h3>\n<p>Em casos avan\u00e7ados, a blefarite cr\u00f4nica danifica a margem das p\u00e1lpebras, causando c\u00edlios mal direcionados ou queda permanente. Isso afeta a lubrifica\u00e7\u00e3o natural dos olhos, aumentando o risco de olho seco. Eu percebo que muitos ignoram at\u00e9 que a vis\u00e3o piora, mas o\u53ca\u65e9 intervention previne isso.<\/p>\n<h2>Caminhos para Tratar e Prevenir a Inflama\u00e7\u00e3o<\/h2>\n<p>A boa not\u00edcia \u00e9 que a blefarite \u00e9 trat\u00e1vel com h\u00e1bitos simples. Comece com higiene: lave as p\u00e1lpebras diariamente com \u00e1gua morna e shampoo neutro dilu\u00eddo, massageando suavemente a base dos c\u00edlios. Compressas quentes ajudam a desobstruir as gl\u00e2ndulas \u2013 fa\u00e7a por 5-10 minutos, duas vezes ao dia.<\/p>\n<p>Para casos mais graves, um oftalmologista pode prescrever antibi\u00f3ticos ou esteroides. Eu sugiro evitar maquiagem durante crises e manter uma dieta rica em \u00f4mega-3 para melhorar a sa\u00fade das gl\u00e2ndulas. Tend\u00eancias futuras incluem tratamentos com luz intensa pulsada, que est\u00e3o ganhando espa\u00e7o para casos resistentes.<\/p>\n<ol>\n<li>Consulte um especialista se os sintomas persistirem por mais de duas semanas.<\/li>\n<li>Incorpore limpeza ocular na rotina noturna.<\/li>\n<li>Monitore condi\u00e7\u00f5es de pele associadas.<\/li>\n<\/ol>\n<h2>Reflex\u00f5es Finais: Cuide dos Seus Olhos Hoje<\/h2>\n<p>Resumindo, a caspa nos c\u00edlios n\u00e3o \u00e9 s\u00f3 uma irrita\u00e7\u00e3o est\u00e9tica \u2013 \u00e9 um sinal de que seus olhos pedem aten\u00e7\u00e3o para evitar inflama\u00e7\u00f5es como a blefarite. Na minha opini\u00e3o, prevenir \u00e9 sempre melhor que remediar, e pequenos ajustes na rotina podem fazer toda a diferen\u00e7a. Se voc\u00ea notar descama\u00e7\u00e3o ou desconforto, marque uma consulta e proteja sua vis\u00e3o. Seus olhos merecem esse cuidado!<\/p>\n","protected":false},"excerpt":{"rendered":"<p>Descubra se a caspa nos c\u00edlios \u00e9 sinal de blefarite, uma inflama\u00e7\u00e3o comum nos olhos. Aprenda sintomas, causas e como tratar para evitar complica\u00e7\u00f5es. Cuide da sua vis\u00e3o agora!<\/p>\n","protected":false},"author":1,"featured_media":551,"comment_status":"open","ping_status":"open","sticky":false,"template":"","format":"standard","meta":{"_acf_changed":false,"_eb_attr":"","footnotes":"","_wpscppro_dont_share_socialmedia":false,"_wpscppro_custom_social_share_image":0,"_facebook_share_type":"","_twitter_share_type":"","_linkedin_share_type":"","_pinterest_share_type":"","_linkedin_share_type_page":"","_instagram_share_type":"","_medium_share_type":"","_threads_share_type":"","_google_business_share_type":"","_selected_social_profile":[],"_wpsp_enable_custom_social_template":false,"_wpsp_social_scheduling":{"enabled":false,"datetime":null,"platforms":[],"status":"template_only","dateOption":"today","timeOption":"now","customDays":"","customHours":"","customDate":"","customTime":"","schedulingType":"absolute"},"_wpsp_active_default_template":true},"categories":[3],"tags":[],"class_list":["post-552","post","type-post","status-publish","format-standard","has-post-thumbnail","hentry","category-bem-estar"],"acf":[],"yoast_head":"<!-- This site is optimized with the Yoast SEO plugin v26.9 - https:\/\/yoast.com\/product\/yoast-seo-wordpress\/ -->\n<title>Caspa nos C\u00edlios? Entenda a Descama\u00e7\u00e3o como Sinal de Inflama\u00e7\u00e3o Ocular - ICTDF<\/title>\n<meta name=\"robots\" content=\"index, follow, max-snippet:-1, max-image-preview:large, max-video-preview:-1\" \/>\n<link rel=\"canonical\" href=\"https:\/\/ictdf.synergyecosys.io\/?p=552\" \/>\n<meta property=\"og:locale\" content=\"pt_BR\" \/>\n<meta property=\"og:type\" content=\"article\" \/>\n<meta property=\"og:title\" content=\"Caspa nos C\u00edlios? Entenda a Descama\u00e7\u00e3o como Sinal de Inflama\u00e7\u00e3o Ocular - ICTDF\" \/>\n<meta property=\"og:description\" content=\"Descubra se a caspa nos c\u00edlios \u00e9 sinal de blefarite, uma inflama\u00e7\u00e3o comum nos olhos. Aprenda sintomas, causas e como tratar para evitar complica\u00e7\u00f5es. Cuide da sua vis\u00e3o agora!\" \/>\n<meta property=\"og:url\" content=\"https:\/\/ictdf.synergyecosys.io\/?p=552\" \/>\n<meta property=\"og:site_name\" content=\"ICTDF\" \/>\n<meta property=\"article:published_time\" content=\"2026-03-20T00:33:05+00:00\" \/>\n<meta name=\"author\" content=\"admin\" \/>\n<meta name=\"twitter:card\" content=\"summary_large_image\" \/>\n<meta name=\"twitter:label1\" content=\"Escrito por\" \/>\n\t<meta name=\"twitter:data1\" content=\"admin\" \/>\n\t<meta name=\"twitter:label2\" content=\"Est. tempo de leitura\" \/>\n\t<meta name=\"twitter:data2\" content=\"4 minutos\" \/>\n<script type=\"application\/ld+json\" class=\"yoast-schema-graph\">{\"@context\":\"https:\/\/schema.org\",\"@graph\":[{\"@type\":\"Article\",\"@id\":\"https:\/\/ictdf.synergyecosys.io\/?p=552#article\",\"isPartOf\":{\"@id\":\"https:\/\/ictdf.synergyecosys.io\/?p=552\"},\"author\":{\"name\":\"admin\",\"@id\":\"https:\/\/ictdf.synergyecosys.io\/#\/schema\/person\/0b4488974b7b485188c0c01cb9f95b21\"},\"headline\":\"Caspa nos C\u00edlios? Entenda a Descama\u00e7\u00e3o como Sinal de Inflama\u00e7\u00e3o Ocular\",\"datePublished\":\"2026-03-20T00:33:05+00:00\",\"mainEntityOfPage\":{\"@id\":\"https:\/\/ictdf.synergyecosys.io\/?p=552\"},\"wordCount\":870,\"commentCount\":0,\"publisher\":{\"@id\":\"https:\/\/ictdf.synergyecosys.io\/#organization\"},\"image\":{\"@id\":\"https:\/\/ictdf.synergyecosys.io\/?p=552#primaryimage\"},\"thumbnailUrl\":\"https:\/\/ictdf.synergyecosys.io\/wp-content\/uploads\/2026\/03\/imagem-Caspa-nos-Cylios-Sinal-de-Inflamayyo-nos-Olhos.png\",\"articleSection\":[\"Bem-estar\"],\"inLanguage\":\"pt-BR\",\"potentialAction\":[{\"@type\":\"CommentAction\",\"name\":\"Comment\",\"target\":[\"https:\/\/ictdf.synergyecosys.io\/?p=552#respond\"]}]},{\"@type\":\"WebPage\",\"@id\":\"https:\/\/ictdf.synergyecosys.io\/?p=552\",\"url\":\"https:\/\/ictdf.synergyecosys.io\/?p=552\",\"name\":\"Caspa nos C\u00edlios? Entenda a Descama\u00e7\u00e3o como Sinal de Inflama\u00e7\u00e3o Ocular - ICTDF\",\"isPartOf\":{\"@id\":\"https:\/\/ictdf.synergyecosys.io\/#website\"},\"primaryImageOfPage\":{\"@id\":\"https:\/\/ictdf.synergyecosys.io\/?p=552#primaryimage\"},\"image\":{\"@id\":\"https:\/\/ictdf.synergyecosys.io\/?p=552#primaryimage\"},\"thumbnailUrl\":\"https:\/\/ictdf.synergyecosys.io\/wp-content\/uploads\/2026\/03\/imagem-Caspa-nos-Cylios-Sinal-de-Inflamayyo-nos-Olhos.png\",\"datePublished\":\"2026-03-20T00:33:05+00:00\",\"breadcrumb\":{\"@id\":\"https:\/\/ictdf.synergyecosys.io\/?p=552#breadcrumb\"},\"inLanguage\":\"pt-BR\",\"potentialAction\":[{\"@type\":\"ReadAction\",\"target\":[\"https:\/\/ictdf.synergyecosys.io\/?p=552\"]}]},{\"@type\":\"ImageObject\",\"inLanguage\":\"pt-BR\",\"@id\":\"https:\/\/ictdf.synergyecosys.io\/?p=552#primaryimage\",\"url\":\"https:\/\/ictdf.synergyecosys.io\/wp-content\/uploads\/2026\/03\/imagem-Caspa-nos-Cylios-Sinal-de-Inflamayyo-nos-Olhos.png\",\"contentUrl\":\"https:\/\/ictdf.synergyecosys.io\/wp-content\/uploads\/2026\/03\/imagem-Caspa-nos-Cylios-Sinal-de-Inflamayyo-nos-Olhos.png\",\"width\":1696,\"height\":960},{\"@type\":\"BreadcrumbList\",\"@id\":\"https:\/\/ictdf.synergyecosys.io\/?p=552#breadcrumb\",\"itemListElement\":[{\"@type\":\"ListItem\",\"position\":1,\"name\":\"In\u00edcio\",\"item\":\"https:\/\/ictdf.synergyecosys.io\/\"},{\"@type\":\"ListItem\",\"position\":2,\"name\":\"Caspa nos C\u00edlios? Entenda a Descama\u00e7\u00e3o como Sinal de Inflama\u00e7\u00e3o Ocular\"}]},{\"@type\":\"WebSite\",\"@id\":\"https:\/\/ictdf.synergyecosys.io\/#website\",\"url\":\"https:\/\/ictdf.synergyecosys.io\/\",\"name\":\"ICTDF\",\"description\":\"\",\"publisher\":{\"@id\":\"https:\/\/ictdf.synergyecosys.io\/#organization\"},\"potentialAction\":[{\"@type\":\"SearchAction\",\"target\":{\"@type\":\"EntryPoint\",\"urlTemplate\":\"https:\/\/ictdf.synergyecosys.io\/?s={search_term_string}\"},\"query-input\":{\"@type\":\"PropertyValueSpecification\",\"valueRequired\":true,\"valueName\":\"search_term_string\"}}],\"inLanguage\":\"pt-BR\"},{\"@type\":\"Organization\",\"@id\":\"https:\/\/ictdf.synergyecosys.io\/#organization\",\"name\":\"ICTDF\",\"url\":\"https:\/\/ictdf.synergyecosys.io\/\",\"logo\":{\"@type\":\"ImageObject\",\"inLanguage\":\"pt-BR\",\"@id\":\"https:\/\/ictdf.synergyecosys.io\/#\/schema\/logo\/image\/\",\"url\":\"https:\/\/ictdf.synergyecosys.io\/wp-content\/uploads\/2026\/02\/cropped-cropped-ICTDF_logo_transparente.png\",\"contentUrl\":\"https:\/\/ictdf.synergyecosys.io\/wp-content\/uploads\/2026\/02\/cropped-cropped-ICTDF_logo_transparente.png\",\"width\":450,\"height\":141,\"caption\":\"ICTDF\"},\"image\":{\"@id\":\"https:\/\/ictdf.synergyecosys.io\/#\/schema\/logo\/image\/\"}},{\"@type\":\"Person\",\"@id\":\"https:\/\/ictdf.synergyecosys.io\/#\/schema\/person\/0b4488974b7b485188c0c01cb9f95b21\",\"name\":\"admin\",\"image\":{\"@type\":\"ImageObject\",\"inLanguage\":\"pt-BR\",\"@id\":\"https:\/\/ictdf.synergyecosys.io\/#\/schema\/person\/image\/\",\"url\":\"https:\/\/secure.gravatar.com\/avatar\/ee6b87b4bde4f4817334740781bdb6e270748065085879a5aa2018d8006922fa?s=96&d=mm&r=g\",\"contentUrl\":\"https:\/\/secure.gravatar.com\/avatar\/ee6b87b4bde4f4817334740781bdb6e270748065085879a5aa2018d8006922fa?s=96&d=mm&r=g\",\"caption\":\"admin\"},\"sameAs\":[\"https:\/\/ictdf.synergyecosys.io\"],\"url\":\"https:\/\/ictdf.synergyecosys.io\/?author=1\"}]}<\/script>\n<!-- \/ Yoast SEO plugin. -->","yoast_head_json":{"title":"Caspa nos C\u00edlios? Entenda a Descama\u00e7\u00e3o como Sinal de Inflama\u00e7\u00e3o Ocular - ICTDF","robots":{"index":"index","follow":"follow","max-snippet":"max-snippet:-1","max-image-preview":"max-image-preview:large","max-video-preview":"max-video-preview:-1"},"canonical":"https:\/\/ictdf.synergyecosys.io\/?p=552","og_locale":"pt_BR","og_type":"article","og_title":"Caspa nos C\u00edlios? Entenda a Descama\u00e7\u00e3o como Sinal de Inflama\u00e7\u00e3o Ocular - ICTDF","og_description":"Descubra se a caspa nos c\u00edlios \u00e9 sinal de blefarite, uma inflama\u00e7\u00e3o comum nos olhos. Aprenda sintomas, causas e como tratar para evitar complica\u00e7\u00f5es. Cuide da sua vis\u00e3o agora!","og_url":"https:\/\/ictdf.synergyecosys.io\/?p=552","og_site_name":"ICTDF","article_published_time":"2026-03-20T00:33:05+00:00","author":"admin","twitter_card":"summary_large_image","twitter_misc":{"Escrito por":"admin","Est. tempo de leitura":"4 minutos"},"schema":{"@context":"https:\/\/schema.org","@graph":[{"@type":"Article","@id":"https:\/\/ictdf.synergyecosys.io\/?p=552#article","isPartOf":{"@id":"https:\/\/ictdf.synergyecosys.io\/?p=552"},"author":{"name":"admin","@id":"https:\/\/ictdf.synergyecosys.io\/#\/schema\/person\/0b4488974b7b485188c0c01cb9f95b21"},"headline":"Caspa nos C\u00edlios? Entenda a Descama\u00e7\u00e3o como Sinal de Inflama\u00e7\u00e3o Ocular","datePublished":"2026-03-20T00:33:05+00:00","mainEntityOfPage":{"@id":"https:\/\/ictdf.synergyecosys.io\/?p=552"},"wordCount":870,"commentCount":0,"publisher":{"@id":"https:\/\/ictdf.synergyecosys.io\/#organization"},"image":{"@id":"https:\/\/ictdf.synergyecosys.io\/?p=552#primaryimage"},"thumbnailUrl":"https:\/\/ictdf.synergyecosys.io\/wp-content\/uploads\/2026\/03\/imagem-Caspa-nos-Cylios-Sinal-de-Inflamayyo-nos-Olhos.png","articleSection":["Bem-estar"],"inLanguage":"pt-BR","potentialAction":[{"@type":"CommentAction","name":"Comment","target":["https:\/\/ictdf.synergyecosys.io\/?p=552#respond"]}]},{"@type":"WebPage","@id":"https:\/\/ictdf.synergyecosys.io\/?p=552","url":"https:\/\/ictdf.synergyecosys.io\/?p=552","name":"Caspa nos C\u00edlios? Entenda a Descama\u00e7\u00e3o como Sinal de Inflama\u00e7\u00e3o Ocular - ICTDF","isPartOf":{"@id":"https:\/\/ictdf.synergyecosys.io\/#website"},"primaryImageOfPage":{"@id":"https:\/\/ictdf.synergyecosys.io\/?p=552#primaryimage"},"image":{"@id":"https:\/\/ictdf.synergyecosys.io\/?p=552#primaryimage"},"thumbnailUrl":"https:\/\/ictdf.synergyecosys.io\/wp-content\/uploads\/2026\/03\/imagem-Caspa-nos-Cylios-Sinal-de-Inflamayyo-nos-Olhos.png","datePublished":"2026-03-20T00:33:05+00:00","breadcrumb":{"@id":"https:\/\/ictdf.synergyecosys.io\/?p=552#breadcrumb"},"inLanguage":"pt-BR","potentialAction":[{"@type":"ReadAction","target":["https:\/\/ictdf.synergyecosys.io\/?p=552"]}]},{"@type":"ImageObject","inLanguage":"pt-BR","@id":"https:\/\/ictdf.synergyecosys.io\/?p=552#primaryimage","url":"https:\/\/ictdf.synergyecosys.io\/wp-content\/uploads\/2026\/03\/imagem-Caspa-nos-Cylios-Sinal-de-Inflamayyo-nos-Olhos.png","contentUrl":"https:\/\/ictdf.synergyecosys.io\/wp-content\/uploads\/2026\/03\/imagem-Caspa-nos-Cylios-Sinal-de-Inflamayyo-nos-Olhos.png","width":1696,"height":960},{"@type":"BreadcrumbList","@id":"https:\/\/ictdf.synergyecosys.io\/?p=552#breadcrumb","itemListElement":[{"@type":"ListItem","position":1,"name":"In\u00edcio","item":"https:\/\/ictdf.synergyecosys.io\/"},{"@type":"ListItem","position":2,"name":"Caspa nos C\u00edlios? Entenda a Descama\u00e7\u00e3o como Sinal de Inflama\u00e7\u00e3o Ocular"}]},{"@type":"WebSite","@id":"https:\/\/ictdf.synergyecosys.io\/#website","url":"https:\/\/ictdf.synergyecosys.io\/","name":"ICTDF","description":"","publisher":{"@id":"https:\/\/ictdf.synergyecosys.io\/#organization"},"potentialAction":[{"@type":"SearchAction","target":{"@type":"EntryPoint","urlTemplate":"https:\/\/ictdf.synergyecosys.io\/?s={search_term_string}"},"query-input":{"@type":"PropertyValueSpecification","valueRequired":true,"valueName":"search_term_string"}}],"inLanguage":"pt-BR"},{"@type":"Organization","@id":"https:\/\/ictdf.synergyecosys.io\/#organization","name":"ICTDF","url":"https:\/\/ictdf.synergyecosys.io\/","logo":{"@type":"ImageObject","inLanguage":"pt-BR","@id":"https:\/\/ictdf.synergyecosys.io\/#\/schema\/logo\/image\/","url":"https:\/\/ictdf.synergyecosys.io\/wp-content\/uploads\/2026\/02\/cropped-cropped-ICTDF_logo_transparente.png","contentUrl":"https:\/\/ictdf.synergyecosys.io\/wp-content\/uploads\/2026\/02\/cropped-cropped-ICTDF_logo_transparente.png","width":450,"height":141,"caption":"ICTDF"},"image":{"@id":"https:\/\/ictdf.synergyecosys.io\/#\/schema\/logo\/image\/"}},{"@type":"Person","@id":"https:\/\/ictdf.synergyecosys.io\/#\/schema\/person\/0b4488974b7b485188c0c01cb9f95b21","name":"admin","image":{"@type":"ImageObject","inLanguage":"pt-BR","@id":"https:\/\/ictdf.synergyecosys.io\/#\/schema\/person\/image\/","url":"https:\/\/secure.gravatar.com\/avatar\/ee6b87b4bde4f4817334740781bdb6e270748065085879a5aa2018d8006922fa?s=96&d=mm&r=g","contentUrl":"https:\/\/secure.gravatar.com\/avatar\/ee6b87b4bde4f4817334740781bdb6e270748065085879a5aa2018d8006922fa?s=96&d=mm&r=g","caption":"admin"},"sameAs":["https:\/\/ictdf.synergyecosys.io"],"url":"https:\/\/ictdf.synergyecosys.io\/?author=1"}]}},"_links":{"self":[{"href":"https:\/\/ictdf.synergyecosys.io\/index.php?rest_route=\/wp\/v2\/posts\/552","targetHints":{"allow":["GET"]}}],"collection":[{"href":"https:\/\/ictdf.synergyecosys.io\/index.php?rest_route=\/wp\/v2\/posts"}],"about":[{"href":"https:\/\/ictdf.synergyecosys.io\/index.php?rest_route=\/wp\/v2\/types\/post"}],"author":[{"embeddable":true,"href":"https:\/\/ictdf.synergyecosys.io\/index.php?rest_route=\/wp\/v2\/users\/1"}],"replies":[{"embeddable":true,"href":"https:\/\/ictdf.synergyecosys.io\/index.php?rest_route=%2Fwp%2Fv2%2Fcomments&post=552"}],"version-history":[{"count":0,"href":"https:\/\/ictdf.synergyecosys.io\/index.php?rest_route=\/wp\/v2\/posts\/552\/revisions"}],"wp:featuredmedia":[{"embeddable":true,"href":"https:\/\/ictdf.synergyecosys.io\/index.php?rest_route=\/wp\/v2\/media\/551"}],"wp:attachment":[{"href":"https:\/\/ictdf.synergyecosys.io\/index.php?rest_route=%2Fwp%2Fv2%2Fmedia&parent=552"}],"wp:term":[{"taxonomy":"category","embeddable":true,"href":"https:\/\/ictdf.synergyecosys.io\/index.php?rest_route=%2Fwp%2Fv2%2Fcategories&post=552"},{"taxonomy":"post_tag","embeddable":true,"href":"https:\/\/ictdf.synergyecosys.io\/index.php?rest_route=%2Fwp%2Fv2%2Ftags&post=552"}],"curies":[{"name":"wp","href":"https:\/\/api.w.org\/{rel}","templated":true}]}}