{"id":533,"date":"2026-03-18T20:33:11","date_gmt":"2026-03-18T23:33:11","guid":{"rendered":"https:\/\/ictdf.synergyecosys.io\/?p=533"},"modified":"2026-03-18T20:33:11","modified_gmt":"2026-03-18T23:33:11","slug":"mortes-por-cancer-colorretal-por-que-devem-aumentar-quase-3-vezes-ate-2030","status":"publish","type":"post","link":"https:\/\/ictdf.synergyecosys.io\/?p=533","title":{"rendered":"Mortes por C\u00e2ncer Colorretal: Por Que Devem Aumentar Quase 3 Vezes at\u00e9 2030?"},"content":{"rendered":"<p>Voc\u00ea j\u00e1 parou para pensar no que est\u00e1 acontecendo com nossa sa\u00fade intestinal? Recentemente, estudos alertam que as mortes por <strong>c\u00e2ncer colorretal<\/strong> podem crescer de forma alarmante, quase triplicando at\u00e9 2030. Como especialista em jornalismo did\u00e1tico, eu analisei dados e relat\u00f3rios para trazer essa informa\u00e7\u00e3o de forma clara e acess\u00edvel. Vamos entender juntos o que isso significa para n\u00f3s e como podemos nos proteger.<\/p>\n<p>O <strong>c\u00e2ncer colorretal<\/strong>, que na pr\u00e1tica \u00e9 o tumor que se desenvolve no c\u00f3lon ou no reto \u2013 partes do nosso intestino grosso \u2013, \u00e9 uma doen\u00e7a que assusta, mas que pode ser prevenida em muitos casos. Ele come\u00e7a muitas vezes como um p\u00f3lipo benigno, mas pode evoluir para algo s\u00e9rio se n\u00e3o for detectado a tempo.<\/p>\n<h2>O Que \u00c9 o C\u00e2ncer Colorretal e Por Que Ele Assusta?<\/h2>\n<p>Imagine o intestino como um tubo longo que processa o que comemos. O c\u00f3lon e o reto s\u00e3o as partes finais desse sistema. Quando c\u00e9lulas ali crescem de forma descontrolada, surge o c\u00e2ncer. Sintomas comuns incluem sangue nas fezes, mudan\u00e7as no h\u00e1bito intestinal, perda de peso e fadiga. Mas o pior \u00e9 que, no in\u00edcio, ele pode ser silencioso.<\/p>\n<p>De acordo com fontes confi\u00e1veis como a Wikipedia e organiza\u00e7\u00f5es de sa\u00fade, esse tipo de c\u00e2ncer \u00e9 o terceiro mais comum no mundo, respons\u00e1vel por cerca de 10% de todos os casos. Em 2022, foram mais de 1,9 milh\u00e3o de novos casos e quase 900 mil mortes globalmente. E o cen\u00e1rio est\u00e1 piorando.<\/p>\n<h3>Fatores de Risco que Todos Devemos Conhecer<\/h3>\n<p>V\u00e1rios h\u00e1bitos di\u00e1rios contribuem para isso. Uma dieta rica em carnes vermelhas processadas, \u00e1lcool em excesso, obesidade, sedentarismo e tabagismo s\u00e3o vil\u00f5es. Doen\u00e7as inflamat\u00f3rias intestinais, como Crohn e colite ulcerativa, tamb\u00e9m aumentam o risco. Curiosamente, menos de 5% dos casos s\u00e3o heredit\u00e1rios, o que significa que o estilo de vida faz toda a diferen\u00e7a.<\/p>\n<h2>Por Que as Mortes Podem Triplicar at\u00e9 2030?<\/h2>\n<p>Estudos recentes, baseados em proje\u00e7\u00f5es epidemiol\u00f3gicas, indicam que as mortes por <strong>c\u00e2ncer colorretal<\/strong> podem aumentar quase tr\u00eas vezes em algumas regi\u00f5es at\u00e9 2030. Isso se deve a uma combina\u00e7\u00e3o de envelhecimento populacional, mudan\u00e7as na dieta global \u2013 mais fast food e menos fibras \u2013 e o aumento da obesidade em jovens.<\/p>\n<p>Na minha an\u00e1lise, percebo que pa\u00edses em desenvolvimento, como o Brasil, est\u00e3o vendo um crescimento acelerado. Relat\u00f3rios da OMS e institutos como o INCA apontam para um salto significativo se nada for feito. Por exemplo, enquanto em na\u00e7\u00f5es desenvolvidas a detec\u00e7\u00e3o precoce estabiliza os n\u00fameros, em outros lugares o diagn\u00f3stico tardio leva a mais fatalidades.<\/p>\n<h2>Os Impactos no Dia a Dia e na Sociedade<\/h2>\n<p>Esse aumento n\u00e3o \u00e9 s\u00f3 um n\u00famero; ele afeta fam\u00edlias, economias e sistemas de sa\u00fade. Para o indiv\u00edduo, significa mais sofrimento, tratamentos caros e perda de produtividade. Para as empresas, absente\u00edsmo e custos m\u00e9dicos elevados. Na sociedade, sobrecarrega hospitais p\u00fablicos, especialmente em pa\u00edses como o nosso, onde o SUS j\u00e1 enfrenta desafios.<\/p>\n<p>Pense nos jovens: surpreendentemente, casos em pessoas abaixo de 50 anos est\u00e3o subindo, possivelmente por dietas ruins e estresse. Isso muda o perfil da doen\u00e7a, exigindo vigil\u00e2ncia maior em todas as idades.<\/p>\n<h3>Consequ\u00eancias Econ\u00f4micas e Emocionais<\/h3>\n<ul>\n<li><strong>Custos m\u00e9dicos:<\/strong> Cirurgias, quimioterapia e radioterapia podem custar fortunas.<\/li>\n<li><strong>Impacto familiar:<\/strong> Cuidadores se dedicam, afetando o equil\u00edbrio dom\u00e9stico.<\/li>\n<li><strong>Sa\u00fade p\u00fablica:<\/strong> Mais recursos desviados para tratamento em vez de preven\u00e7\u00e3o.<\/li>\n<\/ul>\n<h2>Como Prevenir e O Que o Futuro Reserva<\/h2>\n<p>A boa not\u00edcia? At\u00e9 90% dos casos podem ser evitados com h\u00e1bitos simples. Comece com uma dieta rica em frutas, vegetais e gr\u00e3os integrais. Exerc\u00edcios regulares \u2013 pelo menos 150 minutos por semana \u2013 e evite \u00e1lcool e cigarro. Screenings como colonoscopia a partir dos 45 anos salvam vidas ao remover p\u00f3lipos precocemente.<\/p>\n<p>Olhando para o futuro, tend\u00eancias mostram avan\u00e7os em terapias gen\u00e9ticas e vacinas preventivas. Mas cabe a n\u00f3s, agora, adotar mudan\u00e7as. Recomendo consultar um m\u00e9dico para avalia\u00e7\u00f5es personalizadas e participar de campanhas de conscientiza\u00e7\u00e3o.<\/p>\n<h2>Reflex\u00f5es Finais: Hora de Agir pela Sua Sa\u00fade Intestinal<\/h2>\n<p>Em resumo, o alerta sobre o triplo de mortes por <strong>c\u00e2ncer colorretal<\/strong> at\u00e9 2030 \u00e9 um chamado \u00e0 a\u00e7\u00e3o. N\u00e3o espere sintomas; previna. Na minha experi\u00eancia analisando esses temas, vejo que pequenas mudan\u00e7as hoje podem evitar grandes problemas amanh\u00e3. Cuide-se, converse com seus entes queridos e marque aquela consulta. Sua sa\u00fade agradece!<\/p>\n","protected":false},"excerpt":{"rendered":"<p>As mortes por c\u00e2ncer colorretal podem aumentar quase 3 vezes at\u00e9 2030. Entenda os motivos, riscos e como prevenir essa doen\u00e7a silenciosa que afeta milh\u00f5es.<\/p>\n","protected":false},"author":1,"featured_media":532,"comment_status":"open","ping_status":"open","sticky":false,"template":"","format":"standard","meta":{"_acf_changed":false,"_eb_attr":"","footnotes":"","_wpscppro_dont_share_socialmedia":false,"_wpscppro_custom_social_share_image":0,"_facebook_share_type":"","_twitter_share_type":"","_linkedin_share_type":"","_pinterest_share_type":"","_linkedin_share_type_page":"","_instagram_share_type":"","_medium_share_type":"","_threads_share_type":"","_google_business_share_type":"","_selected_social_profile":[],"_wpsp_enable_custom_social_template":false,"_wpsp_social_scheduling":{"enabled":false,"datetime":null,"platforms":[],"status":"template_only","dateOption":"today","timeOption":"now","customDays":"","customHours":"","customDate":"","customTime":"","schedulingType":"absolute"},"_wpsp_active_default_template":true},"categories":[3],"tags":[],"class_list":["post-533","post","type-post","status-publish","format-standard","has-post-thumbnail","hentry","category-bem-estar"],"acf":[],"yoast_head":"<!-- This site is optimized with the Yoast SEO plugin v26.9 - https:\/\/yoast.com\/product\/yoast-seo-wordpress\/ -->\n<title>Mortes por C\u00e2ncer Colorretal: Por Que Devem Aumentar Quase 3 Vezes at\u00e9 2030? - ICTDF<\/title>\n<meta name=\"robots\" content=\"index, follow, max-snippet:-1, max-image-preview:large, max-video-preview:-1\" \/>\n<link rel=\"canonical\" href=\"https:\/\/ictdf.synergyecosys.io\/?p=533\" \/>\n<meta property=\"og:locale\" content=\"pt_BR\" \/>\n<meta property=\"og:type\" content=\"article\" \/>\n<meta property=\"og:title\" content=\"Mortes por C\u00e2ncer Colorretal: Por Que Devem Aumentar Quase 3 Vezes at\u00e9 2030? - ICTDF\" \/>\n<meta property=\"og:description\" content=\"As mortes por c\u00e2ncer colorretal podem aumentar quase 3 vezes at\u00e9 2030. Entenda os motivos, riscos e como prevenir essa doen\u00e7a silenciosa que afeta milh\u00f5es.\" \/>\n<meta property=\"og:url\" content=\"https:\/\/ictdf.synergyecosys.io\/?p=533\" \/>\n<meta property=\"og:site_name\" content=\"ICTDF\" \/>\n<meta property=\"article:published_time\" content=\"2026-03-18T23:33:11+00:00\" \/>\n<meta name=\"author\" content=\"admin\" \/>\n<meta name=\"twitter:card\" content=\"summary_large_image\" \/>\n<meta name=\"twitter:label1\" content=\"Escrito por\" \/>\n\t<meta name=\"twitter:data1\" content=\"admin\" \/>\n\t<meta name=\"twitter:label2\" content=\"Est. tempo de leitura\" \/>\n\t<meta name=\"twitter:data2\" content=\"4 minutos\" \/>\n<script type=\"application\/ld+json\" class=\"yoast-schema-graph\">{\"@context\":\"https:\/\/schema.org\",\"@graph\":[{\"@type\":\"Article\",\"@id\":\"https:\/\/ictdf.synergyecosys.io\/?p=533#article\",\"isPartOf\":{\"@id\":\"https:\/\/ictdf.synergyecosys.io\/?p=533\"},\"author\":{\"name\":\"admin\",\"@id\":\"https:\/\/ictdf.synergyecosys.io\/#\/schema\/person\/0b4488974b7b485188c0c01cb9f95b21\"},\"headline\":\"Mortes por C\u00e2ncer Colorretal: Por Que Devem Aumentar Quase 3 Vezes at\u00e9 2030?\",\"datePublished\":\"2026-03-18T23:33:11+00:00\",\"mainEntityOfPage\":{\"@id\":\"https:\/\/ictdf.synergyecosys.io\/?p=533\"},\"wordCount\":782,\"commentCount\":0,\"publisher\":{\"@id\":\"https:\/\/ictdf.synergyecosys.io\/#organization\"},\"image\":{\"@id\":\"https:\/\/ictdf.synergyecosys.io\/?p=533#primaryimage\"},\"thumbnailUrl\":\"https:\/\/ictdf.synergyecosys.io\/wp-content\/uploads\/2026\/03\/imagem-Mortes-por-Cyncer-Colorretal-Triplicam-aty-2030-Alerta.png\",\"articleSection\":[\"Bem-estar\"],\"inLanguage\":\"pt-BR\",\"potentialAction\":[{\"@type\":\"CommentAction\",\"name\":\"Comment\",\"target\":[\"https:\/\/ictdf.synergyecosys.io\/?p=533#respond\"]}]},{\"@type\":\"WebPage\",\"@id\":\"https:\/\/ictdf.synergyecosys.io\/?p=533\",\"url\":\"https:\/\/ictdf.synergyecosys.io\/?p=533\",\"name\":\"Mortes por C\u00e2ncer Colorretal: Por Que Devem Aumentar Quase 3 Vezes at\u00e9 2030? - ICTDF\",\"isPartOf\":{\"@id\":\"https:\/\/ictdf.synergyecosys.io\/#website\"},\"primaryImageOfPage\":{\"@id\":\"https:\/\/ictdf.synergyecosys.io\/?p=533#primaryimage\"},\"image\":{\"@id\":\"https:\/\/ictdf.synergyecosys.io\/?p=533#primaryimage\"},\"thumbnailUrl\":\"https:\/\/ictdf.synergyecosys.io\/wp-content\/uploads\/2026\/03\/imagem-Mortes-por-Cyncer-Colorretal-Triplicam-aty-2030-Alerta.png\",\"datePublished\":\"2026-03-18T23:33:11+00:00\",\"breadcrumb\":{\"@id\":\"https:\/\/ictdf.synergyecosys.io\/?p=533#breadcrumb\"},\"inLanguage\":\"pt-BR\",\"potentialAction\":[{\"@type\":\"ReadAction\",\"target\":[\"https:\/\/ictdf.synergyecosys.io\/?p=533\"]}]},{\"@type\":\"ImageObject\",\"inLanguage\":\"pt-BR\",\"@id\":\"https:\/\/ictdf.synergyecosys.io\/?p=533#primaryimage\",\"url\":\"https:\/\/ictdf.synergyecosys.io\/wp-content\/uploads\/2026\/03\/imagem-Mortes-por-Cyncer-Colorretal-Triplicam-aty-2030-Alerta.png\",\"contentUrl\":\"https:\/\/ictdf.synergyecosys.io\/wp-content\/uploads\/2026\/03\/imagem-Mortes-por-Cyncer-Colorretal-Triplicam-aty-2030-Alerta.png\",\"width\":1696,\"height\":960},{\"@type\":\"BreadcrumbList\",\"@id\":\"https:\/\/ictdf.synergyecosys.io\/?p=533#breadcrumb\",\"itemListElement\":[{\"@type\":\"ListItem\",\"position\":1,\"name\":\"In\u00edcio\",\"item\":\"https:\/\/ictdf.synergyecosys.io\/\"},{\"@type\":\"ListItem\",\"position\":2,\"name\":\"Mortes por C\u00e2ncer Colorretal: Por Que Devem Aumentar Quase 3 Vezes at\u00e9 2030?\"}]},{\"@type\":\"WebSite\",\"@id\":\"https:\/\/ictdf.synergyecosys.io\/#website\",\"url\":\"https:\/\/ictdf.synergyecosys.io\/\",\"name\":\"ICTDF\",\"description\":\"\",\"publisher\":{\"@id\":\"https:\/\/ictdf.synergyecosys.io\/#organization\"},\"potentialAction\":[{\"@type\":\"SearchAction\",\"target\":{\"@type\":\"EntryPoint\",\"urlTemplate\":\"https:\/\/ictdf.synergyecosys.io\/?s={search_term_string}\"},\"query-input\":{\"@type\":\"PropertyValueSpecification\",\"valueRequired\":true,\"valueName\":\"search_term_string\"}}],\"inLanguage\":\"pt-BR\"},{\"@type\":\"Organization\",\"@id\":\"https:\/\/ictdf.synergyecosys.io\/#organization\",\"name\":\"ICTDF\",\"url\":\"https:\/\/ictdf.synergyecosys.io\/\",\"logo\":{\"@type\":\"ImageObject\",\"inLanguage\":\"pt-BR\",\"@id\":\"https:\/\/ictdf.synergyecosys.io\/#\/schema\/logo\/image\/\",\"url\":\"https:\/\/ictdf.synergyecosys.io\/wp-content\/uploads\/2026\/02\/cropped-cropped-ICTDF_logo_transparente.png\",\"contentUrl\":\"https:\/\/ictdf.synergyecosys.io\/wp-content\/uploads\/2026\/02\/cropped-cropped-ICTDF_logo_transparente.png\",\"width\":450,\"height\":141,\"caption\":\"ICTDF\"},\"image\":{\"@id\":\"https:\/\/ictdf.synergyecosys.io\/#\/schema\/logo\/image\/\"}},{\"@type\":\"Person\",\"@id\":\"https:\/\/ictdf.synergyecosys.io\/#\/schema\/person\/0b4488974b7b485188c0c01cb9f95b21\",\"name\":\"admin\",\"image\":{\"@type\":\"ImageObject\",\"inLanguage\":\"pt-BR\",\"@id\":\"https:\/\/ictdf.synergyecosys.io\/#\/schema\/person\/image\/\",\"url\":\"https:\/\/secure.gravatar.com\/avatar\/ee6b87b4bde4f4817334740781bdb6e270748065085879a5aa2018d8006922fa?s=96&d=mm&r=g\",\"contentUrl\":\"https:\/\/secure.gravatar.com\/avatar\/ee6b87b4bde4f4817334740781bdb6e270748065085879a5aa2018d8006922fa?s=96&d=mm&r=g\",\"caption\":\"admin\"},\"sameAs\":[\"https:\/\/ictdf.synergyecosys.io\"],\"url\":\"https:\/\/ictdf.synergyecosys.io\/?author=1\"}]}<\/script>\n<!-- \/ Yoast SEO plugin. -->","yoast_head_json":{"title":"Mortes por C\u00e2ncer Colorretal: Por Que Devem Aumentar Quase 3 Vezes at\u00e9 2030? - ICTDF","robots":{"index":"index","follow":"follow","max-snippet":"max-snippet:-1","max-image-preview":"max-image-preview:large","max-video-preview":"max-video-preview:-1"},"canonical":"https:\/\/ictdf.synergyecosys.io\/?p=533","og_locale":"pt_BR","og_type":"article","og_title":"Mortes por C\u00e2ncer Colorretal: Por Que Devem Aumentar Quase 3 Vezes at\u00e9 2030? - ICTDF","og_description":"As mortes por c\u00e2ncer colorretal podem aumentar quase 3 vezes at\u00e9 2030. Entenda os motivos, riscos e como prevenir essa doen\u00e7a silenciosa que afeta milh\u00f5es.","og_url":"https:\/\/ictdf.synergyecosys.io\/?p=533","og_site_name":"ICTDF","article_published_time":"2026-03-18T23:33:11+00:00","author":"admin","twitter_card":"summary_large_image","twitter_misc":{"Escrito por":"admin","Est. tempo de leitura":"4 minutos"},"schema":{"@context":"https:\/\/schema.org","@graph":[{"@type":"Article","@id":"https:\/\/ictdf.synergyecosys.io\/?p=533#article","isPartOf":{"@id":"https:\/\/ictdf.synergyecosys.io\/?p=533"},"author":{"name":"admin","@id":"https:\/\/ictdf.synergyecosys.io\/#\/schema\/person\/0b4488974b7b485188c0c01cb9f95b21"},"headline":"Mortes por C\u00e2ncer Colorretal: Por Que Devem Aumentar Quase 3 Vezes at\u00e9 2030?","datePublished":"2026-03-18T23:33:11+00:00","mainEntityOfPage":{"@id":"https:\/\/ictdf.synergyecosys.io\/?p=533"},"wordCount":782,"commentCount":0,"publisher":{"@id":"https:\/\/ictdf.synergyecosys.io\/#organization"},"image":{"@id":"https:\/\/ictdf.synergyecosys.io\/?p=533#primaryimage"},"thumbnailUrl":"https:\/\/ictdf.synergyecosys.io\/wp-content\/uploads\/2026\/03\/imagem-Mortes-por-Cyncer-Colorretal-Triplicam-aty-2030-Alerta.png","articleSection":["Bem-estar"],"inLanguage":"pt-BR","potentialAction":[{"@type":"CommentAction","name":"Comment","target":["https:\/\/ictdf.synergyecosys.io\/?p=533#respond"]}]},{"@type":"WebPage","@id":"https:\/\/ictdf.synergyecosys.io\/?p=533","url":"https:\/\/ictdf.synergyecosys.io\/?p=533","name":"Mortes por C\u00e2ncer Colorretal: Por Que Devem Aumentar Quase 3 Vezes at\u00e9 2030? - ICTDF","isPartOf":{"@id":"https:\/\/ictdf.synergyecosys.io\/#website"},"primaryImageOfPage":{"@id":"https:\/\/ictdf.synergyecosys.io\/?p=533#primaryimage"},"image":{"@id":"https:\/\/ictdf.synergyecosys.io\/?p=533#primaryimage"},"thumbnailUrl":"https:\/\/ictdf.synergyecosys.io\/wp-content\/uploads\/2026\/03\/imagem-Mortes-por-Cyncer-Colorretal-Triplicam-aty-2030-Alerta.png","datePublished":"2026-03-18T23:33:11+00:00","breadcrumb":{"@id":"https:\/\/ictdf.synergyecosys.io\/?p=533#breadcrumb"},"inLanguage":"pt-BR","potentialAction":[{"@type":"ReadAction","target":["https:\/\/ictdf.synergyecosys.io\/?p=533"]}]},{"@type":"ImageObject","inLanguage":"pt-BR","@id":"https:\/\/ictdf.synergyecosys.io\/?p=533#primaryimage","url":"https:\/\/ictdf.synergyecosys.io\/wp-content\/uploads\/2026\/03\/imagem-Mortes-por-Cyncer-Colorretal-Triplicam-aty-2030-Alerta.png","contentUrl":"https:\/\/ictdf.synergyecosys.io\/wp-content\/uploads\/2026\/03\/imagem-Mortes-por-Cyncer-Colorretal-Triplicam-aty-2030-Alerta.png","width":1696,"height":960},{"@type":"BreadcrumbList","@id":"https:\/\/ictdf.synergyecosys.io\/?p=533#breadcrumb","itemListElement":[{"@type":"ListItem","position":1,"name":"In\u00edcio","item":"https:\/\/ictdf.synergyecosys.io\/"},{"@type":"ListItem","position":2,"name":"Mortes por C\u00e2ncer Colorretal: Por Que Devem Aumentar Quase 3 Vezes at\u00e9 2030?"}]},{"@type":"WebSite","@id":"https:\/\/ictdf.synergyecosys.io\/#website","url":"https:\/\/ictdf.synergyecosys.io\/","name":"ICTDF","description":"","publisher":{"@id":"https:\/\/ictdf.synergyecosys.io\/#organization"},"potentialAction":[{"@type":"SearchAction","target":{"@type":"EntryPoint","urlTemplate":"https:\/\/ictdf.synergyecosys.io\/?s={search_term_string}"},"query-input":{"@type":"PropertyValueSpecification","valueRequired":true,"valueName":"search_term_string"}}],"inLanguage":"pt-BR"},{"@type":"Organization","@id":"https:\/\/ictdf.synergyecosys.io\/#organization","name":"ICTDF","url":"https:\/\/ictdf.synergyecosys.io\/","logo":{"@type":"ImageObject","inLanguage":"pt-BR","@id":"https:\/\/ictdf.synergyecosys.io\/#\/schema\/logo\/image\/","url":"https:\/\/ictdf.synergyecosys.io\/wp-content\/uploads\/2026\/02\/cropped-cropped-ICTDF_logo_transparente.png","contentUrl":"https:\/\/ictdf.synergyecosys.io\/wp-content\/uploads\/2026\/02\/cropped-cropped-ICTDF_logo_transparente.png","width":450,"height":141,"caption":"ICTDF"},"image":{"@id":"https:\/\/ictdf.synergyecosys.io\/#\/schema\/logo\/image\/"}},{"@type":"Person","@id":"https:\/\/ictdf.synergyecosys.io\/#\/schema\/person\/0b4488974b7b485188c0c01cb9f95b21","name":"admin","image":{"@type":"ImageObject","inLanguage":"pt-BR","@id":"https:\/\/ictdf.synergyecosys.io\/#\/schema\/person\/image\/","url":"https:\/\/secure.gravatar.com\/avatar\/ee6b87b4bde4f4817334740781bdb6e270748065085879a5aa2018d8006922fa?s=96&d=mm&r=g","contentUrl":"https:\/\/secure.gravatar.com\/avatar\/ee6b87b4bde4f4817334740781bdb6e270748065085879a5aa2018d8006922fa?s=96&d=mm&r=g","caption":"admin"},"sameAs":["https:\/\/ictdf.synergyecosys.io"],"url":"https:\/\/ictdf.synergyecosys.io\/?author=1"}]}},"_links":{"self":[{"href":"https:\/\/ictdf.synergyecosys.io\/index.php?rest_route=\/wp\/v2\/posts\/533","targetHints":{"allow":["GET"]}}],"collection":[{"href":"https:\/\/ictdf.synergyecosys.io\/index.php?rest_route=\/wp\/v2\/posts"}],"about":[{"href":"https:\/\/ictdf.synergyecosys.io\/index.php?rest_route=\/wp\/v2\/types\/post"}],"author":[{"embeddable":true,"href":"https:\/\/ictdf.synergyecosys.io\/index.php?rest_route=\/wp\/v2\/users\/1"}],"replies":[{"embeddable":true,"href":"https:\/\/ictdf.synergyecosys.io\/index.php?rest_route=%2Fwp%2Fv2%2Fcomments&post=533"}],"version-history":[{"count":0,"href":"https:\/\/ictdf.synergyecosys.io\/index.php?rest_route=\/wp\/v2\/posts\/533\/revisions"}],"wp:featuredmedia":[{"embeddable":true,"href":"https:\/\/ictdf.synergyecosys.io\/index.php?rest_route=\/wp\/v2\/media\/532"}],"wp:attachment":[{"href":"https:\/\/ictdf.synergyecosys.io\/index.php?rest_route=%2Fwp%2Fv2%2Fmedia&parent=533"}],"wp:term":[{"taxonomy":"category","embeddable":true,"href":"https:\/\/ictdf.synergyecosys.io\/index.php?rest_route=%2Fwp%2Fv2%2Fcategories&post=533"},{"taxonomy":"post_tag","embeddable":true,"href":"https:\/\/ictdf.synergyecosys.io\/index.php?rest_route=%2Fwp%2Fv2%2Ftags&post=533"}],"curies":[{"name":"wp","href":"https:\/\/api.w.org\/{rel}","templated":true}]}}