{"id":521,"date":"2026-03-17T19:33:14","date_gmt":"2026-03-17T22:33:14","guid":{"rendered":"https:\/\/ictdf.synergyecosys.io\/?p=521"},"modified":"2026-03-17T19:33:14","modified_gmt":"2026-03-17T22:33:14","slug":"decisao-sobre-mudancas-na-politica-de-vacinas-de-rfk-jr-deixa-grupos-de-saude-correndo-atras","status":"publish","type":"post","link":"https:\/\/ictdf.synergyecosys.io\/?p=521","title":{"rendered":"Decis\u00e3o sobre Mudan\u00e7as na Pol\u00edtica de Vacinas de RFK Jr. Deixa Grupos de Sa\u00fade Correndo Atr\u00e1s"},"content":{"rendered":"<p>Recentemente, uma decis\u00e3o judicial nos Estados Unidos balan\u00e7ou o mundo da sa\u00fade p\u00fablica. Estamos falando da controv\u00e9rsia envolvendo Robert F. Kennedy Jr., conhecido como RFK Jr., e suas propostas para alterar as pol\u00edticas de vacina\u00e7\u00e3o. Como especialista em jornalismo did\u00e1tico, eu analisei o caso e vou explicar tudo de forma simples e clara para voc\u00ea entender o que est\u00e1 acontecendo.<\/p>\n<p>O tema \u00e9 quente porque envolve vacinas, que salvam milh\u00f5es de vidas, e mudan\u00e7as que poderiam afetar como elas s\u00e3o recomendadas. Vamos mergulhar nisso passo a passo.<\/p>\n<h2>O Contexto da Nomea\u00e7\u00e3o de RFK Jr. e Suas Ideias sobre Vacinas<\/h2>\n<p>RFK Jr. \u00e9 um membro da famosa fam\u00edlia Kennedy e foi nomeado Secret\u00e1rio de Sa\u00fade e Servi\u00e7os Humanos nos EUA em 2025, sob a administra\u00e7\u00e3o Trump. Ele \u00e9 conhecido por suas vis\u00f5es cr\u00edticas sobre vacinas, promovendo ideias que questionam sua seguran\u00e7a, apesar de evid\u00eancias cient\u00edficas contr\u00e1rias. Por exemplo, ele fundou o Children&#8217;s Health Defense, um grupo que dissemina informa\u00e7\u00f5es controversas sobre vacinas e autismo \u2013 uma liga\u00e7\u00e3o que a ci\u00eancia desmentiu repetidamente.<\/p>\n<p>Em junho de 2025, RFK Jr. demitiu todos os 17 membros do Comit\u00ea Consultivo sobre Pr\u00e1ticas de Imuniza\u00e7\u00e3o (ACIP, na sigla em ingl\u00eas). O <strong>ACIP<\/strong> \u00e9 um grupo de experts no CDC (Centros de Controle e Preven\u00e7\u00e3o de Doen\u00e7as) que recomenda vacinas para crian\u00e7as e adultos, baseando-se em estudos cient\u00edficos rigorosos. Na pr\u00e1tica, isso significa que eles decidem o calend\u00e1rio de vacinas, como quando e quais dar para prevenir doen\u00e7as como sarampo e poliomielite.<\/p>\n<h3>O que \u00e9 o ACIP e Por Que Ele Importa?<\/h3>\n<p>Imagine o ACIP como um time de cientistas que analisa dados para dizer: &#8216;Essa vacina \u00e9 segura e eficaz para essa idade&#8217;. Sem eles funcionando direito, as recomenda\u00e7\u00f5es podem ficar enviesadas. RFK Jr. substituiu a maioria por ativistas anti-vacina ou pessoas sem expertise em imuniza\u00e7\u00e3o, o que gerou alarme imediato na comunidade m\u00e9dica.<\/p>\n<p>Essas mudan\u00e7as levaram a decis\u00f5es &#8216;arbitr\u00e1rias e caprichosas&#8217;, como alteraram o cronograma de vacinas infantis, ignorando evid\u00eancias cient\u00edficas estabelecidas.<\/p>\n<h2>A Decis\u00e3o Judicial que Mudou Tudo<\/h2>\n<p>Em 16 de mar\u00e7o de 2026, o juiz federal Brian Murphy, de Massachusetts, deu um veredicto em uma a\u00e7\u00e3o movida por seis organiza\u00e7\u00f5es m\u00e9dicas. Elas argumentaram que as altera\u00e7\u00f5es eram ilegais porque violaram procedimentos cient\u00edficos codificados em lei. O juiz ordenou a revers\u00e3o de todas as decis\u00f5es feitas pelo novo painel do ACIP nomeado por RFK Jr.<\/p>\n<p>Essa ruling \u2013 ou decis\u00e3o judicial \u2013 refor\u00e7ou que as recomenda\u00e7\u00f5es de vacinas devem seguir m\u00e9todos cient\u00edficos, n\u00e3o opini\u00f5es pessoais. Foi um al\u00edvio para muitos, mas tamb\u00e9m deixou grupos de sa\u00fade &#8216;scrambling&#8217;, ou seja, correndo para se reorganizar e lidar com as implica\u00e7\u00f5es de curto prazo.<\/p>\n<h3>Por Que os Grupos de Sa\u00fade Est\u00e3o em Apuros?<\/h3>\n<p>Embora a decis\u00e3o reverta as mudan\u00e7as, o per\u00edodo de instabilidade j\u00e1 causou confus\u00e3o. Cl\u00ednicas tiveram que ajustar programas de vacina\u00e7\u00e3o, pais questionaram vacinas, e houve risco de hesita\u00e7\u00e3o vacinal. Grupos como a American Academy of Pediatrics est\u00e3o trabalhando dobrado para restaurar confian\u00e7a e educar o p\u00fablico sobre a import\u00e2ncia das vacinas baseadas em ci\u00eancia.<\/p>\n<ul>\n<li>Aumento na hesita\u00e7\u00e3o vacinal devido \u00e0 controv\u00e9rsia.<\/li>\n<li>Necessidade de recontratar experts no ACIP.<\/li>\n<li>Impacto em seguros e cobertura de vacinas, j\u00e1 que recomenda\u00e7\u00f5es do ACIP influenciam leis como a Affordable Care Act.<\/li>\n<\/ul>\n<h2>Impactos Pr\u00e1ticos para Pessoas e Sociedade<\/h2>\n<p>Para o dia a dia, isso afeta diretamente as fam\u00edlias. Vacinas previnem surtos de doen\u00e7as evit\u00e1veis, e qualquer d\u00favida pode levar a epidemias, como as de sarampo que j\u00e1 ocorreram em Samoa por hesita\u00e7\u00e3o vacinal influenciada por ideias semelhantes \u00e0s de RFK Jr.<\/p>\n<p>Empresas farmac\u00eauticas e provedores de sa\u00fade enfrentam incertezas regulat\u00f3rias, enquanto a sociedade como um todo precisa de mensagens claras para manter altas taxas de vacina\u00e7\u00e3o. Na minha opini\u00e3o, isso destaca como a ci\u00eancia deve guiar pol\u00edticas p\u00fablicas, n\u00e3o ideologias.<\/p>\n<h2>Tend\u00eancias Futuras e O Que Esperar<\/h2>\n<p>Olhando para frente, o governo precisar\u00e1 reestruturar o ACIP com membros qualificados. H\u00e1 discuss\u00f5es sobre reformas para proteger comit\u00eas como esse de interfer\u00eancias pol\u00edticas. Recomendo que pais e cidad\u00e3os fiquem informados por fontes confi\u00e1veis como o CDC e a OMS.<\/p>\n<p>Possibilidades incluem maior escrut\u00ednio judicial em nomea\u00e7\u00f5es de sa\u00fade e campanhas educativas para combater desinforma\u00e7\u00e3o. O caminho \u00e9 refor\u00e7ar a evid\u00eancia cient\u00edfica para evitar retrocessos na sa\u00fade p\u00fablica.<\/p>\n<h2>Reflex\u00f5es Finais: A Import\u00e2ncia da Ci\u00eancia na Sa\u00fade P\u00fablica<\/h2>\n<p>Essa saga com RFK Jr. nos lembra que vacinas n\u00e3o s\u00e3o opini\u00f5es, mas ferramentas comprovadas que salvam vidas. Ao analisar esse caso, percebo como decis\u00f5es pol\u00edticas podem impactar a todos n\u00f3s. Fique atento \u00e0s atualiza\u00e7\u00f5es e apoie a vacina\u00e7\u00e3o \u2013 \u00e9 uma forma simples de proteger sua fam\u00edlia e comunidade. O que voc\u00ea acha dessa controv\u00e9rsia? Compartilhe nos coment\u00e1rios!<\/p>\n","protected":false},"excerpt":{"rendered":"<p>Uma decis\u00e3o de corte reverte mudan\u00e7as na pol\u00edtica de vacinas promovidas por RFK Jr., causando agita\u00e7\u00e3o em grupos de sa\u00fade. Entenda o impacto e o que isso significa para as vacinas no EUA.<\/p>\n","protected":false},"author":1,"featured_media":520,"comment_status":"open","ping_status":"open","sticky":false,"template":"","format":"standard","meta":{"_acf_changed":false,"_eb_attr":"","footnotes":"","_wpscppro_dont_share_socialmedia":false,"_wpscppro_custom_social_share_image":0,"_facebook_share_type":"","_twitter_share_type":"","_linkedin_share_type":"","_pinterest_share_type":"","_linkedin_share_type_page":"","_instagram_share_type":"","_medium_share_type":"","_threads_share_type":"","_google_business_share_type":"","_selected_social_profile":[],"_wpsp_enable_custom_social_template":false,"_wpsp_social_scheduling":{"enabled":false,"datetime":null,"platforms":[],"status":"template_only","dateOption":"today","timeOption":"now","customDays":"","customHours":"","customDate":"","customTime":"","schedulingType":"absolute"},"_wpsp_active_default_template":true},"categories":[3],"tags":[],"class_list":["post-521","post","type-post","status-publish","format-standard","has-post-thumbnail","hentry","category-bem-estar"],"acf":[],"yoast_head":"<!-- This site is optimized with the Yoast SEO plugin v26.9 - https:\/\/yoast.com\/product\/yoast-seo-wordpress\/ -->\n<title>Decis\u00e3o sobre Mudan\u00e7as na Pol\u00edtica de Vacinas de RFK Jr. Deixa Grupos de Sa\u00fade Correndo Atr\u00e1s - ICTDF<\/title>\n<meta name=\"robots\" content=\"index, follow, max-snippet:-1, max-image-preview:large, max-video-preview:-1\" \/>\n<link rel=\"canonical\" href=\"https:\/\/ictdf.synergyecosys.io\/?p=521\" \/>\n<meta property=\"og:locale\" content=\"pt_BR\" \/>\n<meta property=\"og:type\" content=\"article\" \/>\n<meta property=\"og:title\" content=\"Decis\u00e3o sobre Mudan\u00e7as na Pol\u00edtica de Vacinas de RFK Jr. Deixa Grupos de Sa\u00fade Correndo Atr\u00e1s - ICTDF\" \/>\n<meta property=\"og:description\" content=\"Uma decis\u00e3o de corte reverte mudan\u00e7as na pol\u00edtica de vacinas promovidas por RFK Jr., causando agita\u00e7\u00e3o em grupos de sa\u00fade. Entenda o impacto e o que isso significa para as vacinas no EUA.\" \/>\n<meta property=\"og:url\" content=\"https:\/\/ictdf.synergyecosys.io\/?p=521\" \/>\n<meta property=\"og:site_name\" content=\"ICTDF\" \/>\n<meta property=\"article:published_time\" content=\"2026-03-17T22:33:14+00:00\" \/>\n<meta name=\"author\" content=\"admin\" \/>\n<meta name=\"twitter:card\" content=\"summary_large_image\" \/>\n<meta name=\"twitter:label1\" content=\"Escrito por\" \/>\n\t<meta name=\"twitter:data1\" content=\"admin\" \/>\n\t<meta name=\"twitter:label2\" content=\"Est. tempo de leitura\" \/>\n\t<meta name=\"twitter:data2\" content=\"4 minutos\" \/>\n<script type=\"application\/ld+json\" class=\"yoast-schema-graph\">{\"@context\":\"https:\/\/schema.org\",\"@graph\":[{\"@type\":\"Article\",\"@id\":\"https:\/\/ictdf.synergyecosys.io\/?p=521#article\",\"isPartOf\":{\"@id\":\"https:\/\/ictdf.synergyecosys.io\/?p=521\"},\"author\":{\"name\":\"admin\",\"@id\":\"https:\/\/ictdf.synergyecosys.io\/#\/schema\/person\/0b4488974b7b485188c0c01cb9f95b21\"},\"headline\":\"Decis\u00e3o sobre Mudan\u00e7as na Pol\u00edtica de Vacinas de RFK Jr. Deixa Grupos de Sa\u00fade Correndo Atr\u00e1s\",\"datePublished\":\"2026-03-17T22:33:14+00:00\",\"mainEntityOfPage\":{\"@id\":\"https:\/\/ictdf.synergyecosys.io\/?p=521\"},\"wordCount\":893,\"commentCount\":0,\"publisher\":{\"@id\":\"https:\/\/ictdf.synergyecosys.io\/#organization\"},\"image\":{\"@id\":\"https:\/\/ictdf.synergyecosys.io\/?p=521#primaryimage\"},\"thumbnailUrl\":\"https:\/\/ictdf.synergyecosys.io\/wp-content\/uploads\/2026\/03\/imagem-Decisyo-Judicial-em-Vacinas-de-RFK-Jr.-Deixa-Sayde-em-Apuros.png\",\"articleSection\":[\"Bem-estar\"],\"inLanguage\":\"pt-BR\",\"potentialAction\":[{\"@type\":\"CommentAction\",\"name\":\"Comment\",\"target\":[\"https:\/\/ictdf.synergyecosys.io\/?p=521#respond\"]}]},{\"@type\":\"WebPage\",\"@id\":\"https:\/\/ictdf.synergyecosys.io\/?p=521\",\"url\":\"https:\/\/ictdf.synergyecosys.io\/?p=521\",\"name\":\"Decis\u00e3o sobre Mudan\u00e7as na Pol\u00edtica de Vacinas de RFK Jr. Deixa Grupos de Sa\u00fade Correndo Atr\u00e1s - ICTDF\",\"isPartOf\":{\"@id\":\"https:\/\/ictdf.synergyecosys.io\/#website\"},\"primaryImageOfPage\":{\"@id\":\"https:\/\/ictdf.synergyecosys.io\/?p=521#primaryimage\"},\"image\":{\"@id\":\"https:\/\/ictdf.synergyecosys.io\/?p=521#primaryimage\"},\"thumbnailUrl\":\"https:\/\/ictdf.synergyecosys.io\/wp-content\/uploads\/2026\/03\/imagem-Decisyo-Judicial-em-Vacinas-de-RFK-Jr.-Deixa-Sayde-em-Apuros.png\",\"datePublished\":\"2026-03-17T22:33:14+00:00\",\"breadcrumb\":{\"@id\":\"https:\/\/ictdf.synergyecosys.io\/?p=521#breadcrumb\"},\"inLanguage\":\"pt-BR\",\"potentialAction\":[{\"@type\":\"ReadAction\",\"target\":[\"https:\/\/ictdf.synergyecosys.io\/?p=521\"]}]},{\"@type\":\"ImageObject\",\"inLanguage\":\"pt-BR\",\"@id\":\"https:\/\/ictdf.synergyecosys.io\/?p=521#primaryimage\",\"url\":\"https:\/\/ictdf.synergyecosys.io\/wp-content\/uploads\/2026\/03\/imagem-Decisyo-Judicial-em-Vacinas-de-RFK-Jr.-Deixa-Sayde-em-Apuros.png\",\"contentUrl\":\"https:\/\/ictdf.synergyecosys.io\/wp-content\/uploads\/2026\/03\/imagem-Decisyo-Judicial-em-Vacinas-de-RFK-Jr.-Deixa-Sayde-em-Apuros.png\",\"width\":1696,\"height\":960},{\"@type\":\"BreadcrumbList\",\"@id\":\"https:\/\/ictdf.synergyecosys.io\/?p=521#breadcrumb\",\"itemListElement\":[{\"@type\":\"ListItem\",\"position\":1,\"name\":\"In\u00edcio\",\"item\":\"https:\/\/ictdf.synergyecosys.io\/\"},{\"@type\":\"ListItem\",\"position\":2,\"name\":\"Decis\u00e3o sobre Mudan\u00e7as na Pol\u00edtica de Vacinas de RFK Jr. Deixa Grupos de Sa\u00fade Correndo Atr\u00e1s\"}]},{\"@type\":\"WebSite\",\"@id\":\"https:\/\/ictdf.synergyecosys.io\/#website\",\"url\":\"https:\/\/ictdf.synergyecosys.io\/\",\"name\":\"ICTDF\",\"description\":\"\",\"publisher\":{\"@id\":\"https:\/\/ictdf.synergyecosys.io\/#organization\"},\"potentialAction\":[{\"@type\":\"SearchAction\",\"target\":{\"@type\":\"EntryPoint\",\"urlTemplate\":\"https:\/\/ictdf.synergyecosys.io\/?s={search_term_string}\"},\"query-input\":{\"@type\":\"PropertyValueSpecification\",\"valueRequired\":true,\"valueName\":\"search_term_string\"}}],\"inLanguage\":\"pt-BR\"},{\"@type\":\"Organization\",\"@id\":\"https:\/\/ictdf.synergyecosys.io\/#organization\",\"name\":\"ICTDF\",\"url\":\"https:\/\/ictdf.synergyecosys.io\/\",\"logo\":{\"@type\":\"ImageObject\",\"inLanguage\":\"pt-BR\",\"@id\":\"https:\/\/ictdf.synergyecosys.io\/#\/schema\/logo\/image\/\",\"url\":\"https:\/\/ictdf.synergyecosys.io\/wp-content\/uploads\/2026\/02\/cropped-cropped-ICTDF_logo_transparente.png\",\"contentUrl\":\"https:\/\/ictdf.synergyecosys.io\/wp-content\/uploads\/2026\/02\/cropped-cropped-ICTDF_logo_transparente.png\",\"width\":450,\"height\":141,\"caption\":\"ICTDF\"},\"image\":{\"@id\":\"https:\/\/ictdf.synergyecosys.io\/#\/schema\/logo\/image\/\"}},{\"@type\":\"Person\",\"@id\":\"https:\/\/ictdf.synergyecosys.io\/#\/schema\/person\/0b4488974b7b485188c0c01cb9f95b21\",\"name\":\"admin\",\"image\":{\"@type\":\"ImageObject\",\"inLanguage\":\"pt-BR\",\"@id\":\"https:\/\/ictdf.synergyecosys.io\/#\/schema\/person\/image\/\",\"url\":\"https:\/\/secure.gravatar.com\/avatar\/ee6b87b4bde4f4817334740781bdb6e270748065085879a5aa2018d8006922fa?s=96&d=mm&r=g\",\"contentUrl\":\"https:\/\/secure.gravatar.com\/avatar\/ee6b87b4bde4f4817334740781bdb6e270748065085879a5aa2018d8006922fa?s=96&d=mm&r=g\",\"caption\":\"admin\"},\"sameAs\":[\"https:\/\/ictdf.synergyecosys.io\"],\"url\":\"https:\/\/ictdf.synergyecosys.io\/?author=1\"}]}<\/script>\n<!-- \/ Yoast SEO plugin. -->","yoast_head_json":{"title":"Decis\u00e3o sobre Mudan\u00e7as na Pol\u00edtica de Vacinas de RFK Jr. Deixa Grupos de Sa\u00fade Correndo Atr\u00e1s - ICTDF","robots":{"index":"index","follow":"follow","max-snippet":"max-snippet:-1","max-image-preview":"max-image-preview:large","max-video-preview":"max-video-preview:-1"},"canonical":"https:\/\/ictdf.synergyecosys.io\/?p=521","og_locale":"pt_BR","og_type":"article","og_title":"Decis\u00e3o sobre Mudan\u00e7as na Pol\u00edtica de Vacinas de RFK Jr. Deixa Grupos de Sa\u00fade Correndo Atr\u00e1s - ICTDF","og_description":"Uma decis\u00e3o de corte reverte mudan\u00e7as na pol\u00edtica de vacinas promovidas por RFK Jr., causando agita\u00e7\u00e3o em grupos de sa\u00fade. Entenda o impacto e o que isso significa para as vacinas no EUA.","og_url":"https:\/\/ictdf.synergyecosys.io\/?p=521","og_site_name":"ICTDF","article_published_time":"2026-03-17T22:33:14+00:00","author":"admin","twitter_card":"summary_large_image","twitter_misc":{"Escrito por":"admin","Est. tempo de leitura":"4 minutos"},"schema":{"@context":"https:\/\/schema.org","@graph":[{"@type":"Article","@id":"https:\/\/ictdf.synergyecosys.io\/?p=521#article","isPartOf":{"@id":"https:\/\/ictdf.synergyecosys.io\/?p=521"},"author":{"name":"admin","@id":"https:\/\/ictdf.synergyecosys.io\/#\/schema\/person\/0b4488974b7b485188c0c01cb9f95b21"},"headline":"Decis\u00e3o sobre Mudan\u00e7as na Pol\u00edtica de Vacinas de RFK Jr. Deixa Grupos de Sa\u00fade Correndo Atr\u00e1s","datePublished":"2026-03-17T22:33:14+00:00","mainEntityOfPage":{"@id":"https:\/\/ictdf.synergyecosys.io\/?p=521"},"wordCount":893,"commentCount":0,"publisher":{"@id":"https:\/\/ictdf.synergyecosys.io\/#organization"},"image":{"@id":"https:\/\/ictdf.synergyecosys.io\/?p=521#primaryimage"},"thumbnailUrl":"https:\/\/ictdf.synergyecosys.io\/wp-content\/uploads\/2026\/03\/imagem-Decisyo-Judicial-em-Vacinas-de-RFK-Jr.-Deixa-Sayde-em-Apuros.png","articleSection":["Bem-estar"],"inLanguage":"pt-BR","potentialAction":[{"@type":"CommentAction","name":"Comment","target":["https:\/\/ictdf.synergyecosys.io\/?p=521#respond"]}]},{"@type":"WebPage","@id":"https:\/\/ictdf.synergyecosys.io\/?p=521","url":"https:\/\/ictdf.synergyecosys.io\/?p=521","name":"Decis\u00e3o sobre Mudan\u00e7as na Pol\u00edtica de Vacinas de RFK Jr. Deixa Grupos de Sa\u00fade Correndo Atr\u00e1s - ICTDF","isPartOf":{"@id":"https:\/\/ictdf.synergyecosys.io\/#website"},"primaryImageOfPage":{"@id":"https:\/\/ictdf.synergyecosys.io\/?p=521#primaryimage"},"image":{"@id":"https:\/\/ictdf.synergyecosys.io\/?p=521#primaryimage"},"thumbnailUrl":"https:\/\/ictdf.synergyecosys.io\/wp-content\/uploads\/2026\/03\/imagem-Decisyo-Judicial-em-Vacinas-de-RFK-Jr.-Deixa-Sayde-em-Apuros.png","datePublished":"2026-03-17T22:33:14+00:00","breadcrumb":{"@id":"https:\/\/ictdf.synergyecosys.io\/?p=521#breadcrumb"},"inLanguage":"pt-BR","potentialAction":[{"@type":"ReadAction","target":["https:\/\/ictdf.synergyecosys.io\/?p=521"]}]},{"@type":"ImageObject","inLanguage":"pt-BR","@id":"https:\/\/ictdf.synergyecosys.io\/?p=521#primaryimage","url":"https:\/\/ictdf.synergyecosys.io\/wp-content\/uploads\/2026\/03\/imagem-Decisyo-Judicial-em-Vacinas-de-RFK-Jr.-Deixa-Sayde-em-Apuros.png","contentUrl":"https:\/\/ictdf.synergyecosys.io\/wp-content\/uploads\/2026\/03\/imagem-Decisyo-Judicial-em-Vacinas-de-RFK-Jr.-Deixa-Sayde-em-Apuros.png","width":1696,"height":960},{"@type":"BreadcrumbList","@id":"https:\/\/ictdf.synergyecosys.io\/?p=521#breadcrumb","itemListElement":[{"@type":"ListItem","position":1,"name":"In\u00edcio","item":"https:\/\/ictdf.synergyecosys.io\/"},{"@type":"ListItem","position":2,"name":"Decis\u00e3o sobre Mudan\u00e7as na Pol\u00edtica de Vacinas de RFK Jr. Deixa Grupos de Sa\u00fade Correndo Atr\u00e1s"}]},{"@type":"WebSite","@id":"https:\/\/ictdf.synergyecosys.io\/#website","url":"https:\/\/ictdf.synergyecosys.io\/","name":"ICTDF","description":"","publisher":{"@id":"https:\/\/ictdf.synergyecosys.io\/#organization"},"potentialAction":[{"@type":"SearchAction","target":{"@type":"EntryPoint","urlTemplate":"https:\/\/ictdf.synergyecosys.io\/?s={search_term_string}"},"query-input":{"@type":"PropertyValueSpecification","valueRequired":true,"valueName":"search_term_string"}}],"inLanguage":"pt-BR"},{"@type":"Organization","@id":"https:\/\/ictdf.synergyecosys.io\/#organization","name":"ICTDF","url":"https:\/\/ictdf.synergyecosys.io\/","logo":{"@type":"ImageObject","inLanguage":"pt-BR","@id":"https:\/\/ictdf.synergyecosys.io\/#\/schema\/logo\/image\/","url":"https:\/\/ictdf.synergyecosys.io\/wp-content\/uploads\/2026\/02\/cropped-cropped-ICTDF_logo_transparente.png","contentUrl":"https:\/\/ictdf.synergyecosys.io\/wp-content\/uploads\/2026\/02\/cropped-cropped-ICTDF_logo_transparente.png","width":450,"height":141,"caption":"ICTDF"},"image":{"@id":"https:\/\/ictdf.synergyecosys.io\/#\/schema\/logo\/image\/"}},{"@type":"Person","@id":"https:\/\/ictdf.synergyecosys.io\/#\/schema\/person\/0b4488974b7b485188c0c01cb9f95b21","name":"admin","image":{"@type":"ImageObject","inLanguage":"pt-BR","@id":"https:\/\/ictdf.synergyecosys.io\/#\/schema\/person\/image\/","url":"https:\/\/secure.gravatar.com\/avatar\/ee6b87b4bde4f4817334740781bdb6e270748065085879a5aa2018d8006922fa?s=96&d=mm&r=g","contentUrl":"https:\/\/secure.gravatar.com\/avatar\/ee6b87b4bde4f4817334740781bdb6e270748065085879a5aa2018d8006922fa?s=96&d=mm&r=g","caption":"admin"},"sameAs":["https:\/\/ictdf.synergyecosys.io"],"url":"https:\/\/ictdf.synergyecosys.io\/?author=1"}]}},"_links":{"self":[{"href":"https:\/\/ictdf.synergyecosys.io\/index.php?rest_route=\/wp\/v2\/posts\/521","targetHints":{"allow":["GET"]}}],"collection":[{"href":"https:\/\/ictdf.synergyecosys.io\/index.php?rest_route=\/wp\/v2\/posts"}],"about":[{"href":"https:\/\/ictdf.synergyecosys.io\/index.php?rest_route=\/wp\/v2\/types\/post"}],"author":[{"embeddable":true,"href":"https:\/\/ictdf.synergyecosys.io\/index.php?rest_route=\/wp\/v2\/users\/1"}],"replies":[{"embeddable":true,"href":"https:\/\/ictdf.synergyecosys.io\/index.php?rest_route=%2Fwp%2Fv2%2Fcomments&post=521"}],"version-history":[{"count":0,"href":"https:\/\/ictdf.synergyecosys.io\/index.php?rest_route=\/wp\/v2\/posts\/521\/revisions"}],"wp:featuredmedia":[{"embeddable":true,"href":"https:\/\/ictdf.synergyecosys.io\/index.php?rest_route=\/wp\/v2\/media\/520"}],"wp:attachment":[{"href":"https:\/\/ictdf.synergyecosys.io\/index.php?rest_route=%2Fwp%2Fv2%2Fmedia&parent=521"}],"wp:term":[{"taxonomy":"category","embeddable":true,"href":"https:\/\/ictdf.synergyecosys.io\/index.php?rest_route=%2Fwp%2Fv2%2Fcategories&post=521"},{"taxonomy":"post_tag","embeddable":true,"href":"https:\/\/ictdf.synergyecosys.io\/index.php?rest_route=%2Fwp%2Fv2%2Ftags&post=521"}],"curies":[{"name":"wp","href":"https:\/\/api.w.org\/{rel}","templated":true}]}}