{"id":519,"date":"2026-03-17T10:33:14","date_gmt":"2026-03-17T13:33:14","guid":{"rendered":"https:\/\/ictdf.synergyecosys.io\/?p=519"},"modified":"2026-03-17T10:33:14","modified_gmt":"2026-03-17T13:33:14","slug":"juiz-federal-intervem-politicas-de-vacinacao-de-rfk-jr-sao-anuladas","status":"publish","type":"post","link":"https:\/\/ictdf.synergyecosys.io\/?p=519","title":{"rendered":"Juiz Federal Interv\u00e9m: Pol\u00edticas de Vacina\u00e7\u00e3o de RFK Jr. S\u00e3o Anuladas"},"content":{"rendered":"<p>Imagine um cen\u00e1rio onde as recomenda\u00e7\u00f5es sobre vacinas, que salvam milh\u00f5es de vidas todos os anos, s\u00e3o alteradas de forma controversa. Pois \u00e9 exatamente isso que aconteceu recentemente nos Estados Unidos. Um juiz federal tomou uma decis\u00e3o que abalou a administra\u00e7\u00e3o de sa\u00fade sob Donald Trump, anulando mudan\u00e7as promovidas por Robert F. Kennedy Jr., conhecido como RFK Jr. Eu analisei o caso e vou explicar tudo de forma simples e clara para voc\u00ea entender o que est\u00e1 em jogo.<\/p>\n<p>Essa not\u00edcia n\u00e3o \u00e9 s\u00f3 uma briga pol\u00edtica; ela afeta diretamente a forma como vacinas s\u00e3o recomendadas e aplicadas no pa\u00eds, impactando a sa\u00fade de todos.<\/p>\n<h2>A Decis\u00e3o Judicial que Mudou o Jogo<\/h2>\n<p>Em 16 de mar\u00e7o de 2026, o juiz Brian Murphy, de um tribunal federal em Massachusetts, ordenou a revers\u00e3o de todas as decis\u00f5es tomadas pelo Comit\u00ea Consultivo sobre Pr\u00e1ticas de Imuniza\u00e7\u00e3o (ACIP) sob influ\u00eancia de RFK Jr. O ACIP \u00e9 um grupo de especialistas do CDC (Centros de Controle e Preven\u00e7\u00e3o de Doen\u00e7as dos EUA) que recomenda vacinas para crian\u00e7as e adultos. Na pr\u00e1tica, eles decidem o calend\u00e1rio de vacina\u00e7\u00e3o baseado em evid\u00eancias cient\u00edficas s\u00f3lidas.<\/p>\n<p>RFK Jr., nomeado secret\u00e1rio de Sa\u00fade e Servi\u00e7os Humanos por Trump, demitiu todos os 17 membros do comit\u00ea em junho de 2025 e nomeou ativistas anti-vacina ou pessoas sem expertise em vacinas. Isso gerou mudan\u00e7as &#8216;arbitr\u00e1rias e capciosas&#8217; no cronograma de vacinas infantis, segundo o juiz.<\/p>\n<h3>O Papel de RFK Jr. na Administra\u00e7\u00e3o Trump<\/h3>\n<p>RFK Jr. \u00e9 um ativista ambiental e defensor de teorias conspirat\u00f3rias sobre vacinas. Ele fundou o Children&#8217;s Health Defense, um grupo que espalha desinforma\u00e7\u00e3o sobre vacinas. Sua nomea\u00e7\u00e3o por Trump foi vista como um sinal de que a agenda de sa\u00fade priorizaria vis\u00f5es c\u00e9ticas em rela\u00e7\u00e3o \u00e0s vacinas, o que preocupou especialistas em sa\u00fade p\u00fablica.<\/p>\n<p>A a\u00e7\u00e3o judicial foi movida por seis organiza\u00e7\u00f5es m\u00e9dicas, que argumentaram que as mudan\u00e7as ignoraram m\u00e9todos cient\u00edficos estabelecidos por lei.<\/p>\n<h2>Por Que Essa Decis\u00e3o Importa Agora<\/h2>\n<p>Nos \u00faltimos anos, a hesita\u00e7\u00e3o vacinal tem crescido, levando a surtos de doen\u00e7as como sarampo. Altera\u00e7\u00f5es no ACIP poderiam enfraquecer a confian\u00e7a nas vacinas, colocando em risco programas de imuniza\u00e7\u00e3o que erradicaram doen\u00e7as como p\u00f3lio nos EUA.<\/p>\n<p>Eu percebo que isso reflete um debate maior sobre ci\u00eancia versus pol\u00edtica. Com Trump de volta ao poder, sua agenda de sa\u00fade prometia reformas, mas essa decis\u00e3o mostra os limites judiciais a essas mudan\u00e7as.<\/p>\n<h2>Impactos Pr\u00e1ticos para Pessoas e Sociedade<\/h2>\n<p>Para as fam\u00edlias americanas, isso significa que o calend\u00e1rio de vacinas volta ao normal, baseado em ci\u00eancia. Escolas, cl\u00ednicas e seguradoras seguem essas recomenda\u00e7\u00f5es, ent\u00e3o a revers\u00e3o protege crian\u00e7as de riscos desnecess\u00e1rios.<\/p>\n<p>Empresas farmac\u00eauticas e de sa\u00fade podem se beneficiar da estabilidade, mas o epis\u00f3dio destaca tens\u00f5es na administra\u00e7\u00e3o Trump. Na sociedade, refor\u00e7a a import\u00e2ncia de evid\u00eancias cient\u00edficas na pol\u00edtica p\u00fablica, evitando retrocessos na sa\u00fade coletiva.<\/p>\n<ul>\n<li>Prote\u00e7\u00e3o contra surtos de doen\u00e7as evit\u00e1veis.<\/li>\n<li>Maior confian\u00e7a na ci\u00eancia m\u00e9dica.<\/li>\n<li>Desafio \u00e0 desinforma\u00e7\u00e3o sobre vacinas.<\/li>\n<\/ul>\n<h2>Olhando para o Futuro: Tend\u00eancias e Recomenda\u00e7\u00f5es<\/h2>\n<p>Esse caso pode abrir precedentes para mais a\u00e7\u00f5es judiciais contra pol\u00edticas controversas. RFK Jr. e a administra\u00e7\u00e3o Trump provavelmente apelar\u00e3o, mas a decis\u00e3o sublinha a necessidade de expertise no ACIP.<\/p>\n<p>Para o p\u00fablico, recomendo ficar atento \u00e0s fontes confi\u00e1veis como o CDC. No Brasil, vemos paralelos com debates sobre vacinas; \u00e9 vital apoiar a ci\u00eancia. Eu acredito que eventos como esse nos lembram da fragilidade da sa\u00fade p\u00fablica em tempos polarizados.<\/p>\n<h2>Reflex\u00f5es Finais sobre Vacinas e Pol\u00edtica<\/h2>\n<p>Em resumo, a anula\u00e7\u00e3o das pol\u00edticas de RFK Jr. \u00e9 um al\u00edvio para a sa\u00fade p\u00fablica e um golpe na agenda de Trump. Ela nos convida a refletir: como equilibrar inova\u00e7\u00e3o pol\u00edtica com fatos cient\u00edficos? Mantenha-se informado e vacinado \u2013 sua sa\u00fade e a da comunidade dependem disso.<\/p>\n","protected":false},"excerpt":{"rendered":"<p>Descubra como um juiz federal derrubou as mudan\u00e7as nas pol\u00edticas de vacina\u00e7\u00e3o promovidas por RFK Jr., um rev\u00e9s significativo para a agenda de sa\u00fade de Donald Trump. Entenda o impacto na sa\u00fade p\u00fablica.<\/p>\n","protected":false},"author":1,"featured_media":518,"comment_status":"open","ping_status":"open","sticky":false,"template":"","format":"standard","meta":{"_acf_changed":false,"_eb_attr":"","footnotes":"","_wpscppro_dont_share_socialmedia":false,"_wpscppro_custom_social_share_image":0,"_facebook_share_type":"","_twitter_share_type":"","_linkedin_share_type":"","_pinterest_share_type":"","_linkedin_share_type_page":"","_instagram_share_type":"","_medium_share_type":"","_threads_share_type":"","_google_business_share_type":"","_selected_social_profile":[],"_wpsp_enable_custom_social_template":false,"_wpsp_social_scheduling":{"enabled":false,"datetime":null,"platforms":[],"status":"template_only","dateOption":"today","timeOption":"now","customDays":"","customHours":"","customDate":"","customTime":"","schedulingType":"absolute"},"_wpsp_active_default_template":true},"categories":[3],"tags":[],"class_list":["post-519","post","type-post","status-publish","format-standard","has-post-thumbnail","hentry","category-bem-estar"],"acf":[],"yoast_head":"<!-- This site is optimized with the Yoast SEO plugin v26.9 - https:\/\/yoast.com\/product\/yoast-seo-wordpress\/ -->\n<title>Juiz Federal Interv\u00e9m: Pol\u00edticas de Vacina\u00e7\u00e3o de RFK Jr. S\u00e3o Anuladas - ICTDF<\/title>\n<meta name=\"robots\" content=\"index, follow, max-snippet:-1, max-image-preview:large, max-video-preview:-1\" \/>\n<link rel=\"canonical\" href=\"https:\/\/ictdf.synergyecosys.io\/?p=519\" \/>\n<meta property=\"og:locale\" content=\"pt_BR\" \/>\n<meta property=\"og:type\" content=\"article\" \/>\n<meta property=\"og:title\" content=\"Juiz Federal Interv\u00e9m: Pol\u00edticas de Vacina\u00e7\u00e3o de RFK Jr. S\u00e3o Anuladas - ICTDF\" \/>\n<meta property=\"og:description\" content=\"Descubra como um juiz federal derrubou as mudan\u00e7as nas pol\u00edticas de vacina\u00e7\u00e3o promovidas por RFK Jr., um rev\u00e9s significativo para a agenda de sa\u00fade de Donald Trump. Entenda o impacto na sa\u00fade p\u00fablica.\" \/>\n<meta property=\"og:url\" content=\"https:\/\/ictdf.synergyecosys.io\/?p=519\" \/>\n<meta property=\"og:site_name\" content=\"ICTDF\" \/>\n<meta property=\"article:published_time\" content=\"2026-03-17T13:33:14+00:00\" \/>\n<meta name=\"author\" content=\"admin\" \/>\n<meta name=\"twitter:card\" content=\"summary_large_image\" \/>\n<meta name=\"twitter:label1\" content=\"Escrito por\" \/>\n\t<meta name=\"twitter:data1\" content=\"admin\" \/>\n\t<meta name=\"twitter:label2\" content=\"Est. tempo de leitura\" \/>\n\t<meta name=\"twitter:data2\" content=\"4 minutos\" \/>\n<script type=\"application\/ld+json\" class=\"yoast-schema-graph\">{\"@context\":\"https:\/\/schema.org\",\"@graph\":[{\"@type\":\"Article\",\"@id\":\"https:\/\/ictdf.synergyecosys.io\/?p=519#article\",\"isPartOf\":{\"@id\":\"https:\/\/ictdf.synergyecosys.io\/?p=519\"},\"author\":{\"name\":\"admin\",\"@id\":\"https:\/\/ictdf.synergyecosys.io\/#\/schema\/person\/0b4488974b7b485188c0c01cb9f95b21\"},\"headline\":\"Juiz Federal Interv\u00e9m: Pol\u00edticas de Vacina\u00e7\u00e3o de RFK Jr. S\u00e3o Anuladas\",\"datePublished\":\"2026-03-17T13:33:14+00:00\",\"mainEntityOfPage\":{\"@id\":\"https:\/\/ictdf.synergyecosys.io\/?p=519\"},\"wordCount\":733,\"commentCount\":0,\"publisher\":{\"@id\":\"https:\/\/ictdf.synergyecosys.io\/#organization\"},\"image\":{\"@id\":\"https:\/\/ictdf.synergyecosys.io\/?p=519#primaryimage\"},\"thumbnailUrl\":\"https:\/\/ictdf.synergyecosys.io\/wp-content\/uploads\/2026\/03\/imagem-Juiz-Anula-Polyticas-Anti-Vacina-de-RFK-Jr.-Contra-Trump.png\",\"articleSection\":[\"Bem-estar\"],\"inLanguage\":\"pt-BR\",\"potentialAction\":[{\"@type\":\"CommentAction\",\"name\":\"Comment\",\"target\":[\"https:\/\/ictdf.synergyecosys.io\/?p=519#respond\"]}]},{\"@type\":\"WebPage\",\"@id\":\"https:\/\/ictdf.synergyecosys.io\/?p=519\",\"url\":\"https:\/\/ictdf.synergyecosys.io\/?p=519\",\"name\":\"Juiz Federal Interv\u00e9m: Pol\u00edticas de Vacina\u00e7\u00e3o de RFK Jr. S\u00e3o Anuladas - ICTDF\",\"isPartOf\":{\"@id\":\"https:\/\/ictdf.synergyecosys.io\/#website\"},\"primaryImageOfPage\":{\"@id\":\"https:\/\/ictdf.synergyecosys.io\/?p=519#primaryimage\"},\"image\":{\"@id\":\"https:\/\/ictdf.synergyecosys.io\/?p=519#primaryimage\"},\"thumbnailUrl\":\"https:\/\/ictdf.synergyecosys.io\/wp-content\/uploads\/2026\/03\/imagem-Juiz-Anula-Polyticas-Anti-Vacina-de-RFK-Jr.-Contra-Trump.png\",\"datePublished\":\"2026-03-17T13:33:14+00:00\",\"breadcrumb\":{\"@id\":\"https:\/\/ictdf.synergyecosys.io\/?p=519#breadcrumb\"},\"inLanguage\":\"pt-BR\",\"potentialAction\":[{\"@type\":\"ReadAction\",\"target\":[\"https:\/\/ictdf.synergyecosys.io\/?p=519\"]}]},{\"@type\":\"ImageObject\",\"inLanguage\":\"pt-BR\",\"@id\":\"https:\/\/ictdf.synergyecosys.io\/?p=519#primaryimage\",\"url\":\"https:\/\/ictdf.synergyecosys.io\/wp-content\/uploads\/2026\/03\/imagem-Juiz-Anula-Polyticas-Anti-Vacina-de-RFK-Jr.-Contra-Trump.png\",\"contentUrl\":\"https:\/\/ictdf.synergyecosys.io\/wp-content\/uploads\/2026\/03\/imagem-Juiz-Anula-Polyticas-Anti-Vacina-de-RFK-Jr.-Contra-Trump.png\",\"width\":1696,\"height\":960},{\"@type\":\"BreadcrumbList\",\"@id\":\"https:\/\/ictdf.synergyecosys.io\/?p=519#breadcrumb\",\"itemListElement\":[{\"@type\":\"ListItem\",\"position\":1,\"name\":\"In\u00edcio\",\"item\":\"https:\/\/ictdf.synergyecosys.io\/\"},{\"@type\":\"ListItem\",\"position\":2,\"name\":\"Juiz Federal Interv\u00e9m: Pol\u00edticas de Vacina\u00e7\u00e3o de RFK Jr. S\u00e3o Anuladas\"}]},{\"@type\":\"WebSite\",\"@id\":\"https:\/\/ictdf.synergyecosys.io\/#website\",\"url\":\"https:\/\/ictdf.synergyecosys.io\/\",\"name\":\"ICTDF\",\"description\":\"\",\"publisher\":{\"@id\":\"https:\/\/ictdf.synergyecosys.io\/#organization\"},\"potentialAction\":[{\"@type\":\"SearchAction\",\"target\":{\"@type\":\"EntryPoint\",\"urlTemplate\":\"https:\/\/ictdf.synergyecosys.io\/?s={search_term_string}\"},\"query-input\":{\"@type\":\"PropertyValueSpecification\",\"valueRequired\":true,\"valueName\":\"search_term_string\"}}],\"inLanguage\":\"pt-BR\"},{\"@type\":\"Organization\",\"@id\":\"https:\/\/ictdf.synergyecosys.io\/#organization\",\"name\":\"ICTDF\",\"url\":\"https:\/\/ictdf.synergyecosys.io\/\",\"logo\":{\"@type\":\"ImageObject\",\"inLanguage\":\"pt-BR\",\"@id\":\"https:\/\/ictdf.synergyecosys.io\/#\/schema\/logo\/image\/\",\"url\":\"https:\/\/ictdf.synergyecosys.io\/wp-content\/uploads\/2026\/02\/cropped-cropped-ICTDF_logo_transparente.png\",\"contentUrl\":\"https:\/\/ictdf.synergyecosys.io\/wp-content\/uploads\/2026\/02\/cropped-cropped-ICTDF_logo_transparente.png\",\"width\":450,\"height\":141,\"caption\":\"ICTDF\"},\"image\":{\"@id\":\"https:\/\/ictdf.synergyecosys.io\/#\/schema\/logo\/image\/\"}},{\"@type\":\"Person\",\"@id\":\"https:\/\/ictdf.synergyecosys.io\/#\/schema\/person\/0b4488974b7b485188c0c01cb9f95b21\",\"name\":\"admin\",\"image\":{\"@type\":\"ImageObject\",\"inLanguage\":\"pt-BR\",\"@id\":\"https:\/\/ictdf.synergyecosys.io\/#\/schema\/person\/image\/\",\"url\":\"https:\/\/secure.gravatar.com\/avatar\/ee6b87b4bde4f4817334740781bdb6e270748065085879a5aa2018d8006922fa?s=96&d=mm&r=g\",\"contentUrl\":\"https:\/\/secure.gravatar.com\/avatar\/ee6b87b4bde4f4817334740781bdb6e270748065085879a5aa2018d8006922fa?s=96&d=mm&r=g\",\"caption\":\"admin\"},\"sameAs\":[\"https:\/\/ictdf.synergyecosys.io\"],\"url\":\"https:\/\/ictdf.synergyecosys.io\/?author=1\"}]}<\/script>\n<!-- \/ Yoast SEO plugin. -->","yoast_head_json":{"title":"Juiz Federal Interv\u00e9m: Pol\u00edticas de Vacina\u00e7\u00e3o de RFK Jr. S\u00e3o Anuladas - ICTDF","robots":{"index":"index","follow":"follow","max-snippet":"max-snippet:-1","max-image-preview":"max-image-preview:large","max-video-preview":"max-video-preview:-1"},"canonical":"https:\/\/ictdf.synergyecosys.io\/?p=519","og_locale":"pt_BR","og_type":"article","og_title":"Juiz Federal Interv\u00e9m: Pol\u00edticas de Vacina\u00e7\u00e3o de RFK Jr. S\u00e3o Anuladas - ICTDF","og_description":"Descubra como um juiz federal derrubou as mudan\u00e7as nas pol\u00edticas de vacina\u00e7\u00e3o promovidas por RFK Jr., um rev\u00e9s significativo para a agenda de sa\u00fade de Donald Trump. Entenda o impacto na sa\u00fade p\u00fablica.","og_url":"https:\/\/ictdf.synergyecosys.io\/?p=519","og_site_name":"ICTDF","article_published_time":"2026-03-17T13:33:14+00:00","author":"admin","twitter_card":"summary_large_image","twitter_misc":{"Escrito por":"admin","Est. tempo de leitura":"4 minutos"},"schema":{"@context":"https:\/\/schema.org","@graph":[{"@type":"Article","@id":"https:\/\/ictdf.synergyecosys.io\/?p=519#article","isPartOf":{"@id":"https:\/\/ictdf.synergyecosys.io\/?p=519"},"author":{"name":"admin","@id":"https:\/\/ictdf.synergyecosys.io\/#\/schema\/person\/0b4488974b7b485188c0c01cb9f95b21"},"headline":"Juiz Federal Interv\u00e9m: Pol\u00edticas de Vacina\u00e7\u00e3o de RFK Jr. S\u00e3o Anuladas","datePublished":"2026-03-17T13:33:14+00:00","mainEntityOfPage":{"@id":"https:\/\/ictdf.synergyecosys.io\/?p=519"},"wordCount":733,"commentCount":0,"publisher":{"@id":"https:\/\/ictdf.synergyecosys.io\/#organization"},"image":{"@id":"https:\/\/ictdf.synergyecosys.io\/?p=519#primaryimage"},"thumbnailUrl":"https:\/\/ictdf.synergyecosys.io\/wp-content\/uploads\/2026\/03\/imagem-Juiz-Anula-Polyticas-Anti-Vacina-de-RFK-Jr.-Contra-Trump.png","articleSection":["Bem-estar"],"inLanguage":"pt-BR","potentialAction":[{"@type":"CommentAction","name":"Comment","target":["https:\/\/ictdf.synergyecosys.io\/?p=519#respond"]}]},{"@type":"WebPage","@id":"https:\/\/ictdf.synergyecosys.io\/?p=519","url":"https:\/\/ictdf.synergyecosys.io\/?p=519","name":"Juiz Federal Interv\u00e9m: Pol\u00edticas de Vacina\u00e7\u00e3o de RFK Jr. S\u00e3o Anuladas - ICTDF","isPartOf":{"@id":"https:\/\/ictdf.synergyecosys.io\/#website"},"primaryImageOfPage":{"@id":"https:\/\/ictdf.synergyecosys.io\/?p=519#primaryimage"},"image":{"@id":"https:\/\/ictdf.synergyecosys.io\/?p=519#primaryimage"},"thumbnailUrl":"https:\/\/ictdf.synergyecosys.io\/wp-content\/uploads\/2026\/03\/imagem-Juiz-Anula-Polyticas-Anti-Vacina-de-RFK-Jr.-Contra-Trump.png","datePublished":"2026-03-17T13:33:14+00:00","breadcrumb":{"@id":"https:\/\/ictdf.synergyecosys.io\/?p=519#breadcrumb"},"inLanguage":"pt-BR","potentialAction":[{"@type":"ReadAction","target":["https:\/\/ictdf.synergyecosys.io\/?p=519"]}]},{"@type":"ImageObject","inLanguage":"pt-BR","@id":"https:\/\/ictdf.synergyecosys.io\/?p=519#primaryimage","url":"https:\/\/ictdf.synergyecosys.io\/wp-content\/uploads\/2026\/03\/imagem-Juiz-Anula-Polyticas-Anti-Vacina-de-RFK-Jr.-Contra-Trump.png","contentUrl":"https:\/\/ictdf.synergyecosys.io\/wp-content\/uploads\/2026\/03\/imagem-Juiz-Anula-Polyticas-Anti-Vacina-de-RFK-Jr.-Contra-Trump.png","width":1696,"height":960},{"@type":"BreadcrumbList","@id":"https:\/\/ictdf.synergyecosys.io\/?p=519#breadcrumb","itemListElement":[{"@type":"ListItem","position":1,"name":"In\u00edcio","item":"https:\/\/ictdf.synergyecosys.io\/"},{"@type":"ListItem","position":2,"name":"Juiz Federal Interv\u00e9m: Pol\u00edticas de Vacina\u00e7\u00e3o de RFK Jr. S\u00e3o Anuladas"}]},{"@type":"WebSite","@id":"https:\/\/ictdf.synergyecosys.io\/#website","url":"https:\/\/ictdf.synergyecosys.io\/","name":"ICTDF","description":"","publisher":{"@id":"https:\/\/ictdf.synergyecosys.io\/#organization"},"potentialAction":[{"@type":"SearchAction","target":{"@type":"EntryPoint","urlTemplate":"https:\/\/ictdf.synergyecosys.io\/?s={search_term_string}"},"query-input":{"@type":"PropertyValueSpecification","valueRequired":true,"valueName":"search_term_string"}}],"inLanguage":"pt-BR"},{"@type":"Organization","@id":"https:\/\/ictdf.synergyecosys.io\/#organization","name":"ICTDF","url":"https:\/\/ictdf.synergyecosys.io\/","logo":{"@type":"ImageObject","inLanguage":"pt-BR","@id":"https:\/\/ictdf.synergyecosys.io\/#\/schema\/logo\/image\/","url":"https:\/\/ictdf.synergyecosys.io\/wp-content\/uploads\/2026\/02\/cropped-cropped-ICTDF_logo_transparente.png","contentUrl":"https:\/\/ictdf.synergyecosys.io\/wp-content\/uploads\/2026\/02\/cropped-cropped-ICTDF_logo_transparente.png","width":450,"height":141,"caption":"ICTDF"},"image":{"@id":"https:\/\/ictdf.synergyecosys.io\/#\/schema\/logo\/image\/"}},{"@type":"Person","@id":"https:\/\/ictdf.synergyecosys.io\/#\/schema\/person\/0b4488974b7b485188c0c01cb9f95b21","name":"admin","image":{"@type":"ImageObject","inLanguage":"pt-BR","@id":"https:\/\/ictdf.synergyecosys.io\/#\/schema\/person\/image\/","url":"https:\/\/secure.gravatar.com\/avatar\/ee6b87b4bde4f4817334740781bdb6e270748065085879a5aa2018d8006922fa?s=96&d=mm&r=g","contentUrl":"https:\/\/secure.gravatar.com\/avatar\/ee6b87b4bde4f4817334740781bdb6e270748065085879a5aa2018d8006922fa?s=96&d=mm&r=g","caption":"admin"},"sameAs":["https:\/\/ictdf.synergyecosys.io"],"url":"https:\/\/ictdf.synergyecosys.io\/?author=1"}]}},"_links":{"self":[{"href":"https:\/\/ictdf.synergyecosys.io\/index.php?rest_route=\/wp\/v2\/posts\/519","targetHints":{"allow":["GET"]}}],"collection":[{"href":"https:\/\/ictdf.synergyecosys.io\/index.php?rest_route=\/wp\/v2\/posts"}],"about":[{"href":"https:\/\/ictdf.synergyecosys.io\/index.php?rest_route=\/wp\/v2\/types\/post"}],"author":[{"embeddable":true,"href":"https:\/\/ictdf.synergyecosys.io\/index.php?rest_route=\/wp\/v2\/users\/1"}],"replies":[{"embeddable":true,"href":"https:\/\/ictdf.synergyecosys.io\/index.php?rest_route=%2Fwp%2Fv2%2Fcomments&post=519"}],"version-history":[{"count":0,"href":"https:\/\/ictdf.synergyecosys.io\/index.php?rest_route=\/wp\/v2\/posts\/519\/revisions"}],"wp:featuredmedia":[{"embeddable":true,"href":"https:\/\/ictdf.synergyecosys.io\/index.php?rest_route=\/wp\/v2\/media\/518"}],"wp:attachment":[{"href":"https:\/\/ictdf.synergyecosys.io\/index.php?rest_route=%2Fwp%2Fv2%2Fmedia&parent=519"}],"wp:term":[{"taxonomy":"category","embeddable":true,"href":"https:\/\/ictdf.synergyecosys.io\/index.php?rest_route=%2Fwp%2Fv2%2Fcategories&post=519"},{"taxonomy":"post_tag","embeddable":true,"href":"https:\/\/ictdf.synergyecosys.io\/index.php?rest_route=%2Fwp%2Fv2%2Ftags&post=519"}],"curies":[{"name":"wp","href":"https:\/\/api.w.org\/{rel}","templated":true}]}}