{"id":513,"date":"2026-03-16T13:33:12","date_gmt":"2026-03-16T16:33:12","guid":{"rendered":"https:\/\/ictdf.synergyecosys.io\/?p=513"},"modified":"2026-03-16T13:33:12","modified_gmt":"2026-03-16T16:33:12","slug":"o-cancer-colorretal-esta-atingindo-pessoas-mais-jovens-e-nao-e-por-acaso","status":"publish","type":"post","link":"https:\/\/ictdf.synergyecosys.io\/?p=513","title":{"rendered":"O C\u00e2ncer Colorretal Est\u00e1 Atingindo Pessoas Mais Jovens, e N\u00e3o \u00e9 por Acaso"},"content":{"rendered":"<p>Voc\u00ea j\u00e1 parou para pensar por que doen\u00e7as como o c\u00e2ncer colorretal, que sempre associamos a idosos, est\u00e3o aparecendo em pessoas cada vez mais jovens? Na minha an\u00e1lise de dados recentes, percebo um padr\u00e3o preocupante: o aumento de casos em adultos abaixo dos 50 anos n\u00e3o \u00e9 aleat\u00f3rio. \u00c9 resultado de mudan\u00e7as no nosso estilo de vida moderno.<\/p>\n<p>Esse tipo de c\u00e2ncer, que afeta o c\u00f3lon ou reto \u2013 partes do intestino grosso \u2013, era raro em jovens, mas estudos mostram um crescimento significativo nas \u00faltimas d\u00e9cadas. Vamos explorar isso de forma simples e direta.<\/p>\n<h2>O Que \u00e9 o C\u00e2ncer Colorretal, Afinal?<\/h2>\n<p>O <strong>c\u00e2ncer colorretal<\/strong> surge do crescimento descontrolado de c\u00e9lulas no c\u00f3lon ou reto. Na pr\u00e1tica, come\u00e7a muitas vezes como um p\u00f3lipo benigno, um pequeno crescimento no intestino, que pode se tornar maligno se n\u00e3o for detectado a tempo. Sintomas comuns incluem sangue nas fezes, mudan\u00e7as nos h\u00e1bitos intestinais, perda de peso inexplicada e fadiga.<\/p>\n<p>Segundo fontes confi\u00e1veis como a Wikip\u00e9dia, a maioria dos casos est\u00e1 ligada a fatores de estilo de vida, n\u00e3o necessariamente gen\u00e9tica. Menos de 5% s\u00e3o heredit\u00e1rios, como a polipose adenomatosa familiar.<\/p>\n<h2>Por Que os Jovens Est\u00e3o Mais Afetados Agora?<\/h2>\n<p>Antigamente, o screening come\u00e7ava aos 50 anos, mas isso mudou para 45 devido ao aumento de casos em jovens. Na minha opini\u00e3o, isso reflete h\u00e1bitos contempor\u00e2neos: dietas ricas em carnes processadas, fast food, \u00e1lcool em excesso e sedentarismo.<\/p>\n<p>Fatores como obesidade e falta de atividade f\u00edsica contribuem diretamente. Por exemplo, o consumo de <em>red meat<\/em> (carne vermelha) e processados aumenta o risco em at\u00e9 17%, segundo pesquisas. N\u00e3o \u00e9 por acaso \u2013 \u00e9 consequ\u00eancia de escolhas di\u00e1rias.<\/p>\n<h3>Fatores de Risco Principais<\/h3>\n<ul>\n<li>Dieta pobre em fibras e rica em gorduras saturadas.<\/li>\n<li>Obesidade, que afeta mais jovens hoje em dia.<\/li>\n<li>Fumo e \u00e1lcool, comuns em estilos de vida agitados.<\/li>\n<li>Doen\u00e7as inflamat\u00f3rias intestinais, como Crohn.<\/li>\n<\/ul>\n<h2>Os Impactos no Dia a Dia das Pessoas<\/h2>\n<p>Para os jovens diagnosticados, o impacto \u00e9 devastador. Tratamentos envolvem cirurgia, quimioterapia e radioterapia, interrompendo carreiras, relacionamentos e planos de vida. Na sociedade, isso significa mais custos com sa\u00fade e perda de produtividade.<\/p>\n<p>Empresas veem aus\u00eancias prolongadas, e fam\u00edlias lidam com o estresse emocional. O que est\u00e1 em jogo \u00e9 a qualidade de vida: detec\u00e7\u00e3o precoce pode salvar vidas, mas muitos jovens ignoram sintomas por acharem &#8216;coisa de velho&#8217;.<\/p>\n<h2>Tend\u00eancias Futuras e Como se Proteger<\/h2>\n<p>Olhando para o futuro, especialistas preveem que, sem mudan\u00e7as, os casos em jovens dobrar\u00e3o at\u00e9 2030. Mas h\u00e1 esperan\u00e7a: adote uma dieta rica em frutas, vegetais e gr\u00e3os integrais. Pratique exerc\u00edcios regularmente e evite \u00e1lcool excessivo.<\/p>\n<p>Recomendo consultar um m\u00e9dico para screening a partir dos 45, ou mais cedo se houver hist\u00f3rico familiar. Pequenas mudan\u00e7as hoje podem prevenir grandes problemas amanh\u00e3.<\/p>\n<h2>Reflex\u00f5es Finais: Hora de Agir<\/h2>\n<p>Em resumo, o c\u00e2ncer colorretal em jovens n\u00e3o \u00e9 um mist\u00e9rio \u2013 \u00e9 um alerta sobre nossos h\u00e1bitos. Ao analisar esse tema, eu percebo que a preven\u00e7\u00e3o est\u00e1 ao nosso alcance. Cuide-se, incentive amigos e familiares a fazerem o mesmo. Sua sa\u00fade intestinal agradece!<\/p>\n","protected":false},"excerpt":{"rendered":"<p>Descubra por que o c\u00e2ncer colorretal est\u00e1 afetando mais pessoas jovens. Fatores de risco como dieta e estilo de vida explicam esse fen\u00f4meno alarmante. Saiba como prevenir!<\/p>\n","protected":false},"author":1,"featured_media":512,"comment_status":"open","ping_status":"open","sticky":false,"template":"","format":"standard","meta":{"_acf_changed":false,"_eb_attr":"","footnotes":"","_wpscppro_dont_share_socialmedia":false,"_wpscppro_custom_social_share_image":0,"_facebook_share_type":"","_twitter_share_type":"","_linkedin_share_type":"","_pinterest_share_type":"","_linkedin_share_type_page":"","_instagram_share_type":"","_medium_share_type":"","_threads_share_type":"","_google_business_share_type":"","_selected_social_profile":[],"_wpsp_enable_custom_social_template":false,"_wpsp_social_scheduling":{"enabled":false,"datetime":null,"platforms":[],"status":"template_only","dateOption":"today","timeOption":"now","customDays":"","customHours":"","customDate":"","customTime":"","schedulingType":"absolute"},"_wpsp_active_default_template":true},"categories":[3],"tags":[],"class_list":["post-513","post","type-post","status-publish","format-standard","has-post-thumbnail","hentry","category-bem-estar"],"acf":[],"yoast_head":"<!-- This site is optimized with the Yoast SEO plugin v26.9 - https:\/\/yoast.com\/product\/yoast-seo-wordpress\/ -->\n<title>O C\u00e2ncer Colorretal Est\u00e1 Atingindo Pessoas Mais Jovens, e N\u00e3o \u00e9 por Acaso - ICTDF<\/title>\n<meta name=\"robots\" content=\"index, follow, max-snippet:-1, max-image-preview:large, max-video-preview:-1\" \/>\n<link rel=\"canonical\" href=\"https:\/\/ictdf.synergyecosys.io\/?p=513\" \/>\n<meta property=\"og:locale\" content=\"pt_BR\" \/>\n<meta property=\"og:type\" content=\"article\" \/>\n<meta property=\"og:title\" content=\"O C\u00e2ncer Colorretal Est\u00e1 Atingindo Pessoas Mais Jovens, e N\u00e3o \u00e9 por Acaso - ICTDF\" \/>\n<meta property=\"og:description\" content=\"Descubra por que o c\u00e2ncer colorretal est\u00e1 afetando mais pessoas jovens. Fatores de risco como dieta e estilo de vida explicam esse fen\u00f4meno alarmante. Saiba como prevenir!\" \/>\n<meta property=\"og:url\" content=\"https:\/\/ictdf.synergyecosys.io\/?p=513\" \/>\n<meta property=\"og:site_name\" content=\"ICTDF\" \/>\n<meta property=\"article:published_time\" content=\"2026-03-16T16:33:12+00:00\" \/>\n<meta name=\"author\" content=\"admin\" \/>\n<meta name=\"twitter:card\" content=\"summary_large_image\" \/>\n<meta name=\"twitter:label1\" content=\"Escrito por\" \/>\n\t<meta name=\"twitter:data1\" content=\"admin\" \/>\n\t<meta name=\"twitter:label2\" content=\"Est. tempo de leitura\" \/>\n\t<meta name=\"twitter:data2\" content=\"3 minutos\" \/>\n<script type=\"application\/ld+json\" class=\"yoast-schema-graph\">{\"@context\":\"https:\/\/schema.org\",\"@graph\":[{\"@type\":\"Article\",\"@id\":\"https:\/\/ictdf.synergyecosys.io\/?p=513#article\",\"isPartOf\":{\"@id\":\"https:\/\/ictdf.synergyecosys.io\/?p=513\"},\"author\":{\"name\":\"admin\",\"@id\":\"https:\/\/ictdf.synergyecosys.io\/#\/schema\/person\/0b4488974b7b485188c0c01cb9f95b21\"},\"headline\":\"O C\u00e2ncer Colorretal Est\u00e1 Atingindo Pessoas Mais Jovens, e N\u00e3o \u00e9 por Acaso\",\"datePublished\":\"2026-03-16T16:33:12+00:00\",\"mainEntityOfPage\":{\"@id\":\"https:\/\/ictdf.synergyecosys.io\/?p=513\"},\"wordCount\":552,\"commentCount\":0,\"publisher\":{\"@id\":\"https:\/\/ictdf.synergyecosys.io\/#organization\"},\"image\":{\"@id\":\"https:\/\/ictdf.synergyecosys.io\/?p=513#primaryimage\"},\"thumbnailUrl\":\"https:\/\/ictdf.synergyecosys.io\/wp-content\/uploads\/2026\/03\/imagem-Cyncer-Colorretal-em-Jovens-Motivos-do-Aumento.png\",\"articleSection\":[\"Bem-estar\"],\"inLanguage\":\"pt-BR\",\"potentialAction\":[{\"@type\":\"CommentAction\",\"name\":\"Comment\",\"target\":[\"https:\/\/ictdf.synergyecosys.io\/?p=513#respond\"]}]},{\"@type\":\"WebPage\",\"@id\":\"https:\/\/ictdf.synergyecosys.io\/?p=513\",\"url\":\"https:\/\/ictdf.synergyecosys.io\/?p=513\",\"name\":\"O C\u00e2ncer Colorretal Est\u00e1 Atingindo Pessoas Mais Jovens, e N\u00e3o \u00e9 por Acaso - ICTDF\",\"isPartOf\":{\"@id\":\"https:\/\/ictdf.synergyecosys.io\/#website\"},\"primaryImageOfPage\":{\"@id\":\"https:\/\/ictdf.synergyecosys.io\/?p=513#primaryimage\"},\"image\":{\"@id\":\"https:\/\/ictdf.synergyecosys.io\/?p=513#primaryimage\"},\"thumbnailUrl\":\"https:\/\/ictdf.synergyecosys.io\/wp-content\/uploads\/2026\/03\/imagem-Cyncer-Colorretal-em-Jovens-Motivos-do-Aumento.png\",\"datePublished\":\"2026-03-16T16:33:12+00:00\",\"breadcrumb\":{\"@id\":\"https:\/\/ictdf.synergyecosys.io\/?p=513#breadcrumb\"},\"inLanguage\":\"pt-BR\",\"potentialAction\":[{\"@type\":\"ReadAction\",\"target\":[\"https:\/\/ictdf.synergyecosys.io\/?p=513\"]}]},{\"@type\":\"ImageObject\",\"inLanguage\":\"pt-BR\",\"@id\":\"https:\/\/ictdf.synergyecosys.io\/?p=513#primaryimage\",\"url\":\"https:\/\/ictdf.synergyecosys.io\/wp-content\/uploads\/2026\/03\/imagem-Cyncer-Colorretal-em-Jovens-Motivos-do-Aumento.png\",\"contentUrl\":\"https:\/\/ictdf.synergyecosys.io\/wp-content\/uploads\/2026\/03\/imagem-Cyncer-Colorretal-em-Jovens-Motivos-do-Aumento.png\",\"width\":1696,\"height\":960},{\"@type\":\"BreadcrumbList\",\"@id\":\"https:\/\/ictdf.synergyecosys.io\/?p=513#breadcrumb\",\"itemListElement\":[{\"@type\":\"ListItem\",\"position\":1,\"name\":\"In\u00edcio\",\"item\":\"https:\/\/ictdf.synergyecosys.io\/\"},{\"@type\":\"ListItem\",\"position\":2,\"name\":\"O C\u00e2ncer Colorretal Est\u00e1 Atingindo Pessoas Mais Jovens, e N\u00e3o \u00e9 por Acaso\"}]},{\"@type\":\"WebSite\",\"@id\":\"https:\/\/ictdf.synergyecosys.io\/#website\",\"url\":\"https:\/\/ictdf.synergyecosys.io\/\",\"name\":\"ICTDF\",\"description\":\"\",\"publisher\":{\"@id\":\"https:\/\/ictdf.synergyecosys.io\/#organization\"},\"potentialAction\":[{\"@type\":\"SearchAction\",\"target\":{\"@type\":\"EntryPoint\",\"urlTemplate\":\"https:\/\/ictdf.synergyecosys.io\/?s={search_term_string}\"},\"query-input\":{\"@type\":\"PropertyValueSpecification\",\"valueRequired\":true,\"valueName\":\"search_term_string\"}}],\"inLanguage\":\"pt-BR\"},{\"@type\":\"Organization\",\"@id\":\"https:\/\/ictdf.synergyecosys.io\/#organization\",\"name\":\"ICTDF\",\"url\":\"https:\/\/ictdf.synergyecosys.io\/\",\"logo\":{\"@type\":\"ImageObject\",\"inLanguage\":\"pt-BR\",\"@id\":\"https:\/\/ictdf.synergyecosys.io\/#\/schema\/logo\/image\/\",\"url\":\"https:\/\/ictdf.synergyecosys.io\/wp-content\/uploads\/2026\/02\/cropped-cropped-ICTDF_logo_transparente.png\",\"contentUrl\":\"https:\/\/ictdf.synergyecosys.io\/wp-content\/uploads\/2026\/02\/cropped-cropped-ICTDF_logo_transparente.png\",\"width\":450,\"height\":141,\"caption\":\"ICTDF\"},\"image\":{\"@id\":\"https:\/\/ictdf.synergyecosys.io\/#\/schema\/logo\/image\/\"}},{\"@type\":\"Person\",\"@id\":\"https:\/\/ictdf.synergyecosys.io\/#\/schema\/person\/0b4488974b7b485188c0c01cb9f95b21\",\"name\":\"admin\",\"image\":{\"@type\":\"ImageObject\",\"inLanguage\":\"pt-BR\",\"@id\":\"https:\/\/ictdf.synergyecosys.io\/#\/schema\/person\/image\/\",\"url\":\"https:\/\/secure.gravatar.com\/avatar\/ee6b87b4bde4f4817334740781bdb6e270748065085879a5aa2018d8006922fa?s=96&d=mm&r=g\",\"contentUrl\":\"https:\/\/secure.gravatar.com\/avatar\/ee6b87b4bde4f4817334740781bdb6e270748065085879a5aa2018d8006922fa?s=96&d=mm&r=g\",\"caption\":\"admin\"},\"sameAs\":[\"https:\/\/ictdf.synergyecosys.io\"],\"url\":\"https:\/\/ictdf.synergyecosys.io\/?author=1\"}]}<\/script>\n<!-- \/ Yoast SEO plugin. -->","yoast_head_json":{"title":"O C\u00e2ncer Colorretal Est\u00e1 Atingindo Pessoas Mais Jovens, e N\u00e3o \u00e9 por Acaso - ICTDF","robots":{"index":"index","follow":"follow","max-snippet":"max-snippet:-1","max-image-preview":"max-image-preview:large","max-video-preview":"max-video-preview:-1"},"canonical":"https:\/\/ictdf.synergyecosys.io\/?p=513","og_locale":"pt_BR","og_type":"article","og_title":"O C\u00e2ncer Colorretal Est\u00e1 Atingindo Pessoas Mais Jovens, e N\u00e3o \u00e9 por Acaso - ICTDF","og_description":"Descubra por que o c\u00e2ncer colorretal est\u00e1 afetando mais pessoas jovens. Fatores de risco como dieta e estilo de vida explicam esse fen\u00f4meno alarmante. Saiba como prevenir!","og_url":"https:\/\/ictdf.synergyecosys.io\/?p=513","og_site_name":"ICTDF","article_published_time":"2026-03-16T16:33:12+00:00","author":"admin","twitter_card":"summary_large_image","twitter_misc":{"Escrito por":"admin","Est. tempo de leitura":"3 minutos"},"schema":{"@context":"https:\/\/schema.org","@graph":[{"@type":"Article","@id":"https:\/\/ictdf.synergyecosys.io\/?p=513#article","isPartOf":{"@id":"https:\/\/ictdf.synergyecosys.io\/?p=513"},"author":{"name":"admin","@id":"https:\/\/ictdf.synergyecosys.io\/#\/schema\/person\/0b4488974b7b485188c0c01cb9f95b21"},"headline":"O C\u00e2ncer Colorretal Est\u00e1 Atingindo Pessoas Mais Jovens, e N\u00e3o \u00e9 por Acaso","datePublished":"2026-03-16T16:33:12+00:00","mainEntityOfPage":{"@id":"https:\/\/ictdf.synergyecosys.io\/?p=513"},"wordCount":552,"commentCount":0,"publisher":{"@id":"https:\/\/ictdf.synergyecosys.io\/#organization"},"image":{"@id":"https:\/\/ictdf.synergyecosys.io\/?p=513#primaryimage"},"thumbnailUrl":"https:\/\/ictdf.synergyecosys.io\/wp-content\/uploads\/2026\/03\/imagem-Cyncer-Colorretal-em-Jovens-Motivos-do-Aumento.png","articleSection":["Bem-estar"],"inLanguage":"pt-BR","potentialAction":[{"@type":"CommentAction","name":"Comment","target":["https:\/\/ictdf.synergyecosys.io\/?p=513#respond"]}]},{"@type":"WebPage","@id":"https:\/\/ictdf.synergyecosys.io\/?p=513","url":"https:\/\/ictdf.synergyecosys.io\/?p=513","name":"O C\u00e2ncer Colorretal Est\u00e1 Atingindo Pessoas Mais Jovens, e N\u00e3o \u00e9 por Acaso - ICTDF","isPartOf":{"@id":"https:\/\/ictdf.synergyecosys.io\/#website"},"primaryImageOfPage":{"@id":"https:\/\/ictdf.synergyecosys.io\/?p=513#primaryimage"},"image":{"@id":"https:\/\/ictdf.synergyecosys.io\/?p=513#primaryimage"},"thumbnailUrl":"https:\/\/ictdf.synergyecosys.io\/wp-content\/uploads\/2026\/03\/imagem-Cyncer-Colorretal-em-Jovens-Motivos-do-Aumento.png","datePublished":"2026-03-16T16:33:12+00:00","breadcrumb":{"@id":"https:\/\/ictdf.synergyecosys.io\/?p=513#breadcrumb"},"inLanguage":"pt-BR","potentialAction":[{"@type":"ReadAction","target":["https:\/\/ictdf.synergyecosys.io\/?p=513"]}]},{"@type":"ImageObject","inLanguage":"pt-BR","@id":"https:\/\/ictdf.synergyecosys.io\/?p=513#primaryimage","url":"https:\/\/ictdf.synergyecosys.io\/wp-content\/uploads\/2026\/03\/imagem-Cyncer-Colorretal-em-Jovens-Motivos-do-Aumento.png","contentUrl":"https:\/\/ictdf.synergyecosys.io\/wp-content\/uploads\/2026\/03\/imagem-Cyncer-Colorretal-em-Jovens-Motivos-do-Aumento.png","width":1696,"height":960},{"@type":"BreadcrumbList","@id":"https:\/\/ictdf.synergyecosys.io\/?p=513#breadcrumb","itemListElement":[{"@type":"ListItem","position":1,"name":"In\u00edcio","item":"https:\/\/ictdf.synergyecosys.io\/"},{"@type":"ListItem","position":2,"name":"O C\u00e2ncer Colorretal Est\u00e1 Atingindo Pessoas Mais Jovens, e N\u00e3o \u00e9 por Acaso"}]},{"@type":"WebSite","@id":"https:\/\/ictdf.synergyecosys.io\/#website","url":"https:\/\/ictdf.synergyecosys.io\/","name":"ICTDF","description":"","publisher":{"@id":"https:\/\/ictdf.synergyecosys.io\/#organization"},"potentialAction":[{"@type":"SearchAction","target":{"@type":"EntryPoint","urlTemplate":"https:\/\/ictdf.synergyecosys.io\/?s={search_term_string}"},"query-input":{"@type":"PropertyValueSpecification","valueRequired":true,"valueName":"search_term_string"}}],"inLanguage":"pt-BR"},{"@type":"Organization","@id":"https:\/\/ictdf.synergyecosys.io\/#organization","name":"ICTDF","url":"https:\/\/ictdf.synergyecosys.io\/","logo":{"@type":"ImageObject","inLanguage":"pt-BR","@id":"https:\/\/ictdf.synergyecosys.io\/#\/schema\/logo\/image\/","url":"https:\/\/ictdf.synergyecosys.io\/wp-content\/uploads\/2026\/02\/cropped-cropped-ICTDF_logo_transparente.png","contentUrl":"https:\/\/ictdf.synergyecosys.io\/wp-content\/uploads\/2026\/02\/cropped-cropped-ICTDF_logo_transparente.png","width":450,"height":141,"caption":"ICTDF"},"image":{"@id":"https:\/\/ictdf.synergyecosys.io\/#\/schema\/logo\/image\/"}},{"@type":"Person","@id":"https:\/\/ictdf.synergyecosys.io\/#\/schema\/person\/0b4488974b7b485188c0c01cb9f95b21","name":"admin","image":{"@type":"ImageObject","inLanguage":"pt-BR","@id":"https:\/\/ictdf.synergyecosys.io\/#\/schema\/person\/image\/","url":"https:\/\/secure.gravatar.com\/avatar\/ee6b87b4bde4f4817334740781bdb6e270748065085879a5aa2018d8006922fa?s=96&d=mm&r=g","contentUrl":"https:\/\/secure.gravatar.com\/avatar\/ee6b87b4bde4f4817334740781bdb6e270748065085879a5aa2018d8006922fa?s=96&d=mm&r=g","caption":"admin"},"sameAs":["https:\/\/ictdf.synergyecosys.io"],"url":"https:\/\/ictdf.synergyecosys.io\/?author=1"}]}},"_links":{"self":[{"href":"https:\/\/ictdf.synergyecosys.io\/index.php?rest_route=\/wp\/v2\/posts\/513","targetHints":{"allow":["GET"]}}],"collection":[{"href":"https:\/\/ictdf.synergyecosys.io\/index.php?rest_route=\/wp\/v2\/posts"}],"about":[{"href":"https:\/\/ictdf.synergyecosys.io\/index.php?rest_route=\/wp\/v2\/types\/post"}],"author":[{"embeddable":true,"href":"https:\/\/ictdf.synergyecosys.io\/index.php?rest_route=\/wp\/v2\/users\/1"}],"replies":[{"embeddable":true,"href":"https:\/\/ictdf.synergyecosys.io\/index.php?rest_route=%2Fwp%2Fv2%2Fcomments&post=513"}],"version-history":[{"count":0,"href":"https:\/\/ictdf.synergyecosys.io\/index.php?rest_route=\/wp\/v2\/posts\/513\/revisions"}],"wp:featuredmedia":[{"embeddable":true,"href":"https:\/\/ictdf.synergyecosys.io\/index.php?rest_route=\/wp\/v2\/media\/512"}],"wp:attachment":[{"href":"https:\/\/ictdf.synergyecosys.io\/index.php?rest_route=%2Fwp%2Fv2%2Fmedia&parent=513"}],"wp:term":[{"taxonomy":"category","embeddable":true,"href":"https:\/\/ictdf.synergyecosys.io\/index.php?rest_route=%2Fwp%2Fv2%2Fcategories&post=513"},{"taxonomy":"post_tag","embeddable":true,"href":"https:\/\/ictdf.synergyecosys.io\/index.php?rest_route=%2Fwp%2Fv2%2Ftags&post=513"}],"curies":[{"name":"wp","href":"https:\/\/api.w.org\/{rel}","templated":true}]}}