{"id":511,"date":"2026-03-16T05:33:25","date_gmt":"2026-03-16T08:33:25","guid":{"rendered":"https:\/\/ictdf.synergyecosys.io\/?p=511"},"modified":"2026-03-16T05:33:25","modified_gmt":"2026-03-16T08:33:25","slug":"relatorio-confidencial-exige-reformas-no-rastreamento-de-danos-das-vacinas-contra-covid","status":"publish","type":"post","link":"https:\/\/ictdf.synergyecosys.io\/?p=511","title":{"rendered":"Relat\u00f3rio Confidencial Exige Reformas no Rastreamento de Danos das Vacinas contra Covid"},"content":{"rendered":"<p>Imagine descobrir que h\u00e1 um relat\u00f3rio confidencial apontando problemas graves no modo como monitoramos os efeitos colaterais das vacinas contra a Covid-19. Pois \u00e9, isso aconteceu na Alemanha, e as implica\u00e7\u00f5es v\u00e3o al\u00e9m das fronteiras. Eu analisei esse caso e vou explicar tudo de forma simples, sem jarg\u00f5es complicados.<\/p>\n<p>O que estamos falando aqui \u00e9 sobre a seguran\u00e7a das vacinas, algo essencial para todos n\u00f3s que confiamos na ci\u00eancia. Mas quando h\u00e1 falhas no acompanhamento dos poss\u00edveis danos, isso pode afetar a confian\u00e7a p\u00fablica e a sa\u00fade de milh\u00f5es. Vamos mergulhar no assunto.<\/p>\n<h2>O Que Revela Esse Relat\u00f3rio Secreto<\/h2>\n<p>O relat\u00f3rio em quest\u00e3o foi preparado por grupos de pacientes e fam\u00edlias de v\u00edtimas na Alemanha. Ele foi enviado de forma confidencial ao Minist\u00e9rio da Sa\u00fade alem\u00e3o. Nele, eles criticam o sistema atual de monitoramento, liderado pelo Instituto Paul Ehrlich, que \u00e9 o equivalente ao nosso Anvisa em termos de vacinas.<\/p>\n<p>Segundo o documento, h\u00e1 uma subnotifica\u00e7\u00e3o enorme de danos causados pelas vacinas. <strong>Subnotifica\u00e7\u00e3o<\/strong> significa que muitos casos de efeitos adversos n\u00e3o s\u00e3o registrados, o que mascara a real extens\u00e3o do problema. Por exemplo, problemas card\u00edacos e neurol\u00f3gicos graves estariam sendo ignorados ou minimizados.<\/p>\n<h3>Os Problemas Identificados no Sistema Atual<\/h3>\n<p>O sistema depende muito de relatos volunt\u00e1rios de m\u00e9dicos e pacientes. Mas, na pr\u00e1tica, isso n\u00e3o captura tudo. O relat\u00f3rio aponta que apenas uma fra\u00e7\u00e3o dos casos chega \u00e0s autoridades. \u00c9 como tentar contar gotas de chuva com um copo furado.<\/p>\n<ul>\n<li>Relatos volunt\u00e1rios s\u00e3o insuficientes para uma vis\u00e3o completa.<\/li>\n<li>Falta de investiga\u00e7\u00e3o independente dos casos graves.<\/li>\n<li>Dados n\u00e3o s\u00e3o transparentes o suficiente para o p\u00fablico.<\/li>\n<\/ul>\n<h2>Por Que Isso Importa para a Sa\u00fade Global<\/h2>\n<p>Esse n\u00e3o \u00e9 um problema s\u00f3 alem\u00e3o. Em todo o mundo, sistemas como o VAERS nos EUA ou o Yellow Card no Reino Unido enfrentam cr\u00edticas semelhantes. <strong>VAERS<\/strong>, ali\u00e1s, \u00e9 o Sistema de Relato de Eventos Adversos a Vacinas, que coleta queixas sobre vacinas, mas n\u00e3o prova causalidade \u2013 \u00e9 s\u00f3 um alerta inicial.<\/p>\n<p>Se n\u00e3o rastrearmos adequadamente os danos, perdemos a chance de melhorar as vacinas futuras e de informar melhor as pessoas. Para empresas farmac\u00eauticas, isso significa mais responsabilidade; para governos, uma necessidade urgente de transpar\u00eancia.<\/p>\n<p>No dia a dia, isso afeta voc\u00ea: imagine tomar uma vacina sem saber se h\u00e1 riscos subestimados. A confian\u00e7a na ci\u00eancia pode abalar, levando a hesita\u00e7\u00e3o vacinal, o que \u00e9 perigoso em pandemias.<\/p>\n<h2>Propostas de Mudan\u00e7as e o Futuro do Monitoramento<\/h2>\n<p>O relat\u00f3rio n\u00e3o para na cr\u00edtica; ele prop\u00f5e <em>sweeping changes<\/em>, ou seja, mudan\u00e7as radicais e abrangentes. Entre as recomenda\u00e7\u00f5es:<\/p>\n<ol>\n<li>Criar um sistema de monitoramento independente, fora do controle governamental direto.<\/li>\n<li>Obrigar relatos autom\u00e1ticos de eventos adversos via prontu\u00e1rios eletr\u00f4nicos.<\/li>\n<li>Aumentar a transpar\u00eancia com publica\u00e7\u00f5es regulares de dados detalhados.<\/li>\n<li>Envolver pacientes e fam\u00edlias no processo de avalia\u00e7\u00e3o.<\/li>\n<\/ol>\n<p>Essas ideias poderiam ser um modelo para o Brasil e outros pa\u00edses. Ao analisar isso, eu percebo que estamos em um momento pivotal: com o fim da emerg\u00eancia da Covid, \u00e9 hora de fortalecer esses sistemas para futuras amea\u00e7as.<\/p>\n<p>Tend\u00eancias mostram que a IA e big data podem ajudar no rastreamento em tempo real, mas s\u00f3 se houver vontade pol\u00edtica.<\/p>\n<h2>Reflex\u00f5es Finais: Transpar\u00eancia \u00e9 a Chave<\/h2>\n<p>Em resumo, esse relat\u00f3rio confidencial destaca uma falha sist\u00eamica que precisa de aten\u00e7\u00e3o urgente. Ele nos lembra que a ci\u00eancia avan\u00e7a com honestidade e vigil\u00e2ncia constante. Se voc\u00ea se preocupa com sa\u00fade p\u00fablica, acompanhe esses debates \u2013 e, quem sabe, exija mais transpar\u00eancia dos \u00f3rg\u00e3os reguladores. O que voc\u00ea acha? Deixe seu coment\u00e1rio abaixo.<\/p>\n","protected":false},"excerpt":{"rendered":"<p>Um relat\u00f3rio secreto revela falhas no monitoramento de efeitos colaterais das vacinas contra Covid-19. Descubra as propostas de mudan\u00e7as amplas e por que isso importa para a sa\u00fade p\u00fablica. Leia agora!<\/p>\n","protected":false},"author":1,"featured_media":510,"comment_status":"open","ping_status":"open","sticky":false,"template":"","format":"standard","meta":{"_acf_changed":false,"_eb_attr":"","footnotes":"","_wpscppro_dont_share_socialmedia":false,"_wpscppro_custom_social_share_image":0,"_facebook_share_type":"","_twitter_share_type":"","_linkedin_share_type":"","_pinterest_share_type":"","_linkedin_share_type_page":"","_instagram_share_type":"","_medium_share_type":"","_threads_share_type":"","_google_business_share_type":"","_selected_social_profile":[],"_wpsp_enable_custom_social_template":false,"_wpsp_social_scheduling":{"enabled":false,"datetime":null,"platforms":[],"status":"template_only","dateOption":"today","timeOption":"now","customDays":"","customHours":"","customDate":"","customTime":"","schedulingType":"absolute"},"_wpsp_active_default_template":true},"categories":[3],"tags":[],"class_list":["post-511","post","type-post","status-publish","format-standard","has-post-thumbnail","hentry","category-bem-estar"],"acf":[],"yoast_head":"<!-- This site is optimized with the Yoast SEO plugin v26.9 - https:\/\/yoast.com\/product\/yoast-seo-wordpress\/ -->\n<title>Relat\u00f3rio Confidencial Exige Reformas no Rastreamento de Danos das Vacinas contra Covid - ICTDF<\/title>\n<meta name=\"robots\" content=\"index, follow, max-snippet:-1, max-image-preview:large, max-video-preview:-1\" \/>\n<link rel=\"canonical\" href=\"https:\/\/ictdf.synergyecosys.io\/?p=511\" \/>\n<meta property=\"og:locale\" content=\"pt_BR\" \/>\n<meta property=\"og:type\" content=\"article\" \/>\n<meta property=\"og:title\" content=\"Relat\u00f3rio Confidencial Exige Reformas no Rastreamento de Danos das Vacinas contra Covid - ICTDF\" \/>\n<meta property=\"og:description\" content=\"Um relat\u00f3rio secreto revela falhas no monitoramento de efeitos colaterais das vacinas contra Covid-19. Descubra as propostas de mudan\u00e7as amplas e por que isso importa para a sa\u00fade p\u00fablica. Leia agora!\" \/>\n<meta property=\"og:url\" content=\"https:\/\/ictdf.synergyecosys.io\/?p=511\" \/>\n<meta property=\"og:site_name\" content=\"ICTDF\" \/>\n<meta property=\"article:published_time\" content=\"2026-03-16T08:33:25+00:00\" \/>\n<meta name=\"author\" content=\"admin\" \/>\n<meta name=\"twitter:card\" content=\"summary_large_image\" \/>\n<meta name=\"twitter:label1\" content=\"Escrito por\" \/>\n\t<meta name=\"twitter:data1\" content=\"admin\" \/>\n\t<meta name=\"twitter:label2\" content=\"Est. tempo de leitura\" \/>\n\t<meta name=\"twitter:data2\" content=\"3 minutos\" \/>\n<script type=\"application\/ld+json\" class=\"yoast-schema-graph\">{\"@context\":\"https:\/\/schema.org\",\"@graph\":[{\"@type\":\"Article\",\"@id\":\"https:\/\/ictdf.synergyecosys.io\/?p=511#article\",\"isPartOf\":{\"@id\":\"https:\/\/ictdf.synergyecosys.io\/?p=511\"},\"author\":{\"name\":\"admin\",\"@id\":\"https:\/\/ictdf.synergyecosys.io\/#\/schema\/person\/0b4488974b7b485188c0c01cb9f95b21\"},\"headline\":\"Relat\u00f3rio Confidencial Exige Reformas no Rastreamento de Danos das Vacinas contra Covid\",\"datePublished\":\"2026-03-16T08:33:25+00:00\",\"mainEntityOfPage\":{\"@id\":\"https:\/\/ictdf.synergyecosys.io\/?p=511\"},\"wordCount\":663,\"commentCount\":0,\"publisher\":{\"@id\":\"https:\/\/ictdf.synergyecosys.io\/#organization\"},\"image\":{\"@id\":\"https:\/\/ictdf.synergyecosys.io\/?p=511#primaryimage\"},\"thumbnailUrl\":\"https:\/\/ictdf.synergyecosys.io\/wp-content\/uploads\/2026\/03\/imagem-Relatyrio-Confidencial-Pede-Mudanyas-para-Rastrear-Danos-de-Vacinas-Covid.png\",\"articleSection\":[\"Bem-estar\"],\"inLanguage\":\"pt-BR\",\"potentialAction\":[{\"@type\":\"CommentAction\",\"name\":\"Comment\",\"target\":[\"https:\/\/ictdf.synergyecosys.io\/?p=511#respond\"]}]},{\"@type\":\"WebPage\",\"@id\":\"https:\/\/ictdf.synergyecosys.io\/?p=511\",\"url\":\"https:\/\/ictdf.synergyecosys.io\/?p=511\",\"name\":\"Relat\u00f3rio Confidencial Exige Reformas no Rastreamento de Danos das Vacinas contra Covid - ICTDF\",\"isPartOf\":{\"@id\":\"https:\/\/ictdf.synergyecosys.io\/#website\"},\"primaryImageOfPage\":{\"@id\":\"https:\/\/ictdf.synergyecosys.io\/?p=511#primaryimage\"},\"image\":{\"@id\":\"https:\/\/ictdf.synergyecosys.io\/?p=511#primaryimage\"},\"thumbnailUrl\":\"https:\/\/ictdf.synergyecosys.io\/wp-content\/uploads\/2026\/03\/imagem-Relatyrio-Confidencial-Pede-Mudanyas-para-Rastrear-Danos-de-Vacinas-Covid.png\",\"datePublished\":\"2026-03-16T08:33:25+00:00\",\"breadcrumb\":{\"@id\":\"https:\/\/ictdf.synergyecosys.io\/?p=511#breadcrumb\"},\"inLanguage\":\"pt-BR\",\"potentialAction\":[{\"@type\":\"ReadAction\",\"target\":[\"https:\/\/ictdf.synergyecosys.io\/?p=511\"]}]},{\"@type\":\"ImageObject\",\"inLanguage\":\"pt-BR\",\"@id\":\"https:\/\/ictdf.synergyecosys.io\/?p=511#primaryimage\",\"url\":\"https:\/\/ictdf.synergyecosys.io\/wp-content\/uploads\/2026\/03\/imagem-Relatyrio-Confidencial-Pede-Mudanyas-para-Rastrear-Danos-de-Vacinas-Covid.png\",\"contentUrl\":\"https:\/\/ictdf.synergyecosys.io\/wp-content\/uploads\/2026\/03\/imagem-Relatyrio-Confidencial-Pede-Mudanyas-para-Rastrear-Danos-de-Vacinas-Covid.png\",\"width\":1696,\"height\":960},{\"@type\":\"BreadcrumbList\",\"@id\":\"https:\/\/ictdf.synergyecosys.io\/?p=511#breadcrumb\",\"itemListElement\":[{\"@type\":\"ListItem\",\"position\":1,\"name\":\"In\u00edcio\",\"item\":\"https:\/\/ictdf.synergyecosys.io\/\"},{\"@type\":\"ListItem\",\"position\":2,\"name\":\"Relat\u00f3rio Confidencial Exige Reformas no Rastreamento de Danos das Vacinas contra Covid\"}]},{\"@type\":\"WebSite\",\"@id\":\"https:\/\/ictdf.synergyecosys.io\/#website\",\"url\":\"https:\/\/ictdf.synergyecosys.io\/\",\"name\":\"ICTDF\",\"description\":\"\",\"publisher\":{\"@id\":\"https:\/\/ictdf.synergyecosys.io\/#organization\"},\"potentialAction\":[{\"@type\":\"SearchAction\",\"target\":{\"@type\":\"EntryPoint\",\"urlTemplate\":\"https:\/\/ictdf.synergyecosys.io\/?s={search_term_string}\"},\"query-input\":{\"@type\":\"PropertyValueSpecification\",\"valueRequired\":true,\"valueName\":\"search_term_string\"}}],\"inLanguage\":\"pt-BR\"},{\"@type\":\"Organization\",\"@id\":\"https:\/\/ictdf.synergyecosys.io\/#organization\",\"name\":\"ICTDF\",\"url\":\"https:\/\/ictdf.synergyecosys.io\/\",\"logo\":{\"@type\":\"ImageObject\",\"inLanguage\":\"pt-BR\",\"@id\":\"https:\/\/ictdf.synergyecosys.io\/#\/schema\/logo\/image\/\",\"url\":\"https:\/\/ictdf.synergyecosys.io\/wp-content\/uploads\/2026\/02\/cropped-cropped-ICTDF_logo_transparente.png\",\"contentUrl\":\"https:\/\/ictdf.synergyecosys.io\/wp-content\/uploads\/2026\/02\/cropped-cropped-ICTDF_logo_transparente.png\",\"width\":450,\"height\":141,\"caption\":\"ICTDF\"},\"image\":{\"@id\":\"https:\/\/ictdf.synergyecosys.io\/#\/schema\/logo\/image\/\"}},{\"@type\":\"Person\",\"@id\":\"https:\/\/ictdf.synergyecosys.io\/#\/schema\/person\/0b4488974b7b485188c0c01cb9f95b21\",\"name\":\"admin\",\"image\":{\"@type\":\"ImageObject\",\"inLanguage\":\"pt-BR\",\"@id\":\"https:\/\/ictdf.synergyecosys.io\/#\/schema\/person\/image\/\",\"url\":\"https:\/\/secure.gravatar.com\/avatar\/ee6b87b4bde4f4817334740781bdb6e270748065085879a5aa2018d8006922fa?s=96&d=mm&r=g\",\"contentUrl\":\"https:\/\/secure.gravatar.com\/avatar\/ee6b87b4bde4f4817334740781bdb6e270748065085879a5aa2018d8006922fa?s=96&d=mm&r=g\",\"caption\":\"admin\"},\"sameAs\":[\"https:\/\/ictdf.synergyecosys.io\"],\"url\":\"https:\/\/ictdf.synergyecosys.io\/?author=1\"}]}<\/script>\n<!-- \/ Yoast SEO plugin. -->","yoast_head_json":{"title":"Relat\u00f3rio Confidencial Exige Reformas no Rastreamento de Danos das Vacinas contra Covid - ICTDF","robots":{"index":"index","follow":"follow","max-snippet":"max-snippet:-1","max-image-preview":"max-image-preview:large","max-video-preview":"max-video-preview:-1"},"canonical":"https:\/\/ictdf.synergyecosys.io\/?p=511","og_locale":"pt_BR","og_type":"article","og_title":"Relat\u00f3rio Confidencial Exige Reformas no Rastreamento de Danos das Vacinas contra Covid - ICTDF","og_description":"Um relat\u00f3rio secreto revela falhas no monitoramento de efeitos colaterais das vacinas contra Covid-19. Descubra as propostas de mudan\u00e7as amplas e por que isso importa para a sa\u00fade p\u00fablica. Leia agora!","og_url":"https:\/\/ictdf.synergyecosys.io\/?p=511","og_site_name":"ICTDF","article_published_time":"2026-03-16T08:33:25+00:00","author":"admin","twitter_card":"summary_large_image","twitter_misc":{"Escrito por":"admin","Est. tempo de leitura":"3 minutos"},"schema":{"@context":"https:\/\/schema.org","@graph":[{"@type":"Article","@id":"https:\/\/ictdf.synergyecosys.io\/?p=511#article","isPartOf":{"@id":"https:\/\/ictdf.synergyecosys.io\/?p=511"},"author":{"name":"admin","@id":"https:\/\/ictdf.synergyecosys.io\/#\/schema\/person\/0b4488974b7b485188c0c01cb9f95b21"},"headline":"Relat\u00f3rio Confidencial Exige Reformas no Rastreamento de Danos das Vacinas contra Covid","datePublished":"2026-03-16T08:33:25+00:00","mainEntityOfPage":{"@id":"https:\/\/ictdf.synergyecosys.io\/?p=511"},"wordCount":663,"commentCount":0,"publisher":{"@id":"https:\/\/ictdf.synergyecosys.io\/#organization"},"image":{"@id":"https:\/\/ictdf.synergyecosys.io\/?p=511#primaryimage"},"thumbnailUrl":"https:\/\/ictdf.synergyecosys.io\/wp-content\/uploads\/2026\/03\/imagem-Relatyrio-Confidencial-Pede-Mudanyas-para-Rastrear-Danos-de-Vacinas-Covid.png","articleSection":["Bem-estar"],"inLanguage":"pt-BR","potentialAction":[{"@type":"CommentAction","name":"Comment","target":["https:\/\/ictdf.synergyecosys.io\/?p=511#respond"]}]},{"@type":"WebPage","@id":"https:\/\/ictdf.synergyecosys.io\/?p=511","url":"https:\/\/ictdf.synergyecosys.io\/?p=511","name":"Relat\u00f3rio Confidencial Exige Reformas no Rastreamento de Danos das Vacinas contra Covid - ICTDF","isPartOf":{"@id":"https:\/\/ictdf.synergyecosys.io\/#website"},"primaryImageOfPage":{"@id":"https:\/\/ictdf.synergyecosys.io\/?p=511#primaryimage"},"image":{"@id":"https:\/\/ictdf.synergyecosys.io\/?p=511#primaryimage"},"thumbnailUrl":"https:\/\/ictdf.synergyecosys.io\/wp-content\/uploads\/2026\/03\/imagem-Relatyrio-Confidencial-Pede-Mudanyas-para-Rastrear-Danos-de-Vacinas-Covid.png","datePublished":"2026-03-16T08:33:25+00:00","breadcrumb":{"@id":"https:\/\/ictdf.synergyecosys.io\/?p=511#breadcrumb"},"inLanguage":"pt-BR","potentialAction":[{"@type":"ReadAction","target":["https:\/\/ictdf.synergyecosys.io\/?p=511"]}]},{"@type":"ImageObject","inLanguage":"pt-BR","@id":"https:\/\/ictdf.synergyecosys.io\/?p=511#primaryimage","url":"https:\/\/ictdf.synergyecosys.io\/wp-content\/uploads\/2026\/03\/imagem-Relatyrio-Confidencial-Pede-Mudanyas-para-Rastrear-Danos-de-Vacinas-Covid.png","contentUrl":"https:\/\/ictdf.synergyecosys.io\/wp-content\/uploads\/2026\/03\/imagem-Relatyrio-Confidencial-Pede-Mudanyas-para-Rastrear-Danos-de-Vacinas-Covid.png","width":1696,"height":960},{"@type":"BreadcrumbList","@id":"https:\/\/ictdf.synergyecosys.io\/?p=511#breadcrumb","itemListElement":[{"@type":"ListItem","position":1,"name":"In\u00edcio","item":"https:\/\/ictdf.synergyecosys.io\/"},{"@type":"ListItem","position":2,"name":"Relat\u00f3rio Confidencial Exige Reformas no Rastreamento de Danos das Vacinas contra Covid"}]},{"@type":"WebSite","@id":"https:\/\/ictdf.synergyecosys.io\/#website","url":"https:\/\/ictdf.synergyecosys.io\/","name":"ICTDF","description":"","publisher":{"@id":"https:\/\/ictdf.synergyecosys.io\/#organization"},"potentialAction":[{"@type":"SearchAction","target":{"@type":"EntryPoint","urlTemplate":"https:\/\/ictdf.synergyecosys.io\/?s={search_term_string}"},"query-input":{"@type":"PropertyValueSpecification","valueRequired":true,"valueName":"search_term_string"}}],"inLanguage":"pt-BR"},{"@type":"Organization","@id":"https:\/\/ictdf.synergyecosys.io\/#organization","name":"ICTDF","url":"https:\/\/ictdf.synergyecosys.io\/","logo":{"@type":"ImageObject","inLanguage":"pt-BR","@id":"https:\/\/ictdf.synergyecosys.io\/#\/schema\/logo\/image\/","url":"https:\/\/ictdf.synergyecosys.io\/wp-content\/uploads\/2026\/02\/cropped-cropped-ICTDF_logo_transparente.png","contentUrl":"https:\/\/ictdf.synergyecosys.io\/wp-content\/uploads\/2026\/02\/cropped-cropped-ICTDF_logo_transparente.png","width":450,"height":141,"caption":"ICTDF"},"image":{"@id":"https:\/\/ictdf.synergyecosys.io\/#\/schema\/logo\/image\/"}},{"@type":"Person","@id":"https:\/\/ictdf.synergyecosys.io\/#\/schema\/person\/0b4488974b7b485188c0c01cb9f95b21","name":"admin","image":{"@type":"ImageObject","inLanguage":"pt-BR","@id":"https:\/\/ictdf.synergyecosys.io\/#\/schema\/person\/image\/","url":"https:\/\/secure.gravatar.com\/avatar\/ee6b87b4bde4f4817334740781bdb6e270748065085879a5aa2018d8006922fa?s=96&d=mm&r=g","contentUrl":"https:\/\/secure.gravatar.com\/avatar\/ee6b87b4bde4f4817334740781bdb6e270748065085879a5aa2018d8006922fa?s=96&d=mm&r=g","caption":"admin"},"sameAs":["https:\/\/ictdf.synergyecosys.io"],"url":"https:\/\/ictdf.synergyecosys.io\/?author=1"}]}},"_links":{"self":[{"href":"https:\/\/ictdf.synergyecosys.io\/index.php?rest_route=\/wp\/v2\/posts\/511","targetHints":{"allow":["GET"]}}],"collection":[{"href":"https:\/\/ictdf.synergyecosys.io\/index.php?rest_route=\/wp\/v2\/posts"}],"about":[{"href":"https:\/\/ictdf.synergyecosys.io\/index.php?rest_route=\/wp\/v2\/types\/post"}],"author":[{"embeddable":true,"href":"https:\/\/ictdf.synergyecosys.io\/index.php?rest_route=\/wp\/v2\/users\/1"}],"replies":[{"embeddable":true,"href":"https:\/\/ictdf.synergyecosys.io\/index.php?rest_route=%2Fwp%2Fv2%2Fcomments&post=511"}],"version-history":[{"count":0,"href":"https:\/\/ictdf.synergyecosys.io\/index.php?rest_route=\/wp\/v2\/posts\/511\/revisions"}],"wp:featuredmedia":[{"embeddable":true,"href":"https:\/\/ictdf.synergyecosys.io\/index.php?rest_route=\/wp\/v2\/media\/510"}],"wp:attachment":[{"href":"https:\/\/ictdf.synergyecosys.io\/index.php?rest_route=%2Fwp%2Fv2%2Fmedia&parent=511"}],"wp:term":[{"taxonomy":"category","embeddable":true,"href":"https:\/\/ictdf.synergyecosys.io\/index.php?rest_route=%2Fwp%2Fv2%2Fcategories&post=511"},{"taxonomy":"post_tag","embeddable":true,"href":"https:\/\/ictdf.synergyecosys.io\/index.php?rest_route=%2Fwp%2Fv2%2Ftags&post=511"}],"curies":[{"name":"wp","href":"https:\/\/api.w.org\/{rel}","templated":true}]}}